{"id":19510,"date":"2021-07-14T23:52:52","date_gmt":"2021-07-14T21:52:52","guid":{"rendered":"https:\/\/www.article-marketing.eu\/comunicatistampa\/?p=19510"},"modified":"2021-07-14T23:52:52","modified_gmt":"2021-07-14T21:52:52","slug":"universita-di-bergamo-presentato-il-primo-bilancio-di-genere","status":"publish","type":"post","link":"https:\/\/www.article-marketing.eu\/comunicatistampa\/universita-di-bergamo-presentato-il-primo-bilancio-di-genere\/","title":{"rendered":"Universit\u00e0 di Bergamo: presentato il primo bilancio di genere"},"content":{"rendered":"<p>\u00c8 stato presentato oggi, marted\u00ec 13 luglio, presso la sede di via dei<br \/>\nCaniana, il primo Bilancio di Genere dell\u2019Universit\u00e0 degli studi di Bergamo. Il documento,<br \/>\nredatto dal comitato scientifico appositamente costituito nel luglio 2020, si basa sulle linee<br \/>\nguida CRUI e si pone come obiettivo primario la promozione dell\u2019uguaglianza di genere in<br \/>\nAteneo e l\u2019integrazione di questa prospettiva nelle politiche strategiche dell\u2019Universit\u00e0. In<br \/>\nrappresentanza degli enti Provincia e Comune di Bergamo, presenti all\u2019incontro Romina<br \/>\nRusso, Consigliera Provinciale con deleghe alla cultura, politiche sociali, pari opportunit\u00e0,<br \/>\nRoberta Ribon, Consigliera di Parit\u00e0 della Provincia di Bergamo e Marzia Marchesi,<br \/>\nAssessora del Comune di Bergamo con delega alle pari opportunit\u00e0, ad attestare l\u2019interesse che<br \/>\nquesto documento presenta non solo all\u2019interno dell\u2019Ateneo, ma anche per il territorio.<br \/>\nIl Rettore, Prof. Remo Morzenti Pellegrini, \u00e8 intervenuto alla conferenza spiegando che, da<br \/>\nparte dell\u2019Ateneo orobico, \u201cc\u2019\u00e8 una forte volont\u00e0 di promuovere, nonostante la situazione<br \/>\nparticolarmente complessa, le pari opportunit\u00e0 e il contrasto alle discriminazioni, dedicando al<br \/>\ntema risorse, azioni e interventi mirati\u201d. Infatti, il Bilancio di Genere, che analizza la<br \/>\ndistribuzione di donne e uomini a tutti i livelli dell\u2019Ateneo (studenti, personale docente,<br \/>\npersonale tecnico amministrativo e Governance) e monitora le azioni per favorire<br \/>\nl\u2019uguaglianza di genere e la distribuzione delle risorse per il raggiungimento dell\u2019obiettivo, si<br \/>\ncolloca all\u2019interno di un pi\u00f9 ampio quadro d\u2019insieme, che ha visto soprattutto negli ultimi tempi<br \/>\nl\u2019individuazione di una delega ad hoc per le politiche di equit\u00e0 e diversit\u00e0, la nomina di una<br \/>\nconsigliera di fiducia e l\u2019attivazione di numerosi progetti didattici e di ricerca sul tema.<br \/>\n\u201cBench\u00e9 tali principi fossero gi\u00e0 presenti nelle strategie della nostra Universit\u00e0, abbiamo ritenuto<br \/>\nfondamentale formalizzare un piano sistematico di informazione, ricerca e propositivit\u00e0 contro<br \/>\nogni forma di diseguaglianza che potesse intaccare l\u2019articolazione della vita universitaria in tutti i<br \/>\nsuoi aspetti. Grazie alla mappatura del personale e della popolazione studentesca suddivisa per<br \/>\ngenere, esso ci offre uno stato dell\u2019arte senza dubbio utile, che ci consente di veicolare<br \/>\nefficacemente l\u2019attenzione sulle possibili criticit\u00e0, applicando ogni intervento futuro in difesa<br \/>\ndella parit\u00e0 e dell\u2019inclusione in maniera ancora pi\u00f9 mirata\u201d ha aggiunto il Rettore, Remo<br \/>\nMorzenti Pellegrini.<br \/>\nPer la realizzazione del Bilancio di Genere, nel luglio 2020, \u00e8 stato costituito un comitato<br \/>\nscientifico composto dalla Prof.ssa ordinaria Barbara Pezzini, Prorettrice alle politiche di<br \/>\nequit\u00e0 e diversit\u00e0, dalla Dott.ssa Michela Pilot, Direttrice Generale, dalla Prof.ssa associata Ilia<br \/>\nNegri, Presidente Comitato unico di garanzia, dalla Prof.ssa aggregata Giovanna Galizzi,<br \/>\ncomponente del Comitato unico di garanzia, esperta di BdG e \u2013 infine \u2013 dal Prof. associato<br \/>\nStefano Basaglia, esperto in Diversity Management. Il documento presentato dal comitato<br \/>\nscientifico \u00e8 stato approvato il 25 giugno 2021 dal Senato Accademico e dal Consiglio di<br \/>\namministrazione.<br \/>\nI DATI<br \/>\nIl documento fornisce una panoramica della distribuzione di donne e uomini a tutti i livelli<br \/>\ndella carriera accademica, tra studenti, personale accademico, personale tecnico e<br \/>\namministrativo e organi di governo. La definizione degli indicatori di genere inclusi nell&#8217;analisi<br \/>\nsi \u00e8 basata sulle linee guida CRUI. I dati di questa prima analisi di contesto, riferiti al 2019,<br \/>\nsaranno oggetto di periodico aggiornamento.<br \/>\nIl numero di studenti \u00e8 cresciuto del 25% tra gli anni accademici 2017\/2018 e 2019\/2020. Le<br \/>\nstudentesse rappresentano il 63% della popolazione studentesca complessiva. L&#8217;aumento \u00e8<br \/>\nstato leggermente superiore per le donne (28,8%) rispetto agli uomini (20,9%). Le donne sono<br \/>\nprincipalmente iscritte ai settori dell&#8217;Istruzione, delle Lettere e delle arti, mentre gli uomini sono<br \/>\npi\u00f9 presenti nei settori dell&#8217;ingegneria, della produzione e delle costruzioni. La stessa<br \/>\ndistribuzione si osserva tra i dottorandi. Per quanto riguarda le opportunit\u00e0 di lavoro, i laureati<br \/>\ndi sesso maschile hanno tassi di occupazione pi\u00f9 elevati rispetto alle donne e<br \/>\npercepiscono salari pi\u00f9 elevati.<br \/>\nTra il personale accademico, gli uomini rappresentano il 58%. Professori e ricercatori sono<br \/>\naumentati tra il 2017 e il 2019; le donne del 27% e gli uomini del 16%. Gli uomini rappresentano<br \/>\nil 66% dei professori ordinari, il 59% dei professori associati, il 54% dei ricercatori e il 52% degli<br \/>\nassegnisti di ricerca. Tra il personale tecnico e amministrativo le donne sono il 75% del<br \/>\ntotale. Considerando l&#8217;equilibrio tra lavoro e vita privata, solo il 65% delle donne \u00e8<br \/>\nimpiegato a tempo pieno, rispetto al 98% degli uomini. Gli organi di governo hanno<br \/>\npresentato nel 2019 una composizione prevalentemente maschile. Rettore, Direttore Generale<br \/>\ne Prorettore vicario sono uomini (dal 2020 l\u2019Ateneo ha, invece, una Direttrice Generale), i<br \/>\nprorettori delegati sono prevalentemente uomini (57%). Il Senato Accademico presenta una<br \/>\ndistribuzione di genere equilibrata, mentre nel Consiglio di Amministrazione gli uomini<br \/>\nrappresentano il 64%. Alla direzione dei dipartimenti prevale la presenza di donne, con il<br \/>\n71% di Direttrici di Dipartimento.<br \/>\n\u201cIl mio consapevole e sincero ringraziamento \u00e8 rivolto a tutti coloro che hanno preso parte a<br \/>\nquesto progetto, reale testimonianza della sinergia delle diverse componenti della nostra<br \/>\ncomunit\u00e0 e della loro determinazione ad agire in maniera concreta e fattiva contro le<br \/>\ndiscriminazioni. Sono convinto che affineremo sempre pi\u00f9 la nostra sensibilit\u00e0 e le nostre<br \/>\nconoscenze in materia, fungendo da stimolo e da esempio alla societ\u00e0 in senso lato\u201d ha<br \/>\nconcluso il Rettore.<\/p>\n","protected":false},"excerpt":{"rendered":"<p>\u00c8 stato presentato oggi, marted\u00ec 13 luglio, presso la sede di via dei Caniana, il primo Bilancio di Genere dell\u2019Universit\u00e0 degli studi di Bergamo. Il documento, redatto dal comitato scientifico appositamente costituito nel luglio 2020, si basa sulle linee guida CRUI e si pone come obiettivo primario la promozione dell\u2019uguaglianza di genere in Ateneo e l\u2019integrazione di questa prospettiva nelle politiche strategiche dell\u2019Universit\u00e0. In rappresentanza degli enti Provincia e Comune<\/p>\n<p><a class=\"continue-reading\" href=\"https:\/\/www.article-marketing.eu\/comunicatistampa\/universita-di-bergamo-presentato-il-primo-bilancio-di-genere\/\">Continue reading&#8230;<\/a><\/p>\n","protected":false},"author":1855,"featured_media":0,"comment_status":"open","ping_status":"open","sticky":false,"template":"","format":"standard","meta":{"_monsterinsights_skip_tracking":false,"_monsterinsights_sitenote_active":false,"_monsterinsights_sitenote_note":"","_monsterinsights_sitenote_category":0,"footnotes":""},"categories":[392],"tags":[8312],"class_list":["post-19510","post","type-post","status-publish","format-standard","hentry","category-eventi","tag-unibggenere"],"yoast_head":"<!-- This site is optimized with the Yoast SEO plugin v27.3 - https:\/\/yoast.com\/product\/yoast-seo-wordpress\/ -->\n<title>Universit\u00e0 di Bergamo: presentato il primo bilancio di genere<\/title>\n<meta name=\"robots\" content=\"index, follow, max-snippet:-1, max-image-preview:large, max-video-preview:-1\" \/>\n<link rel=\"canonical\" href=\"https:\/\/www.article-marketing.eu\/comunicatistampa\/universita-di-bergamo-presentato-il-primo-bilancio-di-genere\/\" \/>\n<meta property=\"og:locale\" content=\"it_IT\" \/>\n<meta property=\"og:type\" content=\"article\" \/>\n<meta property=\"og:title\" content=\"Universit\u00e0 di Bergamo: presentato il primo bilancio di genere\" \/>\n<meta property=\"og:description\" content=\"\u00c8 stato presentato oggi, marted\u00ec 13 luglio, presso la sede di via dei Caniana, il primo Bilancio di Genere dell\u2019Universit\u00e0 degli studi di Bergamo. Il documento, redatto dal comitato scientifico appositamente costituito nel luglio 2020, si basa sulle linee guida CRUI e si pone come obiettivo primario la promozione dell\u2019uguaglianza di genere in Ateneo e l\u2019integrazione di questa prospettiva nelle politiche strategiche dell\u2019Universit\u00e0. In rappresentanza degli enti Provincia e ComuneContinue reading...\" \/>\n<meta property=\"og:url\" content=\"https:\/\/www.article-marketing.eu\/comunicatistampa\/universita-di-bergamo-presentato-il-primo-bilancio-di-genere\/\" \/>\n<meta property=\"og:site_name\" content=\"Article Marketing\" \/>\n<meta property=\"article:published_time\" content=\"2021-07-14T21:52:52+00:00\" \/>\n<meta name=\"author\" content=\"Redaclem\" \/>\n<meta name=\"twitter:card\" content=\"summary_large_image\" \/>\n<meta name=\"twitter:label1\" content=\"Scritto da\" \/>\n\t<meta name=\"twitter:data1\" content=\"Redaclem\" \/>\n\t<meta name=\"twitter:label2\" content=\"Tempo di lettura stimato\" \/>\n\t<meta name=\"twitter:data2\" content=\"4 minuti\" \/>\n<script type=\"application\/ld+json\" class=\"yoast-schema-graph\">{\"@context\":\"https:\\\/\\\/schema.org\",\"@graph\":[{\"@type\":\"Article\",\"@id\":\"https:\\\/\\\/www.article-marketing.eu\\\/comunicatistampa\\\/universita-di-bergamo-presentato-il-primo-bilancio-di-genere\\\/#article\",\"isPartOf\":{\"@id\":\"https:\\\/\\\/www.article-marketing.eu\\\/comunicatistampa\\\/universita-di-bergamo-presentato-il-primo-bilancio-di-genere\\\/\"},\"author\":{\"name\":\"Redaclem\",\"@id\":\"https:\\\/\\\/www.article-marketing.eu\\\/comunicatistampa\\\/#\\\/schema\\\/person\\\/c0aa725eee5df8460e0adf901fde0c88\"},\"headline\":\"Universit\u00e0 di Bergamo: presentato il primo bilancio di genere\",\"datePublished\":\"2021-07-14T21:52:52+00:00\",\"mainEntityOfPage\":{\"@id\":\"https:\\\/\\\/www.article-marketing.eu\\\/comunicatistampa\\\/universita-di-bergamo-presentato-il-primo-bilancio-di-genere\\\/\"},\"wordCount\":829,\"commentCount\":0,\"keywords\":[\"#unibg;#genere\"],\"articleSection\":[\"Eventi\"],\"inLanguage\":\"it-IT\",\"potentialAction\":[{\"@type\":\"CommentAction\",\"name\":\"Comment\",\"target\":[\"https:\\\/\\\/www.article-marketing.eu\\\/comunicatistampa\\\/universita-di-bergamo-presentato-il-primo-bilancio-di-genere\\\/#respond\"]}]},{\"@type\":\"WebPage\",\"@id\":\"https:\\\/\\\/www.article-marketing.eu\\\/comunicatistampa\\\/universita-di-bergamo-presentato-il-primo-bilancio-di-genere\\\/\",\"url\":\"https:\\\/\\\/www.article-marketing.eu\\\/comunicatistampa\\\/universita-di-bergamo-presentato-il-primo-bilancio-di-genere\\\/\",\"name\":\"Universit\u00e0 di Bergamo: presentato il primo bilancio di genere\",\"isPartOf\":{\"@id\":\"https:\\\/\\\/www.article-marketing.eu\\\/comunicatistampa\\\/#website\"},\"datePublished\":\"2021-07-14T21:52:52+00:00\",\"author\":{\"@id\":\"https:\\\/\\\/www.article-marketing.eu\\\/comunicatistampa\\\/#\\\/schema\\\/person\\\/c0aa725eee5df8460e0adf901fde0c88\"},\"breadcrumb\":{\"@id\":\"https:\\\/\\\/www.article-marketing.eu\\\/comunicatistampa\\\/universita-di-bergamo-presentato-il-primo-bilancio-di-genere\\\/#breadcrumb\"},\"inLanguage\":\"it-IT\",\"potentialAction\":[{\"@type\":\"ReadAction\",\"target\":[\"https:\\\/\\\/www.article-marketing.eu\\\/comunicatistampa\\\/universita-di-bergamo-presentato-il-primo-bilancio-di-genere\\\/\"]}]},{\"@type\":\"BreadcrumbList\",\"@id\":\"https:\\\/\\\/www.article-marketing.eu\\\/comunicatistampa\\\/universita-di-bergamo-presentato-il-primo-bilancio-di-genere\\\/#breadcrumb\",\"itemListElement\":[{\"@type\":\"ListItem\",\"position\":1,\"name\":\"Home\",\"item\":\"https:\\\/\\\/www.article-marketing.eu\\\/comunicatistampa\\\/\"},{\"@type\":\"ListItem\",\"position\":2,\"name\":\"Universit\u00e0 di Bergamo: presentato il primo bilancio di genere\"}]},{\"@type\":\"WebSite\",\"@id\":\"https:\\\/\\\/www.article-marketing.eu\\\/comunicatistampa\\\/#website\",\"url\":\"https:\\\/\\\/www.article-marketing.eu\\\/comunicatistampa\\\/\",\"name\":\"Article Marketing\",\"description\":\"article marketing &amp; press release\",\"potentialAction\":[{\"@type\":\"SearchAction\",\"target\":{\"@type\":\"EntryPoint\",\"urlTemplate\":\"https:\\\/\\\/www.article-marketing.eu\\\/comunicatistampa\\\/?s={search_term_string}\"},\"query-input\":{\"@type\":\"PropertyValueSpecification\",\"valueRequired\":true,\"valueName\":\"search_term_string\"}}],\"inLanguage\":\"it-IT\"},{\"@type\":\"Person\",\"@id\":\"https:\\\/\\\/www.article-marketing.eu\\\/comunicatistampa\\\/#\\\/schema\\\/person\\\/c0aa725eee5df8460e0adf901fde0c88\",\"name\":\"Redaclem\",\"image\":{\"@type\":\"ImageObject\",\"inLanguage\":\"it-IT\",\"@id\":\"https:\\\/\\\/secure.gravatar.com\\\/avatar\\\/4c7e41f332a0583344a91d7d39723533da9b2d0df7737c2d8c69553168c2191e?s=96&d=mm&r=g\",\"url\":\"https:\\\/\\\/secure.gravatar.com\\\/avatar\\\/4c7e41f332a0583344a91d7d39723533da9b2d0df7737c2d8c69553168c2191e?s=96&d=mm&r=g\",\"contentUrl\":\"https:\\\/\\\/secure.gravatar.com\\\/avatar\\\/4c7e41f332a0583344a91d7d39723533da9b2d0df7737c2d8c69553168c2191e?s=96&d=mm&r=g\",\"caption\":\"Redaclem\"},\"url\":\"https:\\\/\\\/www.article-marketing.eu\\\/comunicatistampa\\\/author\\\/redaclem\\\/\"}]}<\/script>\n<!-- \/ Yoast SEO plugin. -->","yoast_head_json":{"title":"Universit\u00e0 di Bergamo: presentato il primo bilancio di genere","robots":{"index":"index","follow":"follow","max-snippet":"max-snippet:-1","max-image-preview":"max-image-preview:large","max-video-preview":"max-video-preview:-1"},"canonical":"https:\/\/www.article-marketing.eu\/comunicatistampa\/universita-di-bergamo-presentato-il-primo-bilancio-di-genere\/","og_locale":"it_IT","og_type":"article","og_title":"Universit\u00e0 di Bergamo: presentato il primo bilancio di genere","og_description":"\u00c8 stato presentato oggi, marted\u00ec 13 luglio, presso la sede di via dei Caniana, il primo Bilancio di Genere dell\u2019Universit\u00e0 degli studi di Bergamo. Il documento, redatto dal comitato scientifico appositamente costituito nel luglio 2020, si basa sulle linee guida CRUI e si pone come obiettivo primario la promozione dell\u2019uguaglianza di genere in Ateneo e l\u2019integrazione di questa prospettiva nelle politiche strategiche dell\u2019Universit\u00e0. In rappresentanza degli enti Provincia e ComuneContinue reading...","og_url":"https:\/\/www.article-marketing.eu\/comunicatistampa\/universita-di-bergamo-presentato-il-primo-bilancio-di-genere\/","og_site_name":"Article Marketing","article_published_time":"2021-07-14T21:52:52+00:00","author":"Redaclem","twitter_card":"summary_large_image","twitter_misc":{"Scritto da":"Redaclem","Tempo di lettura stimato":"4 minuti"},"schema":{"@context":"https:\/\/schema.org","@graph":[{"@type":"Article","@id":"https:\/\/www.article-marketing.eu\/comunicatistampa\/universita-di-bergamo-presentato-il-primo-bilancio-di-genere\/#article","isPartOf":{"@id":"https:\/\/www.article-marketing.eu\/comunicatistampa\/universita-di-bergamo-presentato-il-primo-bilancio-di-genere\/"},"author":{"name":"Redaclem","@id":"https:\/\/www.article-marketing.eu\/comunicatistampa\/#\/schema\/person\/c0aa725eee5df8460e0adf901fde0c88"},"headline":"Universit\u00e0 di Bergamo: presentato il primo bilancio di genere","datePublished":"2021-07-14T21:52:52+00:00","mainEntityOfPage":{"@id":"https:\/\/www.article-marketing.eu\/comunicatistampa\/universita-di-bergamo-presentato-il-primo-bilancio-di-genere\/"},"wordCount":829,"commentCount":0,"keywords":["#unibg;#genere"],"articleSection":["Eventi"],"inLanguage":"it-IT","potentialAction":[{"@type":"CommentAction","name":"Comment","target":["https:\/\/www.article-marketing.eu\/comunicatistampa\/universita-di-bergamo-presentato-il-primo-bilancio-di-genere\/#respond"]}]},{"@type":"WebPage","@id":"https:\/\/www.article-marketing.eu\/comunicatistampa\/universita-di-bergamo-presentato-il-primo-bilancio-di-genere\/","url":"https:\/\/www.article-marketing.eu\/comunicatistampa\/universita-di-bergamo-presentato-il-primo-bilancio-di-genere\/","name":"Universit\u00e0 di Bergamo: presentato il primo bilancio di genere","isPartOf":{"@id":"https:\/\/www.article-marketing.eu\/comunicatistampa\/#website"},"datePublished":"2021-07-14T21:52:52+00:00","author":{"@id":"https:\/\/www.article-marketing.eu\/comunicatistampa\/#\/schema\/person\/c0aa725eee5df8460e0adf901fde0c88"},"breadcrumb":{"@id":"https:\/\/www.article-marketing.eu\/comunicatistampa\/universita-di-bergamo-presentato-il-primo-bilancio-di-genere\/#breadcrumb"},"inLanguage":"it-IT","potentialAction":[{"@type":"ReadAction","target":["https:\/\/www.article-marketing.eu\/comunicatistampa\/universita-di-bergamo-presentato-il-primo-bilancio-di-genere\/"]}]},{"@type":"BreadcrumbList","@id":"https:\/\/www.article-marketing.eu\/comunicatistampa\/universita-di-bergamo-presentato-il-primo-bilancio-di-genere\/#breadcrumb","itemListElement":[{"@type":"ListItem","position":1,"name":"Home","item":"https:\/\/www.article-marketing.eu\/comunicatistampa\/"},{"@type":"ListItem","position":2,"name":"Universit\u00e0 di Bergamo: presentato il primo bilancio di genere"}]},{"@type":"WebSite","@id":"https:\/\/www.article-marketing.eu\/comunicatistampa\/#website","url":"https:\/\/www.article-marketing.eu\/comunicatistampa\/","name":"Article Marketing","description":"article marketing &amp; press release","potentialAction":[{"@type":"SearchAction","target":{"@type":"EntryPoint","urlTemplate":"https:\/\/www.article-marketing.eu\/comunicatistampa\/?s={search_term_string}"},"query-input":{"@type":"PropertyValueSpecification","valueRequired":true,"valueName":"search_term_string"}}],"inLanguage":"it-IT"},{"@type":"Person","@id":"https:\/\/www.article-marketing.eu\/comunicatistampa\/#\/schema\/person\/c0aa725eee5df8460e0adf901fde0c88","name":"Redaclem","image":{"@type":"ImageObject","inLanguage":"it-IT","@id":"https:\/\/secure.gravatar.com\/avatar\/4c7e41f332a0583344a91d7d39723533da9b2d0df7737c2d8c69553168c2191e?s=96&d=mm&r=g","url":"https:\/\/secure.gravatar.com\/avatar\/4c7e41f332a0583344a91d7d39723533da9b2d0df7737c2d8c69553168c2191e?s=96&d=mm&r=g","contentUrl":"https:\/\/secure.gravatar.com\/avatar\/4c7e41f332a0583344a91d7d39723533da9b2d0df7737c2d8c69553168c2191e?s=96&d=mm&r=g","caption":"Redaclem"},"url":"https:\/\/www.article-marketing.eu\/comunicatistampa\/author\/redaclem\/"}]}},"_links":{"self":[{"href":"https:\/\/www.article-marketing.eu\/comunicatistampa\/wp-json\/wp\/v2\/posts\/19510","targetHints":{"allow":["GET"]}}],"collection":[{"href":"https:\/\/www.article-marketing.eu\/comunicatistampa\/wp-json\/wp\/v2\/posts"}],"about":[{"href":"https:\/\/www.article-marketing.eu\/comunicatistampa\/wp-json\/wp\/v2\/types\/post"}],"author":[{"embeddable":true,"href":"https:\/\/www.article-marketing.eu\/comunicatistampa\/wp-json\/wp\/v2\/users\/1855"}],"replies":[{"embeddable":true,"href":"https:\/\/www.article-marketing.eu\/comunicatistampa\/wp-json\/wp\/v2\/comments?post=19510"}],"version-history":[{"count":2,"href":"https:\/\/www.article-marketing.eu\/comunicatistampa\/wp-json\/wp\/v2\/posts\/19510\/revisions"}],"predecessor-version":[{"id":19573,"href":"https:\/\/www.article-marketing.eu\/comunicatistampa\/wp-json\/wp\/v2\/posts\/19510\/revisions\/19573"}],"wp:attachment":[{"href":"https:\/\/www.article-marketing.eu\/comunicatistampa\/wp-json\/wp\/v2\/media?parent=19510"}],"wp:term":[{"taxonomy":"category","embeddable":true,"href":"https:\/\/www.article-marketing.eu\/comunicatistampa\/wp-json\/wp\/v2\/categories?post=19510"},{"taxonomy":"post_tag","embeddable":true,"href":"https:\/\/www.article-marketing.eu\/comunicatistampa\/wp-json\/wp\/v2\/tags?post=19510"}],"curies":[{"name":"wp","href":"https:\/\/api.w.org\/{rel}","templated":true}]}}