{"id":19521,"date":"2021-07-14T23:58:46","date_gmt":"2021-07-14T21:58:46","guid":{"rendered":"https:\/\/www.article-marketing.eu\/comunicatistampa\/?p=19521"},"modified":"2021-07-14T23:58:46","modified_gmt":"2021-07-14T21:58:46","slug":"il-15-e-16-luglio-il-convegno-la-montagna-si-rilegge-per-la-crescita-e-lo-sviluppo-dellambiente-montano","status":"publish","type":"post","link":"https:\/\/www.article-marketing.eu\/comunicatistampa\/il-15-e-16-luglio-il-convegno-la-montagna-si-rilegge-per-la-crescita-e-lo-sviluppo-dellambiente-montano\/","title":{"rendered":"Il 15 e 16 luglio il convegno &#8220;La montagna si rilegge&#8221;, per la crescita e lo sviluppo dell&#8217;ambiente montano"},"content":{"rendered":"<p>\u201cLA MONTAGNA SI RILEGGE &#8211; Fonti e storia del Parco<br \/>\nnazionale dello Stelvio per la tutela e la valorizzazione di un patrimonio culturale<br \/>\ne ambientale\u201d \u00e8 il titolo della due giorni organizzata dall\u2019Universit\u00e0 di Bergamo e dal<br \/>\nParco Nazionale dello Stelvio il 15 e il 16 luglio nell\u2019auditorium dell\u2019Istituto superiore<br \/>\n\u201cAlberti\u201d di Bormio (via Monte Confinale, 10).<br \/>\nNel corso dei lavori verranno esaminati i casi di studio dedicati alla storia e agli archivi<br \/>\ndei parchi nazionali in Europa e nel mondo e verranno proposte e analizzate<br \/>\nstrategie volte a tutelare e valorizzare il patrimonio ambientale montano.<br \/>\nL\u2019iniziativa conferma la collaborazione che lega da anni l\u2019Ateneo orobico con il Parco<br \/>\nnazionale dello Stelvio: nel 2019, infatti, la cooperazione delle due parti ha reso<br \/>\npossibile il riordino e l\u2019inventariazione dell\u2019archivio storico del Parco nazionale,<br \/>\npubblicata nel volume Un archivio sul crinale. Inventario dell\u2019Archivio storico del Parco<br \/>\nnazionale dello Stelvio (1932-1978). Questa attivit\u00e0 \u00e8 stata poi seguita, nell\u2019estate del<br \/>\n2020, da una mostra storico-documentaria caratterizzata dall\u2019esposizione di una<br \/>\nserie di dati e immagini provenienti dall\u2019archivio, che verr\u00e0 ripresa in occasione del<br \/>\nconvegno del 15 e 16 luglio.<br \/>\nQuelli dell\u2019Universit\u00e0 di Bergamo e del Parco Nazionale dello Stelvio rappresentano i<br \/>\nprimi interventi in Italia per quanto riguarda la creazione di archivi storici nazionali:<br \/>\nci\u00f2 permette a numerosi studiosi di accedere a fonti inedite, come 300 pezzi tra buste<br \/>\ne registri dal 1935 al 1978, e 550 pezzi relativi alla documentazione successiva. Alla<br \/>\ndue giorni, introdotta dal Direttore del Parco Nazionale dello Stelvio-Lombardia<br \/>\nAlessandro Nardo e dal Rettore dell\u2019Universit\u00e0 degli Studi di Bergamo Remo Morzenti<br \/>\nPellegrini, saranno presenti studiosi provenienti da tutto il mondo, tra cui Anna-<br \/>\nKatharina W\u0151bse dalla Germania, Petra Kavre\u010di\u010d dalla Slovenia, Luigi Lorenzetti e<br \/>\nHans Lozza dalla Svizzera, Marco Armiero dalla Svezia e Anne Foster dagli Stati Uniti.<br \/>\n\u00c8 possibile seguire l\u2019evento in diretta da remoto, collegandosi al link:<br \/>\nhttps:\/\/meet.google.com\/ngw-wghf-rzm<\/p>\n","protected":false},"excerpt":{"rendered":"<p>\u201cLA MONTAGNA SI RILEGGE &#8211; Fonti e storia del Parco nazionale dello Stelvio per la tutela e la valorizzazione di un patrimonio culturale e ambientale\u201d \u00e8 il titolo della due giorni organizzata dall\u2019Universit\u00e0 di Bergamo e dal Parco Nazionale dello Stelvio il 15 e il 16 luglio nell\u2019auditorium dell\u2019Istituto superiore \u201cAlberti\u201d di Bormio (via Monte Confinale, 10). Nel corso dei lavori verranno esaminati i casi di studio dedicati alla storia<\/p>\n<p><a class=\"continue-reading\" href=\"https:\/\/www.article-marketing.eu\/comunicatistampa\/il-15-e-16-luglio-il-convegno-la-montagna-si-rilegge-per-la-crescita-e-lo-sviluppo-dellambiente-montano\/\">Continue reading&#8230;<\/a><\/p>\n","protected":false},"author":1855,"featured_media":0,"comment_status":"open","ping_status":"open","sticky":false,"template":"","format":"standard","meta":{"_monsterinsights_skip_tracking":false,"_monsterinsights_sitenote_active":false,"_monsterinsights_sitenote_note":"","_monsterinsights_sitenote_category":0,"footnotes":""},"categories":[392],"tags":[4603,5562],"class_list":["post-19521","post","type-post","status-publish","format-standard","hentry","category-eventi","tag-unibg","tag-montagna"],"yoast_head":"<!-- This site is optimized with the Yoast SEO plugin v27.3 - https:\/\/yoast.com\/product\/yoast-seo-wordpress\/ -->\n<title>Il 15 e 16 luglio il convegno &quot;La montagna si rilegge&quot;, per la crescita e lo sviluppo dell&#039;ambiente montano<\/title>\n<meta name=\"robots\" content=\"index, follow, max-snippet:-1, max-image-preview:large, max-video-preview:-1\" \/>\n<link rel=\"canonical\" href=\"https:\/\/www.article-marketing.eu\/comunicatistampa\/il-15-e-16-luglio-il-convegno-la-montagna-si-rilegge-per-la-crescita-e-lo-sviluppo-dellambiente-montano\/\" \/>\n<meta property=\"og:locale\" content=\"it_IT\" \/>\n<meta property=\"og:type\" content=\"article\" \/>\n<meta property=\"og:title\" content=\"Il 15 e 16 luglio il convegno &quot;La montagna si rilegge&quot;, per la crescita e lo sviluppo dell&#039;ambiente montano\" \/>\n<meta property=\"og:description\" content=\"\u201cLA MONTAGNA SI RILEGGE &#8211; Fonti e storia del Parco nazionale dello Stelvio per la tutela e la valorizzazione di un patrimonio culturale e ambientale\u201d \u00e8 il titolo della due giorni organizzata dall\u2019Universit\u00e0 di Bergamo e dal Parco Nazionale dello Stelvio il 15 e il 16 luglio nell\u2019auditorium dell\u2019Istituto superiore \u201cAlberti\u201d di Bormio (via Monte Confinale, 10). Nel corso dei lavori verranno esaminati i casi di studio dedicati alla storiaContinue reading...\" \/>\n<meta property=\"og:url\" content=\"https:\/\/www.article-marketing.eu\/comunicatistampa\/il-15-e-16-luglio-il-convegno-la-montagna-si-rilegge-per-la-crescita-e-lo-sviluppo-dellambiente-montano\/\" \/>\n<meta property=\"og:site_name\" content=\"Article Marketing\" \/>\n<meta property=\"article:published_time\" content=\"2021-07-14T21:58:46+00:00\" \/>\n<meta name=\"author\" content=\"Redaclem\" \/>\n<meta name=\"twitter:card\" content=\"summary_large_image\" \/>\n<meta name=\"twitter:label1\" content=\"Scritto da\" \/>\n\t<meta name=\"twitter:data1\" content=\"Redaclem\" \/>\n\t<meta name=\"twitter:label2\" content=\"Tempo di lettura stimato\" \/>\n\t<meta name=\"twitter:data2\" content=\"2 minuti\" \/>\n<script type=\"application\/ld+json\" class=\"yoast-schema-graph\">{\"@context\":\"https:\\\/\\\/schema.org\",\"@graph\":[{\"@type\":\"Article\",\"@id\":\"https:\\\/\\\/www.article-marketing.eu\\\/comunicatistampa\\\/il-15-e-16-luglio-il-convegno-la-montagna-si-rilegge-per-la-crescita-e-lo-sviluppo-dellambiente-montano\\\/#article\",\"isPartOf\":{\"@id\":\"https:\\\/\\\/www.article-marketing.eu\\\/comunicatistampa\\\/il-15-e-16-luglio-il-convegno-la-montagna-si-rilegge-per-la-crescita-e-lo-sviluppo-dellambiente-montano\\\/\"},\"author\":{\"name\":\"Redaclem\",\"@id\":\"https:\\\/\\\/www.article-marketing.eu\\\/comunicatistampa\\\/#\\\/schema\\\/person\\\/c0aa725eee5df8460e0adf901fde0c88\"},\"headline\":\"Il 15 e 16 luglio il convegno &#8220;La montagna si rilegge&#8221;, per la crescita e lo sviluppo dell&#8217;ambiente montano\",\"datePublished\":\"2021-07-14T21:58:46+00:00\",\"mainEntityOfPage\":{\"@id\":\"https:\\\/\\\/www.article-marketing.eu\\\/comunicatistampa\\\/il-15-e-16-luglio-il-convegno-la-montagna-si-rilegge-per-la-crescita-e-lo-sviluppo-dellambiente-montano\\\/\"},\"wordCount\":332,\"commentCount\":0,\"keywords\":[\"#unibg\",\"montagna\"],\"articleSection\":[\"Eventi\"],\"inLanguage\":\"it-IT\",\"potentialAction\":[{\"@type\":\"CommentAction\",\"name\":\"Comment\",\"target\":[\"https:\\\/\\\/www.article-marketing.eu\\\/comunicatistampa\\\/il-15-e-16-luglio-il-convegno-la-montagna-si-rilegge-per-la-crescita-e-lo-sviluppo-dellambiente-montano\\\/#respond\"]}]},{\"@type\":\"WebPage\",\"@id\":\"https:\\\/\\\/www.article-marketing.eu\\\/comunicatistampa\\\/il-15-e-16-luglio-il-convegno-la-montagna-si-rilegge-per-la-crescita-e-lo-sviluppo-dellambiente-montano\\\/\",\"url\":\"https:\\\/\\\/www.article-marketing.eu\\\/comunicatistampa\\\/il-15-e-16-luglio-il-convegno-la-montagna-si-rilegge-per-la-crescita-e-lo-sviluppo-dellambiente-montano\\\/\",\"name\":\"Il 15 e 16 luglio il convegno \\\"La montagna si rilegge\\\", per la crescita e lo sviluppo dell'ambiente montano\",\"isPartOf\":{\"@id\":\"https:\\\/\\\/www.article-marketing.eu\\\/comunicatistampa\\\/#website\"},\"datePublished\":\"2021-07-14T21:58:46+00:00\",\"author\":{\"@id\":\"https:\\\/\\\/www.article-marketing.eu\\\/comunicatistampa\\\/#\\\/schema\\\/person\\\/c0aa725eee5df8460e0adf901fde0c88\"},\"breadcrumb\":{\"@id\":\"https:\\\/\\\/www.article-marketing.eu\\\/comunicatistampa\\\/il-15-e-16-luglio-il-convegno-la-montagna-si-rilegge-per-la-crescita-e-lo-sviluppo-dellambiente-montano\\\/#breadcrumb\"},\"inLanguage\":\"it-IT\",\"potentialAction\":[{\"@type\":\"ReadAction\",\"target\":[\"https:\\\/\\\/www.article-marketing.eu\\\/comunicatistampa\\\/il-15-e-16-luglio-il-convegno-la-montagna-si-rilegge-per-la-crescita-e-lo-sviluppo-dellambiente-montano\\\/\"]}]},{\"@type\":\"BreadcrumbList\",\"@id\":\"https:\\\/\\\/www.article-marketing.eu\\\/comunicatistampa\\\/il-15-e-16-luglio-il-convegno-la-montagna-si-rilegge-per-la-crescita-e-lo-sviluppo-dellambiente-montano\\\/#breadcrumb\",\"itemListElement\":[{\"@type\":\"ListItem\",\"position\":1,\"name\":\"Home\",\"item\":\"https:\\\/\\\/www.article-marketing.eu\\\/comunicatistampa\\\/\"},{\"@type\":\"ListItem\",\"position\":2,\"name\":\"Il 15 e 16 luglio il convegno &#8220;La montagna si rilegge&#8221;, per la crescita e lo sviluppo dell&#8217;ambiente montano\"}]},{\"@type\":\"WebSite\",\"@id\":\"https:\\\/\\\/www.article-marketing.eu\\\/comunicatistampa\\\/#website\",\"url\":\"https:\\\/\\\/www.article-marketing.eu\\\/comunicatistampa\\\/\",\"name\":\"Article Marketing\",\"description\":\"article marketing &amp; press release\",\"potentialAction\":[{\"@type\":\"SearchAction\",\"target\":{\"@type\":\"EntryPoint\",\"urlTemplate\":\"https:\\\/\\\/www.article-marketing.eu\\\/comunicatistampa\\\/?s={search_term_string}\"},\"query-input\":{\"@type\":\"PropertyValueSpecification\",\"valueRequired\":true,\"valueName\":\"search_term_string\"}}],\"inLanguage\":\"it-IT\"},{\"@type\":\"Person\",\"@id\":\"https:\\\/\\\/www.article-marketing.eu\\\/comunicatistampa\\\/#\\\/schema\\\/person\\\/c0aa725eee5df8460e0adf901fde0c88\",\"name\":\"Redaclem\",\"image\":{\"@type\":\"ImageObject\",\"inLanguage\":\"it-IT\",\"@id\":\"https:\\\/\\\/secure.gravatar.com\\\/avatar\\\/4c7e41f332a0583344a91d7d39723533da9b2d0df7737c2d8c69553168c2191e?s=96&d=mm&r=g\",\"url\":\"https:\\\/\\\/secure.gravatar.com\\\/avatar\\\/4c7e41f332a0583344a91d7d39723533da9b2d0df7737c2d8c69553168c2191e?s=96&d=mm&r=g\",\"contentUrl\":\"https:\\\/\\\/secure.gravatar.com\\\/avatar\\\/4c7e41f332a0583344a91d7d39723533da9b2d0df7737c2d8c69553168c2191e?s=96&d=mm&r=g\",\"caption\":\"Redaclem\"},\"url\":\"https:\\\/\\\/www.article-marketing.eu\\\/comunicatistampa\\\/author\\\/redaclem\\\/\"}]}<\/script>\n<!-- \/ Yoast SEO plugin. -->","yoast_head_json":{"title":"Il 15 e 16 luglio il convegno \"La montagna si rilegge\", per la crescita e lo sviluppo dell'ambiente montano","robots":{"index":"index","follow":"follow","max-snippet":"max-snippet:-1","max-image-preview":"max-image-preview:large","max-video-preview":"max-video-preview:-1"},"canonical":"https:\/\/www.article-marketing.eu\/comunicatistampa\/il-15-e-16-luglio-il-convegno-la-montagna-si-rilegge-per-la-crescita-e-lo-sviluppo-dellambiente-montano\/","og_locale":"it_IT","og_type":"article","og_title":"Il 15 e 16 luglio il convegno \"La montagna si rilegge\", per la crescita e lo sviluppo dell'ambiente montano","og_description":"\u201cLA MONTAGNA SI RILEGGE &#8211; Fonti e storia del Parco nazionale dello Stelvio per la tutela e la valorizzazione di un patrimonio culturale e ambientale\u201d \u00e8 il titolo della due giorni organizzata dall\u2019Universit\u00e0 di Bergamo e dal Parco Nazionale dello Stelvio il 15 e il 16 luglio nell\u2019auditorium dell\u2019Istituto superiore \u201cAlberti\u201d di Bormio (via Monte Confinale, 10). Nel corso dei lavori verranno esaminati i casi di studio dedicati alla storiaContinue reading...","og_url":"https:\/\/www.article-marketing.eu\/comunicatistampa\/il-15-e-16-luglio-il-convegno-la-montagna-si-rilegge-per-la-crescita-e-lo-sviluppo-dellambiente-montano\/","og_site_name":"Article Marketing","article_published_time":"2021-07-14T21:58:46+00:00","author":"Redaclem","twitter_card":"summary_large_image","twitter_misc":{"Scritto da":"Redaclem","Tempo di lettura stimato":"2 minuti"},"schema":{"@context":"https:\/\/schema.org","@graph":[{"@type":"Article","@id":"https:\/\/www.article-marketing.eu\/comunicatistampa\/il-15-e-16-luglio-il-convegno-la-montagna-si-rilegge-per-la-crescita-e-lo-sviluppo-dellambiente-montano\/#article","isPartOf":{"@id":"https:\/\/www.article-marketing.eu\/comunicatistampa\/il-15-e-16-luglio-il-convegno-la-montagna-si-rilegge-per-la-crescita-e-lo-sviluppo-dellambiente-montano\/"},"author":{"name":"Redaclem","@id":"https:\/\/www.article-marketing.eu\/comunicatistampa\/#\/schema\/person\/c0aa725eee5df8460e0adf901fde0c88"},"headline":"Il 15 e 16 luglio il convegno &#8220;La montagna si rilegge&#8221;, per la crescita e lo sviluppo dell&#8217;ambiente montano","datePublished":"2021-07-14T21:58:46+00:00","mainEntityOfPage":{"@id":"https:\/\/www.article-marketing.eu\/comunicatistampa\/il-15-e-16-luglio-il-convegno-la-montagna-si-rilegge-per-la-crescita-e-lo-sviluppo-dellambiente-montano\/"},"wordCount":332,"commentCount":0,"keywords":["#unibg","montagna"],"articleSection":["Eventi"],"inLanguage":"it-IT","potentialAction":[{"@type":"CommentAction","name":"Comment","target":["https:\/\/www.article-marketing.eu\/comunicatistampa\/il-15-e-16-luglio-il-convegno-la-montagna-si-rilegge-per-la-crescita-e-lo-sviluppo-dellambiente-montano\/#respond"]}]},{"@type":"WebPage","@id":"https:\/\/www.article-marketing.eu\/comunicatistampa\/il-15-e-16-luglio-il-convegno-la-montagna-si-rilegge-per-la-crescita-e-lo-sviluppo-dellambiente-montano\/","url":"https:\/\/www.article-marketing.eu\/comunicatistampa\/il-15-e-16-luglio-il-convegno-la-montagna-si-rilegge-per-la-crescita-e-lo-sviluppo-dellambiente-montano\/","name":"Il 15 e 16 luglio il convegno \"La montagna si rilegge\", per la crescita e lo sviluppo dell'ambiente montano","isPartOf":{"@id":"https:\/\/www.article-marketing.eu\/comunicatistampa\/#website"},"datePublished":"2021-07-14T21:58:46+00:00","author":{"@id":"https:\/\/www.article-marketing.eu\/comunicatistampa\/#\/schema\/person\/c0aa725eee5df8460e0adf901fde0c88"},"breadcrumb":{"@id":"https:\/\/www.article-marketing.eu\/comunicatistampa\/il-15-e-16-luglio-il-convegno-la-montagna-si-rilegge-per-la-crescita-e-lo-sviluppo-dellambiente-montano\/#breadcrumb"},"inLanguage":"it-IT","potentialAction":[{"@type":"ReadAction","target":["https:\/\/www.article-marketing.eu\/comunicatistampa\/il-15-e-16-luglio-il-convegno-la-montagna-si-rilegge-per-la-crescita-e-lo-sviluppo-dellambiente-montano\/"]}]},{"@type":"BreadcrumbList","@id":"https:\/\/www.article-marketing.eu\/comunicatistampa\/il-15-e-16-luglio-il-convegno-la-montagna-si-rilegge-per-la-crescita-e-lo-sviluppo-dellambiente-montano\/#breadcrumb","itemListElement":[{"@type":"ListItem","position":1,"name":"Home","item":"https:\/\/www.article-marketing.eu\/comunicatistampa\/"},{"@type":"ListItem","position":2,"name":"Il 15 e 16 luglio il convegno &#8220;La montagna si rilegge&#8221;, per la crescita e lo sviluppo dell&#8217;ambiente montano"}]},{"@type":"WebSite","@id":"https:\/\/www.article-marketing.eu\/comunicatistampa\/#website","url":"https:\/\/www.article-marketing.eu\/comunicatistampa\/","name":"Article Marketing","description":"article marketing &amp; press release","potentialAction":[{"@type":"SearchAction","target":{"@type":"EntryPoint","urlTemplate":"https:\/\/www.article-marketing.eu\/comunicatistampa\/?s={search_term_string}"},"query-input":{"@type":"PropertyValueSpecification","valueRequired":true,"valueName":"search_term_string"}}],"inLanguage":"it-IT"},{"@type":"Person","@id":"https:\/\/www.article-marketing.eu\/comunicatistampa\/#\/schema\/person\/c0aa725eee5df8460e0adf901fde0c88","name":"Redaclem","image":{"@type":"ImageObject","inLanguage":"it-IT","@id":"https:\/\/secure.gravatar.com\/avatar\/4c7e41f332a0583344a91d7d39723533da9b2d0df7737c2d8c69553168c2191e?s=96&d=mm&r=g","url":"https:\/\/secure.gravatar.com\/avatar\/4c7e41f332a0583344a91d7d39723533da9b2d0df7737c2d8c69553168c2191e?s=96&d=mm&r=g","contentUrl":"https:\/\/secure.gravatar.com\/avatar\/4c7e41f332a0583344a91d7d39723533da9b2d0df7737c2d8c69553168c2191e?s=96&d=mm&r=g","caption":"Redaclem"},"url":"https:\/\/www.article-marketing.eu\/comunicatistampa\/author\/redaclem\/"}]}},"_links":{"self":[{"href":"https:\/\/www.article-marketing.eu\/comunicatistampa\/wp-json\/wp\/v2\/posts\/19521","targetHints":{"allow":["GET"]}}],"collection":[{"href":"https:\/\/www.article-marketing.eu\/comunicatistampa\/wp-json\/wp\/v2\/posts"}],"about":[{"href":"https:\/\/www.article-marketing.eu\/comunicatistampa\/wp-json\/wp\/v2\/types\/post"}],"author":[{"embeddable":true,"href":"https:\/\/www.article-marketing.eu\/comunicatistampa\/wp-json\/wp\/v2\/users\/1855"}],"replies":[{"embeddable":true,"href":"https:\/\/www.article-marketing.eu\/comunicatistampa\/wp-json\/wp\/v2\/comments?post=19521"}],"version-history":[{"count":2,"href":"https:\/\/www.article-marketing.eu\/comunicatistampa\/wp-json\/wp\/v2\/posts\/19521\/revisions"}],"predecessor-version":[{"id":19579,"href":"https:\/\/www.article-marketing.eu\/comunicatistampa\/wp-json\/wp\/v2\/posts\/19521\/revisions\/19579"}],"wp:attachment":[{"href":"https:\/\/www.article-marketing.eu\/comunicatistampa\/wp-json\/wp\/v2\/media?parent=19521"}],"wp:term":[{"taxonomy":"category","embeddable":true,"href":"https:\/\/www.article-marketing.eu\/comunicatistampa\/wp-json\/wp\/v2\/categories?post=19521"},{"taxonomy":"post_tag","embeddable":true,"href":"https:\/\/www.article-marketing.eu\/comunicatistampa\/wp-json\/wp\/v2\/tags?post=19521"}],"curies":[{"name":"wp","href":"https:\/\/api.w.org\/{rel}","templated":true}]}}