{"id":19643,"date":"2021-07-25T00:25:51","date_gmt":"2021-07-24T22:25:51","guid":{"rendered":"https:\/\/www.article-marketing.eu\/comunicatistampa\/?p=19643"},"modified":"2021-07-25T00:25:51","modified_gmt":"2021-07-24T22:25:51","slug":"caldo-freddo","status":"publish","type":"post","link":"https:\/\/www.article-marketing.eu\/comunicatistampa\/caldo-freddo\/","title":{"rendered":"Caldo &#038; Freddo"},"content":{"rendered":"<p style=\"text-align: center;\">Il nuovo singolo di\u00a0Sheffer<\/p>\n<p><strong> <img decoding=\"async\" class=\"aligncenter\" src=\"https:\/\/www.musicflash.it\/wp-content\/uploads\/2021\/07\/WhatsApp-Image-2021-07-19-at-11.19.20.jpeg\" \/><\/strong><\/p>\n<p>Fuori da\u00a0<strong>venerd\u00ec 16 luglio<\/strong>\u00a0su tutte le piattaforme digitali il nuovo singolo di\u00a0<strong>Sheffer\u00a0<\/strong>dal titolo<strong>\u00a0<em>Caldo &amp; Freddo<\/em><\/strong>,\u00a0un pezzo dal ritmo calzante, perfetto per l&#8217;estate appena cominciata, che\u00a0evidenzia ancora una volta la voglia dell&#8217;autore di sperimentare e spaziare tra i generi: \u201c<em>Amo il funk anni \u201980, il metal ma anche il pop, mi piace rappare e cantare.\u00a0<\/em><br \/>\n<strong><em>Caldo &amp; Freddo<\/em><\/strong><em>\u00a0\u00e8\u00a0uno sfogo\u00a0per chi, come me, stando un anno intero nella citt\u00e0, nello smog, nella confusione della vita urbana, ha bisogno di un posto sperduto, dove si \u00e9 immersi nel verde, dove si possono abbandonare i pensieri. Il brano \u00e9 caratterizzato da un ritmo calzante e un drop strumentale molto orecchiabile e riconoscibile, grazie alle chitarre funky. La mia musica non deve avere limiti di alcun tipo, voglio sentirmi libero di potermi esprimere come pi\u00f9 mi piace.\u201d\u00a0<\/em>(<strong>Sheffer<\/strong>). Come i precedenti pezzi, anche questo brano \u00e8 stato prodotto con la collaborazione di\u00a0<strong>Gabriel Bagini<\/strong>\u00a0per\u00a0<strong>Mir\u00f2 BR Production<\/strong>\u00a0di\u00a0<strong>Rosa Bulfaro<\/strong>.<br \/>\n\u201c<em>Collaboro con Gabriel Bagini, ottimo musicista, in particolare chitarrista, ma soprattutto grande amico d&#8217;infanzia. Con lui porto a termine il lavoro, aggiungendo dettagli, arricchendo la produzione elettronica con strumenti acustici e non. Dopo aver avviato il lavoro e trovato a parer nostro la giusta dimensione, entra in gioco Rosa, la mia manager, che ascolta e valuta tutto, figura che organizza al meglio il mio lavoro, la mia testa e mi sprona a fare sempre di pi\u00f9. In lei ho trovato la mia stessa grinta e voglia di fare. Caso vuole che si chiami proprio &#8220;Rosa&#8221;, nonch\u00e9 simbolo portante del progetto: la rosa \u00e8 un fiore che mi ha sempre affascinato, dal colore alla fattezza e rappresenta in tutto e per tutto il mio dualismo lirico con i suoi petali e le sue spine; un lato romantico e uno pungente\u201d.\u00a0<\/em>(<strong>Sheffer<\/strong>)<\/p>\n<p><img decoding=\"async\" class=\"aligncenter\" src=\"https:\/\/comunicatistampagratis.it\/wp-content\/uploads\/WhatsApp-Image-2021-07-19-at-11.19.32.jpeg\" \/><\/p>\n<p><strong>Sheffer<\/strong>, alias Daniele, classe \u201999, cantautore della provincia di Milano, cresce con un obiettivo ben chiaro in testa: diventare un musicista, anzi, polistrumentista. Inizia a studiare chitarra elettrica all\u2019et\u00e0 di 9 anni per poi passare alla batteria acustica. Collabora a formazioni di band, suonando e divertendosi come un matto, ovunque ne avesse spazio e possibilit\u00e0, fino a giungere alla scelta di intraprendere un percorso da solista. Da qualche anno si autoproduce.\u00a0<strong><em>Caldo &amp; Freddo<\/em><\/strong>\u00a0\u00e8 il terzo singolo che pubblica con lo pseudonimo di Sheffer e segue i brani\u00a0<em>Solitudine<\/em>\u00a0(2020) e\u00a0<em>Pendant<\/em>\u00a0(2021).<\/p>\n<p>&nbsp;<\/p>\n<p><a href=\"https:\/\/www.facebook.com\/shefferbrch\">https:\/\/www.facebook.com\/shefferbrch<\/a><br \/>\n<a href=\"https:\/\/www.instagram.com\/shefflower\/\">https:\/\/www.instagram.com\/shefflower\/<\/a><\/p>\n<p><strong>Mir\u00f2 BR Production<\/strong><br \/>\ndi\u00a0<strong>Rosa Bulfaro<\/strong><\/p>\n","protected":false},"excerpt":{"rendered":"<p>Il nuovo singolo di\u00a0Sheffer Fuori da\u00a0venerd\u00ec 16 luglio\u00a0su tutte le piattaforme digitali il nuovo singolo di\u00a0Sheffer\u00a0dal titolo\u00a0Caldo &amp; Freddo,\u00a0un pezzo dal ritmo calzante, perfetto per l&#8217;estate appena cominciata, che\u00a0evidenzia ancora una volta la voglia dell&#8217;autore di sperimentare e spaziare tra i generi: \u201cAmo il funk anni \u201980, il metal ma anche il pop, mi piace rappare e cantare.\u00a0 Caldo &amp; Freddo\u00a0\u00e8\u00a0uno sfogo\u00a0per chi, come me, stando un anno intero nella<\/p>\n<p><a class=\"continue-reading\" href=\"https:\/\/www.article-marketing.eu\/comunicatistampa\/caldo-freddo\/\">Continue reading&#8230;<\/a><\/p>\n","protected":false},"author":1680,"featured_media":0,"comment_status":"open","ping_status":"open","sticky":false,"template":"","format":"standard","meta":{"_monsterinsights_skip_tracking":false,"_monsterinsights_sitenote_active":false,"_monsterinsights_sitenote_note":"","_monsterinsights_sitenote_category":0,"footnotes":""},"categories":[411],"tags":[8333,6984,3522],"class_list":["post-19643","post","type-post","status-publish","format-standard","hentry","category-musica","tag-caldoefreddo","tag-sheffer","tag-singolo"],"yoast_head":"<!-- This site is optimized with the Yoast SEO plugin v27.3 - https:\/\/yoast.com\/product\/yoast-seo-wordpress\/ -->\n<title>Caldo &amp; Freddo - Article Marketing<\/title>\n<meta name=\"robots\" content=\"index, follow, max-snippet:-1, max-image-preview:large, max-video-preview:-1\" \/>\n<link rel=\"canonical\" href=\"https:\/\/www.article-marketing.eu\/comunicatistampa\/caldo-freddo\/\" \/>\n<meta property=\"og:locale\" content=\"it_IT\" \/>\n<meta property=\"og:type\" content=\"article\" \/>\n<meta property=\"og:title\" content=\"Caldo &amp; Freddo - Article Marketing\" \/>\n<meta property=\"og:description\" content=\"Il nuovo singolo di\u00a0Sheffer Fuori da\u00a0venerd\u00ec 16 luglio\u00a0su tutte le piattaforme digitali il nuovo singolo di\u00a0Sheffer\u00a0dal titolo\u00a0Caldo &amp; Freddo,\u00a0un pezzo dal ritmo calzante, perfetto per l&#8217;estate appena cominciata, che\u00a0evidenzia ancora una volta la voglia dell&#8217;autore di sperimentare e spaziare tra i generi: \u201cAmo il funk anni \u201980, il metal ma anche il pop, mi piace rappare e cantare.\u00a0 Caldo &amp; Freddo\u00a0\u00e8\u00a0uno sfogo\u00a0per chi, come me, stando un anno intero nellaContinue reading...\" \/>\n<meta property=\"og:url\" content=\"https:\/\/www.article-marketing.eu\/comunicatistampa\/caldo-freddo\/\" \/>\n<meta property=\"og:site_name\" content=\"Article Marketing\" \/>\n<meta property=\"article:published_time\" content=\"2021-07-24T22:25:51+00:00\" \/>\n<meta property=\"og:image\" content=\"https:\/\/www.musicflash.it\/wp-content\/uploads\/2021\/07\/WhatsApp-Image-2021-07-19-at-11.19.20.jpeg\" \/>\n<meta name=\"author\" content=\"Micro961\" \/>\n<meta name=\"twitter:card\" content=\"summary_large_image\" \/>\n<meta name=\"twitter:label1\" content=\"Scritto da\" \/>\n\t<meta name=\"twitter:data1\" content=\"Micro961\" \/>\n\t<meta name=\"twitter:label2\" content=\"Tempo di lettura stimato\" \/>\n\t<meta name=\"twitter:data2\" content=\"3 minuti\" \/>\n<script type=\"application\/ld+json\" class=\"yoast-schema-graph\">{\"@context\":\"https:\\\/\\\/schema.org\",\"@graph\":[{\"@type\":\"Article\",\"@id\":\"https:\\\/\\\/www.article-marketing.eu\\\/comunicatistampa\\\/caldo-freddo\\\/#article\",\"isPartOf\":{\"@id\":\"https:\\\/\\\/www.article-marketing.eu\\\/comunicatistampa\\\/caldo-freddo\\\/\"},\"author\":{\"name\":\"Micro961\",\"@id\":\"https:\\\/\\\/www.article-marketing.eu\\\/comunicatistampa\\\/#\\\/schema\\\/person\\\/9beeb909be59832a9bcbec84cb3786f5\"},\"headline\":\"Caldo &#038; Freddo\",\"datePublished\":\"2021-07-24T22:25:51+00:00\",\"mainEntityOfPage\":{\"@id\":\"https:\\\/\\\/www.article-marketing.eu\\\/comunicatistampa\\\/caldo-freddo\\\/\"},\"wordCount\":413,\"commentCount\":0,\"image\":{\"@id\":\"https:\\\/\\\/www.article-marketing.eu\\\/comunicatistampa\\\/caldo-freddo\\\/#primaryimage\"},\"thumbnailUrl\":\"https:\\\/\\\/www.musicflash.it\\\/wp-content\\\/uploads\\\/2021\\\/07\\\/WhatsApp-Image-2021-07-19-at-11.19.20.jpeg\",\"keywords\":[\"Caldoefreddo\",\"Sheffer\",\"Singolo\"],\"articleSection\":[\"Musica\"],\"inLanguage\":\"it-IT\",\"potentialAction\":[{\"@type\":\"CommentAction\",\"name\":\"Comment\",\"target\":[\"https:\\\/\\\/www.article-marketing.eu\\\/comunicatistampa\\\/caldo-freddo\\\/#respond\"]}]},{\"@type\":\"WebPage\",\"@id\":\"https:\\\/\\\/www.article-marketing.eu\\\/comunicatistampa\\\/caldo-freddo\\\/\",\"url\":\"https:\\\/\\\/www.article-marketing.eu\\\/comunicatistampa\\\/caldo-freddo\\\/\",\"name\":\"Caldo & Freddo - Article Marketing\",\"isPartOf\":{\"@id\":\"https:\\\/\\\/www.article-marketing.eu\\\/comunicatistampa\\\/#website\"},\"primaryImageOfPage\":{\"@id\":\"https:\\\/\\\/www.article-marketing.eu\\\/comunicatistampa\\\/caldo-freddo\\\/#primaryimage\"},\"image\":{\"@id\":\"https:\\\/\\\/www.article-marketing.eu\\\/comunicatistampa\\\/caldo-freddo\\\/#primaryimage\"},\"thumbnailUrl\":\"https:\\\/\\\/www.musicflash.it\\\/wp-content\\\/uploads\\\/2021\\\/07\\\/WhatsApp-Image-2021-07-19-at-11.19.20.jpeg\",\"datePublished\":\"2021-07-24T22:25:51+00:00\",\"author\":{\"@id\":\"https:\\\/\\\/www.article-marketing.eu\\\/comunicatistampa\\\/#\\\/schema\\\/person\\\/9beeb909be59832a9bcbec84cb3786f5\"},\"breadcrumb\":{\"@id\":\"https:\\\/\\\/www.article-marketing.eu\\\/comunicatistampa\\\/caldo-freddo\\\/#breadcrumb\"},\"inLanguage\":\"it-IT\",\"potentialAction\":[{\"@type\":\"ReadAction\",\"target\":[\"https:\\\/\\\/www.article-marketing.eu\\\/comunicatistampa\\\/caldo-freddo\\\/\"]}]},{\"@type\":\"ImageObject\",\"inLanguage\":\"it-IT\",\"@id\":\"https:\\\/\\\/www.article-marketing.eu\\\/comunicatistampa\\\/caldo-freddo\\\/#primaryimage\",\"url\":\"https:\\\/\\\/www.musicflash.it\\\/wp-content\\\/uploads\\\/2021\\\/07\\\/WhatsApp-Image-2021-07-19-at-11.19.20.jpeg\",\"contentUrl\":\"https:\\\/\\\/www.musicflash.it\\\/wp-content\\\/uploads\\\/2021\\\/07\\\/WhatsApp-Image-2021-07-19-at-11.19.20.jpeg\"},{\"@type\":\"BreadcrumbList\",\"@id\":\"https:\\\/\\\/www.article-marketing.eu\\\/comunicatistampa\\\/caldo-freddo\\\/#breadcrumb\",\"itemListElement\":[{\"@type\":\"ListItem\",\"position\":1,\"name\":\"Home\",\"item\":\"https:\\\/\\\/www.article-marketing.eu\\\/comunicatistampa\\\/\"},{\"@type\":\"ListItem\",\"position\":2,\"name\":\"Caldo &#038; Freddo\"}]},{\"@type\":\"WebSite\",\"@id\":\"https:\\\/\\\/www.article-marketing.eu\\\/comunicatistampa\\\/#website\",\"url\":\"https:\\\/\\\/www.article-marketing.eu\\\/comunicatistampa\\\/\",\"name\":\"Article Marketing\",\"description\":\"article marketing &amp; press release\",\"potentialAction\":[{\"@type\":\"SearchAction\",\"target\":{\"@type\":\"EntryPoint\",\"urlTemplate\":\"https:\\\/\\\/www.article-marketing.eu\\\/comunicatistampa\\\/?s={search_term_string}\"},\"query-input\":{\"@type\":\"PropertyValueSpecification\",\"valueRequired\":true,\"valueName\":\"search_term_string\"}}],\"inLanguage\":\"it-IT\"},{\"@type\":\"Person\",\"@id\":\"https:\\\/\\\/www.article-marketing.eu\\\/comunicatistampa\\\/#\\\/schema\\\/person\\\/9beeb909be59832a9bcbec84cb3786f5\",\"name\":\"Micro961\",\"image\":{\"@type\":\"ImageObject\",\"inLanguage\":\"it-IT\",\"@id\":\"https:\\\/\\\/secure.gravatar.com\\\/avatar\\\/cd6f5864b85cc3687c05b2965bb186afcd70a2a89789a156c92a4f1d66e87827?s=96&d=mm&r=g\",\"url\":\"https:\\\/\\\/secure.gravatar.com\\\/avatar\\\/cd6f5864b85cc3687c05b2965bb186afcd70a2a89789a156c92a4f1d66e87827?s=96&d=mm&r=g\",\"contentUrl\":\"https:\\\/\\\/secure.gravatar.com\\\/avatar\\\/cd6f5864b85cc3687c05b2965bb186afcd70a2a89789a156c92a4f1d66e87827?s=96&d=mm&r=g\",\"caption\":\"Micro961\"},\"url\":\"https:\\\/\\\/www.article-marketing.eu\\\/comunicatistampa\\\/author\\\/micro961\\\/\"}]}<\/script>\n<!-- \/ Yoast SEO plugin. -->","yoast_head_json":{"title":"Caldo & Freddo - Article Marketing","robots":{"index":"index","follow":"follow","max-snippet":"max-snippet:-1","max-image-preview":"max-image-preview:large","max-video-preview":"max-video-preview:-1"},"canonical":"https:\/\/www.article-marketing.eu\/comunicatistampa\/caldo-freddo\/","og_locale":"it_IT","og_type":"article","og_title":"Caldo & Freddo - Article Marketing","og_description":"Il nuovo singolo di\u00a0Sheffer Fuori da\u00a0venerd\u00ec 16 luglio\u00a0su tutte le piattaforme digitali il nuovo singolo di\u00a0Sheffer\u00a0dal titolo\u00a0Caldo &amp; Freddo,\u00a0un pezzo dal ritmo calzante, perfetto per l&#8217;estate appena cominciata, che\u00a0evidenzia ancora una volta la voglia dell&#8217;autore di sperimentare e spaziare tra i generi: \u201cAmo il funk anni \u201980, il metal ma anche il pop, mi piace rappare e cantare.\u00a0 Caldo &amp; Freddo\u00a0\u00e8\u00a0uno sfogo\u00a0per chi, come me, stando un anno intero nellaContinue reading...","og_url":"https:\/\/www.article-marketing.eu\/comunicatistampa\/caldo-freddo\/","og_site_name":"Article Marketing","article_published_time":"2021-07-24T22:25:51+00:00","og_image":[{"url":"https:\/\/www.musicflash.it\/wp-content\/uploads\/2021\/07\/WhatsApp-Image-2021-07-19-at-11.19.20.jpeg","type":"","width":"","height":""}],"author":"Micro961","twitter_card":"summary_large_image","twitter_misc":{"Scritto da":"Micro961","Tempo di lettura stimato":"3 minuti"},"schema":{"@context":"https:\/\/schema.org","@graph":[{"@type":"Article","@id":"https:\/\/www.article-marketing.eu\/comunicatistampa\/caldo-freddo\/#article","isPartOf":{"@id":"https:\/\/www.article-marketing.eu\/comunicatistampa\/caldo-freddo\/"},"author":{"name":"Micro961","@id":"https:\/\/www.article-marketing.eu\/comunicatistampa\/#\/schema\/person\/9beeb909be59832a9bcbec84cb3786f5"},"headline":"Caldo &#038; Freddo","datePublished":"2021-07-24T22:25:51+00:00","mainEntityOfPage":{"@id":"https:\/\/www.article-marketing.eu\/comunicatistampa\/caldo-freddo\/"},"wordCount":413,"commentCount":0,"image":{"@id":"https:\/\/www.article-marketing.eu\/comunicatistampa\/caldo-freddo\/#primaryimage"},"thumbnailUrl":"https:\/\/www.musicflash.it\/wp-content\/uploads\/2021\/07\/WhatsApp-Image-2021-07-19-at-11.19.20.jpeg","keywords":["Caldoefreddo","Sheffer","Singolo"],"articleSection":["Musica"],"inLanguage":"it-IT","potentialAction":[{"@type":"CommentAction","name":"Comment","target":["https:\/\/www.article-marketing.eu\/comunicatistampa\/caldo-freddo\/#respond"]}]},{"@type":"WebPage","@id":"https:\/\/www.article-marketing.eu\/comunicatistampa\/caldo-freddo\/","url":"https:\/\/www.article-marketing.eu\/comunicatistampa\/caldo-freddo\/","name":"Caldo & Freddo - Article Marketing","isPartOf":{"@id":"https:\/\/www.article-marketing.eu\/comunicatistampa\/#website"},"primaryImageOfPage":{"@id":"https:\/\/www.article-marketing.eu\/comunicatistampa\/caldo-freddo\/#primaryimage"},"image":{"@id":"https:\/\/www.article-marketing.eu\/comunicatistampa\/caldo-freddo\/#primaryimage"},"thumbnailUrl":"https:\/\/www.musicflash.it\/wp-content\/uploads\/2021\/07\/WhatsApp-Image-2021-07-19-at-11.19.20.jpeg","datePublished":"2021-07-24T22:25:51+00:00","author":{"@id":"https:\/\/www.article-marketing.eu\/comunicatistampa\/#\/schema\/person\/9beeb909be59832a9bcbec84cb3786f5"},"breadcrumb":{"@id":"https:\/\/www.article-marketing.eu\/comunicatistampa\/caldo-freddo\/#breadcrumb"},"inLanguage":"it-IT","potentialAction":[{"@type":"ReadAction","target":["https:\/\/www.article-marketing.eu\/comunicatistampa\/caldo-freddo\/"]}]},{"@type":"ImageObject","inLanguage":"it-IT","@id":"https:\/\/www.article-marketing.eu\/comunicatistampa\/caldo-freddo\/#primaryimage","url":"https:\/\/www.musicflash.it\/wp-content\/uploads\/2021\/07\/WhatsApp-Image-2021-07-19-at-11.19.20.jpeg","contentUrl":"https:\/\/www.musicflash.it\/wp-content\/uploads\/2021\/07\/WhatsApp-Image-2021-07-19-at-11.19.20.jpeg"},{"@type":"BreadcrumbList","@id":"https:\/\/www.article-marketing.eu\/comunicatistampa\/caldo-freddo\/#breadcrumb","itemListElement":[{"@type":"ListItem","position":1,"name":"Home","item":"https:\/\/www.article-marketing.eu\/comunicatistampa\/"},{"@type":"ListItem","position":2,"name":"Caldo &#038; Freddo"}]},{"@type":"WebSite","@id":"https:\/\/www.article-marketing.eu\/comunicatistampa\/#website","url":"https:\/\/www.article-marketing.eu\/comunicatistampa\/","name":"Article Marketing","description":"article marketing &amp; press release","potentialAction":[{"@type":"SearchAction","target":{"@type":"EntryPoint","urlTemplate":"https:\/\/www.article-marketing.eu\/comunicatistampa\/?s={search_term_string}"},"query-input":{"@type":"PropertyValueSpecification","valueRequired":true,"valueName":"search_term_string"}}],"inLanguage":"it-IT"},{"@type":"Person","@id":"https:\/\/www.article-marketing.eu\/comunicatistampa\/#\/schema\/person\/9beeb909be59832a9bcbec84cb3786f5","name":"Micro961","image":{"@type":"ImageObject","inLanguage":"it-IT","@id":"https:\/\/secure.gravatar.com\/avatar\/cd6f5864b85cc3687c05b2965bb186afcd70a2a89789a156c92a4f1d66e87827?s=96&d=mm&r=g","url":"https:\/\/secure.gravatar.com\/avatar\/cd6f5864b85cc3687c05b2965bb186afcd70a2a89789a156c92a4f1d66e87827?s=96&d=mm&r=g","contentUrl":"https:\/\/secure.gravatar.com\/avatar\/cd6f5864b85cc3687c05b2965bb186afcd70a2a89789a156c92a4f1d66e87827?s=96&d=mm&r=g","caption":"Micro961"},"url":"https:\/\/www.article-marketing.eu\/comunicatistampa\/author\/micro961\/"}]}},"_links":{"self":[{"href":"https:\/\/www.article-marketing.eu\/comunicatistampa\/wp-json\/wp\/v2\/posts\/19643","targetHints":{"allow":["GET"]}}],"collection":[{"href":"https:\/\/www.article-marketing.eu\/comunicatistampa\/wp-json\/wp\/v2\/posts"}],"about":[{"href":"https:\/\/www.article-marketing.eu\/comunicatistampa\/wp-json\/wp\/v2\/types\/post"}],"author":[{"embeddable":true,"href":"https:\/\/www.article-marketing.eu\/comunicatistampa\/wp-json\/wp\/v2\/users\/1680"}],"replies":[{"embeddable":true,"href":"https:\/\/www.article-marketing.eu\/comunicatistampa\/wp-json\/wp\/v2\/comments?post=19643"}],"version-history":[{"count":3,"href":"https:\/\/www.article-marketing.eu\/comunicatistampa\/wp-json\/wp\/v2\/posts\/19643\/revisions"}],"predecessor-version":[{"id":19688,"href":"https:\/\/www.article-marketing.eu\/comunicatistampa\/wp-json\/wp\/v2\/posts\/19643\/revisions\/19688"}],"wp:attachment":[{"href":"https:\/\/www.article-marketing.eu\/comunicatistampa\/wp-json\/wp\/v2\/media?parent=19643"}],"wp:term":[{"taxonomy":"category","embeddable":true,"href":"https:\/\/www.article-marketing.eu\/comunicatistampa\/wp-json\/wp\/v2\/categories?post=19643"},{"taxonomy":"post_tag","embeddable":true,"href":"https:\/\/www.article-marketing.eu\/comunicatistampa\/wp-json\/wp\/v2\/tags?post=19643"}],"curies":[{"name":"wp","href":"https:\/\/api.w.org\/{rel}","templated":true}]}}