{"id":19659,"date":"2021-07-25T00:29:19","date_gmt":"2021-07-24T22:29:19","guid":{"rendered":"https:\/\/www.article-marketing.eu\/comunicatistampa\/?p=19659"},"modified":"2021-07-25T00:29:19","modified_gmt":"2021-07-24T22:29:19","slug":"the-bravo-a-fuego-lento","status":"publish","type":"post","link":"https:\/\/www.article-marketing.eu\/comunicatistampa\/the-bravo-a-fuego-lento\/","title":{"rendered":"The Bravo ,\u201cA fuego lento&#8221;"},"content":{"rendered":"<p style=\"text-align: center;\"><em>il duo salentino torna con un nuovo ed interessante brano.<\/em><\/p>\n<p>Il nuovo singolo \u201c<strong>A fuego lento<\/strong>\u201d nasce da un bisogno di esprimere a pieno delle emozioni, come qualsiasi altra canzone. Racconta di due ragazzi che si conoscono grazie ad una chat di incontri, e che si innamorano l&#8217;un l&#8217;altro, pian piano. Non un fuoco di paglia estivo, ma un piatto d&#8217;amore cucinato con passione e pazienza, cura ed attenzioni, appunto a fuego lento.<\/p>\n<p><img decoding=\"async\" class=\"aligncenter\" src=\"https:\/\/www.musicflash.it\/wp-content\/uploads\/2021\/07\/WhatsApp-Image-2021-07-19-at-11.25.05.jpeg\" \/><\/p>\n<p>Gli stessi The BRAVO ci descrivono il loro testo: \u201c<em>Questi ragazzi sono degli omosessuali, ma non ci andava di fare riferimento diretto a questo nel testo, quanto alla naturalezza con cui nasce una storia d&#8217;amore. Che sia gay o etero non riteniamo necessario specificarlo in questo brano, l&#8217;amore \u00e8 uno ed \u00e8 grande abbastanza per viverne tutti. Il messaggio intorno al quale ruota l&#8217;intero brano \u00e8 un messaggio di universalit\u00e0, abbiamo tutti caratteristiche diverse, e questa cosa che ci accomuna ci rende quindi uguali in qualche modo e deve unirci a combattere tutte le forme di discriminazione perch\u00e9 \u201cchi tace acconsente\u201d. E&#8217; quindi parlandone o cantandola che si combatte l&#8217;omofobia, facendo informazione e rompendo i tab\u00f9, denunciando le discriminazioni, sensibilizzando la societ\u00e0, ribellandosi al bullismo con intelligenza, argomentando con naturalezza ci\u00f2 che \u00e8 appunto naturale. Facendo luce e aggiornando le tradizioni, senza necessariamente farne a meno. Soprattutto, si combatte tutelando i diritti umani grazie ad una politica solida e progressista. Ci\u00f2 di cui abbiamo estremamente bisogno in Italia, per questo ci auguriamo fortemente che venga approvato il Disegno Di Legge presentato da Alessandro Zan sulla tutela dei diritti civili<\/em>\u201d.<\/p>\n<p>INSTAGRAM:<br \/>\n<a href=\"http:\/\/www.instagram.com\/thebravo_official\">http:\/\/www.instagram.com\/thebravo_official<\/a><\/p>\n<p>FACEBOOK:<br \/>\n<a href=\"https:\/\/www.facebook.com\/thebravoduo\/\">https:\/\/www.facebook.com\/thebravoduo\/<\/a><br \/>\n\u00a92021 Edizioni Musicali MAFFUCCI MUSIC &#8211; Un tuffo in Salento (Cassano \/ Corrado)<br \/>\n(P)2021 SONOS MUSIC RECORDS (MAFFUCCI MUSIC) under direct License by the Producer<\/p>\n<p><a href=\"http:\/\/www.sonosmusicrecords.com\/\">www.sonosmusicrecords.com<\/a><br \/>\nhttps:\/\/maffuccimusic.com<\/p>\n<p>Produttore Artistico ed Esecutivo: M\u00b0 Ermanno Corrado (Corrado Productions)<\/p>\n","protected":false},"excerpt":{"rendered":"<p>il duo salentino torna con un nuovo ed interessante brano. Il nuovo singolo \u201cA fuego lento\u201d nasce da un bisogno di esprimere a pieno delle emozioni, come qualsiasi altra canzone. Racconta di due ragazzi che si conoscono grazie ad una chat di incontri, e che si innamorano l&#8217;un l&#8217;altro, pian piano. Non un fuoco di paglia estivo, ma un piatto d&#8217;amore cucinato con passione e pazienza, cura ed attenzioni, appunto<\/p>\n<p><a class=\"continue-reading\" href=\"https:\/\/www.article-marketing.eu\/comunicatistampa\/the-bravo-a-fuego-lento\/\">Continue reading&#8230;<\/a><\/p>\n","protected":false},"author":1680,"featured_media":0,"comment_status":"open","ping_status":"open","sticky":false,"template":"","format":"standard","meta":{"_monsterinsights_skip_tracking":false,"_monsterinsights_sitenote_active":false,"_monsterinsights_sitenote_note":"","_monsterinsights_sitenote_category":0,"footnotes":""},"categories":[411],"tags":[8344,8343,3522],"class_list":["post-19659","post","type-post","status-publish","format-standard","hentry","category-musica","tag-bravo","tag-fuego","tag-singolo"],"yoast_head":"<!-- This site is optimized with the Yoast SEO plugin v27.3 - https:\/\/yoast.com\/product\/yoast-seo-wordpress\/ -->\n<title>The Bravo ,\u201cA fuego lento&quot; - Article Marketing<\/title>\n<meta name=\"robots\" content=\"index, follow, max-snippet:-1, max-image-preview:large, max-video-preview:-1\" \/>\n<link rel=\"canonical\" href=\"https:\/\/www.article-marketing.eu\/comunicatistampa\/the-bravo-a-fuego-lento\/\" \/>\n<meta property=\"og:locale\" content=\"it_IT\" \/>\n<meta property=\"og:type\" content=\"article\" \/>\n<meta property=\"og:title\" content=\"The Bravo ,\u201cA fuego lento&quot; - Article Marketing\" \/>\n<meta property=\"og:description\" content=\"il duo salentino torna con un nuovo ed interessante brano. Il nuovo singolo \u201cA fuego lento\u201d nasce da un bisogno di esprimere a pieno delle emozioni, come qualsiasi altra canzone. Racconta di due ragazzi che si conoscono grazie ad una chat di incontri, e che si innamorano l&#8217;un l&#8217;altro, pian piano. Non un fuoco di paglia estivo, ma un piatto d&#8217;amore cucinato con passione e pazienza, cura ed attenzioni, appuntoContinue reading...\" \/>\n<meta property=\"og:url\" content=\"https:\/\/www.article-marketing.eu\/comunicatistampa\/the-bravo-a-fuego-lento\/\" \/>\n<meta property=\"og:site_name\" content=\"Article Marketing\" \/>\n<meta property=\"article:published_time\" content=\"2021-07-24T22:29:19+00:00\" \/>\n<meta property=\"og:image\" content=\"https:\/\/www.musicflash.it\/wp-content\/uploads\/2021\/07\/WhatsApp-Image-2021-07-19-at-11.25.05.jpeg\" \/>\n<meta name=\"author\" content=\"Micro961\" \/>\n<meta name=\"twitter:card\" content=\"summary_large_image\" \/>\n<meta name=\"twitter:label1\" content=\"Scritto da\" \/>\n\t<meta name=\"twitter:data1\" content=\"Micro961\" \/>\n\t<meta name=\"twitter:label2\" content=\"Tempo di lettura stimato\" \/>\n\t<meta name=\"twitter:data2\" content=\"2 minuti\" \/>\n<script type=\"application\/ld+json\" class=\"yoast-schema-graph\">{\"@context\":\"https:\\\/\\\/schema.org\",\"@graph\":[{\"@type\":\"Article\",\"@id\":\"https:\\\/\\\/www.article-marketing.eu\\\/comunicatistampa\\\/the-bravo-a-fuego-lento\\\/#article\",\"isPartOf\":{\"@id\":\"https:\\\/\\\/www.article-marketing.eu\\\/comunicatistampa\\\/the-bravo-a-fuego-lento\\\/\"},\"author\":{\"name\":\"Micro961\",\"@id\":\"https:\\\/\\\/www.article-marketing.eu\\\/comunicatistampa\\\/#\\\/schema\\\/person\\\/9beeb909be59832a9bcbec84cb3786f5\"},\"headline\":\"The Bravo ,\u201cA fuego lento&#8221;\",\"datePublished\":\"2021-07-24T22:29:19+00:00\",\"mainEntityOfPage\":{\"@id\":\"https:\\\/\\\/www.article-marketing.eu\\\/comunicatistampa\\\/the-bravo-a-fuego-lento\\\/\"},\"wordCount\":314,\"commentCount\":0,\"image\":{\"@id\":\"https:\\\/\\\/www.article-marketing.eu\\\/comunicatistampa\\\/the-bravo-a-fuego-lento\\\/#primaryimage\"},\"thumbnailUrl\":\"https:\\\/\\\/www.musicflash.it\\\/wp-content\\\/uploads\\\/2021\\\/07\\\/WhatsApp-Image-2021-07-19-at-11.25.05.jpeg\",\"keywords\":[\"Bravo\",\"Fuego\",\"Singolo\"],\"articleSection\":[\"Musica\"],\"inLanguage\":\"it-IT\",\"potentialAction\":[{\"@type\":\"CommentAction\",\"name\":\"Comment\",\"target\":[\"https:\\\/\\\/www.article-marketing.eu\\\/comunicatistampa\\\/the-bravo-a-fuego-lento\\\/#respond\"]}]},{\"@type\":\"WebPage\",\"@id\":\"https:\\\/\\\/www.article-marketing.eu\\\/comunicatistampa\\\/the-bravo-a-fuego-lento\\\/\",\"url\":\"https:\\\/\\\/www.article-marketing.eu\\\/comunicatistampa\\\/the-bravo-a-fuego-lento\\\/\",\"name\":\"The Bravo ,\u201cA fuego lento\\\" - Article Marketing\",\"isPartOf\":{\"@id\":\"https:\\\/\\\/www.article-marketing.eu\\\/comunicatistampa\\\/#website\"},\"primaryImageOfPage\":{\"@id\":\"https:\\\/\\\/www.article-marketing.eu\\\/comunicatistampa\\\/the-bravo-a-fuego-lento\\\/#primaryimage\"},\"image\":{\"@id\":\"https:\\\/\\\/www.article-marketing.eu\\\/comunicatistampa\\\/the-bravo-a-fuego-lento\\\/#primaryimage\"},\"thumbnailUrl\":\"https:\\\/\\\/www.musicflash.it\\\/wp-content\\\/uploads\\\/2021\\\/07\\\/WhatsApp-Image-2021-07-19-at-11.25.05.jpeg\",\"datePublished\":\"2021-07-24T22:29:19+00:00\",\"author\":{\"@id\":\"https:\\\/\\\/www.article-marketing.eu\\\/comunicatistampa\\\/#\\\/schema\\\/person\\\/9beeb909be59832a9bcbec84cb3786f5\"},\"breadcrumb\":{\"@id\":\"https:\\\/\\\/www.article-marketing.eu\\\/comunicatistampa\\\/the-bravo-a-fuego-lento\\\/#breadcrumb\"},\"inLanguage\":\"it-IT\",\"potentialAction\":[{\"@type\":\"ReadAction\",\"target\":[\"https:\\\/\\\/www.article-marketing.eu\\\/comunicatistampa\\\/the-bravo-a-fuego-lento\\\/\"]}]},{\"@type\":\"ImageObject\",\"inLanguage\":\"it-IT\",\"@id\":\"https:\\\/\\\/www.article-marketing.eu\\\/comunicatistampa\\\/the-bravo-a-fuego-lento\\\/#primaryimage\",\"url\":\"https:\\\/\\\/www.musicflash.it\\\/wp-content\\\/uploads\\\/2021\\\/07\\\/WhatsApp-Image-2021-07-19-at-11.25.05.jpeg\",\"contentUrl\":\"https:\\\/\\\/www.musicflash.it\\\/wp-content\\\/uploads\\\/2021\\\/07\\\/WhatsApp-Image-2021-07-19-at-11.25.05.jpeg\"},{\"@type\":\"BreadcrumbList\",\"@id\":\"https:\\\/\\\/www.article-marketing.eu\\\/comunicatistampa\\\/the-bravo-a-fuego-lento\\\/#breadcrumb\",\"itemListElement\":[{\"@type\":\"ListItem\",\"position\":1,\"name\":\"Home\",\"item\":\"https:\\\/\\\/www.article-marketing.eu\\\/comunicatistampa\\\/\"},{\"@type\":\"ListItem\",\"position\":2,\"name\":\"The Bravo ,\u201cA fuego lento&#8221;\"}]},{\"@type\":\"WebSite\",\"@id\":\"https:\\\/\\\/www.article-marketing.eu\\\/comunicatistampa\\\/#website\",\"url\":\"https:\\\/\\\/www.article-marketing.eu\\\/comunicatistampa\\\/\",\"name\":\"Article Marketing\",\"description\":\"article marketing &amp; press release\",\"potentialAction\":[{\"@type\":\"SearchAction\",\"target\":{\"@type\":\"EntryPoint\",\"urlTemplate\":\"https:\\\/\\\/www.article-marketing.eu\\\/comunicatistampa\\\/?s={search_term_string}\"},\"query-input\":{\"@type\":\"PropertyValueSpecification\",\"valueRequired\":true,\"valueName\":\"search_term_string\"}}],\"inLanguage\":\"it-IT\"},{\"@type\":\"Person\",\"@id\":\"https:\\\/\\\/www.article-marketing.eu\\\/comunicatistampa\\\/#\\\/schema\\\/person\\\/9beeb909be59832a9bcbec84cb3786f5\",\"name\":\"Micro961\",\"image\":{\"@type\":\"ImageObject\",\"inLanguage\":\"it-IT\",\"@id\":\"https:\\\/\\\/secure.gravatar.com\\\/avatar\\\/cd6f5864b85cc3687c05b2965bb186afcd70a2a89789a156c92a4f1d66e87827?s=96&d=mm&r=g\",\"url\":\"https:\\\/\\\/secure.gravatar.com\\\/avatar\\\/cd6f5864b85cc3687c05b2965bb186afcd70a2a89789a156c92a4f1d66e87827?s=96&d=mm&r=g\",\"contentUrl\":\"https:\\\/\\\/secure.gravatar.com\\\/avatar\\\/cd6f5864b85cc3687c05b2965bb186afcd70a2a89789a156c92a4f1d66e87827?s=96&d=mm&r=g\",\"caption\":\"Micro961\"},\"url\":\"https:\\\/\\\/www.article-marketing.eu\\\/comunicatistampa\\\/author\\\/micro961\\\/\"}]}<\/script>\n<!-- \/ Yoast SEO plugin. -->","yoast_head_json":{"title":"The Bravo ,\u201cA fuego lento\" - Article Marketing","robots":{"index":"index","follow":"follow","max-snippet":"max-snippet:-1","max-image-preview":"max-image-preview:large","max-video-preview":"max-video-preview:-1"},"canonical":"https:\/\/www.article-marketing.eu\/comunicatistampa\/the-bravo-a-fuego-lento\/","og_locale":"it_IT","og_type":"article","og_title":"The Bravo ,\u201cA fuego lento\" - Article Marketing","og_description":"il duo salentino torna con un nuovo ed interessante brano. Il nuovo singolo \u201cA fuego lento\u201d nasce da un bisogno di esprimere a pieno delle emozioni, come qualsiasi altra canzone. Racconta di due ragazzi che si conoscono grazie ad una chat di incontri, e che si innamorano l&#8217;un l&#8217;altro, pian piano. Non un fuoco di paglia estivo, ma un piatto d&#8217;amore cucinato con passione e pazienza, cura ed attenzioni, appuntoContinue reading...","og_url":"https:\/\/www.article-marketing.eu\/comunicatistampa\/the-bravo-a-fuego-lento\/","og_site_name":"Article Marketing","article_published_time":"2021-07-24T22:29:19+00:00","og_image":[{"url":"https:\/\/www.musicflash.it\/wp-content\/uploads\/2021\/07\/WhatsApp-Image-2021-07-19-at-11.25.05.jpeg","type":"","width":"","height":""}],"author":"Micro961","twitter_card":"summary_large_image","twitter_misc":{"Scritto da":"Micro961","Tempo di lettura stimato":"2 minuti"},"schema":{"@context":"https:\/\/schema.org","@graph":[{"@type":"Article","@id":"https:\/\/www.article-marketing.eu\/comunicatistampa\/the-bravo-a-fuego-lento\/#article","isPartOf":{"@id":"https:\/\/www.article-marketing.eu\/comunicatistampa\/the-bravo-a-fuego-lento\/"},"author":{"name":"Micro961","@id":"https:\/\/www.article-marketing.eu\/comunicatistampa\/#\/schema\/person\/9beeb909be59832a9bcbec84cb3786f5"},"headline":"The Bravo ,\u201cA fuego lento&#8221;","datePublished":"2021-07-24T22:29:19+00:00","mainEntityOfPage":{"@id":"https:\/\/www.article-marketing.eu\/comunicatistampa\/the-bravo-a-fuego-lento\/"},"wordCount":314,"commentCount":0,"image":{"@id":"https:\/\/www.article-marketing.eu\/comunicatistampa\/the-bravo-a-fuego-lento\/#primaryimage"},"thumbnailUrl":"https:\/\/www.musicflash.it\/wp-content\/uploads\/2021\/07\/WhatsApp-Image-2021-07-19-at-11.25.05.jpeg","keywords":["Bravo","Fuego","Singolo"],"articleSection":["Musica"],"inLanguage":"it-IT","potentialAction":[{"@type":"CommentAction","name":"Comment","target":["https:\/\/www.article-marketing.eu\/comunicatistampa\/the-bravo-a-fuego-lento\/#respond"]}]},{"@type":"WebPage","@id":"https:\/\/www.article-marketing.eu\/comunicatistampa\/the-bravo-a-fuego-lento\/","url":"https:\/\/www.article-marketing.eu\/comunicatistampa\/the-bravo-a-fuego-lento\/","name":"The Bravo ,\u201cA fuego lento\" - Article Marketing","isPartOf":{"@id":"https:\/\/www.article-marketing.eu\/comunicatistampa\/#website"},"primaryImageOfPage":{"@id":"https:\/\/www.article-marketing.eu\/comunicatistampa\/the-bravo-a-fuego-lento\/#primaryimage"},"image":{"@id":"https:\/\/www.article-marketing.eu\/comunicatistampa\/the-bravo-a-fuego-lento\/#primaryimage"},"thumbnailUrl":"https:\/\/www.musicflash.it\/wp-content\/uploads\/2021\/07\/WhatsApp-Image-2021-07-19-at-11.25.05.jpeg","datePublished":"2021-07-24T22:29:19+00:00","author":{"@id":"https:\/\/www.article-marketing.eu\/comunicatistampa\/#\/schema\/person\/9beeb909be59832a9bcbec84cb3786f5"},"breadcrumb":{"@id":"https:\/\/www.article-marketing.eu\/comunicatistampa\/the-bravo-a-fuego-lento\/#breadcrumb"},"inLanguage":"it-IT","potentialAction":[{"@type":"ReadAction","target":["https:\/\/www.article-marketing.eu\/comunicatistampa\/the-bravo-a-fuego-lento\/"]}]},{"@type":"ImageObject","inLanguage":"it-IT","@id":"https:\/\/www.article-marketing.eu\/comunicatistampa\/the-bravo-a-fuego-lento\/#primaryimage","url":"https:\/\/www.musicflash.it\/wp-content\/uploads\/2021\/07\/WhatsApp-Image-2021-07-19-at-11.25.05.jpeg","contentUrl":"https:\/\/www.musicflash.it\/wp-content\/uploads\/2021\/07\/WhatsApp-Image-2021-07-19-at-11.25.05.jpeg"},{"@type":"BreadcrumbList","@id":"https:\/\/www.article-marketing.eu\/comunicatistampa\/the-bravo-a-fuego-lento\/#breadcrumb","itemListElement":[{"@type":"ListItem","position":1,"name":"Home","item":"https:\/\/www.article-marketing.eu\/comunicatistampa\/"},{"@type":"ListItem","position":2,"name":"The Bravo ,\u201cA fuego lento&#8221;"}]},{"@type":"WebSite","@id":"https:\/\/www.article-marketing.eu\/comunicatistampa\/#website","url":"https:\/\/www.article-marketing.eu\/comunicatistampa\/","name":"Article Marketing","description":"article marketing &amp; press release","potentialAction":[{"@type":"SearchAction","target":{"@type":"EntryPoint","urlTemplate":"https:\/\/www.article-marketing.eu\/comunicatistampa\/?s={search_term_string}"},"query-input":{"@type":"PropertyValueSpecification","valueRequired":true,"valueName":"search_term_string"}}],"inLanguage":"it-IT"},{"@type":"Person","@id":"https:\/\/www.article-marketing.eu\/comunicatistampa\/#\/schema\/person\/9beeb909be59832a9bcbec84cb3786f5","name":"Micro961","image":{"@type":"ImageObject","inLanguage":"it-IT","@id":"https:\/\/secure.gravatar.com\/avatar\/cd6f5864b85cc3687c05b2965bb186afcd70a2a89789a156c92a4f1d66e87827?s=96&d=mm&r=g","url":"https:\/\/secure.gravatar.com\/avatar\/cd6f5864b85cc3687c05b2965bb186afcd70a2a89789a156c92a4f1d66e87827?s=96&d=mm&r=g","contentUrl":"https:\/\/secure.gravatar.com\/avatar\/cd6f5864b85cc3687c05b2965bb186afcd70a2a89789a156c92a4f1d66e87827?s=96&d=mm&r=g","caption":"Micro961"},"url":"https:\/\/www.article-marketing.eu\/comunicatistampa\/author\/micro961\/"}]}},"_links":{"self":[{"href":"https:\/\/www.article-marketing.eu\/comunicatistampa\/wp-json\/wp\/v2\/posts\/19659","targetHints":{"allow":["GET"]}}],"collection":[{"href":"https:\/\/www.article-marketing.eu\/comunicatistampa\/wp-json\/wp\/v2\/posts"}],"about":[{"href":"https:\/\/www.article-marketing.eu\/comunicatistampa\/wp-json\/wp\/v2\/types\/post"}],"author":[{"embeddable":true,"href":"https:\/\/www.article-marketing.eu\/comunicatistampa\/wp-json\/wp\/v2\/users\/1680"}],"replies":[{"embeddable":true,"href":"https:\/\/www.article-marketing.eu\/comunicatistampa\/wp-json\/wp\/v2\/comments?post=19659"}],"version-history":[{"count":2,"href":"https:\/\/www.article-marketing.eu\/comunicatistampa\/wp-json\/wp\/v2\/posts\/19659\/revisions"}],"predecessor-version":[{"id":19694,"href":"https:\/\/www.article-marketing.eu\/comunicatistampa\/wp-json\/wp\/v2\/posts\/19659\/revisions\/19694"}],"wp:attachment":[{"href":"https:\/\/www.article-marketing.eu\/comunicatistampa\/wp-json\/wp\/v2\/media?parent=19659"}],"wp:term":[{"taxonomy":"category","embeddable":true,"href":"https:\/\/www.article-marketing.eu\/comunicatistampa\/wp-json\/wp\/v2\/categories?post=19659"},{"taxonomy":"post_tag","embeddable":true,"href":"https:\/\/www.article-marketing.eu\/comunicatistampa\/wp-json\/wp\/v2\/tags?post=19659"}],"curies":[{"name":"wp","href":"https:\/\/api.w.org\/{rel}","templated":true}]}}