{"id":19674,"date":"2021-07-25T00:30:03","date_gmt":"2021-07-24T22:30:03","guid":{"rendered":"https:\/\/www.article-marketing.eu\/comunicatistampa\/?p=19674"},"modified":"2021-07-25T00:30:03","modified_gmt":"2021-07-24T22:30:03","slug":"manuel-comelli-2000eventi","status":"publish","type":"post","link":"https:\/\/www.article-marketing.eu\/comunicatistampa\/manuel-comelli-2000eventi\/","title":{"rendered":"Manuel Comelli, 2000eventi"},"content":{"rendered":"<p style=\"text-align: center;\"><em>l\u2019ultimo lavoro dell\u2019artista <\/em><\/p>\n<p><strong>2000eventi<\/strong> \u00e8 la sua ultima opera, scritto da <strong>Manuel Comelli<\/strong> stesso insieme a Salvatore Bazzarelli, un\u00a0 brano sulla speranza, sulla fiducia e sul ottimismo,<br \/>\nIn questo momento \u00e8 necessario sperare e poter tornare a vivere come prima, magari con 2000eventi. Un messaggio di positivit\u00e0 per tutti per tornare a vivere con il sorriso, cercando di dimenticare la pandemia, vivere pi\u00f9 forti di prima e con ancora pi\u00f9 entusiasmo.<\/p>\n<p><img decoding=\"async\" class=\"aligncenter\" src=\"https:\/\/www.musicflash.it\/wp-content\/uploads\/2021\/07\/WhatsApp-Image-2021-07-20-at-17.54.45.jpeg\" \/><\/p>\n<p>Manuel\u00a0Comelli\u00a0nasce a Parma nel 1978. Nel 1997 inizia la professione di cantante in una piccola formazione di Parma. Nel 1998 inaugura a livello nazionale la sua orchestra di musica da ballo con la quale si esibisce sui palchi di mezza Italia per 10 anni e pubblica due lavori discografici \u201cLa voce del\u00a0 2000&#8243; e \u201cUna storia importante. Nel 1999\/2000 partecipa per due volte al programma televisivo &#8220;Ballo, amore e fantasia&#8221; condotto da Emanuela Folliero e Albano su Retequattro. Nel 2001 viene invitato al programma &#8220;Sembra ieri&#8221; condotto da Iva Zanicchi su Retequattro. Nel 2004, parallelamente all&#8217;attivit\u00e0 di cantante, entra a far parte dell&#8217;agenzia di moda John Casablancas a Milano, per la quale lavora\u00a0come\u00a0modello per alcune campagne pubblicitarie. Nel 2008 inizia la sua carriera da solista creando un one man show unico nel suo genere, canta, balla e recita portando in scena anche caricature comiche di molti cantanti italiani e internazionali sia maschili che femminili, accompagnati da continui cambi di abito. Studia per due anni alla scuola di canto Vocal Classes a Milano diretta da Luca Jurman.<br \/>\nNel 2011 porta in tutto il nord Italia il suo show \u201cTutto ci\u00f2 che non ho mai vissuto&#8221; e contemporaneamente pubblica il cd \u201cGocce di emozioni\u201d.<br \/>\nNel 2014 consegue il diploma in musicoterapia di primo livello metodo Benenzon a Torino.<br \/>\nNel 2019 porta in scena il suo show \u201cGrazie magica follia&#8221; e pubblica l&#8217;omonimo cd.<\/p>\n<p><iframe loading=\"lazy\" title=\"Manuel Comelli \u2010 2000eventi\" width=\"1050\" height=\"591\" src=\"https:\/\/www.youtube.com\/embed\/Oaw3oTNdLFA?feature=oembed\" frameborder=\"0\" allow=\"accelerometer; autoplay; clipboard-write; encrypted-media; gyroscope; picture-in-picture\" allowfullscreen><\/iframe><\/p>\n<p>Nel 2020 si sta dedicando allo studio del pianoforte con il maestro Salvatore Bazzarelli, alla preparazione del nuovo spettacolo e, contemporaneamente, alla produzione di nuovi lavori discografici con brani inediti in collaborazione con l&#8217;etichetta discografica LEVEL 4<\/p>\n<p><strong>Press, radio, Tv Agency<\/strong><strong><br \/>\nDCOD Communication By GB Play<br \/>\n<\/strong><a href=\"http:\/\/email.mediasender.it\/ss\/c\/Yr9a4UPHwYyI-E_var5wCe6G1c-xHimyM_BWSY-H_O5j4fkggEce2Nj5FsZw-0lrYfUiz2-XUD7JFsClksfiQC-SHXYikT_Iu_shYudVxx7QKuUcDGUO3EmY64_sAhf_XscIosSkNZmV81WSfv2cVfVf3MzToZ1WR5QEhK16_ZYM563p7YgFExC-B5eZVobu6z-sWMtWK2eyJCx23ML3vXOChkiUG9ZahtaBqGYYjhpHWG_yJn3PR5KKc_KE1g_cRC9clMroFJPOWF45oRbFK6G7mQF_GXhqtH3H_nh2pYnfXb_lgM43DErKI8YkocPI2A939LUbEYczenr68sxFu11e7uerKUNmktD7yxOoESvbDuHG249KroASYZNoqFvjDMe_BWhVbJ2QVFvJQ6DGKXmOcdj3afjXriNtfgshlVTOfdsOvmkZ1JxMXGgCG1m9sgQDmJe2qbN9Le_Dn__k1Gb4PhQTCzbzCShy1KuL9vXgqpiu4oCDxhjyww7n1m3gNrQIZSlQ_VquIatkm7gRrCOS3ECNRBJbc-jNgKkpejcufdaK86bDsYI9qh_xXkl0_NSfrZyY68OeNUWxSH-AUGZ50PiNNPqBGebif0BknQb8G1Z7_DaMoAXPLQslVN9gc-Nn-0NkGIQBqAxNRVs0VOtac9EMzu2D_uUawUdyhdZ7DUZiFvQMD0XknW809sPUdOS9XoW2srJQLOjJhcL-8XJEOKfh_QNhrh6dGTcrCj8dKBGqJJbu7vMO8_X-TPfXdYSD_6KdOsDZpRu8T1UhymLGRsOAxHlqo3avR_ERXkIZOxILsg9zmqgNzrVpcTs2y9dsos_nKrjYSAZTpxaMs4Hb8qg9HY0hdAe-GSc1BikijHgNiX_GGIb-yI-zlQFc1GIQrPya3GJ5bnJEOTaadKVvslXW4b-0LHxHWPoiO252gXqEosEMIKO_4BGcEgxD71-ce\">promoradio@dcodcommunication.it<\/a><br \/>\n<a href=\"http:\/\/email.mediasender.it\/ss\/c\/Yr9a4UPHwYyI-E_var5wCe6G1c-xHimyM_BWSY-H_O5j4fkggEce2Nj5FsZw-0lrYfUiz2-XUD7JFsClksfiQC-SHXYikT_Iu_shYudVxx7QKuUcDGUO3EmY64_sAhf_XscIosSkNZmV81WSfv2cVfVf3MzToZ1WR5QEhK16_ZYM563p7YgFExC-B5eZVobu6z-sWMtWK2eyJCx23ML3vXOChkiUG9ZahtaBqGYYjhpHWG_yJn3PR5KKc_KE1g_cRC9clMroFJPOWF45oRbFK6G7mQF_GXhqtH3H_nh2pYnfXb_lgM43DErKI8YkocPI2A939LUbEYczenr68sxFu11e7uerKUNmktD7yxOoESvbDuHG249KroASYZNoqFvjDMe_BWhVbJ2QVFvJQ6DGKXmOcdj3afjXriNtfgshlVTOfdsOvmkZ1JxMXGgCG1m9sgQDmJe2qbN9Le_Dn__k1Gb4PhQTCzbzCShy1KuL9vXgqpiu4oCDxhjyww7n1m3gNrQIZSlQ_VquIatkm7gRrCOS3ECNRBJbc-jNgKkpejcufdaK86bDsYI9qh_xXkl0_NSfrZyY68OeNUWxSH-AUGZ50PiNNPqBGebif0BknQb8G1Z7_DaMoAXPLQslVN9gc-Nn-0NkGIQBqAxNRVs0VOtac9EMzu2D_uUawUdyhdZ7DUZiFvQMD0XknW809sPUdOS9XoW2srJQLOjJhcL-8XJEOKfh_QNhrh6dGTcrCj8dKBGqJJbu7vMO8_X-TPfXdYSD_6KdOsDZpRu8T1UhymLGRsOAxHlqo3avR_ERXkIZOxILsg9zmqgNzrVpcTs2y9dsos_nKrjYSAZTpxaMs4Hb8qg9HY0hdAe-GSc1BikijHgNiX_GGIb-yI-zlQFc1GIQrPya3GJ5bnJEOTaadKVvslXW4b-0LHxHWPoiO252gXqEosEMIKO_4BGcEgxD71-ce\">promostampa@dcodcommunication.it<\/a><\/p>\n","protected":false},"excerpt":{"rendered":"<p>l\u2019ultimo lavoro dell\u2019artista 2000eventi \u00e8 la sua ultima opera, scritto da Manuel Comelli stesso insieme a Salvatore Bazzarelli, un\u00a0 brano sulla speranza, sulla fiducia e sul ottimismo, In questo momento \u00e8 necessario sperare e poter tornare a vivere come prima, magari con 2000eventi. Un messaggio di positivit\u00e0 per tutti per tornare a vivere con il sorriso, cercando di dimenticare la pandemia, vivere pi\u00f9 forti di prima e con ancora pi\u00f9<\/p>\n<p><a class=\"continue-reading\" href=\"https:\/\/www.article-marketing.eu\/comunicatistampa\/manuel-comelli-2000eventi\/\">Continue reading&#8230;<\/a><\/p>\n","protected":false},"author":1680,"featured_media":0,"comment_status":"open","ping_status":"open","sticky":false,"template":"","format":"standard","meta":{"_monsterinsights_skip_tracking":false,"_monsterinsights_sitenote_active":false,"_monsterinsights_sitenote_note":"","_monsterinsights_sitenote_category":0,"footnotes":""},"categories":[411],"tags":[8350,8349,3522],"class_list":["post-19674","post","type-post","status-publish","format-standard","hentry","category-musica","tag-8350","tag-comelli","tag-singolo"],"yoast_head":"<!-- This site is optimized with the Yoast SEO plugin v27.3 - https:\/\/yoast.com\/product\/yoast-seo-wordpress\/ -->\n<title>Manuel Comelli, 2000eventi - Article Marketing<\/title>\n<meta name=\"robots\" content=\"index, follow, max-snippet:-1, max-image-preview:large, max-video-preview:-1\" \/>\n<link rel=\"canonical\" href=\"https:\/\/www.article-marketing.eu\/comunicatistampa\/manuel-comelli-2000eventi\/\" \/>\n<meta property=\"og:locale\" content=\"it_IT\" \/>\n<meta property=\"og:type\" content=\"article\" \/>\n<meta property=\"og:title\" content=\"Manuel Comelli, 2000eventi - Article Marketing\" \/>\n<meta property=\"og:description\" content=\"l\u2019ultimo lavoro dell\u2019artista 2000eventi \u00e8 la sua ultima opera, scritto da Manuel Comelli stesso insieme a Salvatore Bazzarelli, un\u00a0 brano sulla speranza, sulla fiducia e sul ottimismo, In questo momento \u00e8 necessario sperare e poter tornare a vivere come prima, magari con 2000eventi. Un messaggio di positivit\u00e0 per tutti per tornare a vivere con il sorriso, cercando di dimenticare la pandemia, vivere pi\u00f9 forti di prima e con ancora pi\u00f9Continue reading...\" \/>\n<meta property=\"og:url\" content=\"https:\/\/www.article-marketing.eu\/comunicatistampa\/manuel-comelli-2000eventi\/\" \/>\n<meta property=\"og:site_name\" content=\"Article Marketing\" \/>\n<meta property=\"article:published_time\" content=\"2021-07-24T22:30:03+00:00\" \/>\n<meta property=\"og:image\" content=\"https:\/\/www.musicflash.it\/wp-content\/uploads\/2021\/07\/WhatsApp-Image-2021-07-20-at-17.54.45.jpeg\" \/>\n<meta name=\"author\" content=\"Micro961\" \/>\n<meta name=\"twitter:card\" content=\"summary_large_image\" \/>\n<meta name=\"twitter:label1\" content=\"Scritto da\" \/>\n\t<meta name=\"twitter:data1\" content=\"Micro961\" \/>\n\t<meta name=\"twitter:label2\" content=\"Tempo di lettura stimato\" \/>\n\t<meta name=\"twitter:data2\" content=\"2 minuti\" \/>\n<script type=\"application\/ld+json\" class=\"yoast-schema-graph\">{\"@context\":\"https:\\\/\\\/schema.org\",\"@graph\":[{\"@type\":\"Article\",\"@id\":\"https:\\\/\\\/www.article-marketing.eu\\\/comunicatistampa\\\/manuel-comelli-2000eventi\\\/#article\",\"isPartOf\":{\"@id\":\"https:\\\/\\\/www.article-marketing.eu\\\/comunicatistampa\\\/manuel-comelli-2000eventi\\\/\"},\"author\":{\"name\":\"Micro961\",\"@id\":\"https:\\\/\\\/www.article-marketing.eu\\\/comunicatistampa\\\/#\\\/schema\\\/person\\\/9beeb909be59832a9bcbec84cb3786f5\"},\"headline\":\"Manuel Comelli, 2000eventi\",\"datePublished\":\"2021-07-24T22:30:03+00:00\",\"mainEntityOfPage\":{\"@id\":\"https:\\\/\\\/www.article-marketing.eu\\\/comunicatistampa\\\/manuel-comelli-2000eventi\\\/\"},\"wordCount\":355,\"commentCount\":0,\"image\":{\"@id\":\"https:\\\/\\\/www.article-marketing.eu\\\/comunicatistampa\\\/manuel-comelli-2000eventi\\\/#primaryimage\"},\"thumbnailUrl\":\"https:\\\/\\\/www.musicflash.it\\\/wp-content\\\/uploads\\\/2021\\\/07\\\/WhatsApp-Image-2021-07-20-at-17.54.45.jpeg\",\"keywords\":[\"2000\",\"Comelli\",\"Singolo\"],\"articleSection\":[\"Musica\"],\"inLanguage\":\"it-IT\",\"potentialAction\":[{\"@type\":\"CommentAction\",\"name\":\"Comment\",\"target\":[\"https:\\\/\\\/www.article-marketing.eu\\\/comunicatistampa\\\/manuel-comelli-2000eventi\\\/#respond\"]}]},{\"@type\":\"WebPage\",\"@id\":\"https:\\\/\\\/www.article-marketing.eu\\\/comunicatistampa\\\/manuel-comelli-2000eventi\\\/\",\"url\":\"https:\\\/\\\/www.article-marketing.eu\\\/comunicatistampa\\\/manuel-comelli-2000eventi\\\/\",\"name\":\"Manuel Comelli, 2000eventi - Article Marketing\",\"isPartOf\":{\"@id\":\"https:\\\/\\\/www.article-marketing.eu\\\/comunicatistampa\\\/#website\"},\"primaryImageOfPage\":{\"@id\":\"https:\\\/\\\/www.article-marketing.eu\\\/comunicatistampa\\\/manuel-comelli-2000eventi\\\/#primaryimage\"},\"image\":{\"@id\":\"https:\\\/\\\/www.article-marketing.eu\\\/comunicatistampa\\\/manuel-comelli-2000eventi\\\/#primaryimage\"},\"thumbnailUrl\":\"https:\\\/\\\/www.musicflash.it\\\/wp-content\\\/uploads\\\/2021\\\/07\\\/WhatsApp-Image-2021-07-20-at-17.54.45.jpeg\",\"datePublished\":\"2021-07-24T22:30:03+00:00\",\"author\":{\"@id\":\"https:\\\/\\\/www.article-marketing.eu\\\/comunicatistampa\\\/#\\\/schema\\\/person\\\/9beeb909be59832a9bcbec84cb3786f5\"},\"breadcrumb\":{\"@id\":\"https:\\\/\\\/www.article-marketing.eu\\\/comunicatistampa\\\/manuel-comelli-2000eventi\\\/#breadcrumb\"},\"inLanguage\":\"it-IT\",\"potentialAction\":[{\"@type\":\"ReadAction\",\"target\":[\"https:\\\/\\\/www.article-marketing.eu\\\/comunicatistampa\\\/manuel-comelli-2000eventi\\\/\"]}]},{\"@type\":\"ImageObject\",\"inLanguage\":\"it-IT\",\"@id\":\"https:\\\/\\\/www.article-marketing.eu\\\/comunicatistampa\\\/manuel-comelli-2000eventi\\\/#primaryimage\",\"url\":\"https:\\\/\\\/www.musicflash.it\\\/wp-content\\\/uploads\\\/2021\\\/07\\\/WhatsApp-Image-2021-07-20-at-17.54.45.jpeg\",\"contentUrl\":\"https:\\\/\\\/www.musicflash.it\\\/wp-content\\\/uploads\\\/2021\\\/07\\\/WhatsApp-Image-2021-07-20-at-17.54.45.jpeg\"},{\"@type\":\"BreadcrumbList\",\"@id\":\"https:\\\/\\\/www.article-marketing.eu\\\/comunicatistampa\\\/manuel-comelli-2000eventi\\\/#breadcrumb\",\"itemListElement\":[{\"@type\":\"ListItem\",\"position\":1,\"name\":\"Home\",\"item\":\"https:\\\/\\\/www.article-marketing.eu\\\/comunicatistampa\\\/\"},{\"@type\":\"ListItem\",\"position\":2,\"name\":\"Manuel Comelli, 2000eventi\"}]},{\"@type\":\"WebSite\",\"@id\":\"https:\\\/\\\/www.article-marketing.eu\\\/comunicatistampa\\\/#website\",\"url\":\"https:\\\/\\\/www.article-marketing.eu\\\/comunicatistampa\\\/\",\"name\":\"Article Marketing\",\"description\":\"article marketing &amp; press release\",\"potentialAction\":[{\"@type\":\"SearchAction\",\"target\":{\"@type\":\"EntryPoint\",\"urlTemplate\":\"https:\\\/\\\/www.article-marketing.eu\\\/comunicatistampa\\\/?s={search_term_string}\"},\"query-input\":{\"@type\":\"PropertyValueSpecification\",\"valueRequired\":true,\"valueName\":\"search_term_string\"}}],\"inLanguage\":\"it-IT\"},{\"@type\":\"Person\",\"@id\":\"https:\\\/\\\/www.article-marketing.eu\\\/comunicatistampa\\\/#\\\/schema\\\/person\\\/9beeb909be59832a9bcbec84cb3786f5\",\"name\":\"Micro961\",\"image\":{\"@type\":\"ImageObject\",\"inLanguage\":\"it-IT\",\"@id\":\"https:\\\/\\\/secure.gravatar.com\\\/avatar\\\/cd6f5864b85cc3687c05b2965bb186afcd70a2a89789a156c92a4f1d66e87827?s=96&d=mm&r=g\",\"url\":\"https:\\\/\\\/secure.gravatar.com\\\/avatar\\\/cd6f5864b85cc3687c05b2965bb186afcd70a2a89789a156c92a4f1d66e87827?s=96&d=mm&r=g\",\"contentUrl\":\"https:\\\/\\\/secure.gravatar.com\\\/avatar\\\/cd6f5864b85cc3687c05b2965bb186afcd70a2a89789a156c92a4f1d66e87827?s=96&d=mm&r=g\",\"caption\":\"Micro961\"},\"url\":\"https:\\\/\\\/www.article-marketing.eu\\\/comunicatistampa\\\/author\\\/micro961\\\/\"}]}<\/script>\n<!-- \/ Yoast SEO plugin. -->","yoast_head_json":{"title":"Manuel Comelli, 2000eventi - Article Marketing","robots":{"index":"index","follow":"follow","max-snippet":"max-snippet:-1","max-image-preview":"max-image-preview:large","max-video-preview":"max-video-preview:-1"},"canonical":"https:\/\/www.article-marketing.eu\/comunicatistampa\/manuel-comelli-2000eventi\/","og_locale":"it_IT","og_type":"article","og_title":"Manuel Comelli, 2000eventi - Article Marketing","og_description":"l\u2019ultimo lavoro dell\u2019artista 2000eventi \u00e8 la sua ultima opera, scritto da Manuel Comelli stesso insieme a Salvatore Bazzarelli, un\u00a0 brano sulla speranza, sulla fiducia e sul ottimismo, In questo momento \u00e8 necessario sperare e poter tornare a vivere come prima, magari con 2000eventi. Un messaggio di positivit\u00e0 per tutti per tornare a vivere con il sorriso, cercando di dimenticare la pandemia, vivere pi\u00f9 forti di prima e con ancora pi\u00f9Continue reading...","og_url":"https:\/\/www.article-marketing.eu\/comunicatistampa\/manuel-comelli-2000eventi\/","og_site_name":"Article Marketing","article_published_time":"2021-07-24T22:30:03+00:00","og_image":[{"url":"https:\/\/www.musicflash.it\/wp-content\/uploads\/2021\/07\/WhatsApp-Image-2021-07-20-at-17.54.45.jpeg","type":"","width":"","height":""}],"author":"Micro961","twitter_card":"summary_large_image","twitter_misc":{"Scritto da":"Micro961","Tempo di lettura stimato":"2 minuti"},"schema":{"@context":"https:\/\/schema.org","@graph":[{"@type":"Article","@id":"https:\/\/www.article-marketing.eu\/comunicatistampa\/manuel-comelli-2000eventi\/#article","isPartOf":{"@id":"https:\/\/www.article-marketing.eu\/comunicatistampa\/manuel-comelli-2000eventi\/"},"author":{"name":"Micro961","@id":"https:\/\/www.article-marketing.eu\/comunicatistampa\/#\/schema\/person\/9beeb909be59832a9bcbec84cb3786f5"},"headline":"Manuel Comelli, 2000eventi","datePublished":"2021-07-24T22:30:03+00:00","mainEntityOfPage":{"@id":"https:\/\/www.article-marketing.eu\/comunicatistampa\/manuel-comelli-2000eventi\/"},"wordCount":355,"commentCount":0,"image":{"@id":"https:\/\/www.article-marketing.eu\/comunicatistampa\/manuel-comelli-2000eventi\/#primaryimage"},"thumbnailUrl":"https:\/\/www.musicflash.it\/wp-content\/uploads\/2021\/07\/WhatsApp-Image-2021-07-20-at-17.54.45.jpeg","keywords":["2000","Comelli","Singolo"],"articleSection":["Musica"],"inLanguage":"it-IT","potentialAction":[{"@type":"CommentAction","name":"Comment","target":["https:\/\/www.article-marketing.eu\/comunicatistampa\/manuel-comelli-2000eventi\/#respond"]}]},{"@type":"WebPage","@id":"https:\/\/www.article-marketing.eu\/comunicatistampa\/manuel-comelli-2000eventi\/","url":"https:\/\/www.article-marketing.eu\/comunicatistampa\/manuel-comelli-2000eventi\/","name":"Manuel Comelli, 2000eventi - Article Marketing","isPartOf":{"@id":"https:\/\/www.article-marketing.eu\/comunicatistampa\/#website"},"primaryImageOfPage":{"@id":"https:\/\/www.article-marketing.eu\/comunicatistampa\/manuel-comelli-2000eventi\/#primaryimage"},"image":{"@id":"https:\/\/www.article-marketing.eu\/comunicatistampa\/manuel-comelli-2000eventi\/#primaryimage"},"thumbnailUrl":"https:\/\/www.musicflash.it\/wp-content\/uploads\/2021\/07\/WhatsApp-Image-2021-07-20-at-17.54.45.jpeg","datePublished":"2021-07-24T22:30:03+00:00","author":{"@id":"https:\/\/www.article-marketing.eu\/comunicatistampa\/#\/schema\/person\/9beeb909be59832a9bcbec84cb3786f5"},"breadcrumb":{"@id":"https:\/\/www.article-marketing.eu\/comunicatistampa\/manuel-comelli-2000eventi\/#breadcrumb"},"inLanguage":"it-IT","potentialAction":[{"@type":"ReadAction","target":["https:\/\/www.article-marketing.eu\/comunicatistampa\/manuel-comelli-2000eventi\/"]}]},{"@type":"ImageObject","inLanguage":"it-IT","@id":"https:\/\/www.article-marketing.eu\/comunicatistampa\/manuel-comelli-2000eventi\/#primaryimage","url":"https:\/\/www.musicflash.it\/wp-content\/uploads\/2021\/07\/WhatsApp-Image-2021-07-20-at-17.54.45.jpeg","contentUrl":"https:\/\/www.musicflash.it\/wp-content\/uploads\/2021\/07\/WhatsApp-Image-2021-07-20-at-17.54.45.jpeg"},{"@type":"BreadcrumbList","@id":"https:\/\/www.article-marketing.eu\/comunicatistampa\/manuel-comelli-2000eventi\/#breadcrumb","itemListElement":[{"@type":"ListItem","position":1,"name":"Home","item":"https:\/\/www.article-marketing.eu\/comunicatistampa\/"},{"@type":"ListItem","position":2,"name":"Manuel Comelli, 2000eventi"}]},{"@type":"WebSite","@id":"https:\/\/www.article-marketing.eu\/comunicatistampa\/#website","url":"https:\/\/www.article-marketing.eu\/comunicatistampa\/","name":"Article Marketing","description":"article marketing &amp; press release","potentialAction":[{"@type":"SearchAction","target":{"@type":"EntryPoint","urlTemplate":"https:\/\/www.article-marketing.eu\/comunicatistampa\/?s={search_term_string}"},"query-input":{"@type":"PropertyValueSpecification","valueRequired":true,"valueName":"search_term_string"}}],"inLanguage":"it-IT"},{"@type":"Person","@id":"https:\/\/www.article-marketing.eu\/comunicatistampa\/#\/schema\/person\/9beeb909be59832a9bcbec84cb3786f5","name":"Micro961","image":{"@type":"ImageObject","inLanguage":"it-IT","@id":"https:\/\/secure.gravatar.com\/avatar\/cd6f5864b85cc3687c05b2965bb186afcd70a2a89789a156c92a4f1d66e87827?s=96&d=mm&r=g","url":"https:\/\/secure.gravatar.com\/avatar\/cd6f5864b85cc3687c05b2965bb186afcd70a2a89789a156c92a4f1d66e87827?s=96&d=mm&r=g","contentUrl":"https:\/\/secure.gravatar.com\/avatar\/cd6f5864b85cc3687c05b2965bb186afcd70a2a89789a156c92a4f1d66e87827?s=96&d=mm&r=g","caption":"Micro961"},"url":"https:\/\/www.article-marketing.eu\/comunicatistampa\/author\/micro961\/"}]}},"_links":{"self":[{"href":"https:\/\/www.article-marketing.eu\/comunicatistampa\/wp-json\/wp\/v2\/posts\/19674","targetHints":{"allow":["GET"]}}],"collection":[{"href":"https:\/\/www.article-marketing.eu\/comunicatistampa\/wp-json\/wp\/v2\/posts"}],"about":[{"href":"https:\/\/www.article-marketing.eu\/comunicatistampa\/wp-json\/wp\/v2\/types\/post"}],"author":[{"embeddable":true,"href":"https:\/\/www.article-marketing.eu\/comunicatistampa\/wp-json\/wp\/v2\/users\/1680"}],"replies":[{"embeddable":true,"href":"https:\/\/www.article-marketing.eu\/comunicatistampa\/wp-json\/wp\/v2\/comments?post=19674"}],"version-history":[{"count":2,"href":"https:\/\/www.article-marketing.eu\/comunicatistampa\/wp-json\/wp\/v2\/posts\/19674\/revisions"}],"predecessor-version":[{"id":19697,"href":"https:\/\/www.article-marketing.eu\/comunicatistampa\/wp-json\/wp\/v2\/posts\/19674\/revisions\/19697"}],"wp:attachment":[{"href":"https:\/\/www.article-marketing.eu\/comunicatistampa\/wp-json\/wp\/v2\/media?parent=19674"}],"wp:term":[{"taxonomy":"category","embeddable":true,"href":"https:\/\/www.article-marketing.eu\/comunicatistampa\/wp-json\/wp\/v2\/categories?post=19674"},{"taxonomy":"post_tag","embeddable":true,"href":"https:\/\/www.article-marketing.eu\/comunicatistampa\/wp-json\/wp\/v2\/tags?post=19674"}],"curies":[{"name":"wp","href":"https:\/\/api.w.org\/{rel}","templated":true}]}}