{"id":19710,"date":"2021-07-28T13:37:43","date_gmt":"2021-07-28T11:37:43","guid":{"rendered":"https:\/\/www.article-marketing.eu\/comunicatistampa\/?p=19710"},"modified":"2022-03-08T18:03:47","modified_gmt":"2022-03-08T17:03:47","slug":"paracadute-feat-biondo-e-il-primo-singolo-di-marina-erroi","status":"publish","type":"post","link":"https:\/\/www.article-marketing.eu\/comunicatistampa\/paracadute-feat-biondo-e-il-primo-singolo-di-marina-erroi\/","title":{"rendered":"Paracadute (Feat. Biondo) \u00e8 il primo singolo di Marina Erroi"},"content":{"rendered":"<p style=\"text-align: center;\"><i>\u00a0dal 23 luglio fuori il singolo d\u2019esordio dell\u2019artista\u00a0<\/i><\/p>\n<p><img loading=\"lazy\" decoding=\"async\" class=\"aligncenter\" src=\"https:\/\/www.joyfreepress.com\/wp-content\/uploads\/2021\/07\/Foto-.jpg\" width=\"479\" height=\"376\" \/><\/p>\n<p><i>\u00a0<\/i><\/p>\n<p><b>Marina Erroi<\/b> \u00e8 nata il 9 febbraio 2003 a Taranto, originaria del paese Avetrana.<\/p>\n<p>Nel corso degli anni ha avuto diversi interessi ma l&#8217;unica passione che ha nutrito fin da piccola \u00e8 la musica.<br \/>\nComincia ad appassionarsi del canto e con il passare\u00a0del tempo instaura un legame sempre pi\u00f9 forte, diventa il suo angolo di sfogo nei\u00a0momenti in cui si sentiva sovrastata dalle tante delusioni, \u00e8 solo in quella sua\u00a0piccola bolla che impara ad essere s\u00e9 stessa e amarsi nelle sue fragili\u00a0insicurezze.<\/p>\n<p>Marina firma il suo primo contratto discografico con la <b>MMline Records<\/b> per poi passare con la <b>Jericho Records<\/b> .<br \/>\nMarina \u00e8 seguita dalla discografica e Manager <b>Maria Totaro\u00a0 <\/b>e dai produttori Anthony &amp; Vittorio Conte.<\/p>\n<p>Quando ho ascoltato il pezzo spiega Marina, ho provato un\u2019emozione indescrivibile, pian piano il progetto prendeva forma ed \u00e8 stata una sensazione cos\u00ec bella che \u00e8 difficile da spiegare.<br \/>\nQuando finalmente ho cantato il pezzo l&#8217;ho sentito gi\u00e0 mio, mi ci sono trovata subito in sintonia e per tutta la giornata mi risuonava sempre nella testa.<br \/>\nIl giorno in cui il mio Manager mi ha detto che saremmo usciti con un singolo\/featuring con biondo ero cos\u00ec contenta di poter avere l&#8217;opportunit\u00e0 di sperimentare e condividere l&#8217;arte della musica con chi come me ne \u00e8 appassionato.<br \/>\nDopo questa uscita il mio obiettivo \u00e8 quello di far conoscere alla gente le stesse emozioni che provo io mentre canto.<br \/>\nPoter esprimere cosa sento e riuscire ad arrivare nei cuori di chi mi ascolta, fare entrare ognuno nel mio mondo e riuscire a far emozionare con la mia voce.<\/p>\n<p><i>\u201cParacadute \u00e8 un brano che racconta l&#8217;amore nella prospettiva dell\u2019entusiasmo di potersi amare avendo la consapevolezza che prima o poi si dovr\u00e0 convivere con l\u2019abbandono\u00a0<\/i><i>ogni cosa ha un inizio ogni cosa ha una fine\u201d<\/i><\/p>\n<p>Paracadute \u00e8 stata scritta da Anthony Conte composizione e testo da Biondo Composizione e Testo della parte rap.<br \/>\nProdotta arrangiata e mixata da Vittorio Conte ai Jericho Studios .<\/p>\n<p>Label : Jericho Records<\/p>\n<p><a href=\"https:\/\/m.facebook.com\/MarinaErroiOfficial\">https:\/\/m.facebook.com\/MarinaErroiOfficial<\/a><br \/>\n<a href=\"https:\/\/www.instagram.com\/marinaerroi_\/\">https:\/\/www.instagram.com\/marinaerroi_\/<\/a><\/p>\n<p><b>Isabel Zolli Promotion Agency<br \/>\n<\/b>Sede Operativa: via Simone De Saint Bon 47 \u2013 Roma<\/p>\n","protected":false},"excerpt":{"rendered":"<p>\u00a0dal 23 luglio fuori il singolo d\u2019esordio dell\u2019artista\u00a0 \u00a0 Marina Erroi \u00e8 nata il 9 febbraio 2003 a Taranto, originaria del paese Avetrana. Nel corso degli anni ha avuto diversi interessi ma l&#8217;unica passione che ha nutrito fin da piccola \u00e8 la musica. Comincia ad appassionarsi del canto e con il passare\u00a0del tempo instaura un legame sempre pi\u00f9 forte, diventa il suo angolo di sfogo nei\u00a0momenti in cui si sentiva<\/p>\n<p><a class=\"continue-reading\" href=\"https:\/\/www.article-marketing.eu\/comunicatistampa\/paracadute-feat-biondo-e-il-primo-singolo-di-marina-erroi\/\">Continue reading&#8230;<\/a><\/p>\n","protected":false},"author":1680,"featured_media":0,"comment_status":"open","ping_status":"open","sticky":false,"template":"","format":"standard","meta":{"_monsterinsights_skip_tracking":false,"_monsterinsights_sitenote_active":false,"_monsterinsights_sitenote_note":"","_monsterinsights_sitenote_category":0,"footnotes":""},"categories":[411],"tags":[8357,8356,8358,3522],"class_list":["post-19710","post","type-post","status-publish","format-standard","hentry","category-musica","tag-biondo","tag-marina-erroi","tag-paracadute","tag-singolo"],"yoast_head":"<!-- This site is optimized with the Yoast SEO plugin v27.3 - https:\/\/yoast.com\/product\/yoast-seo-wordpress\/ -->\n<title>Paracadute (Feat. Biondo) \u00e8 il primo singolo di Marina Erroi<\/title>\n<meta name=\"robots\" content=\"index, follow, max-snippet:-1, max-image-preview:large, max-video-preview:-1\" \/>\n<link rel=\"canonical\" href=\"https:\/\/www.article-marketing.eu\/comunicatistampa\/paracadute-feat-biondo-e-il-primo-singolo-di-marina-erroi\/\" \/>\n<meta property=\"og:locale\" content=\"it_IT\" \/>\n<meta property=\"og:type\" content=\"article\" \/>\n<meta property=\"og:title\" content=\"Paracadute (Feat. Biondo) \u00e8 il primo singolo di Marina Erroi\" \/>\n<meta property=\"og:description\" content=\"\u00a0dal 23 luglio fuori il singolo d\u2019esordio dell\u2019artista\u00a0 \u00a0 Marina Erroi \u00e8 nata il 9 febbraio 2003 a Taranto, originaria del paese Avetrana. Nel corso degli anni ha avuto diversi interessi ma l&#8217;unica passione che ha nutrito fin da piccola \u00e8 la musica. Comincia ad appassionarsi del canto e con il passare\u00a0del tempo instaura un legame sempre pi\u00f9 forte, diventa il suo angolo di sfogo nei\u00a0momenti in cui si sentivaContinue reading...\" \/>\n<meta property=\"og:url\" content=\"https:\/\/www.article-marketing.eu\/comunicatistampa\/paracadute-feat-biondo-e-il-primo-singolo-di-marina-erroi\/\" \/>\n<meta property=\"og:site_name\" content=\"Article Marketing\" \/>\n<meta property=\"article:published_time\" content=\"2021-07-28T11:37:43+00:00\" \/>\n<meta property=\"article:modified_time\" content=\"2022-03-08T17:03:47+00:00\" \/>\n<meta property=\"og:image\" content=\"https:\/\/www.joyfreepress.com\/wp-content\/uploads\/2021\/07\/Foto-.jpg\" \/>\n<meta name=\"author\" content=\"Micro961\" \/>\n<meta name=\"twitter:card\" content=\"summary_large_image\" \/>\n<meta name=\"twitter:label1\" content=\"Scritto da\" \/>\n\t<meta name=\"twitter:data1\" content=\"Micro961\" \/>\n\t<meta name=\"twitter:label2\" content=\"Tempo di lettura stimato\" \/>\n\t<meta name=\"twitter:data2\" content=\"2 minuti\" \/>\n<script type=\"application\/ld+json\" class=\"yoast-schema-graph\">{\"@context\":\"https:\\\/\\\/schema.org\",\"@graph\":[{\"@type\":\"Article\",\"@id\":\"https:\\\/\\\/www.article-marketing.eu\\\/comunicatistampa\\\/paracadute-feat-biondo-e-il-primo-singolo-di-marina-erroi\\\/#article\",\"isPartOf\":{\"@id\":\"https:\\\/\\\/www.article-marketing.eu\\\/comunicatistampa\\\/paracadute-feat-biondo-e-il-primo-singolo-di-marina-erroi\\\/\"},\"author\":{\"name\":\"Micro961\",\"@id\":\"https:\\\/\\\/www.article-marketing.eu\\\/comunicatistampa\\\/#\\\/schema\\\/person\\\/9beeb909be59832a9bcbec84cb3786f5\"},\"headline\":\"Paracadute (Feat. Biondo) \u00e8 il primo singolo di Marina Erroi\",\"datePublished\":\"2021-07-28T11:37:43+00:00\",\"dateModified\":\"2022-03-08T17:03:47+00:00\",\"mainEntityOfPage\":{\"@id\":\"https:\\\/\\\/www.article-marketing.eu\\\/comunicatistampa\\\/paracadute-feat-biondo-e-il-primo-singolo-di-marina-erroi\\\/\"},\"wordCount\":363,\"commentCount\":0,\"image\":{\"@id\":\"https:\\\/\\\/www.article-marketing.eu\\\/comunicatistampa\\\/paracadute-feat-biondo-e-il-primo-singolo-di-marina-erroi\\\/#primaryimage\"},\"thumbnailUrl\":\"https:\\\/\\\/www.joyfreepress.com\\\/wp-content\\\/uploads\\\/2021\\\/07\\\/Foto-.jpg\",\"keywords\":[\"Biondo\",\"Marina Erroi\",\"Paracadute\",\"Singolo\"],\"articleSection\":[\"Musica\"],\"inLanguage\":\"it-IT\",\"potentialAction\":[{\"@type\":\"CommentAction\",\"name\":\"Comment\",\"target\":[\"https:\\\/\\\/www.article-marketing.eu\\\/comunicatistampa\\\/paracadute-feat-biondo-e-il-primo-singolo-di-marina-erroi\\\/#respond\"]}]},{\"@type\":\"WebPage\",\"@id\":\"https:\\\/\\\/www.article-marketing.eu\\\/comunicatistampa\\\/paracadute-feat-biondo-e-il-primo-singolo-di-marina-erroi\\\/\",\"url\":\"https:\\\/\\\/www.article-marketing.eu\\\/comunicatistampa\\\/paracadute-feat-biondo-e-il-primo-singolo-di-marina-erroi\\\/\",\"name\":\"Paracadute (Feat. Biondo) \u00e8 il primo singolo di Marina Erroi\",\"isPartOf\":{\"@id\":\"https:\\\/\\\/www.article-marketing.eu\\\/comunicatistampa\\\/#website\"},\"primaryImageOfPage\":{\"@id\":\"https:\\\/\\\/www.article-marketing.eu\\\/comunicatistampa\\\/paracadute-feat-biondo-e-il-primo-singolo-di-marina-erroi\\\/#primaryimage\"},\"image\":{\"@id\":\"https:\\\/\\\/www.article-marketing.eu\\\/comunicatistampa\\\/paracadute-feat-biondo-e-il-primo-singolo-di-marina-erroi\\\/#primaryimage\"},\"thumbnailUrl\":\"https:\\\/\\\/www.joyfreepress.com\\\/wp-content\\\/uploads\\\/2021\\\/07\\\/Foto-.jpg\",\"datePublished\":\"2021-07-28T11:37:43+00:00\",\"dateModified\":\"2022-03-08T17:03:47+00:00\",\"author\":{\"@id\":\"https:\\\/\\\/www.article-marketing.eu\\\/comunicatistampa\\\/#\\\/schema\\\/person\\\/9beeb909be59832a9bcbec84cb3786f5\"},\"breadcrumb\":{\"@id\":\"https:\\\/\\\/www.article-marketing.eu\\\/comunicatistampa\\\/paracadute-feat-biondo-e-il-primo-singolo-di-marina-erroi\\\/#breadcrumb\"},\"inLanguage\":\"it-IT\",\"potentialAction\":[{\"@type\":\"ReadAction\",\"target\":[\"https:\\\/\\\/www.article-marketing.eu\\\/comunicatistampa\\\/paracadute-feat-biondo-e-il-primo-singolo-di-marina-erroi\\\/\"]}]},{\"@type\":\"ImageObject\",\"inLanguage\":\"it-IT\",\"@id\":\"https:\\\/\\\/www.article-marketing.eu\\\/comunicatistampa\\\/paracadute-feat-biondo-e-il-primo-singolo-di-marina-erroi\\\/#primaryimage\",\"url\":\"https:\\\/\\\/www.joyfreepress.com\\\/wp-content\\\/uploads\\\/2021\\\/07\\\/Foto-.jpg\",\"contentUrl\":\"https:\\\/\\\/www.joyfreepress.com\\\/wp-content\\\/uploads\\\/2021\\\/07\\\/Foto-.jpg\"},{\"@type\":\"BreadcrumbList\",\"@id\":\"https:\\\/\\\/www.article-marketing.eu\\\/comunicatistampa\\\/paracadute-feat-biondo-e-il-primo-singolo-di-marina-erroi\\\/#breadcrumb\",\"itemListElement\":[{\"@type\":\"ListItem\",\"position\":1,\"name\":\"Home\",\"item\":\"https:\\\/\\\/www.article-marketing.eu\\\/comunicatistampa\\\/\"},{\"@type\":\"ListItem\",\"position\":2,\"name\":\"Paracadute (Feat. Biondo) \u00e8 il primo singolo di Marina Erroi\"}]},{\"@type\":\"WebSite\",\"@id\":\"https:\\\/\\\/www.article-marketing.eu\\\/comunicatistampa\\\/#website\",\"url\":\"https:\\\/\\\/www.article-marketing.eu\\\/comunicatistampa\\\/\",\"name\":\"Article Marketing\",\"description\":\"article marketing &amp; press release\",\"potentialAction\":[{\"@type\":\"SearchAction\",\"target\":{\"@type\":\"EntryPoint\",\"urlTemplate\":\"https:\\\/\\\/www.article-marketing.eu\\\/comunicatistampa\\\/?s={search_term_string}\"},\"query-input\":{\"@type\":\"PropertyValueSpecification\",\"valueRequired\":true,\"valueName\":\"search_term_string\"}}],\"inLanguage\":\"it-IT\"},{\"@type\":\"Person\",\"@id\":\"https:\\\/\\\/www.article-marketing.eu\\\/comunicatistampa\\\/#\\\/schema\\\/person\\\/9beeb909be59832a9bcbec84cb3786f5\",\"name\":\"Micro961\",\"image\":{\"@type\":\"ImageObject\",\"inLanguage\":\"it-IT\",\"@id\":\"https:\\\/\\\/secure.gravatar.com\\\/avatar\\\/cd6f5864b85cc3687c05b2965bb186afcd70a2a89789a156c92a4f1d66e87827?s=96&d=mm&r=g\",\"url\":\"https:\\\/\\\/secure.gravatar.com\\\/avatar\\\/cd6f5864b85cc3687c05b2965bb186afcd70a2a89789a156c92a4f1d66e87827?s=96&d=mm&r=g\",\"contentUrl\":\"https:\\\/\\\/secure.gravatar.com\\\/avatar\\\/cd6f5864b85cc3687c05b2965bb186afcd70a2a89789a156c92a4f1d66e87827?s=96&d=mm&r=g\",\"caption\":\"Micro961\"},\"url\":\"https:\\\/\\\/www.article-marketing.eu\\\/comunicatistampa\\\/author\\\/micro961\\\/\"}]}<\/script>\n<!-- \/ Yoast SEO plugin. -->","yoast_head_json":{"title":"Paracadute (Feat. Biondo) \u00e8 il primo singolo di Marina Erroi","robots":{"index":"index","follow":"follow","max-snippet":"max-snippet:-1","max-image-preview":"max-image-preview:large","max-video-preview":"max-video-preview:-1"},"canonical":"https:\/\/www.article-marketing.eu\/comunicatistampa\/paracadute-feat-biondo-e-il-primo-singolo-di-marina-erroi\/","og_locale":"it_IT","og_type":"article","og_title":"Paracadute (Feat. Biondo) \u00e8 il primo singolo di Marina Erroi","og_description":"\u00a0dal 23 luglio fuori il singolo d\u2019esordio dell\u2019artista\u00a0 \u00a0 Marina Erroi \u00e8 nata il 9 febbraio 2003 a Taranto, originaria del paese Avetrana. Nel corso degli anni ha avuto diversi interessi ma l&#8217;unica passione che ha nutrito fin da piccola \u00e8 la musica. Comincia ad appassionarsi del canto e con il passare\u00a0del tempo instaura un legame sempre pi\u00f9 forte, diventa il suo angolo di sfogo nei\u00a0momenti in cui si sentivaContinue reading...","og_url":"https:\/\/www.article-marketing.eu\/comunicatistampa\/paracadute-feat-biondo-e-il-primo-singolo-di-marina-erroi\/","og_site_name":"Article Marketing","article_published_time":"2021-07-28T11:37:43+00:00","article_modified_time":"2022-03-08T17:03:47+00:00","og_image":[{"url":"https:\/\/www.joyfreepress.com\/wp-content\/uploads\/2021\/07\/Foto-.jpg","type":"","width":"","height":""}],"author":"Micro961","twitter_card":"summary_large_image","twitter_misc":{"Scritto da":"Micro961","Tempo di lettura stimato":"2 minuti"},"schema":{"@context":"https:\/\/schema.org","@graph":[{"@type":"Article","@id":"https:\/\/www.article-marketing.eu\/comunicatistampa\/paracadute-feat-biondo-e-il-primo-singolo-di-marina-erroi\/#article","isPartOf":{"@id":"https:\/\/www.article-marketing.eu\/comunicatistampa\/paracadute-feat-biondo-e-il-primo-singolo-di-marina-erroi\/"},"author":{"name":"Micro961","@id":"https:\/\/www.article-marketing.eu\/comunicatistampa\/#\/schema\/person\/9beeb909be59832a9bcbec84cb3786f5"},"headline":"Paracadute (Feat. Biondo) \u00e8 il primo singolo di Marina Erroi","datePublished":"2021-07-28T11:37:43+00:00","dateModified":"2022-03-08T17:03:47+00:00","mainEntityOfPage":{"@id":"https:\/\/www.article-marketing.eu\/comunicatistampa\/paracadute-feat-biondo-e-il-primo-singolo-di-marina-erroi\/"},"wordCount":363,"commentCount":0,"image":{"@id":"https:\/\/www.article-marketing.eu\/comunicatistampa\/paracadute-feat-biondo-e-il-primo-singolo-di-marina-erroi\/#primaryimage"},"thumbnailUrl":"https:\/\/www.joyfreepress.com\/wp-content\/uploads\/2021\/07\/Foto-.jpg","keywords":["Biondo","Marina Erroi","Paracadute","Singolo"],"articleSection":["Musica"],"inLanguage":"it-IT","potentialAction":[{"@type":"CommentAction","name":"Comment","target":["https:\/\/www.article-marketing.eu\/comunicatistampa\/paracadute-feat-biondo-e-il-primo-singolo-di-marina-erroi\/#respond"]}]},{"@type":"WebPage","@id":"https:\/\/www.article-marketing.eu\/comunicatistampa\/paracadute-feat-biondo-e-il-primo-singolo-di-marina-erroi\/","url":"https:\/\/www.article-marketing.eu\/comunicatistampa\/paracadute-feat-biondo-e-il-primo-singolo-di-marina-erroi\/","name":"Paracadute (Feat. Biondo) \u00e8 il primo singolo di Marina Erroi","isPartOf":{"@id":"https:\/\/www.article-marketing.eu\/comunicatistampa\/#website"},"primaryImageOfPage":{"@id":"https:\/\/www.article-marketing.eu\/comunicatistampa\/paracadute-feat-biondo-e-il-primo-singolo-di-marina-erroi\/#primaryimage"},"image":{"@id":"https:\/\/www.article-marketing.eu\/comunicatistampa\/paracadute-feat-biondo-e-il-primo-singolo-di-marina-erroi\/#primaryimage"},"thumbnailUrl":"https:\/\/www.joyfreepress.com\/wp-content\/uploads\/2021\/07\/Foto-.jpg","datePublished":"2021-07-28T11:37:43+00:00","dateModified":"2022-03-08T17:03:47+00:00","author":{"@id":"https:\/\/www.article-marketing.eu\/comunicatistampa\/#\/schema\/person\/9beeb909be59832a9bcbec84cb3786f5"},"breadcrumb":{"@id":"https:\/\/www.article-marketing.eu\/comunicatistampa\/paracadute-feat-biondo-e-il-primo-singolo-di-marina-erroi\/#breadcrumb"},"inLanguage":"it-IT","potentialAction":[{"@type":"ReadAction","target":["https:\/\/www.article-marketing.eu\/comunicatistampa\/paracadute-feat-biondo-e-il-primo-singolo-di-marina-erroi\/"]}]},{"@type":"ImageObject","inLanguage":"it-IT","@id":"https:\/\/www.article-marketing.eu\/comunicatistampa\/paracadute-feat-biondo-e-il-primo-singolo-di-marina-erroi\/#primaryimage","url":"https:\/\/www.joyfreepress.com\/wp-content\/uploads\/2021\/07\/Foto-.jpg","contentUrl":"https:\/\/www.joyfreepress.com\/wp-content\/uploads\/2021\/07\/Foto-.jpg"},{"@type":"BreadcrumbList","@id":"https:\/\/www.article-marketing.eu\/comunicatistampa\/paracadute-feat-biondo-e-il-primo-singolo-di-marina-erroi\/#breadcrumb","itemListElement":[{"@type":"ListItem","position":1,"name":"Home","item":"https:\/\/www.article-marketing.eu\/comunicatistampa\/"},{"@type":"ListItem","position":2,"name":"Paracadute (Feat. Biondo) \u00e8 il primo singolo di Marina Erroi"}]},{"@type":"WebSite","@id":"https:\/\/www.article-marketing.eu\/comunicatistampa\/#website","url":"https:\/\/www.article-marketing.eu\/comunicatistampa\/","name":"Article Marketing","description":"article marketing &amp; press release","potentialAction":[{"@type":"SearchAction","target":{"@type":"EntryPoint","urlTemplate":"https:\/\/www.article-marketing.eu\/comunicatistampa\/?s={search_term_string}"},"query-input":{"@type":"PropertyValueSpecification","valueRequired":true,"valueName":"search_term_string"}}],"inLanguage":"it-IT"},{"@type":"Person","@id":"https:\/\/www.article-marketing.eu\/comunicatistampa\/#\/schema\/person\/9beeb909be59832a9bcbec84cb3786f5","name":"Micro961","image":{"@type":"ImageObject","inLanguage":"it-IT","@id":"https:\/\/secure.gravatar.com\/avatar\/cd6f5864b85cc3687c05b2965bb186afcd70a2a89789a156c92a4f1d66e87827?s=96&d=mm&r=g","url":"https:\/\/secure.gravatar.com\/avatar\/cd6f5864b85cc3687c05b2965bb186afcd70a2a89789a156c92a4f1d66e87827?s=96&d=mm&r=g","contentUrl":"https:\/\/secure.gravatar.com\/avatar\/cd6f5864b85cc3687c05b2965bb186afcd70a2a89789a156c92a4f1d66e87827?s=96&d=mm&r=g","caption":"Micro961"},"url":"https:\/\/www.article-marketing.eu\/comunicatistampa\/author\/micro961\/"}]}},"_links":{"self":[{"href":"https:\/\/www.article-marketing.eu\/comunicatistampa\/wp-json\/wp\/v2\/posts\/19710","targetHints":{"allow":["GET"]}}],"collection":[{"href":"https:\/\/www.article-marketing.eu\/comunicatistampa\/wp-json\/wp\/v2\/posts"}],"about":[{"href":"https:\/\/www.article-marketing.eu\/comunicatistampa\/wp-json\/wp\/v2\/types\/post"}],"author":[{"embeddable":true,"href":"https:\/\/www.article-marketing.eu\/comunicatistampa\/wp-json\/wp\/v2\/users\/1680"}],"replies":[{"embeddable":true,"href":"https:\/\/www.article-marketing.eu\/comunicatistampa\/wp-json\/wp\/v2\/comments?post=19710"}],"version-history":[{"count":2,"href":"https:\/\/www.article-marketing.eu\/comunicatistampa\/wp-json\/wp\/v2\/posts\/19710\/revisions"}],"predecessor-version":[{"id":19738,"href":"https:\/\/www.article-marketing.eu\/comunicatistampa\/wp-json\/wp\/v2\/posts\/19710\/revisions\/19738"}],"wp:attachment":[{"href":"https:\/\/www.article-marketing.eu\/comunicatistampa\/wp-json\/wp\/v2\/media?parent=19710"}],"wp:term":[{"taxonomy":"category","embeddable":true,"href":"https:\/\/www.article-marketing.eu\/comunicatistampa\/wp-json\/wp\/v2\/categories?post=19710"},{"taxonomy":"post_tag","embeddable":true,"href":"https:\/\/www.article-marketing.eu\/comunicatistampa\/wp-json\/wp\/v2\/tags?post=19710"}],"curies":[{"name":"wp","href":"https:\/\/api.w.org\/{rel}","templated":true}]}}