{"id":19755,"date":"2021-08-06T04:36:07","date_gmt":"2021-08-06T02:36:07","guid":{"rendered":"https:\/\/www.article-marketing.eu\/comunicatistampa\/?p=19755"},"modified":"2021-08-06T04:36:07","modified_gmt":"2021-08-06T02:36:07","slug":"case-in-vendite-o-affitto-jesolo","status":"publish","type":"post","link":"https:\/\/www.article-marketing.eu\/comunicatistampa\/case-in-vendite-o-affitto-jesolo\/","title":{"rendered":"Case in vendite o affitto Jesolo"},"content":{"rendered":"<p>Stai provando a trasferirti o vuoi semplicemente farti una vacanza a Jesolo? Non sai se scegliere proprio Jesolo?<br \/>\nJesolo rimane ormai da anni meta turistica scelta da milioni di persone. La sua vicinanza a Venezia la rende molto agevole da raggiungere grazie all&#8217;aeroporto o alla stazione delle ferrovie.<\/p>\n<p>Nel periodo estivo Jesolo \u00e8 uno dei centri balneari pi\u00f9 rinomati del veneto . Grazie alle sue numerose piazze, negozi, bar e ristoranti \u00e8 un ottimo posto dove poter rimanere in citt\u00e0 con sempre qualcosa da fare.<\/p>\n<p>Vicino a Jesolo puoi trovare come citt\u00e0 urbana San Don\u00e0 che, con le sue possibilit\u00e0, offre molti centri commerciali e negozi dove poter fare shopping durante i periodi invernali. Sempre vicino a San Don\u00e0 possiamo trovare Noventa di Piave che oltre all&#8217;autostrada possiamo trovare in Veneto design Outlet. Esso conta centinaia di negozi e brand del Luxury come Gucci, Bottega Veneta, Burberry etc&#8230;<\/p>\n<p>Nel caso si voglia uscire ogni tanto con la famiglia Jesolo offre veramente molte opportunit\u00e0. Una di queste \u00e8 museo storico del secondo dopoguerra Vidotto. Esso ospita una collezione privata di cimeli Italiani partendo dalla prima guerra mondiale fino ad arrivare alle missioni di pace dei giorni nostri. A circa 1,5 km a sud dal centro, la mostra \u00e8 a gestione familiare e i suoi pezzi sono stati raccolti con passione nel corso di generazione in generazione. Essa comprende uniformi, elmetti e armi, pure un elicottero e un carro armato parcheggiati entrami in giardino.<\/p>\n<p>Un altra alternativa molto carina \u00e8 la ruota panoramica in piazza Brescia. Dove in 3 giri potrete avere la possibilit\u00e0 di vedere tutta la citt\u00e0 di Jesolo e dintorni. Sotto di essa c&#8217;\u00e8 la possibilit\u00e0 di trovare le statue di sabbia, ormai da qualche anno sono diventate simbolo di Jesolo. Sempre li vicino a pochi passi possiamo trovare il Tropicarium. Al suo interno si divide in tre zone principali. Quella con l&#8217;acquario dove \u00e8 possibile trovare specie di pesci anche introvabili nel nostro territorio, la parte con tutti i rettili, anfibi dove \u00e8 possibile vedere molte specie di animali tropicali e infine per coloro che amano la natura selvaggia c&#8217;\u00e8 la zona dei predatori dove \u00e8 possibile vedere enormi squali e rettili come coccodrilli e alligatori. In alternativa per coloro che amano la scienza, di fronte al tropicarium possiamo trovare , troviamo la fabbrica della scienza dove potrai assistere a degli ologrammi 3D, a scoprire i giorni dell&#8217;anno e infine il sistema solare.<\/p>\n<p>Ovviamente per fare questa moltitudine di cose c&#8217;\u00e8 bisogno di un posto dove vivere o alloggiare, ecco che adriatica immobiliare fa al caso tuo. Con circa 170 immobili, tra affitto e vendita, potrai trovare la casa o appartamento che fa al caso tuo. Durante tutto l&#8217;anno ci sar\u00e0 la possibilit\u00e0 di trovare offerte e alcuni annunci last minute.<\/p>\n<p>Immobiliare adriatica cerca sempre di offrire il massimo dell&#8217;esperienza in questo campo per offrire ai suoi clienti una delle vacanze pi\u00f9 uniche e indimenticabili. I nostri servizi sono mirati a garantire ai nostri clienti la miglior qualit\u00e0 e comfort.<\/p>\n<p>Tramite noi avrai la possibilit\u00e0 di trovare servizi come wifi, piscina e appartamenti con vista mare.<\/p>\n<p>&nbsp;<\/p>\n","protected":false},"excerpt":{"rendered":"<p>Stai provando a trasferirti o vuoi semplicemente farti una vacanza a Jesolo? Non sai se scegliere proprio Jesolo? Jesolo rimane ormai da anni meta turistica scelta da milioni di persone. La sua vicinanza a Venezia la rende molto agevole da raggiungere grazie all&#8217;aeroporto o alla stazione delle ferrovie. Nel periodo estivo Jesolo \u00e8 uno dei centri balneari pi\u00f9 rinomati del veneto . Grazie alle sue numerose piazze, negozi, bar e<\/p>\n<p><a class=\"continue-reading\" href=\"https:\/\/www.article-marketing.eu\/comunicatistampa\/case-in-vendite-o-affitto-jesolo\/\">Continue reading&#8230;<\/a><\/p>\n","protected":false},"author":2458,"featured_media":0,"comment_status":"open","ping_status":"open","sticky":false,"template":"","format":"standard","meta":{"_monsterinsights_skip_tracking":false,"_monsterinsights_sitenote_active":false,"_monsterinsights_sitenote_note":"","_monsterinsights_sitenote_category":0,"footnotes":""},"categories":[78],"tags":[],"class_list":["post-19755","post","type-post","status-publish","format-standard","hentry","category-comunicati-stampa"],"yoast_head":"<!-- This site is optimized with the Yoast SEO plugin v27.3 - https:\/\/yoast.com\/product\/yoast-seo-wordpress\/ -->\n<title>Case in vendite o affitto Jesolo - Article Marketing<\/title>\n<meta name=\"robots\" content=\"index, follow, max-snippet:-1, max-image-preview:large, max-video-preview:-1\" \/>\n<link rel=\"canonical\" href=\"https:\/\/www.article-marketing.eu\/comunicatistampa\/case-in-vendite-o-affitto-jesolo\/\" \/>\n<meta property=\"og:locale\" content=\"it_IT\" \/>\n<meta property=\"og:type\" content=\"article\" \/>\n<meta property=\"og:title\" content=\"Case in vendite o affitto Jesolo - Article Marketing\" \/>\n<meta property=\"og:description\" content=\"Stai provando a trasferirti o vuoi semplicemente farti una vacanza a Jesolo? Non sai se scegliere proprio Jesolo? Jesolo rimane ormai da anni meta turistica scelta da milioni di persone. La sua vicinanza a Venezia la rende molto agevole da raggiungere grazie all&#8217;aeroporto o alla stazione delle ferrovie. Nel periodo estivo Jesolo \u00e8 uno dei centri balneari pi\u00f9 rinomati del veneto . Grazie alle sue numerose piazze, negozi, bar eContinue reading...\" \/>\n<meta property=\"og:url\" content=\"https:\/\/www.article-marketing.eu\/comunicatistampa\/case-in-vendite-o-affitto-jesolo\/\" \/>\n<meta property=\"og:site_name\" content=\"Article Marketing\" \/>\n<meta property=\"article:published_time\" content=\"2021-08-06T02:36:07+00:00\" \/>\n<meta name=\"author\" content=\"mediacy\" \/>\n<meta name=\"twitter:card\" content=\"summary_large_image\" \/>\n<meta name=\"twitter:label1\" content=\"Scritto da\" \/>\n\t<meta name=\"twitter:data1\" content=\"mediacy\" \/>\n\t<meta name=\"twitter:label2\" content=\"Tempo di lettura stimato\" \/>\n\t<meta name=\"twitter:data2\" content=\"3 minuti\" \/>\n<script type=\"application\/ld+json\" class=\"yoast-schema-graph\">{\"@context\":\"https:\\\/\\\/schema.org\",\"@graph\":[{\"@type\":\"Article\",\"@id\":\"https:\\\/\\\/www.article-marketing.eu\\\/comunicatistampa\\\/case-in-vendite-o-affitto-jesolo\\\/#article\",\"isPartOf\":{\"@id\":\"https:\\\/\\\/www.article-marketing.eu\\\/comunicatistampa\\\/case-in-vendite-o-affitto-jesolo\\\/\"},\"author\":{\"name\":\"mediacy\",\"@id\":\"https:\\\/\\\/www.article-marketing.eu\\\/comunicatistampa\\\/#\\\/schema\\\/person\\\/413866b0020ff22c9c3a03b80c5596eb\"},\"headline\":\"Case in vendite o affitto Jesolo\",\"datePublished\":\"2021-08-06T02:36:07+00:00\",\"mainEntityOfPage\":{\"@id\":\"https:\\\/\\\/www.article-marketing.eu\\\/comunicatistampa\\\/case-in-vendite-o-affitto-jesolo\\\/\"},\"wordCount\":512,\"commentCount\":0,\"articleSection\":[\"Comunicati stampa\"],\"inLanguage\":\"it-IT\",\"potentialAction\":[{\"@type\":\"CommentAction\",\"name\":\"Comment\",\"target\":[\"https:\\\/\\\/www.article-marketing.eu\\\/comunicatistampa\\\/case-in-vendite-o-affitto-jesolo\\\/#respond\"]}]},{\"@type\":\"WebPage\",\"@id\":\"https:\\\/\\\/www.article-marketing.eu\\\/comunicatistampa\\\/case-in-vendite-o-affitto-jesolo\\\/\",\"url\":\"https:\\\/\\\/www.article-marketing.eu\\\/comunicatistampa\\\/case-in-vendite-o-affitto-jesolo\\\/\",\"name\":\"Case in vendite o affitto Jesolo - Article Marketing\",\"isPartOf\":{\"@id\":\"https:\\\/\\\/www.article-marketing.eu\\\/comunicatistampa\\\/#website\"},\"datePublished\":\"2021-08-06T02:36:07+00:00\",\"author\":{\"@id\":\"https:\\\/\\\/www.article-marketing.eu\\\/comunicatistampa\\\/#\\\/schema\\\/person\\\/413866b0020ff22c9c3a03b80c5596eb\"},\"breadcrumb\":{\"@id\":\"https:\\\/\\\/www.article-marketing.eu\\\/comunicatistampa\\\/case-in-vendite-o-affitto-jesolo\\\/#breadcrumb\"},\"inLanguage\":\"it-IT\",\"potentialAction\":[{\"@type\":\"ReadAction\",\"target\":[\"https:\\\/\\\/www.article-marketing.eu\\\/comunicatistampa\\\/case-in-vendite-o-affitto-jesolo\\\/\"]}]},{\"@type\":\"BreadcrumbList\",\"@id\":\"https:\\\/\\\/www.article-marketing.eu\\\/comunicatistampa\\\/case-in-vendite-o-affitto-jesolo\\\/#breadcrumb\",\"itemListElement\":[{\"@type\":\"ListItem\",\"position\":1,\"name\":\"Home\",\"item\":\"https:\\\/\\\/www.article-marketing.eu\\\/comunicatistampa\\\/\"},{\"@type\":\"ListItem\",\"position\":2,\"name\":\"Case in vendite o affitto Jesolo\"}]},{\"@type\":\"WebSite\",\"@id\":\"https:\\\/\\\/www.article-marketing.eu\\\/comunicatistampa\\\/#website\",\"url\":\"https:\\\/\\\/www.article-marketing.eu\\\/comunicatistampa\\\/\",\"name\":\"Article Marketing\",\"description\":\"article marketing &amp; press release\",\"potentialAction\":[{\"@type\":\"SearchAction\",\"target\":{\"@type\":\"EntryPoint\",\"urlTemplate\":\"https:\\\/\\\/www.article-marketing.eu\\\/comunicatistampa\\\/?s={search_term_string}\"},\"query-input\":{\"@type\":\"PropertyValueSpecification\",\"valueRequired\":true,\"valueName\":\"search_term_string\"}}],\"inLanguage\":\"it-IT\"},{\"@type\":\"Person\",\"@id\":\"https:\\\/\\\/www.article-marketing.eu\\\/comunicatistampa\\\/#\\\/schema\\\/person\\\/413866b0020ff22c9c3a03b80c5596eb\",\"name\":\"mediacy\",\"image\":{\"@type\":\"ImageObject\",\"inLanguage\":\"it-IT\",\"@id\":\"https:\\\/\\\/secure.gravatar.com\\\/avatar\\\/65f922f257ce08edc42ee0a9ff965fd8daadbae8b6730f3b0261225132c3a7af?s=96&d=mm&r=g\",\"url\":\"https:\\\/\\\/secure.gravatar.com\\\/avatar\\\/65f922f257ce08edc42ee0a9ff965fd8daadbae8b6730f3b0261225132c3a7af?s=96&d=mm&r=g\",\"contentUrl\":\"https:\\\/\\\/secure.gravatar.com\\\/avatar\\\/65f922f257ce08edc42ee0a9ff965fd8daadbae8b6730f3b0261225132c3a7af?s=96&d=mm&r=g\",\"caption\":\"mediacy\"},\"url\":\"https:\\\/\\\/www.article-marketing.eu\\\/comunicatistampa\\\/author\\\/mediacy\\\/\"}]}<\/script>\n<!-- \/ Yoast SEO plugin. -->","yoast_head_json":{"title":"Case in vendite o affitto Jesolo - Article Marketing","robots":{"index":"index","follow":"follow","max-snippet":"max-snippet:-1","max-image-preview":"max-image-preview:large","max-video-preview":"max-video-preview:-1"},"canonical":"https:\/\/www.article-marketing.eu\/comunicatistampa\/case-in-vendite-o-affitto-jesolo\/","og_locale":"it_IT","og_type":"article","og_title":"Case in vendite o affitto Jesolo - Article Marketing","og_description":"Stai provando a trasferirti o vuoi semplicemente farti una vacanza a Jesolo? Non sai se scegliere proprio Jesolo? Jesolo rimane ormai da anni meta turistica scelta da milioni di persone. La sua vicinanza a Venezia la rende molto agevole da raggiungere grazie all&#8217;aeroporto o alla stazione delle ferrovie. Nel periodo estivo Jesolo \u00e8 uno dei centri balneari pi\u00f9 rinomati del veneto . Grazie alle sue numerose piazze, negozi, bar eContinue reading...","og_url":"https:\/\/www.article-marketing.eu\/comunicatistampa\/case-in-vendite-o-affitto-jesolo\/","og_site_name":"Article Marketing","article_published_time":"2021-08-06T02:36:07+00:00","author":"mediacy","twitter_card":"summary_large_image","twitter_misc":{"Scritto da":"mediacy","Tempo di lettura stimato":"3 minuti"},"schema":{"@context":"https:\/\/schema.org","@graph":[{"@type":"Article","@id":"https:\/\/www.article-marketing.eu\/comunicatistampa\/case-in-vendite-o-affitto-jesolo\/#article","isPartOf":{"@id":"https:\/\/www.article-marketing.eu\/comunicatistampa\/case-in-vendite-o-affitto-jesolo\/"},"author":{"name":"mediacy","@id":"https:\/\/www.article-marketing.eu\/comunicatistampa\/#\/schema\/person\/413866b0020ff22c9c3a03b80c5596eb"},"headline":"Case in vendite o affitto Jesolo","datePublished":"2021-08-06T02:36:07+00:00","mainEntityOfPage":{"@id":"https:\/\/www.article-marketing.eu\/comunicatistampa\/case-in-vendite-o-affitto-jesolo\/"},"wordCount":512,"commentCount":0,"articleSection":["Comunicati stampa"],"inLanguage":"it-IT","potentialAction":[{"@type":"CommentAction","name":"Comment","target":["https:\/\/www.article-marketing.eu\/comunicatistampa\/case-in-vendite-o-affitto-jesolo\/#respond"]}]},{"@type":"WebPage","@id":"https:\/\/www.article-marketing.eu\/comunicatistampa\/case-in-vendite-o-affitto-jesolo\/","url":"https:\/\/www.article-marketing.eu\/comunicatistampa\/case-in-vendite-o-affitto-jesolo\/","name":"Case in vendite o affitto Jesolo - Article Marketing","isPartOf":{"@id":"https:\/\/www.article-marketing.eu\/comunicatistampa\/#website"},"datePublished":"2021-08-06T02:36:07+00:00","author":{"@id":"https:\/\/www.article-marketing.eu\/comunicatistampa\/#\/schema\/person\/413866b0020ff22c9c3a03b80c5596eb"},"breadcrumb":{"@id":"https:\/\/www.article-marketing.eu\/comunicatistampa\/case-in-vendite-o-affitto-jesolo\/#breadcrumb"},"inLanguage":"it-IT","potentialAction":[{"@type":"ReadAction","target":["https:\/\/www.article-marketing.eu\/comunicatistampa\/case-in-vendite-o-affitto-jesolo\/"]}]},{"@type":"BreadcrumbList","@id":"https:\/\/www.article-marketing.eu\/comunicatistampa\/case-in-vendite-o-affitto-jesolo\/#breadcrumb","itemListElement":[{"@type":"ListItem","position":1,"name":"Home","item":"https:\/\/www.article-marketing.eu\/comunicatistampa\/"},{"@type":"ListItem","position":2,"name":"Case in vendite o affitto Jesolo"}]},{"@type":"WebSite","@id":"https:\/\/www.article-marketing.eu\/comunicatistampa\/#website","url":"https:\/\/www.article-marketing.eu\/comunicatistampa\/","name":"Article Marketing","description":"article marketing &amp; press release","potentialAction":[{"@type":"SearchAction","target":{"@type":"EntryPoint","urlTemplate":"https:\/\/www.article-marketing.eu\/comunicatistampa\/?s={search_term_string}"},"query-input":{"@type":"PropertyValueSpecification","valueRequired":true,"valueName":"search_term_string"}}],"inLanguage":"it-IT"},{"@type":"Person","@id":"https:\/\/www.article-marketing.eu\/comunicatistampa\/#\/schema\/person\/413866b0020ff22c9c3a03b80c5596eb","name":"mediacy","image":{"@type":"ImageObject","inLanguage":"it-IT","@id":"https:\/\/secure.gravatar.com\/avatar\/65f922f257ce08edc42ee0a9ff965fd8daadbae8b6730f3b0261225132c3a7af?s=96&d=mm&r=g","url":"https:\/\/secure.gravatar.com\/avatar\/65f922f257ce08edc42ee0a9ff965fd8daadbae8b6730f3b0261225132c3a7af?s=96&d=mm&r=g","contentUrl":"https:\/\/secure.gravatar.com\/avatar\/65f922f257ce08edc42ee0a9ff965fd8daadbae8b6730f3b0261225132c3a7af?s=96&d=mm&r=g","caption":"mediacy"},"url":"https:\/\/www.article-marketing.eu\/comunicatistampa\/author\/mediacy\/"}]}},"_links":{"self":[{"href":"https:\/\/www.article-marketing.eu\/comunicatistampa\/wp-json\/wp\/v2\/posts\/19755","targetHints":{"allow":["GET"]}}],"collection":[{"href":"https:\/\/www.article-marketing.eu\/comunicatistampa\/wp-json\/wp\/v2\/posts"}],"about":[{"href":"https:\/\/www.article-marketing.eu\/comunicatistampa\/wp-json\/wp\/v2\/types\/post"}],"author":[{"embeddable":true,"href":"https:\/\/www.article-marketing.eu\/comunicatistampa\/wp-json\/wp\/v2\/users\/2458"}],"replies":[{"embeddable":true,"href":"https:\/\/www.article-marketing.eu\/comunicatistampa\/wp-json\/wp\/v2\/comments?post=19755"}],"version-history":[{"count":3,"href":"https:\/\/www.article-marketing.eu\/comunicatistampa\/wp-json\/wp\/v2\/posts\/19755\/revisions"}],"predecessor-version":[{"id":19834,"href":"https:\/\/www.article-marketing.eu\/comunicatistampa\/wp-json\/wp\/v2\/posts\/19755\/revisions\/19834"}],"wp:attachment":[{"href":"https:\/\/www.article-marketing.eu\/comunicatistampa\/wp-json\/wp\/v2\/media?parent=19755"}],"wp:term":[{"taxonomy":"category","embeddable":true,"href":"https:\/\/www.article-marketing.eu\/comunicatistampa\/wp-json\/wp\/v2\/categories?post=19755"},{"taxonomy":"post_tag","embeddable":true,"href":"https:\/\/www.article-marketing.eu\/comunicatistampa\/wp-json\/wp\/v2\/tags?post=19755"}],"curies":[{"name":"wp","href":"https:\/\/api.w.org\/{rel}","templated":true}]}}