{"id":19812,"date":"2021-08-06T04:43:46","date_gmt":"2021-08-06T02:43:46","guid":{"rendered":"https:\/\/www.article-marketing.eu\/comunicatistampa\/?p=19812"},"modified":"2021-08-06T04:43:46","modified_gmt":"2021-08-06T02:43:46","slug":"il-nuovo-singolo-del-cantautore-marco-de-vita-disponibile-su-tutti-i-canali-digitali","status":"publish","type":"post","link":"https:\/\/www.article-marketing.eu\/comunicatistampa\/il-nuovo-singolo-del-cantautore-marco-de-vita-disponibile-su-tutti-i-canali-digitali\/","title":{"rendered":"Il nuovo singolo del cantautore Marco De Vita disponibile su tutti i canali digitali"},"content":{"rendered":"<p><strong>L&#8217;impatto dei social nella nostra vita \u00e8 il tema trattato del nuovo singolo \u201cCani e gatti sociali\u201d del cantautore Marco De Vita<\/strong><\/p>\n<p>\u201cCani e gatti sociali\u201d \u00e8 il titolo del nuovo singolo del cantautore Marco De Vita in uscita a fine luglio su tutti i canali digitali.<\/p>\n<p>Marco De Vita affronta nel suo brano gli aspetti negativi del mondo insidioso dei social nel quale spesso perpetuano, senza freni, comportamenti scorretti e denigratori. \u201cLeoni da tastiera senza scrupoli\u201d definisce l&#8217;artista quelli che ostentano la loro aggressivit\u00e0 sui social e creano un&#8217; identit\u00e0 egocentrica \u201callora faccio un selfie per avere un like\u201d con la quale agire liberamente nel mondo virtuale.<\/p>\n<p>\u201cPassi il tempo a navigare senza entrare nel mare\u201d continua la canzone, per sottolineare che oggi la vita \u00e8 quasi meglio mostrarla sui social che viverla e lascia aperta una riflessione sull&#8217;invadenza dei telefonini nella nostra vita che talvolta fa venire nostalgia del suono del gettone che cade nella cabina telefonica.<\/p>\n<p>Il testo vanta la collaborazione di Alessandro Hellmann, scrittore e autore di testi per la musica e per il teatro.<\/p>\n<p>Marco De Vita sceglie per il suo brano un funky anni &#8217;70, soprattutto nella strofa con l&#8217;utilizzo combinato di chitarre e fiati, ritmicamente incalzante per evidenziare ancora di pi\u00f9 il pressante condizionamento che subiamo dal web. Nel ritornello si passa ad un ascolto pi\u00f9 melodico, facilmente orecchiabile e il testo diventa pi\u00f9 accessibile \u201ccani e gatti sempre matti con la faccia da click\u201d, l&#8217;autore cita i cani e i gatti proverbialmente litigiosi come gli utenti della rete che hanno il \u201cvirus\u201d della tuttologia.<\/p>\n<p>Un testo che con ironia esprime una protesta, non verso la tecnologia che facilita la vita ma verso il cattivo uso che alcuni ne fanno.<\/p>\n<p>L&#8217;arrangiamento porta ancora una volta la firma del chitarrista Fabrizio Fedele che contamina il brano con un assolo \u201crock oriented\u201d che in antitesi con il funky della strofa e la melodia del ritornello, crea un intreccio innovativo di generi musicali.<\/p>\n<p>A cinque anni di distanza dal suo album \u201cParliamone\u201d, il singolo \u201cCani e gatti sociali\u201d fa da apripista al nuovo lavoro discografico che Marco De Vita preannuncia in uscita per l&#8217;autunno.<\/p>\n","protected":false},"excerpt":{"rendered":"<p>L&#8217;impatto dei social nella nostra vita \u00e8 il tema trattato del nuovo singolo \u201cCani e gatti sociali\u201d del cantautore Marco De Vita \u201cCani e gatti sociali\u201d \u00e8 il titolo del nuovo singolo del cantautore Marco De Vita in uscita a fine luglio su tutti i canali digitali. Marco De Vita affronta nel suo brano gli aspetti negativi del mondo insidioso dei social nel quale spesso perpetuano, senza freni, comportamenti scorretti<\/p>\n<p><a class=\"continue-reading\" href=\"https:\/\/www.article-marketing.eu\/comunicatistampa\/il-nuovo-singolo-del-cantautore-marco-de-vita-disponibile-su-tutti-i-canali-digitali\/\">Continue reading&#8230;<\/a><\/p>\n","protected":false},"author":6806,"featured_media":0,"comment_status":"open","ping_status":"open","sticky":false,"template":"","format":"standard","meta":{"_monsterinsights_skip_tracking":false,"_monsterinsights_sitenote_active":false,"_monsterinsights_sitenote_note":"","_monsterinsights_sitenote_category":0,"footnotes":""},"categories":[411],"tags":[8019,8389,8390],"class_list":["post-19812","post","type-post","status-publish","format-standard","hentry","category-musica","tag-cantautore","tag-marco-de-vita","tag-musica-italiana"],"yoast_head":"<!-- This site is optimized with the Yoast SEO plugin v27.3 - https:\/\/yoast.com\/product\/yoast-seo-wordpress\/ -->\n<title>Il nuovo singolo del cantautore Marco De Vita disponibile su tutti i canali digitali<\/title>\n<meta name=\"description\" content=\"Cani e gatti sociali \u00e8 il titolo del nuovo singolo del cantautore Marco De Vita che tratta il tema attuale del l&#039;invadenza dei social nella vita di ogni\" \/>\n<meta name=\"robots\" content=\"index, follow, max-snippet:-1, max-image-preview:large, max-video-preview:-1\" \/>\n<link rel=\"canonical\" href=\"https:\/\/www.article-marketing.eu\/comunicatistampa\/il-nuovo-singolo-del-cantautore-marco-de-vita-disponibile-su-tutti-i-canali-digitali\/\" \/>\n<meta property=\"og:locale\" content=\"it_IT\" \/>\n<meta property=\"og:type\" content=\"article\" \/>\n<meta property=\"og:title\" content=\"Il nuovo singolo del cantautore Marco De Vita disponibile su tutti i canali digitali\" \/>\n<meta property=\"og:description\" content=\"Cani e gatti sociali \u00e8 il titolo del nuovo singolo del cantautore Marco De Vita che tratta il tema attuale del l&#039;invadenza dei social nella vita di ogni\" \/>\n<meta property=\"og:url\" content=\"https:\/\/www.article-marketing.eu\/comunicatistampa\/il-nuovo-singolo-del-cantautore-marco-de-vita-disponibile-su-tutti-i-canali-digitali\/\" \/>\n<meta property=\"og:site_name\" content=\"Article Marketing\" \/>\n<meta property=\"article:published_time\" content=\"2021-08-06T02:43:46+00:00\" \/>\n<meta name=\"author\" content=\"paolab72\" \/>\n<meta name=\"twitter:card\" content=\"summary_large_image\" \/>\n<meta name=\"twitter:label1\" content=\"Scritto da\" \/>\n\t<meta name=\"twitter:data1\" content=\"paolab72\" \/>\n\t<meta name=\"twitter:label2\" content=\"Tempo di lettura stimato\" \/>\n\t<meta name=\"twitter:data2\" content=\"2 minuti\" \/>\n<script type=\"application\/ld+json\" class=\"yoast-schema-graph\">{\"@context\":\"https:\\\/\\\/schema.org\",\"@graph\":[{\"@type\":\"Article\",\"@id\":\"https:\\\/\\\/www.article-marketing.eu\\\/comunicatistampa\\\/il-nuovo-singolo-del-cantautore-marco-de-vita-disponibile-su-tutti-i-canali-digitali\\\/#article\",\"isPartOf\":{\"@id\":\"https:\\\/\\\/www.article-marketing.eu\\\/comunicatistampa\\\/il-nuovo-singolo-del-cantautore-marco-de-vita-disponibile-su-tutti-i-canali-digitali\\\/\"},\"author\":{\"name\":\"paolab72\",\"@id\":\"https:\\\/\\\/www.article-marketing.eu\\\/comunicatistampa\\\/#\\\/schema\\\/person\\\/135adfcbda425565551a46fd11b979cc\"},\"headline\":\"Il nuovo singolo del cantautore Marco De Vita disponibile su tutti i canali digitali\",\"datePublished\":\"2021-08-06T02:43:46+00:00\",\"mainEntityOfPage\":{\"@id\":\"https:\\\/\\\/www.article-marketing.eu\\\/comunicatistampa\\\/il-nuovo-singolo-del-cantautore-marco-de-vita-disponibile-su-tutti-i-canali-digitali\\\/\"},\"wordCount\":369,\"commentCount\":0,\"keywords\":[\"cantautore\",\"marco de vita\",\"musica italiana\"],\"articleSection\":[\"Musica\"],\"inLanguage\":\"it-IT\",\"potentialAction\":[{\"@type\":\"CommentAction\",\"name\":\"Comment\",\"target\":[\"https:\\\/\\\/www.article-marketing.eu\\\/comunicatistampa\\\/il-nuovo-singolo-del-cantautore-marco-de-vita-disponibile-su-tutti-i-canali-digitali\\\/#respond\"]}]},{\"@type\":\"WebPage\",\"@id\":\"https:\\\/\\\/www.article-marketing.eu\\\/comunicatistampa\\\/il-nuovo-singolo-del-cantautore-marco-de-vita-disponibile-su-tutti-i-canali-digitali\\\/\",\"url\":\"https:\\\/\\\/www.article-marketing.eu\\\/comunicatistampa\\\/il-nuovo-singolo-del-cantautore-marco-de-vita-disponibile-su-tutti-i-canali-digitali\\\/\",\"name\":\"Il nuovo singolo del cantautore Marco De Vita disponibile su tutti i canali digitali\",\"isPartOf\":{\"@id\":\"https:\\\/\\\/www.article-marketing.eu\\\/comunicatistampa\\\/#website\"},\"datePublished\":\"2021-08-06T02:43:46+00:00\",\"author\":{\"@id\":\"https:\\\/\\\/www.article-marketing.eu\\\/comunicatistampa\\\/#\\\/schema\\\/person\\\/135adfcbda425565551a46fd11b979cc\"},\"description\":\"Cani e gatti sociali \u00e8 il titolo del nuovo singolo del cantautore Marco De Vita che tratta il tema attuale del l'invadenza dei social nella vita di ogni\",\"breadcrumb\":{\"@id\":\"https:\\\/\\\/www.article-marketing.eu\\\/comunicatistampa\\\/il-nuovo-singolo-del-cantautore-marco-de-vita-disponibile-su-tutti-i-canali-digitali\\\/#breadcrumb\"},\"inLanguage\":\"it-IT\",\"potentialAction\":[{\"@type\":\"ReadAction\",\"target\":[\"https:\\\/\\\/www.article-marketing.eu\\\/comunicatistampa\\\/il-nuovo-singolo-del-cantautore-marco-de-vita-disponibile-su-tutti-i-canali-digitali\\\/\"]}]},{\"@type\":\"BreadcrumbList\",\"@id\":\"https:\\\/\\\/www.article-marketing.eu\\\/comunicatistampa\\\/il-nuovo-singolo-del-cantautore-marco-de-vita-disponibile-su-tutti-i-canali-digitali\\\/#breadcrumb\",\"itemListElement\":[{\"@type\":\"ListItem\",\"position\":1,\"name\":\"Home\",\"item\":\"https:\\\/\\\/www.article-marketing.eu\\\/comunicatistampa\\\/\"},{\"@type\":\"ListItem\",\"position\":2,\"name\":\"Il nuovo singolo del cantautore Marco De Vita disponibile su tutti i canali digitali\"}]},{\"@type\":\"WebSite\",\"@id\":\"https:\\\/\\\/www.article-marketing.eu\\\/comunicatistampa\\\/#website\",\"url\":\"https:\\\/\\\/www.article-marketing.eu\\\/comunicatistampa\\\/\",\"name\":\"Article Marketing\",\"description\":\"article marketing &amp; press release\",\"potentialAction\":[{\"@type\":\"SearchAction\",\"target\":{\"@type\":\"EntryPoint\",\"urlTemplate\":\"https:\\\/\\\/www.article-marketing.eu\\\/comunicatistampa\\\/?s={search_term_string}\"},\"query-input\":{\"@type\":\"PropertyValueSpecification\",\"valueRequired\":true,\"valueName\":\"search_term_string\"}}],\"inLanguage\":\"it-IT\"},{\"@type\":\"Person\",\"@id\":\"https:\\\/\\\/www.article-marketing.eu\\\/comunicatistampa\\\/#\\\/schema\\\/person\\\/135adfcbda425565551a46fd11b979cc\",\"name\":\"paolab72\",\"image\":{\"@type\":\"ImageObject\",\"inLanguage\":\"it-IT\",\"@id\":\"https:\\\/\\\/secure.gravatar.com\\\/avatar\\\/732b26945c7d9bbd5c391e630777982bfa593c58aab798aa8e2eb170a8cd967d?s=96&d=mm&r=g\",\"url\":\"https:\\\/\\\/secure.gravatar.com\\\/avatar\\\/732b26945c7d9bbd5c391e630777982bfa593c58aab798aa8e2eb170a8cd967d?s=96&d=mm&r=g\",\"contentUrl\":\"https:\\\/\\\/secure.gravatar.com\\\/avatar\\\/732b26945c7d9bbd5c391e630777982bfa593c58aab798aa8e2eb170a8cd967d?s=96&d=mm&r=g\",\"caption\":\"paolab72\"},\"url\":\"https:\\\/\\\/www.article-marketing.eu\\\/comunicatistampa\\\/author\\\/paolab72\\\/\"}]}<\/script>\n<!-- \/ Yoast SEO plugin. -->","yoast_head_json":{"title":"Il nuovo singolo del cantautore Marco De Vita disponibile su tutti i canali digitali","description":"Cani e gatti sociali \u00e8 il titolo del nuovo singolo del cantautore Marco De Vita che tratta il tema attuale del l'invadenza dei social nella vita di ogni","robots":{"index":"index","follow":"follow","max-snippet":"max-snippet:-1","max-image-preview":"max-image-preview:large","max-video-preview":"max-video-preview:-1"},"canonical":"https:\/\/www.article-marketing.eu\/comunicatistampa\/il-nuovo-singolo-del-cantautore-marco-de-vita-disponibile-su-tutti-i-canali-digitali\/","og_locale":"it_IT","og_type":"article","og_title":"Il nuovo singolo del cantautore Marco De Vita disponibile su tutti i canali digitali","og_description":"Cani e gatti sociali \u00e8 il titolo del nuovo singolo del cantautore Marco De Vita che tratta il tema attuale del l'invadenza dei social nella vita di ogni","og_url":"https:\/\/www.article-marketing.eu\/comunicatistampa\/il-nuovo-singolo-del-cantautore-marco-de-vita-disponibile-su-tutti-i-canali-digitali\/","og_site_name":"Article Marketing","article_published_time":"2021-08-06T02:43:46+00:00","author":"paolab72","twitter_card":"summary_large_image","twitter_misc":{"Scritto da":"paolab72","Tempo di lettura stimato":"2 minuti"},"schema":{"@context":"https:\/\/schema.org","@graph":[{"@type":"Article","@id":"https:\/\/www.article-marketing.eu\/comunicatistampa\/il-nuovo-singolo-del-cantautore-marco-de-vita-disponibile-su-tutti-i-canali-digitali\/#article","isPartOf":{"@id":"https:\/\/www.article-marketing.eu\/comunicatistampa\/il-nuovo-singolo-del-cantautore-marco-de-vita-disponibile-su-tutti-i-canali-digitali\/"},"author":{"name":"paolab72","@id":"https:\/\/www.article-marketing.eu\/comunicatistampa\/#\/schema\/person\/135adfcbda425565551a46fd11b979cc"},"headline":"Il nuovo singolo del cantautore Marco De Vita disponibile su tutti i canali digitali","datePublished":"2021-08-06T02:43:46+00:00","mainEntityOfPage":{"@id":"https:\/\/www.article-marketing.eu\/comunicatistampa\/il-nuovo-singolo-del-cantautore-marco-de-vita-disponibile-su-tutti-i-canali-digitali\/"},"wordCount":369,"commentCount":0,"keywords":["cantautore","marco de vita","musica italiana"],"articleSection":["Musica"],"inLanguage":"it-IT","potentialAction":[{"@type":"CommentAction","name":"Comment","target":["https:\/\/www.article-marketing.eu\/comunicatistampa\/il-nuovo-singolo-del-cantautore-marco-de-vita-disponibile-su-tutti-i-canali-digitali\/#respond"]}]},{"@type":"WebPage","@id":"https:\/\/www.article-marketing.eu\/comunicatistampa\/il-nuovo-singolo-del-cantautore-marco-de-vita-disponibile-su-tutti-i-canali-digitali\/","url":"https:\/\/www.article-marketing.eu\/comunicatistampa\/il-nuovo-singolo-del-cantautore-marco-de-vita-disponibile-su-tutti-i-canali-digitali\/","name":"Il nuovo singolo del cantautore Marco De Vita disponibile su tutti i canali digitali","isPartOf":{"@id":"https:\/\/www.article-marketing.eu\/comunicatistampa\/#website"},"datePublished":"2021-08-06T02:43:46+00:00","author":{"@id":"https:\/\/www.article-marketing.eu\/comunicatistampa\/#\/schema\/person\/135adfcbda425565551a46fd11b979cc"},"description":"Cani e gatti sociali \u00e8 il titolo del nuovo singolo del cantautore Marco De Vita che tratta il tema attuale del l'invadenza dei social nella vita di ogni","breadcrumb":{"@id":"https:\/\/www.article-marketing.eu\/comunicatistampa\/il-nuovo-singolo-del-cantautore-marco-de-vita-disponibile-su-tutti-i-canali-digitali\/#breadcrumb"},"inLanguage":"it-IT","potentialAction":[{"@type":"ReadAction","target":["https:\/\/www.article-marketing.eu\/comunicatistampa\/il-nuovo-singolo-del-cantautore-marco-de-vita-disponibile-su-tutti-i-canali-digitali\/"]}]},{"@type":"BreadcrumbList","@id":"https:\/\/www.article-marketing.eu\/comunicatistampa\/il-nuovo-singolo-del-cantautore-marco-de-vita-disponibile-su-tutti-i-canali-digitali\/#breadcrumb","itemListElement":[{"@type":"ListItem","position":1,"name":"Home","item":"https:\/\/www.article-marketing.eu\/comunicatistampa\/"},{"@type":"ListItem","position":2,"name":"Il nuovo singolo del cantautore Marco De Vita disponibile su tutti i canali digitali"}]},{"@type":"WebSite","@id":"https:\/\/www.article-marketing.eu\/comunicatistampa\/#website","url":"https:\/\/www.article-marketing.eu\/comunicatistampa\/","name":"Article Marketing","description":"article marketing &amp; press release","potentialAction":[{"@type":"SearchAction","target":{"@type":"EntryPoint","urlTemplate":"https:\/\/www.article-marketing.eu\/comunicatistampa\/?s={search_term_string}"},"query-input":{"@type":"PropertyValueSpecification","valueRequired":true,"valueName":"search_term_string"}}],"inLanguage":"it-IT"},{"@type":"Person","@id":"https:\/\/www.article-marketing.eu\/comunicatistampa\/#\/schema\/person\/135adfcbda425565551a46fd11b979cc","name":"paolab72","image":{"@type":"ImageObject","inLanguage":"it-IT","@id":"https:\/\/secure.gravatar.com\/avatar\/732b26945c7d9bbd5c391e630777982bfa593c58aab798aa8e2eb170a8cd967d?s=96&d=mm&r=g","url":"https:\/\/secure.gravatar.com\/avatar\/732b26945c7d9bbd5c391e630777982bfa593c58aab798aa8e2eb170a8cd967d?s=96&d=mm&r=g","contentUrl":"https:\/\/secure.gravatar.com\/avatar\/732b26945c7d9bbd5c391e630777982bfa593c58aab798aa8e2eb170a8cd967d?s=96&d=mm&r=g","caption":"paolab72"},"url":"https:\/\/www.article-marketing.eu\/comunicatistampa\/author\/paolab72\/"}]}},"_links":{"self":[{"href":"https:\/\/www.article-marketing.eu\/comunicatistampa\/wp-json\/wp\/v2\/posts\/19812","targetHints":{"allow":["GET"]}}],"collection":[{"href":"https:\/\/www.article-marketing.eu\/comunicatistampa\/wp-json\/wp\/v2\/posts"}],"about":[{"href":"https:\/\/www.article-marketing.eu\/comunicatistampa\/wp-json\/wp\/v2\/types\/post"}],"author":[{"embeddable":true,"href":"https:\/\/www.article-marketing.eu\/comunicatistampa\/wp-json\/wp\/v2\/users\/6806"}],"replies":[{"embeddable":true,"href":"https:\/\/www.article-marketing.eu\/comunicatistampa\/wp-json\/wp\/v2\/comments?post=19812"}],"version-history":[{"count":2,"href":"https:\/\/www.article-marketing.eu\/comunicatistampa\/wp-json\/wp\/v2\/posts\/19812\/revisions"}],"predecessor-version":[{"id":19847,"href":"https:\/\/www.article-marketing.eu\/comunicatistampa\/wp-json\/wp\/v2\/posts\/19812\/revisions\/19847"}],"wp:attachment":[{"href":"https:\/\/www.article-marketing.eu\/comunicatistampa\/wp-json\/wp\/v2\/media?parent=19812"}],"wp:term":[{"taxonomy":"category","embeddable":true,"href":"https:\/\/www.article-marketing.eu\/comunicatistampa\/wp-json\/wp\/v2\/categories?post=19812"},{"taxonomy":"post_tag","embeddable":true,"href":"https:\/\/www.article-marketing.eu\/comunicatistampa\/wp-json\/wp\/v2\/tags?post=19812"}],"curies":[{"name":"wp","href":"https:\/\/api.w.org\/{rel}","templated":true}]}}