{"id":19851,"date":"2021-08-11T22:56:43","date_gmt":"2021-08-11T20:56:43","guid":{"rendered":"https:\/\/www.article-marketing.eu\/comunicatistampa\/?p=19851"},"modified":"2021-08-11T22:56:43","modified_gmt":"2021-08-11T20:56:43","slug":"abbigliamento-invernale-da-ciclismo-cosa-indossare","status":"publish","type":"post","link":"https:\/\/www.article-marketing.eu\/comunicatistampa\/abbigliamento-invernale-da-ciclismo-cosa-indossare\/","title":{"rendered":"Abbigliamento invernale da ciclismo: cosa indossare?"},"content":{"rendered":"<p><img loading=\"lazy\" decoding=\"async\" class=\"aligncenter\" src=\"https:\/\/images.pexels.com\/photos\/5807579\/pexels-photo-5807579.jpeg?auto=compress&amp;cs=tinysrgb&amp;dpr=2&amp;h=650&amp;w=940\" alt=\"abbigliamento invernale da ciclismo\" width=\"640\" height=\"427\" \/><\/p>\n<p>In inverno, quando decidiamo di uscire con la bici per un allenamento, prima guardiamo la temperatura prevista e poi ci mettiamo davanti l&#8217;armadio a <strong>scegliere l&#8217;abbigliamento giusto per la giornata<\/strong>.<\/p>\n<p>Non \u00e8 raro che ci vestiamo con quello che riteniamo maggiormente adeguato e poi alla fine \u00a0sudiamo pi\u00f9 del necessario o invece congeliamo per non esserci vestiti adeguatamente.<\/p>\n<p>Con questo articolo vogliamo allora darti una mano nello scegliere l\u2019abbigliamento invernale da ciclismo da preferire o evitare a seconda della temperatura durante il tuo <strong>allenamento in bici<\/strong>.<\/p>\n<p>&nbsp;<\/p>\n<h2 style=\"text-align: center;\">Abbigliamento invernale da ciclismo per temperature comprese tra 10-15\u00baC<\/h2>\n<p>Ok, a seconda di dove vivi questa temperatura pu\u00f2 essere considerata primaverile, ma al sud 15 gradi vengono percepiti come \u201cfreddo\u201d.<\/p>\n<p>Questa \u00e8 forse l&#8217;escursione termica pi\u00f9 difficile da gestire, poich\u00e9 al mattino l\u2019aria \u00e8 fresca, ma con l&#8217;avvicinarsi di mezzogiorno il sole sale e potremmo finire per <strong>sudare pi\u00f9 del necessario<\/strong>.<\/p>\n<p>A queste temperature ci vuole un po&#8217; pi\u00f9 di tempo perch\u00e9 il tuo corpo si riscaldi, ma quando lo fa, devi indossare <strong>abiti che traspirino correttamente<\/strong> . Ecco perch\u00e9 l&#8217;outfit estivo \u00e8 il pi\u00f9 indicato, ma con gli accessori che ora vedremo:<\/p>\n<p>&nbsp;<\/p>\n<h3>Guanti<\/h3>\n<p>Sono l&#8217; accessorio ciclistico indispensabile per pedalare con queste temperature, ti riscalderanno le mani al mattino presto e potrai sempre <strong>rimuoverli alla fine dell&#8217;allenamento<\/strong> quando la temperatura sar\u00e0 pi\u00f9 alta.<\/p>\n<p>Proteggersi dal vento e dal freddo non significa infatti indossare necessariamente guanti da sci, rischieresti di far <strong>sudare le mani<\/strong>.<\/p>\n<p>Ti baster\u00e0 semplicemente utilizzare guanti da ciclismo che ti forniscano una buona presa e che coprano le dita e le mani con un tessuto morbido in cui il <strong>vento non penetri eccessivamente <\/strong>(trovi diversi modelli di guanti su <a href=\"https:\/\/www.riccimoto.com\/\">RicciMoto a Perugia<\/a>).<\/p>\n<p>I polsini dovrebbero calzare come un guanto, aderenti ma senza interrompere la circolazione . Il loro tessuto dovrebbe essere caldo ma all&#8217;esterno il pi\u00f9 liscio e idrorepellente possibile.<\/p>\n<p>&nbsp;<\/p>\n<h3>Ginocchiere e calzamaglie<\/h3>\n<p>Se c&#8217;\u00e8 un po&#8217; di umidit\u00e0 nell\u2019aria o se hai una scarsa tolleranza alle basse temperature, potresti voler aggiungere altro tessuto per coprire le gambe.<\/p>\n<p>Le <strong>calzamaglie<\/strong> copriranno da dove finisce la culotte fino alle caviglie, e sono una buona opzione che non d\u00e0 fastidio durante la pedalata. Le ginocchiere coprono appena sotto le ginocchia e impediscono alle cosce di raffreddarsi.<\/p>\n<p>&nbsp;<\/p>\n<h3>Maglia invernale<\/h3>\n<p>Una maglia invernale si differenzia principalmente da una estiva per la lunghezza delle maniche . Inoltre il tessuto in cui \u00e8 realizzata \u00e8 un po&#8217; pi\u00f9 spesso e pensato per essere calda, ma senza dimenticare la traspirazione.<\/p>\n<p>La maglia invernale pu\u00f2 essere utilizzata con temperature comprese <strong>tra 10 e 15\u00baC<\/strong> se siamo sicuri che il termometro non si alzer\u00e0, ma per temperature comprese tra <strong>5 e 10\u00baC<\/strong> consigliamo di indossare una <strong>maglia termica<\/strong>.<\/p>\n<p>Scegliere con cura gli accessori da indossare quando vai in bici ti consentir\u00e0 di allenarti meglio e di avvertire meno la sensazione di fatica.<\/p>\n","protected":false},"excerpt":{"rendered":"<p>In inverno, quando decidiamo di uscire con la bici per un allenamento, prima guardiamo la temperatura prevista e poi ci mettiamo davanti l&#8217;armadio a scegliere l&#8217;abbigliamento giusto per la giornata. Non \u00e8 raro che ci vestiamo con quello che riteniamo maggiormente adeguato e poi alla fine \u00a0sudiamo pi\u00f9 del necessario o invece congeliamo per non esserci vestiti adeguatamente. Con questo articolo vogliamo allora darti una mano nello scegliere l\u2019abbigliamento invernale<\/p>\n<p><a class=\"continue-reading\" href=\"https:\/\/www.article-marketing.eu\/comunicatistampa\/abbigliamento-invernale-da-ciclismo-cosa-indossare\/\">Continue reading&#8230;<\/a><\/p>\n","protected":false},"author":6045,"featured_media":0,"comment_status":"open","ping_status":"open","sticky":false,"template":"","format":"standard","meta":{"_monsterinsights_skip_tracking":false,"_monsterinsights_sitenote_active":false,"_monsterinsights_sitenote_note":"","_monsterinsights_sitenote_category":0,"footnotes":""},"categories":[352],"tags":[],"class_list":["post-19851","post","type-post","status-publish","format-standard","hentry","category-hobbies"],"yoast_head":"<!-- This site is optimized with the Yoast SEO plugin v27.3 - https:\/\/yoast.com\/product\/yoast-seo-wordpress\/ -->\n<title>Abbigliamento invernale da ciclismo: cosa indossare? - Article Marketing<\/title>\n<meta name=\"description\" content=\"L&#039;abbigliamento invernale da ciclismo \u00e8 importante per avvertire meno la fatica e allenarsi meglio: qui ti spieghiamo proprio tutto!\" \/>\n<meta name=\"robots\" content=\"index, follow, max-snippet:-1, max-image-preview:large, max-video-preview:-1\" \/>\n<link rel=\"canonical\" href=\"https:\/\/www.article-marketing.eu\/comunicatistampa\/abbigliamento-invernale-da-ciclismo-cosa-indossare\/\" \/>\n<meta property=\"og:locale\" content=\"it_IT\" \/>\n<meta property=\"og:type\" content=\"article\" \/>\n<meta property=\"og:title\" content=\"Abbigliamento invernale da ciclismo: cosa indossare? - Article Marketing\" \/>\n<meta property=\"og:description\" content=\"L&#039;abbigliamento invernale da ciclismo \u00e8 importante per avvertire meno la fatica e allenarsi meglio: qui ti spieghiamo proprio tutto!\" \/>\n<meta property=\"og:url\" content=\"https:\/\/www.article-marketing.eu\/comunicatistampa\/abbigliamento-invernale-da-ciclismo-cosa-indossare\/\" \/>\n<meta property=\"og:site_name\" content=\"Article Marketing\" \/>\n<meta property=\"article:published_time\" content=\"2021-08-11T20:56:43+00:00\" \/>\n<meta property=\"og:image\" content=\"https:\/\/images.pexels.com\/photos\/5807579\/pexels-photo-5807579.jpeg?auto=compress&amp;cs=tinysrgb&amp;dpr=2&amp;h=650&amp;w=940\" \/>\n<meta name=\"author\" content=\"choku\" \/>\n<meta name=\"twitter:card\" content=\"summary_large_image\" \/>\n<meta name=\"twitter:label1\" content=\"Scritto da\" \/>\n\t<meta name=\"twitter:data1\" content=\"choku\" \/>\n\t<meta name=\"twitter:label2\" content=\"Tempo di lettura stimato\" \/>\n\t<meta name=\"twitter:data2\" content=\"3 minuti\" \/>\n<script type=\"application\/ld+json\" class=\"yoast-schema-graph\">{\"@context\":\"https:\\\/\\\/schema.org\",\"@graph\":[{\"@type\":\"Article\",\"@id\":\"https:\\\/\\\/www.article-marketing.eu\\\/comunicatistampa\\\/abbigliamento-invernale-da-ciclismo-cosa-indossare\\\/#article\",\"isPartOf\":{\"@id\":\"https:\\\/\\\/www.article-marketing.eu\\\/comunicatistampa\\\/abbigliamento-invernale-da-ciclismo-cosa-indossare\\\/\"},\"author\":{\"name\":\"choku\",\"@id\":\"https:\\\/\\\/www.article-marketing.eu\\\/comunicatistampa\\\/#\\\/schema\\\/person\\\/66014a94dd443c88d1b7965dfa35b9ab\"},\"headline\":\"Abbigliamento invernale da ciclismo: cosa indossare?\",\"datePublished\":\"2021-08-11T20:56:43+00:00\",\"mainEntityOfPage\":{\"@id\":\"https:\\\/\\\/www.article-marketing.eu\\\/comunicatistampa\\\/abbigliamento-invernale-da-ciclismo-cosa-indossare\\\/\"},\"wordCount\":474,\"commentCount\":0,\"image\":{\"@id\":\"https:\\\/\\\/www.article-marketing.eu\\\/comunicatistampa\\\/abbigliamento-invernale-da-ciclismo-cosa-indossare\\\/#primaryimage\"},\"thumbnailUrl\":\"https:\\\/\\\/images.pexels.com\\\/photos\\\/5807579\\\/pexels-photo-5807579.jpeg?auto=compress&amp;cs=tinysrgb&amp;dpr=2&amp;h=650&amp;w=940\",\"articleSection\":[\"Hobbies\"],\"inLanguage\":\"it-IT\",\"potentialAction\":[{\"@type\":\"CommentAction\",\"name\":\"Comment\",\"target\":[\"https:\\\/\\\/www.article-marketing.eu\\\/comunicatistampa\\\/abbigliamento-invernale-da-ciclismo-cosa-indossare\\\/#respond\"]}]},{\"@type\":\"WebPage\",\"@id\":\"https:\\\/\\\/www.article-marketing.eu\\\/comunicatistampa\\\/abbigliamento-invernale-da-ciclismo-cosa-indossare\\\/\",\"url\":\"https:\\\/\\\/www.article-marketing.eu\\\/comunicatistampa\\\/abbigliamento-invernale-da-ciclismo-cosa-indossare\\\/\",\"name\":\"Abbigliamento invernale da ciclismo: cosa indossare? - Article Marketing\",\"isPartOf\":{\"@id\":\"https:\\\/\\\/www.article-marketing.eu\\\/comunicatistampa\\\/#website\"},\"primaryImageOfPage\":{\"@id\":\"https:\\\/\\\/www.article-marketing.eu\\\/comunicatistampa\\\/abbigliamento-invernale-da-ciclismo-cosa-indossare\\\/#primaryimage\"},\"image\":{\"@id\":\"https:\\\/\\\/www.article-marketing.eu\\\/comunicatistampa\\\/abbigliamento-invernale-da-ciclismo-cosa-indossare\\\/#primaryimage\"},\"thumbnailUrl\":\"https:\\\/\\\/images.pexels.com\\\/photos\\\/5807579\\\/pexels-photo-5807579.jpeg?auto=compress&amp;cs=tinysrgb&amp;dpr=2&amp;h=650&amp;w=940\",\"datePublished\":\"2021-08-11T20:56:43+00:00\",\"author\":{\"@id\":\"https:\\\/\\\/www.article-marketing.eu\\\/comunicatistampa\\\/#\\\/schema\\\/person\\\/66014a94dd443c88d1b7965dfa35b9ab\"},\"description\":\"L'abbigliamento invernale da ciclismo \u00e8 importante per avvertire meno la fatica e allenarsi meglio: qui ti spieghiamo proprio tutto!\",\"breadcrumb\":{\"@id\":\"https:\\\/\\\/www.article-marketing.eu\\\/comunicatistampa\\\/abbigliamento-invernale-da-ciclismo-cosa-indossare\\\/#breadcrumb\"},\"inLanguage\":\"it-IT\",\"potentialAction\":[{\"@type\":\"ReadAction\",\"target\":[\"https:\\\/\\\/www.article-marketing.eu\\\/comunicatistampa\\\/abbigliamento-invernale-da-ciclismo-cosa-indossare\\\/\"]}]},{\"@type\":\"ImageObject\",\"inLanguage\":\"it-IT\",\"@id\":\"https:\\\/\\\/www.article-marketing.eu\\\/comunicatistampa\\\/abbigliamento-invernale-da-ciclismo-cosa-indossare\\\/#primaryimage\",\"url\":\"https:\\\/\\\/images.pexels.com\\\/photos\\\/5807579\\\/pexels-photo-5807579.jpeg?auto=compress&amp;cs=tinysrgb&amp;dpr=2&amp;h=650&amp;w=940\",\"contentUrl\":\"https:\\\/\\\/images.pexels.com\\\/photos\\\/5807579\\\/pexels-photo-5807579.jpeg?auto=compress&amp;cs=tinysrgb&amp;dpr=2&amp;h=650&amp;w=940\"},{\"@type\":\"BreadcrumbList\",\"@id\":\"https:\\\/\\\/www.article-marketing.eu\\\/comunicatistampa\\\/abbigliamento-invernale-da-ciclismo-cosa-indossare\\\/#breadcrumb\",\"itemListElement\":[{\"@type\":\"ListItem\",\"position\":1,\"name\":\"Home\",\"item\":\"https:\\\/\\\/www.article-marketing.eu\\\/comunicatistampa\\\/\"},{\"@type\":\"ListItem\",\"position\":2,\"name\":\"Abbigliamento invernale da ciclismo: cosa indossare?\"}]},{\"@type\":\"WebSite\",\"@id\":\"https:\\\/\\\/www.article-marketing.eu\\\/comunicatistampa\\\/#website\",\"url\":\"https:\\\/\\\/www.article-marketing.eu\\\/comunicatistampa\\\/\",\"name\":\"Article Marketing\",\"description\":\"article marketing &amp; press release\",\"potentialAction\":[{\"@type\":\"SearchAction\",\"target\":{\"@type\":\"EntryPoint\",\"urlTemplate\":\"https:\\\/\\\/www.article-marketing.eu\\\/comunicatistampa\\\/?s={search_term_string}\"},\"query-input\":{\"@type\":\"PropertyValueSpecification\",\"valueRequired\":true,\"valueName\":\"search_term_string\"}}],\"inLanguage\":\"it-IT\"},{\"@type\":\"Person\",\"@id\":\"https:\\\/\\\/www.article-marketing.eu\\\/comunicatistampa\\\/#\\\/schema\\\/person\\\/66014a94dd443c88d1b7965dfa35b9ab\",\"name\":\"choku\",\"image\":{\"@type\":\"ImageObject\",\"inLanguage\":\"it-IT\",\"@id\":\"https:\\\/\\\/secure.gravatar.com\\\/avatar\\\/4640bd84e9ff9ff692894d564910fbeb6594dbd45e1eb088aa1f2e88d8b3d043?s=96&d=mm&r=g\",\"url\":\"https:\\\/\\\/secure.gravatar.com\\\/avatar\\\/4640bd84e9ff9ff692894d564910fbeb6594dbd45e1eb088aa1f2e88d8b3d043?s=96&d=mm&r=g\",\"contentUrl\":\"https:\\\/\\\/secure.gravatar.com\\\/avatar\\\/4640bd84e9ff9ff692894d564910fbeb6594dbd45e1eb088aa1f2e88d8b3d043?s=96&d=mm&r=g\",\"caption\":\"choku\"},\"url\":\"https:\\\/\\\/www.article-marketing.eu\\\/comunicatistampa\\\/author\\\/choku\\\/\"}]}<\/script>\n<!-- \/ Yoast SEO plugin. -->","yoast_head_json":{"title":"Abbigliamento invernale da ciclismo: cosa indossare? - Article Marketing","description":"L'abbigliamento invernale da ciclismo \u00e8 importante per avvertire meno la fatica e allenarsi meglio: qui ti spieghiamo proprio tutto!","robots":{"index":"index","follow":"follow","max-snippet":"max-snippet:-1","max-image-preview":"max-image-preview:large","max-video-preview":"max-video-preview:-1"},"canonical":"https:\/\/www.article-marketing.eu\/comunicatistampa\/abbigliamento-invernale-da-ciclismo-cosa-indossare\/","og_locale":"it_IT","og_type":"article","og_title":"Abbigliamento invernale da ciclismo: cosa indossare? - Article Marketing","og_description":"L'abbigliamento invernale da ciclismo \u00e8 importante per avvertire meno la fatica e allenarsi meglio: qui ti spieghiamo proprio tutto!","og_url":"https:\/\/www.article-marketing.eu\/comunicatistampa\/abbigliamento-invernale-da-ciclismo-cosa-indossare\/","og_site_name":"Article Marketing","article_published_time":"2021-08-11T20:56:43+00:00","og_image":[{"url":"https:\/\/images.pexels.com\/photos\/5807579\/pexels-photo-5807579.jpeg?auto=compress&amp;cs=tinysrgb&amp;dpr=2&amp;h=650&amp;w=940","type":"","width":"","height":""}],"author":"choku","twitter_card":"summary_large_image","twitter_misc":{"Scritto da":"choku","Tempo di lettura stimato":"3 minuti"},"schema":{"@context":"https:\/\/schema.org","@graph":[{"@type":"Article","@id":"https:\/\/www.article-marketing.eu\/comunicatistampa\/abbigliamento-invernale-da-ciclismo-cosa-indossare\/#article","isPartOf":{"@id":"https:\/\/www.article-marketing.eu\/comunicatistampa\/abbigliamento-invernale-da-ciclismo-cosa-indossare\/"},"author":{"name":"choku","@id":"https:\/\/www.article-marketing.eu\/comunicatistampa\/#\/schema\/person\/66014a94dd443c88d1b7965dfa35b9ab"},"headline":"Abbigliamento invernale da ciclismo: cosa indossare?","datePublished":"2021-08-11T20:56:43+00:00","mainEntityOfPage":{"@id":"https:\/\/www.article-marketing.eu\/comunicatistampa\/abbigliamento-invernale-da-ciclismo-cosa-indossare\/"},"wordCount":474,"commentCount":0,"image":{"@id":"https:\/\/www.article-marketing.eu\/comunicatistampa\/abbigliamento-invernale-da-ciclismo-cosa-indossare\/#primaryimage"},"thumbnailUrl":"https:\/\/images.pexels.com\/photos\/5807579\/pexels-photo-5807579.jpeg?auto=compress&amp;cs=tinysrgb&amp;dpr=2&amp;h=650&amp;w=940","articleSection":["Hobbies"],"inLanguage":"it-IT","potentialAction":[{"@type":"CommentAction","name":"Comment","target":["https:\/\/www.article-marketing.eu\/comunicatistampa\/abbigliamento-invernale-da-ciclismo-cosa-indossare\/#respond"]}]},{"@type":"WebPage","@id":"https:\/\/www.article-marketing.eu\/comunicatistampa\/abbigliamento-invernale-da-ciclismo-cosa-indossare\/","url":"https:\/\/www.article-marketing.eu\/comunicatistampa\/abbigliamento-invernale-da-ciclismo-cosa-indossare\/","name":"Abbigliamento invernale da ciclismo: cosa indossare? - Article Marketing","isPartOf":{"@id":"https:\/\/www.article-marketing.eu\/comunicatistampa\/#website"},"primaryImageOfPage":{"@id":"https:\/\/www.article-marketing.eu\/comunicatistampa\/abbigliamento-invernale-da-ciclismo-cosa-indossare\/#primaryimage"},"image":{"@id":"https:\/\/www.article-marketing.eu\/comunicatistampa\/abbigliamento-invernale-da-ciclismo-cosa-indossare\/#primaryimage"},"thumbnailUrl":"https:\/\/images.pexels.com\/photos\/5807579\/pexels-photo-5807579.jpeg?auto=compress&amp;cs=tinysrgb&amp;dpr=2&amp;h=650&amp;w=940","datePublished":"2021-08-11T20:56:43+00:00","author":{"@id":"https:\/\/www.article-marketing.eu\/comunicatistampa\/#\/schema\/person\/66014a94dd443c88d1b7965dfa35b9ab"},"description":"L'abbigliamento invernale da ciclismo \u00e8 importante per avvertire meno la fatica e allenarsi meglio: qui ti spieghiamo proprio tutto!","breadcrumb":{"@id":"https:\/\/www.article-marketing.eu\/comunicatistampa\/abbigliamento-invernale-da-ciclismo-cosa-indossare\/#breadcrumb"},"inLanguage":"it-IT","potentialAction":[{"@type":"ReadAction","target":["https:\/\/www.article-marketing.eu\/comunicatistampa\/abbigliamento-invernale-da-ciclismo-cosa-indossare\/"]}]},{"@type":"ImageObject","inLanguage":"it-IT","@id":"https:\/\/www.article-marketing.eu\/comunicatistampa\/abbigliamento-invernale-da-ciclismo-cosa-indossare\/#primaryimage","url":"https:\/\/images.pexels.com\/photos\/5807579\/pexels-photo-5807579.jpeg?auto=compress&amp;cs=tinysrgb&amp;dpr=2&amp;h=650&amp;w=940","contentUrl":"https:\/\/images.pexels.com\/photos\/5807579\/pexels-photo-5807579.jpeg?auto=compress&amp;cs=tinysrgb&amp;dpr=2&amp;h=650&amp;w=940"},{"@type":"BreadcrumbList","@id":"https:\/\/www.article-marketing.eu\/comunicatistampa\/abbigliamento-invernale-da-ciclismo-cosa-indossare\/#breadcrumb","itemListElement":[{"@type":"ListItem","position":1,"name":"Home","item":"https:\/\/www.article-marketing.eu\/comunicatistampa\/"},{"@type":"ListItem","position":2,"name":"Abbigliamento invernale da ciclismo: cosa indossare?"}]},{"@type":"WebSite","@id":"https:\/\/www.article-marketing.eu\/comunicatistampa\/#website","url":"https:\/\/www.article-marketing.eu\/comunicatistampa\/","name":"Article Marketing","description":"article marketing &amp; press release","potentialAction":[{"@type":"SearchAction","target":{"@type":"EntryPoint","urlTemplate":"https:\/\/www.article-marketing.eu\/comunicatistampa\/?s={search_term_string}"},"query-input":{"@type":"PropertyValueSpecification","valueRequired":true,"valueName":"search_term_string"}}],"inLanguage":"it-IT"},{"@type":"Person","@id":"https:\/\/www.article-marketing.eu\/comunicatistampa\/#\/schema\/person\/66014a94dd443c88d1b7965dfa35b9ab","name":"choku","image":{"@type":"ImageObject","inLanguage":"it-IT","@id":"https:\/\/secure.gravatar.com\/avatar\/4640bd84e9ff9ff692894d564910fbeb6594dbd45e1eb088aa1f2e88d8b3d043?s=96&d=mm&r=g","url":"https:\/\/secure.gravatar.com\/avatar\/4640bd84e9ff9ff692894d564910fbeb6594dbd45e1eb088aa1f2e88d8b3d043?s=96&d=mm&r=g","contentUrl":"https:\/\/secure.gravatar.com\/avatar\/4640bd84e9ff9ff692894d564910fbeb6594dbd45e1eb088aa1f2e88d8b3d043?s=96&d=mm&r=g","caption":"choku"},"url":"https:\/\/www.article-marketing.eu\/comunicatistampa\/author\/choku\/"}]}},"_links":{"self":[{"href":"https:\/\/www.article-marketing.eu\/comunicatistampa\/wp-json\/wp\/v2\/posts\/19851","targetHints":{"allow":["GET"]}}],"collection":[{"href":"https:\/\/www.article-marketing.eu\/comunicatistampa\/wp-json\/wp\/v2\/posts"}],"about":[{"href":"https:\/\/www.article-marketing.eu\/comunicatistampa\/wp-json\/wp\/v2\/types\/post"}],"author":[{"embeddable":true,"href":"https:\/\/www.article-marketing.eu\/comunicatistampa\/wp-json\/wp\/v2\/users\/6045"}],"replies":[{"embeddable":true,"href":"https:\/\/www.article-marketing.eu\/comunicatistampa\/wp-json\/wp\/v2\/comments?post=19851"}],"version-history":[{"count":2,"href":"https:\/\/www.article-marketing.eu\/comunicatistampa\/wp-json\/wp\/v2\/posts\/19851\/revisions"}],"predecessor-version":[{"id":19923,"href":"https:\/\/www.article-marketing.eu\/comunicatistampa\/wp-json\/wp\/v2\/posts\/19851\/revisions\/19923"}],"wp:attachment":[{"href":"https:\/\/www.article-marketing.eu\/comunicatistampa\/wp-json\/wp\/v2\/media?parent=19851"}],"wp:term":[{"taxonomy":"category","embeddable":true,"href":"https:\/\/www.article-marketing.eu\/comunicatistampa\/wp-json\/wp\/v2\/categories?post=19851"},{"taxonomy":"post_tag","embeddable":true,"href":"https:\/\/www.article-marketing.eu\/comunicatistampa\/wp-json\/wp\/v2\/tags?post=19851"}],"curies":[{"name":"wp","href":"https:\/\/api.w.org\/{rel}","templated":true}]}}