{"id":19873,"date":"2021-08-11T23:00:18","date_gmt":"2021-08-11T21:00:18","guid":{"rendered":"https:\/\/www.article-marketing.eu\/comunicatistampa\/?p=19873"},"modified":"2021-08-11T23:00:18","modified_gmt":"2021-08-11T21:00:18","slug":"lo-smart-working-cambia-la-geografia-del-lavoro-in-lombardia","status":"publish","type":"post","link":"https:\/\/www.article-marketing.eu\/comunicatistampa\/lo-smart-working-cambia-la-geografia-del-lavoro-in-lombardia\/","title":{"rendered":"Lo smart working cambia la geografia del lavoro in Lombardia"},"content":{"rendered":"<p>Sono oltre <strong>88.000 i lavoratori fuorisede della Lombardia<\/strong> che, grazie alla possibilit\u00e0 di sfruttare i vantaggi dello smart working, si sono potuti spostare dalla citt\u00e0 in cui ha sede l\u2019azienda per cui lavorano senza dover rinunciare al proprio impiego e ridefinendo <em>de facto <\/em>la mappa del lavoro nella regione.<\/p>\n<p>\u00c8 questo uno dei dati emersi dall\u2019indagine* commissionata da <a href=\"https:\/\/www.facile.it\/\"><strong>Facile.it<\/strong><\/a> a <strong>mUp Research<\/strong> e <em>Norstat<\/em> e resa pubblica nelle scorse ore.<\/p>\n<p>Il numero tiene conto di tutti gli spostamenti di cui sono stati protagonisti i lavoratori fuorisede che prima della pandemia abitavano in un immobile in affitto. La vera sorpresa messa in luce dall\u2019analisi \u00e8 stata scoprire come il <strong>flusso pi\u00f9 evidente sia quello interno alla stessa Lombardia<\/strong> con molti lavoratori che hanno deciso di spostarsi dalle metropoli ai piccoli centri gettando cos\u00ec le basi per far crescere l\u2019economia di queste zone e, cosa non trascurabile, dare vita ad un popolamento delle stesse.<\/p>\n<p><strong>I lavoratori fuorisede che si sono spostati in Lombardia<\/strong><\/p>\n<p>Tra i lavoratori fuorisede che prima della pandemia abitavano in una casa in affitto in Lombardia e che hanno colto l\u2019occasione dello smart working per trasferirsi in una citt\u00e0 diversa, il <strong>77% <\/strong>ha deciso di rimanere comunque <strong>all\u2019interno dei confini lombardi<\/strong>, mentre<strong> l\u201911%<\/strong> si \u00e8 spostato in un\u2019altra regione del<strong> Nord Italia.<\/strong><\/p>\n<p>In misura minore i lavoratori fuorisede che, invece, hanno lasciato la Lombardia e hanno raggiunto il <strong>Centro<\/strong> (5%) e il <strong>Sud Italia<\/strong> (7%).<\/p>\n<p><strong>Tenore di vita pi\u00f9 alto <\/strong><\/p>\n<p>Uno dei principali elementi che ha spinto i fuorisede a cambiare citt\u00e0 \u00e8 senza dubbio quello economico. Se \u00e8 vero che la <strong>retribuzione media<\/strong> degli \u201csmart workers di ritorno\u201d \u00e8 pari a 1.840 euro, per uno su tre lo stipendio mensile \u00e8 inferiore ai <strong>1.500 euro<\/strong>. Cambiare citt\u00e0 mantenendo lo stesso lavoro ha permesso quindi a molti di migliorare il proprio tenore di vita; tanto \u00e8 vero che il <strong>28,1%<\/strong> ha dichiarato che la ragione principale per cui ha deciso di rimanere a lavorare da remoto \u00e8 perch\u00e9, pur percependo lo stesso stipendio, pu\u00f2 permettersi cose che prima da lavoratore fuori sede non poteva.<\/p>\n<p>Ma questi cambiamenti sono temporanei? Pare proprio di no; analizzando le intenzioni per il futuro, sei smart workers di ritorno su dieci hanno dichiarato di non avere intenzione di tornare a fare i fuorisede con casa in affitto e di voler continuare a lavorare da remoto, dalla propria citt\u00e0 di origine o da quella in cui si sono trasferiti dopo il lockdown.<\/p>\n<p><strong>In Lombardia crescono le richieste di mutui nei piccoli centri <\/strong><\/p>\n<p>Uno dei primi indicatori dello spostamento dei lavoratori fuorisede dalle grandi citt\u00e0 lombarde alle zone di provincia riguarda le domande di finanziamento per <strong>immobili ubicati in comuni con meno di 250.000 <\/strong><strong>abitanti<\/strong>; secondo il recente osservatorio di Facile.it e Mutui.it nel primo semestre 2021, queste richieste sono state il <strong>76,7%<\/strong> del totale di quelle presentate in Lombardia, in aumento dell\u20191,5% rispetto al 2020.<\/p>\n<p>Insomma, poco per volta lo smart working potrebbe contribuire a ripopolare anche i piccoli centri e a stimolarne l\u2019economia.<\/p>\n<p><em>*Nota metodologica: indagine condotta per Facile.it da mUp Research e Norstat dal 15 al 19 luglio attraverso n.6.537 interviste CAWI ad un campione di individui in et\u00e0 compresa fra 18 e 74 anni, rappresentativo della popolazione italiana adulta residente sull\u2019intero territorio nazionale, di cui, grazie a sovra-campionamento n. 408 lavoratori fuorisede in affitto in epoca pre-Covid 19 e n. 242 individui che si siano successivamente trasferiti grazie allo smart working. <\/em><\/p>\n<p><em>L\u2019osservatorio Facile.it \u2013 Mutui \u00e8 stato realizzato su un campione di oltre 100.000 richieste di mutuo raccolte nel primo semestre 2020 e 2021.<\/em><\/p>\n","protected":false},"excerpt":{"rendered":"<p>Sono oltre 88.000 i lavoratori fuorisede della Lombardia che, grazie alla possibilit\u00e0 di sfruttare i vantaggi dello smart working, si sono potuti spostare dalla citt\u00e0 in cui ha sede l\u2019azienda per cui lavorano senza dover rinunciare al proprio impiego e ridefinendo de facto la mappa del lavoro nella regione. \u00c8 questo uno dei dati emersi dall\u2019indagine* commissionata da Facile.it a mUp Research e Norstat e resa pubblica nelle scorse ore.<\/p>\n<p><a class=\"continue-reading\" href=\"https:\/\/www.article-marketing.eu\/comunicatistampa\/lo-smart-working-cambia-la-geografia-del-lavoro-in-lombardia\/\">Continue reading&#8230;<\/a><\/p>\n","protected":false},"author":62,"featured_media":0,"comment_status":"open","ping_status":"open","sticky":false,"template":"","format":"standard","meta":{"_monsterinsights_skip_tracking":false,"_monsterinsights_sitenote_active":false,"_monsterinsights_sitenote_note":"","_monsterinsights_sitenote_category":0,"footnotes":""},"categories":[386],"tags":[555,793,559,3767],"class_list":["post-19873","post","type-post","status-publish","format-standard","hentry","category-economia-e-lavoro","tag-facile-it","tag-lombardia","tag-mutui","tag-smart-working"],"yoast_head":"<!-- This site is optimized with the Yoast SEO plugin v27.3 - https:\/\/yoast.com\/product\/yoast-seo-wordpress\/ -->\n<title>Lo smart working cambia la geografia del lavoro in Lombardia<\/title>\n<meta name=\"robots\" content=\"index, follow, max-snippet:-1, max-image-preview:large, max-video-preview:-1\" \/>\n<link rel=\"canonical\" href=\"https:\/\/www.article-marketing.eu\/comunicatistampa\/lo-smart-working-cambia-la-geografia-del-lavoro-in-lombardia\/\" \/>\n<meta property=\"og:locale\" content=\"it_IT\" \/>\n<meta property=\"og:type\" content=\"article\" \/>\n<meta property=\"og:title\" content=\"Lo smart working cambia la geografia del lavoro in Lombardia\" \/>\n<meta property=\"og:description\" content=\"Sono oltre 88.000 i lavoratori fuorisede della Lombardia che, grazie alla possibilit\u00e0 di sfruttare i vantaggi dello smart working, si sono potuti spostare dalla citt\u00e0 in cui ha sede l\u2019azienda per cui lavorano senza dover rinunciare al proprio impiego e ridefinendo de facto la mappa del lavoro nella regione. \u00c8 questo uno dei dati emersi dall\u2019indagine* commissionata da Facile.it a mUp Research e Norstat e resa pubblica nelle scorse ore.Continue reading...\" \/>\n<meta property=\"og:url\" content=\"https:\/\/www.article-marketing.eu\/comunicatistampa\/lo-smart-working-cambia-la-geografia-del-lavoro-in-lombardia\/\" \/>\n<meta property=\"og:site_name\" content=\"Article Marketing\" \/>\n<meta property=\"article:published_time\" content=\"2021-08-11T21:00:18+00:00\" \/>\n<meta name=\"author\" content=\"Facile.it\" \/>\n<meta name=\"twitter:card\" content=\"summary_large_image\" \/>\n<meta name=\"twitter:label1\" content=\"Scritto da\" \/>\n\t<meta name=\"twitter:data1\" content=\"Facile.it\" \/>\n\t<meta name=\"twitter:label2\" content=\"Tempo di lettura stimato\" \/>\n\t<meta name=\"twitter:data2\" content=\"3 minuti\" \/>\n<script type=\"application\/ld+json\" class=\"yoast-schema-graph\">{\"@context\":\"https:\\\/\\\/schema.org\",\"@graph\":[{\"@type\":\"Article\",\"@id\":\"https:\\\/\\\/www.article-marketing.eu\\\/comunicatistampa\\\/lo-smart-working-cambia-la-geografia-del-lavoro-in-lombardia\\\/#article\",\"isPartOf\":{\"@id\":\"https:\\\/\\\/www.article-marketing.eu\\\/comunicatistampa\\\/lo-smart-working-cambia-la-geografia-del-lavoro-in-lombardia\\\/\"},\"author\":{\"name\":\"Facile.it\",\"@id\":\"https:\\\/\\\/www.article-marketing.eu\\\/comunicatistampa\\\/#\\\/schema\\\/person\\\/1deca6d9e0cf173abfe76a90ef261a2a\"},\"headline\":\"Lo smart working cambia la geografia del lavoro in Lombardia\",\"datePublished\":\"2021-08-11T21:00:18+00:00\",\"mainEntityOfPage\":{\"@id\":\"https:\\\/\\\/www.article-marketing.eu\\\/comunicatistampa\\\/lo-smart-working-cambia-la-geografia-del-lavoro-in-lombardia\\\/\"},\"wordCount\":585,\"commentCount\":0,\"keywords\":[\"facile.it\",\"Lombardia\",\"mutui\",\"smart working\"],\"articleSection\":[\"Economia e lavoro\"],\"inLanguage\":\"it-IT\",\"potentialAction\":[{\"@type\":\"CommentAction\",\"name\":\"Comment\",\"target\":[\"https:\\\/\\\/www.article-marketing.eu\\\/comunicatistampa\\\/lo-smart-working-cambia-la-geografia-del-lavoro-in-lombardia\\\/#respond\"]}]},{\"@type\":\"WebPage\",\"@id\":\"https:\\\/\\\/www.article-marketing.eu\\\/comunicatistampa\\\/lo-smart-working-cambia-la-geografia-del-lavoro-in-lombardia\\\/\",\"url\":\"https:\\\/\\\/www.article-marketing.eu\\\/comunicatistampa\\\/lo-smart-working-cambia-la-geografia-del-lavoro-in-lombardia\\\/\",\"name\":\"Lo smart working cambia la geografia del lavoro in Lombardia\",\"isPartOf\":{\"@id\":\"https:\\\/\\\/www.article-marketing.eu\\\/comunicatistampa\\\/#website\"},\"datePublished\":\"2021-08-11T21:00:18+00:00\",\"author\":{\"@id\":\"https:\\\/\\\/www.article-marketing.eu\\\/comunicatistampa\\\/#\\\/schema\\\/person\\\/1deca6d9e0cf173abfe76a90ef261a2a\"},\"breadcrumb\":{\"@id\":\"https:\\\/\\\/www.article-marketing.eu\\\/comunicatistampa\\\/lo-smart-working-cambia-la-geografia-del-lavoro-in-lombardia\\\/#breadcrumb\"},\"inLanguage\":\"it-IT\",\"potentialAction\":[{\"@type\":\"ReadAction\",\"target\":[\"https:\\\/\\\/www.article-marketing.eu\\\/comunicatistampa\\\/lo-smart-working-cambia-la-geografia-del-lavoro-in-lombardia\\\/\"]}]},{\"@type\":\"BreadcrumbList\",\"@id\":\"https:\\\/\\\/www.article-marketing.eu\\\/comunicatistampa\\\/lo-smart-working-cambia-la-geografia-del-lavoro-in-lombardia\\\/#breadcrumb\",\"itemListElement\":[{\"@type\":\"ListItem\",\"position\":1,\"name\":\"Home\",\"item\":\"https:\\\/\\\/www.article-marketing.eu\\\/comunicatistampa\\\/\"},{\"@type\":\"ListItem\",\"position\":2,\"name\":\"Lo smart working cambia la geografia del lavoro in Lombardia\"}]},{\"@type\":\"WebSite\",\"@id\":\"https:\\\/\\\/www.article-marketing.eu\\\/comunicatistampa\\\/#website\",\"url\":\"https:\\\/\\\/www.article-marketing.eu\\\/comunicatistampa\\\/\",\"name\":\"Article Marketing\",\"description\":\"article marketing &amp; press release\",\"potentialAction\":[{\"@type\":\"SearchAction\",\"target\":{\"@type\":\"EntryPoint\",\"urlTemplate\":\"https:\\\/\\\/www.article-marketing.eu\\\/comunicatistampa\\\/?s={search_term_string}\"},\"query-input\":{\"@type\":\"PropertyValueSpecification\",\"valueRequired\":true,\"valueName\":\"search_term_string\"}}],\"inLanguage\":\"it-IT\"},{\"@type\":\"Person\",\"@id\":\"https:\\\/\\\/www.article-marketing.eu\\\/comunicatistampa\\\/#\\\/schema\\\/person\\\/1deca6d9e0cf173abfe76a90ef261a2a\",\"name\":\"Facile.it\",\"image\":{\"@type\":\"ImageObject\",\"inLanguage\":\"it-IT\",\"@id\":\"https:\\\/\\\/secure.gravatar.com\\\/avatar\\\/2623775dfcd174bde1a788a4bc028e9035747fa40886953f4954f56c45cf4b34?s=96&d=mm&r=g\",\"url\":\"https:\\\/\\\/secure.gravatar.com\\\/avatar\\\/2623775dfcd174bde1a788a4bc028e9035747fa40886953f4954f56c45cf4b34?s=96&d=mm&r=g\",\"contentUrl\":\"https:\\\/\\\/secure.gravatar.com\\\/avatar\\\/2623775dfcd174bde1a788a4bc028e9035747fa40886953f4954f56c45cf4b34?s=96&d=mm&r=g\",\"caption\":\"Facile.it\"},\"url\":\"https:\\\/\\\/www.article-marketing.eu\\\/comunicatistampa\\\/author\\\/facile-it\\\/\"}]}<\/script>\n<!-- \/ Yoast SEO plugin. -->","yoast_head_json":{"title":"Lo smart working cambia la geografia del lavoro in Lombardia","robots":{"index":"index","follow":"follow","max-snippet":"max-snippet:-1","max-image-preview":"max-image-preview:large","max-video-preview":"max-video-preview:-1"},"canonical":"https:\/\/www.article-marketing.eu\/comunicatistampa\/lo-smart-working-cambia-la-geografia-del-lavoro-in-lombardia\/","og_locale":"it_IT","og_type":"article","og_title":"Lo smart working cambia la geografia del lavoro in Lombardia","og_description":"Sono oltre 88.000 i lavoratori fuorisede della Lombardia che, grazie alla possibilit\u00e0 di sfruttare i vantaggi dello smart working, si sono potuti spostare dalla citt\u00e0 in cui ha sede l\u2019azienda per cui lavorano senza dover rinunciare al proprio impiego e ridefinendo de facto la mappa del lavoro nella regione. \u00c8 questo uno dei dati emersi dall\u2019indagine* commissionata da Facile.it a mUp Research e Norstat e resa pubblica nelle scorse ore.Continue reading...","og_url":"https:\/\/www.article-marketing.eu\/comunicatistampa\/lo-smart-working-cambia-la-geografia-del-lavoro-in-lombardia\/","og_site_name":"Article Marketing","article_published_time":"2021-08-11T21:00:18+00:00","author":"Facile.it","twitter_card":"summary_large_image","twitter_misc":{"Scritto da":"Facile.it","Tempo di lettura stimato":"3 minuti"},"schema":{"@context":"https:\/\/schema.org","@graph":[{"@type":"Article","@id":"https:\/\/www.article-marketing.eu\/comunicatistampa\/lo-smart-working-cambia-la-geografia-del-lavoro-in-lombardia\/#article","isPartOf":{"@id":"https:\/\/www.article-marketing.eu\/comunicatistampa\/lo-smart-working-cambia-la-geografia-del-lavoro-in-lombardia\/"},"author":{"name":"Facile.it","@id":"https:\/\/www.article-marketing.eu\/comunicatistampa\/#\/schema\/person\/1deca6d9e0cf173abfe76a90ef261a2a"},"headline":"Lo smart working cambia la geografia del lavoro in Lombardia","datePublished":"2021-08-11T21:00:18+00:00","mainEntityOfPage":{"@id":"https:\/\/www.article-marketing.eu\/comunicatistampa\/lo-smart-working-cambia-la-geografia-del-lavoro-in-lombardia\/"},"wordCount":585,"commentCount":0,"keywords":["facile.it","Lombardia","mutui","smart working"],"articleSection":["Economia e lavoro"],"inLanguage":"it-IT","potentialAction":[{"@type":"CommentAction","name":"Comment","target":["https:\/\/www.article-marketing.eu\/comunicatistampa\/lo-smart-working-cambia-la-geografia-del-lavoro-in-lombardia\/#respond"]}]},{"@type":"WebPage","@id":"https:\/\/www.article-marketing.eu\/comunicatistampa\/lo-smart-working-cambia-la-geografia-del-lavoro-in-lombardia\/","url":"https:\/\/www.article-marketing.eu\/comunicatistampa\/lo-smart-working-cambia-la-geografia-del-lavoro-in-lombardia\/","name":"Lo smart working cambia la geografia del lavoro in Lombardia","isPartOf":{"@id":"https:\/\/www.article-marketing.eu\/comunicatistampa\/#website"},"datePublished":"2021-08-11T21:00:18+00:00","author":{"@id":"https:\/\/www.article-marketing.eu\/comunicatistampa\/#\/schema\/person\/1deca6d9e0cf173abfe76a90ef261a2a"},"breadcrumb":{"@id":"https:\/\/www.article-marketing.eu\/comunicatistampa\/lo-smart-working-cambia-la-geografia-del-lavoro-in-lombardia\/#breadcrumb"},"inLanguage":"it-IT","potentialAction":[{"@type":"ReadAction","target":["https:\/\/www.article-marketing.eu\/comunicatistampa\/lo-smart-working-cambia-la-geografia-del-lavoro-in-lombardia\/"]}]},{"@type":"BreadcrumbList","@id":"https:\/\/www.article-marketing.eu\/comunicatistampa\/lo-smart-working-cambia-la-geografia-del-lavoro-in-lombardia\/#breadcrumb","itemListElement":[{"@type":"ListItem","position":1,"name":"Home","item":"https:\/\/www.article-marketing.eu\/comunicatistampa\/"},{"@type":"ListItem","position":2,"name":"Lo smart working cambia la geografia del lavoro in Lombardia"}]},{"@type":"WebSite","@id":"https:\/\/www.article-marketing.eu\/comunicatistampa\/#website","url":"https:\/\/www.article-marketing.eu\/comunicatistampa\/","name":"Article Marketing","description":"article marketing &amp; press release","potentialAction":[{"@type":"SearchAction","target":{"@type":"EntryPoint","urlTemplate":"https:\/\/www.article-marketing.eu\/comunicatistampa\/?s={search_term_string}"},"query-input":{"@type":"PropertyValueSpecification","valueRequired":true,"valueName":"search_term_string"}}],"inLanguage":"it-IT"},{"@type":"Person","@id":"https:\/\/www.article-marketing.eu\/comunicatistampa\/#\/schema\/person\/1deca6d9e0cf173abfe76a90ef261a2a","name":"Facile.it","image":{"@type":"ImageObject","inLanguage":"it-IT","@id":"https:\/\/secure.gravatar.com\/avatar\/2623775dfcd174bde1a788a4bc028e9035747fa40886953f4954f56c45cf4b34?s=96&d=mm&r=g","url":"https:\/\/secure.gravatar.com\/avatar\/2623775dfcd174bde1a788a4bc028e9035747fa40886953f4954f56c45cf4b34?s=96&d=mm&r=g","contentUrl":"https:\/\/secure.gravatar.com\/avatar\/2623775dfcd174bde1a788a4bc028e9035747fa40886953f4954f56c45cf4b34?s=96&d=mm&r=g","caption":"Facile.it"},"url":"https:\/\/www.article-marketing.eu\/comunicatistampa\/author\/facile-it\/"}]}},"_links":{"self":[{"href":"https:\/\/www.article-marketing.eu\/comunicatistampa\/wp-json\/wp\/v2\/posts\/19873","targetHints":{"allow":["GET"]}}],"collection":[{"href":"https:\/\/www.article-marketing.eu\/comunicatistampa\/wp-json\/wp\/v2\/posts"}],"about":[{"href":"https:\/\/www.article-marketing.eu\/comunicatistampa\/wp-json\/wp\/v2\/types\/post"}],"author":[{"embeddable":true,"href":"https:\/\/www.article-marketing.eu\/comunicatistampa\/wp-json\/wp\/v2\/users\/62"}],"replies":[{"embeddable":true,"href":"https:\/\/www.article-marketing.eu\/comunicatistampa\/wp-json\/wp\/v2\/comments?post=19873"}],"version-history":[{"count":2,"href":"https:\/\/www.article-marketing.eu\/comunicatistampa\/wp-json\/wp\/v2\/posts\/19873\/revisions"}],"predecessor-version":[{"id":19930,"href":"https:\/\/www.article-marketing.eu\/comunicatistampa\/wp-json\/wp\/v2\/posts\/19873\/revisions\/19930"}],"wp:attachment":[{"href":"https:\/\/www.article-marketing.eu\/comunicatistampa\/wp-json\/wp\/v2\/media?parent=19873"}],"wp:term":[{"taxonomy":"category","embeddable":true,"href":"https:\/\/www.article-marketing.eu\/comunicatistampa\/wp-json\/wp\/v2\/categories?post=19873"},{"taxonomy":"post_tag","embeddable":true,"href":"https:\/\/www.article-marketing.eu\/comunicatistampa\/wp-json\/wp\/v2\/tags?post=19873"}],"curies":[{"name":"wp","href":"https:\/\/api.w.org\/{rel}","templated":true}]}}