{"id":19879,"date":"2021-08-11T23:02:36","date_gmt":"2021-08-11T21:02:36","guid":{"rendered":"https:\/\/www.article-marketing.eu\/comunicatistampa\/?p=19879"},"modified":"2021-08-11T23:02:36","modified_gmt":"2021-08-11T21:02:36","slug":"carenza-di-ferro-come-rimediare","status":"publish","type":"post","link":"https:\/\/www.article-marketing.eu\/comunicatistampa\/carenza-di-ferro-come-rimediare\/","title":{"rendered":"Carenza di ferro: come rimediare?"},"content":{"rendered":"<p><img loading=\"lazy\" decoding=\"async\" class=\"aligncenter\" src=\"https:\/\/images.pexels.com\/photos\/7542650\/pexels-photo-7542650.jpeg?auto=compress&amp;cs=tinysrgb&amp;dpr=2&amp;h=650&amp;w=940\" alt=\"carenza di ferro\" width=\"773\" height=\"515\" \/><\/p>\n<p>Secondo una recente statistica, in Italia circa una persona su cinque \u00e8 interessata da una <strong>carenza di ferro<\/strong>, che spesso sfocia in una anemia. Si tratta di una patologia per la quale all&#8217;interno del nostro organismo il livello di ferro presente non \u00e8 quello ottimale, dunque si mantiene a livelli pi\u00f9 bassi rispetto il valore di riferimento.<\/p>\n<p>Ne consegue che <strong>il livello di ossigeno trasportato dal sistema vascolare non \u00e8 ottimale<\/strong>, il che chiaramente ha delle conseguenze ed \u00e8 certamente una situazione alla quale bisogna porre rimedio.<\/p>\n<p>&nbsp;<\/p>\n<h2 style=\"text-align: center;\">Come posso accorgermi della mancanza di ferro?<\/h2>\n<p>Ci sono alcuni campanelli d&#8217;allarme che possono lasciar pensare vi sia una carenza di ferro nell&#8217;organismo. Il primo ed il pi\u00f9 lampante \u00e8 quello di <strong>avere il fiato corto<\/strong> ed in genere una spossatezza fisica continua nel corso della giornata, come una sensazione di stanchezza non giustificata in base alle attivit\u00e0 che svolgiamo.<\/p>\n<p>Il nostro organismo va infatti ad utilizzare tutte le riserve di ferro presenti sino ad esaurire le sue scorte, momento in cui i sintomi si acuiscono e si manifestano in maniera pi\u00f9 marcata. \u00c8 possibile inoltre che la carenza di ferro comporti un affaticamento pi\u00f9 marcato, <strong>insonnia notturna<\/strong> e in alcuni casi anche battiti cardiaci accelerati e unghia fragili.<\/p>\n<p>&nbsp;<\/p>\n<h2 style=\"text-align: center;\">\u00c8 possibile prevenire la carenza di ferro nell&#8217;organismo?<\/h2>\n<p>Sicuramente \u00e8 possibile <strong>prevenire una carenza di ferro<\/strong> nell&#8217;organismo facendo cos\u00ec in modo da non andare incontro a patologie pi\u00f9 serie. Gli accorgimenti pi\u00f9 importanti che possiamo prendere riguardano tutti l&#8217;alimentazione e dunque quel che mettiamo in tavola.<\/p>\n<p>A questo proposito va ricordato che \u00e8 importante consumare pi\u00f9 carne rossa nell&#8217;arco della settimana, ma anche frutta secca e verdure a foglia larga.<\/p>\n<p>Esistono Inoltre diversi integratori che consentono di aumentare il livello di ferro (li puoi trovare sul sito di <a href=\"https:\/\/shop.srfarmaceutici.it\/\">SR Farmaceutici<\/a>) fino a raggiungere livelli ottimali che consentono nostro organismo di lavorare perfettamente.<\/p>\n<p>Dunque ricorda che se sei interessato da <strong>anemia<\/strong> o comunque carenza di ferro, ci sono tante cose che puoi fare a tavola per migliorare questa situazione e raggiungere dei livelli di ferro adeguati; adopera i consigli forniti in questa guida per ripristinare il normale livello di ferro e rafforzare il tuo organismo.<\/p>\n","protected":false},"excerpt":{"rendered":"<p>Secondo una recente statistica, in Italia circa una persona su cinque \u00e8 interessata da una carenza di ferro, che spesso sfocia in una anemia. Si tratta di una patologia per la quale all&#8217;interno del nostro organismo il livello di ferro presente non \u00e8 quello ottimale, dunque si mantiene a livelli pi\u00f9 bassi rispetto il valore di riferimento. Ne consegue che il livello di ossigeno trasportato dal sistema vascolare non \u00e8<\/p>\n<p><a class=\"continue-reading\" href=\"https:\/\/www.article-marketing.eu\/comunicatistampa\/carenza-di-ferro-come-rimediare\/\">Continue reading&#8230;<\/a><\/p>\n","protected":false},"author":6045,"featured_media":0,"comment_status":"open","ping_status":"open","sticky":false,"template":"","format":"standard","meta":{"_monsterinsights_skip_tracking":false,"_monsterinsights_sitenote_active":false,"_monsterinsights_sitenote_note":"","_monsterinsights_sitenote_category":0,"footnotes":""},"categories":[369],"tags":[],"class_list":["post-19879","post","type-post","status-publish","format-standard","hentry","category-salute-e-benessere"],"yoast_head":"<!-- This site is optimized with the Yoast SEO plugin v27.3 - https:\/\/yoast.com\/product\/yoast-seo-wordpress\/ -->\n<title>Carenza di ferro: come rimediare? - Article Marketing<\/title>\n<meta name=\"description\" content=\"Come rimediare a una carenza di ferro e ripristinarne il corretto livello nel corpo? Te lo spieghiamo in dettaglio in questo articolo.\" \/>\n<meta name=\"robots\" content=\"index, follow, max-snippet:-1, max-image-preview:large, max-video-preview:-1\" \/>\n<link rel=\"canonical\" href=\"https:\/\/www.article-marketing.eu\/comunicatistampa\/carenza-di-ferro-come-rimediare\/\" \/>\n<meta property=\"og:locale\" content=\"it_IT\" \/>\n<meta property=\"og:type\" content=\"article\" \/>\n<meta property=\"og:title\" content=\"Carenza di ferro: come rimediare? - Article Marketing\" \/>\n<meta property=\"og:description\" content=\"Come rimediare a una carenza di ferro e ripristinarne il corretto livello nel corpo? Te lo spieghiamo in dettaglio in questo articolo.\" \/>\n<meta property=\"og:url\" content=\"https:\/\/www.article-marketing.eu\/comunicatistampa\/carenza-di-ferro-come-rimediare\/\" \/>\n<meta property=\"og:site_name\" content=\"Article Marketing\" \/>\n<meta property=\"article:published_time\" content=\"2021-08-11T21:02:36+00:00\" \/>\n<meta property=\"og:image\" content=\"https:\/\/images.pexels.com\/photos\/7542650\/pexels-photo-7542650.jpeg?auto=compress&amp;cs=tinysrgb&amp;dpr=2&amp;h=650&amp;w=940\" \/>\n<meta name=\"author\" content=\"choku\" \/>\n<meta name=\"twitter:card\" content=\"summary_large_image\" \/>\n<meta name=\"twitter:label1\" content=\"Scritto da\" \/>\n\t<meta name=\"twitter:data1\" content=\"choku\" \/>\n\t<meta name=\"twitter:label2\" content=\"Tempo di lettura stimato\" \/>\n\t<meta name=\"twitter:data2\" content=\"2 minuti\" \/>\n<script type=\"application\/ld+json\" class=\"yoast-schema-graph\">{\"@context\":\"https:\\\/\\\/schema.org\",\"@graph\":[{\"@type\":\"Article\",\"@id\":\"https:\\\/\\\/www.article-marketing.eu\\\/comunicatistampa\\\/carenza-di-ferro-come-rimediare\\\/#article\",\"isPartOf\":{\"@id\":\"https:\\\/\\\/www.article-marketing.eu\\\/comunicatistampa\\\/carenza-di-ferro-come-rimediare\\\/\"},\"author\":{\"name\":\"choku\",\"@id\":\"https:\\\/\\\/www.article-marketing.eu\\\/comunicatistampa\\\/#\\\/schema\\\/person\\\/66014a94dd443c88d1b7965dfa35b9ab\"},\"headline\":\"Carenza di ferro: come rimediare?\",\"datePublished\":\"2021-08-11T21:02:36+00:00\",\"mainEntityOfPage\":{\"@id\":\"https:\\\/\\\/www.article-marketing.eu\\\/comunicatistampa\\\/carenza-di-ferro-come-rimediare\\\/\"},\"wordCount\":358,\"commentCount\":0,\"image\":{\"@id\":\"https:\\\/\\\/www.article-marketing.eu\\\/comunicatistampa\\\/carenza-di-ferro-come-rimediare\\\/#primaryimage\"},\"thumbnailUrl\":\"https:\\\/\\\/images.pexels.com\\\/photos\\\/7542650\\\/pexels-photo-7542650.jpeg?auto=compress&amp;cs=tinysrgb&amp;dpr=2&amp;h=650&amp;w=940\",\"articleSection\":[\"Salute e benessere\"],\"inLanguage\":\"it-IT\",\"potentialAction\":[{\"@type\":\"CommentAction\",\"name\":\"Comment\",\"target\":[\"https:\\\/\\\/www.article-marketing.eu\\\/comunicatistampa\\\/carenza-di-ferro-come-rimediare\\\/#respond\"]}]},{\"@type\":\"WebPage\",\"@id\":\"https:\\\/\\\/www.article-marketing.eu\\\/comunicatistampa\\\/carenza-di-ferro-come-rimediare\\\/\",\"url\":\"https:\\\/\\\/www.article-marketing.eu\\\/comunicatistampa\\\/carenza-di-ferro-come-rimediare\\\/\",\"name\":\"Carenza di ferro: come rimediare? - Article Marketing\",\"isPartOf\":{\"@id\":\"https:\\\/\\\/www.article-marketing.eu\\\/comunicatistampa\\\/#website\"},\"primaryImageOfPage\":{\"@id\":\"https:\\\/\\\/www.article-marketing.eu\\\/comunicatistampa\\\/carenza-di-ferro-come-rimediare\\\/#primaryimage\"},\"image\":{\"@id\":\"https:\\\/\\\/www.article-marketing.eu\\\/comunicatistampa\\\/carenza-di-ferro-come-rimediare\\\/#primaryimage\"},\"thumbnailUrl\":\"https:\\\/\\\/images.pexels.com\\\/photos\\\/7542650\\\/pexels-photo-7542650.jpeg?auto=compress&amp;cs=tinysrgb&amp;dpr=2&amp;h=650&amp;w=940\",\"datePublished\":\"2021-08-11T21:02:36+00:00\",\"author\":{\"@id\":\"https:\\\/\\\/www.article-marketing.eu\\\/comunicatistampa\\\/#\\\/schema\\\/person\\\/66014a94dd443c88d1b7965dfa35b9ab\"},\"description\":\"Come rimediare a una carenza di ferro e ripristinarne il corretto livello nel corpo? Te lo spieghiamo in dettaglio in questo articolo.\",\"breadcrumb\":{\"@id\":\"https:\\\/\\\/www.article-marketing.eu\\\/comunicatistampa\\\/carenza-di-ferro-come-rimediare\\\/#breadcrumb\"},\"inLanguage\":\"it-IT\",\"potentialAction\":[{\"@type\":\"ReadAction\",\"target\":[\"https:\\\/\\\/www.article-marketing.eu\\\/comunicatistampa\\\/carenza-di-ferro-come-rimediare\\\/\"]}]},{\"@type\":\"ImageObject\",\"inLanguage\":\"it-IT\",\"@id\":\"https:\\\/\\\/www.article-marketing.eu\\\/comunicatistampa\\\/carenza-di-ferro-come-rimediare\\\/#primaryimage\",\"url\":\"https:\\\/\\\/images.pexels.com\\\/photos\\\/7542650\\\/pexels-photo-7542650.jpeg?auto=compress&amp;cs=tinysrgb&amp;dpr=2&amp;h=650&amp;w=940\",\"contentUrl\":\"https:\\\/\\\/images.pexels.com\\\/photos\\\/7542650\\\/pexels-photo-7542650.jpeg?auto=compress&amp;cs=tinysrgb&amp;dpr=2&amp;h=650&amp;w=940\"},{\"@type\":\"BreadcrumbList\",\"@id\":\"https:\\\/\\\/www.article-marketing.eu\\\/comunicatistampa\\\/carenza-di-ferro-come-rimediare\\\/#breadcrumb\",\"itemListElement\":[{\"@type\":\"ListItem\",\"position\":1,\"name\":\"Home\",\"item\":\"https:\\\/\\\/www.article-marketing.eu\\\/comunicatistampa\\\/\"},{\"@type\":\"ListItem\",\"position\":2,\"name\":\"Carenza di ferro: come rimediare?\"}]},{\"@type\":\"WebSite\",\"@id\":\"https:\\\/\\\/www.article-marketing.eu\\\/comunicatistampa\\\/#website\",\"url\":\"https:\\\/\\\/www.article-marketing.eu\\\/comunicatistampa\\\/\",\"name\":\"Article Marketing\",\"description\":\"article marketing &amp; press release\",\"potentialAction\":[{\"@type\":\"SearchAction\",\"target\":{\"@type\":\"EntryPoint\",\"urlTemplate\":\"https:\\\/\\\/www.article-marketing.eu\\\/comunicatistampa\\\/?s={search_term_string}\"},\"query-input\":{\"@type\":\"PropertyValueSpecification\",\"valueRequired\":true,\"valueName\":\"search_term_string\"}}],\"inLanguage\":\"it-IT\"},{\"@type\":\"Person\",\"@id\":\"https:\\\/\\\/www.article-marketing.eu\\\/comunicatistampa\\\/#\\\/schema\\\/person\\\/66014a94dd443c88d1b7965dfa35b9ab\",\"name\":\"choku\",\"image\":{\"@type\":\"ImageObject\",\"inLanguage\":\"it-IT\",\"@id\":\"https:\\\/\\\/secure.gravatar.com\\\/avatar\\\/4640bd84e9ff9ff692894d564910fbeb6594dbd45e1eb088aa1f2e88d8b3d043?s=96&d=mm&r=g\",\"url\":\"https:\\\/\\\/secure.gravatar.com\\\/avatar\\\/4640bd84e9ff9ff692894d564910fbeb6594dbd45e1eb088aa1f2e88d8b3d043?s=96&d=mm&r=g\",\"contentUrl\":\"https:\\\/\\\/secure.gravatar.com\\\/avatar\\\/4640bd84e9ff9ff692894d564910fbeb6594dbd45e1eb088aa1f2e88d8b3d043?s=96&d=mm&r=g\",\"caption\":\"choku\"},\"url\":\"https:\\\/\\\/www.article-marketing.eu\\\/comunicatistampa\\\/author\\\/choku\\\/\"}]}<\/script>\n<!-- \/ Yoast SEO plugin. -->","yoast_head_json":{"title":"Carenza di ferro: come rimediare? - Article Marketing","description":"Come rimediare a una carenza di ferro e ripristinarne il corretto livello nel corpo? Te lo spieghiamo in dettaglio in questo articolo.","robots":{"index":"index","follow":"follow","max-snippet":"max-snippet:-1","max-image-preview":"max-image-preview:large","max-video-preview":"max-video-preview:-1"},"canonical":"https:\/\/www.article-marketing.eu\/comunicatistampa\/carenza-di-ferro-come-rimediare\/","og_locale":"it_IT","og_type":"article","og_title":"Carenza di ferro: come rimediare? - Article Marketing","og_description":"Come rimediare a una carenza di ferro e ripristinarne il corretto livello nel corpo? Te lo spieghiamo in dettaglio in questo articolo.","og_url":"https:\/\/www.article-marketing.eu\/comunicatistampa\/carenza-di-ferro-come-rimediare\/","og_site_name":"Article Marketing","article_published_time":"2021-08-11T21:02:36+00:00","og_image":[{"url":"https:\/\/images.pexels.com\/photos\/7542650\/pexels-photo-7542650.jpeg?auto=compress&amp;cs=tinysrgb&amp;dpr=2&amp;h=650&amp;w=940","type":"","width":"","height":""}],"author":"choku","twitter_card":"summary_large_image","twitter_misc":{"Scritto da":"choku","Tempo di lettura stimato":"2 minuti"},"schema":{"@context":"https:\/\/schema.org","@graph":[{"@type":"Article","@id":"https:\/\/www.article-marketing.eu\/comunicatistampa\/carenza-di-ferro-come-rimediare\/#article","isPartOf":{"@id":"https:\/\/www.article-marketing.eu\/comunicatistampa\/carenza-di-ferro-come-rimediare\/"},"author":{"name":"choku","@id":"https:\/\/www.article-marketing.eu\/comunicatistampa\/#\/schema\/person\/66014a94dd443c88d1b7965dfa35b9ab"},"headline":"Carenza di ferro: come rimediare?","datePublished":"2021-08-11T21:02:36+00:00","mainEntityOfPage":{"@id":"https:\/\/www.article-marketing.eu\/comunicatistampa\/carenza-di-ferro-come-rimediare\/"},"wordCount":358,"commentCount":0,"image":{"@id":"https:\/\/www.article-marketing.eu\/comunicatistampa\/carenza-di-ferro-come-rimediare\/#primaryimage"},"thumbnailUrl":"https:\/\/images.pexels.com\/photos\/7542650\/pexels-photo-7542650.jpeg?auto=compress&amp;cs=tinysrgb&amp;dpr=2&amp;h=650&amp;w=940","articleSection":["Salute e benessere"],"inLanguage":"it-IT","potentialAction":[{"@type":"CommentAction","name":"Comment","target":["https:\/\/www.article-marketing.eu\/comunicatistampa\/carenza-di-ferro-come-rimediare\/#respond"]}]},{"@type":"WebPage","@id":"https:\/\/www.article-marketing.eu\/comunicatistampa\/carenza-di-ferro-come-rimediare\/","url":"https:\/\/www.article-marketing.eu\/comunicatistampa\/carenza-di-ferro-come-rimediare\/","name":"Carenza di ferro: come rimediare? - Article Marketing","isPartOf":{"@id":"https:\/\/www.article-marketing.eu\/comunicatistampa\/#website"},"primaryImageOfPage":{"@id":"https:\/\/www.article-marketing.eu\/comunicatistampa\/carenza-di-ferro-come-rimediare\/#primaryimage"},"image":{"@id":"https:\/\/www.article-marketing.eu\/comunicatistampa\/carenza-di-ferro-come-rimediare\/#primaryimage"},"thumbnailUrl":"https:\/\/images.pexels.com\/photos\/7542650\/pexels-photo-7542650.jpeg?auto=compress&amp;cs=tinysrgb&amp;dpr=2&amp;h=650&amp;w=940","datePublished":"2021-08-11T21:02:36+00:00","author":{"@id":"https:\/\/www.article-marketing.eu\/comunicatistampa\/#\/schema\/person\/66014a94dd443c88d1b7965dfa35b9ab"},"description":"Come rimediare a una carenza di ferro e ripristinarne il corretto livello nel corpo? Te lo spieghiamo in dettaglio in questo articolo.","breadcrumb":{"@id":"https:\/\/www.article-marketing.eu\/comunicatistampa\/carenza-di-ferro-come-rimediare\/#breadcrumb"},"inLanguage":"it-IT","potentialAction":[{"@type":"ReadAction","target":["https:\/\/www.article-marketing.eu\/comunicatistampa\/carenza-di-ferro-come-rimediare\/"]}]},{"@type":"ImageObject","inLanguage":"it-IT","@id":"https:\/\/www.article-marketing.eu\/comunicatistampa\/carenza-di-ferro-come-rimediare\/#primaryimage","url":"https:\/\/images.pexels.com\/photos\/7542650\/pexels-photo-7542650.jpeg?auto=compress&amp;cs=tinysrgb&amp;dpr=2&amp;h=650&amp;w=940","contentUrl":"https:\/\/images.pexels.com\/photos\/7542650\/pexels-photo-7542650.jpeg?auto=compress&amp;cs=tinysrgb&amp;dpr=2&amp;h=650&amp;w=940"},{"@type":"BreadcrumbList","@id":"https:\/\/www.article-marketing.eu\/comunicatistampa\/carenza-di-ferro-come-rimediare\/#breadcrumb","itemListElement":[{"@type":"ListItem","position":1,"name":"Home","item":"https:\/\/www.article-marketing.eu\/comunicatistampa\/"},{"@type":"ListItem","position":2,"name":"Carenza di ferro: come rimediare?"}]},{"@type":"WebSite","@id":"https:\/\/www.article-marketing.eu\/comunicatistampa\/#website","url":"https:\/\/www.article-marketing.eu\/comunicatistampa\/","name":"Article Marketing","description":"article marketing &amp; press release","potentialAction":[{"@type":"SearchAction","target":{"@type":"EntryPoint","urlTemplate":"https:\/\/www.article-marketing.eu\/comunicatistampa\/?s={search_term_string}"},"query-input":{"@type":"PropertyValueSpecification","valueRequired":true,"valueName":"search_term_string"}}],"inLanguage":"it-IT"},{"@type":"Person","@id":"https:\/\/www.article-marketing.eu\/comunicatistampa\/#\/schema\/person\/66014a94dd443c88d1b7965dfa35b9ab","name":"choku","image":{"@type":"ImageObject","inLanguage":"it-IT","@id":"https:\/\/secure.gravatar.com\/avatar\/4640bd84e9ff9ff692894d564910fbeb6594dbd45e1eb088aa1f2e88d8b3d043?s=96&d=mm&r=g","url":"https:\/\/secure.gravatar.com\/avatar\/4640bd84e9ff9ff692894d564910fbeb6594dbd45e1eb088aa1f2e88d8b3d043?s=96&d=mm&r=g","contentUrl":"https:\/\/secure.gravatar.com\/avatar\/4640bd84e9ff9ff692894d564910fbeb6594dbd45e1eb088aa1f2e88d8b3d043?s=96&d=mm&r=g","caption":"choku"},"url":"https:\/\/www.article-marketing.eu\/comunicatistampa\/author\/choku\/"}]}},"_links":{"self":[{"href":"https:\/\/www.article-marketing.eu\/comunicatistampa\/wp-json\/wp\/v2\/posts\/19879","targetHints":{"allow":["GET"]}}],"collection":[{"href":"https:\/\/www.article-marketing.eu\/comunicatistampa\/wp-json\/wp\/v2\/posts"}],"about":[{"href":"https:\/\/www.article-marketing.eu\/comunicatistampa\/wp-json\/wp\/v2\/types\/post"}],"author":[{"embeddable":true,"href":"https:\/\/www.article-marketing.eu\/comunicatistampa\/wp-json\/wp\/v2\/users\/6045"}],"replies":[{"embeddable":true,"href":"https:\/\/www.article-marketing.eu\/comunicatistampa\/wp-json\/wp\/v2\/comments?post=19879"}],"version-history":[{"count":2,"href":"https:\/\/www.article-marketing.eu\/comunicatistampa\/wp-json\/wp\/v2\/posts\/19879\/revisions"}],"predecessor-version":[{"id":19933,"href":"https:\/\/www.article-marketing.eu\/comunicatistampa\/wp-json\/wp\/v2\/posts\/19879\/revisions\/19933"}],"wp:attachment":[{"href":"https:\/\/www.article-marketing.eu\/comunicatistampa\/wp-json\/wp\/v2\/media?parent=19879"}],"wp:term":[{"taxonomy":"category","embeddable":true,"href":"https:\/\/www.article-marketing.eu\/comunicatistampa\/wp-json\/wp\/v2\/categories?post=19879"},{"taxonomy":"post_tag","embeddable":true,"href":"https:\/\/www.article-marketing.eu\/comunicatistampa\/wp-json\/wp\/v2\/tags?post=19879"}],"curies":[{"name":"wp","href":"https:\/\/api.w.org\/{rel}","templated":true}]}}