{"id":20064,"date":"2021-09-24T00:16:39","date_gmt":"2021-09-23T22:16:39","guid":{"rendered":"https:\/\/www.article-marketing.eu\/comunicatistampa\/?p=20064"},"modified":"2021-09-24T00:16:39","modified_gmt":"2021-09-23T22:16:39","slug":"una-targa-per-ricordare-la-fiera-come-luogo-simbolo-della-lotta-al-covid-19-a-bergamo","status":"publish","type":"post","link":"https:\/\/www.article-marketing.eu\/comunicatistampa\/una-targa-per-ricordare-la-fiera-come-luogo-simbolo-della-lotta-al-covid-19-a-bergamo\/","title":{"rendered":"Una targa per ricordare la Fiera  come luogo simbolo della lotta al Covid-19 a Bergamo"},"content":{"rendered":"<p>L\u2019ASST Papa Giovanni XXIII ha riconsegnato questa mattina a <strong>Giuseppe Epinati<\/strong>, Amministratore unico di Bergamo Fiera Nuova s.p.a. e a <strong>Fabio Sannino<\/strong>, Presidente di Ente Fiera Promoberg, le chiavi della Fiera di Bergamo, pronta a tornare alla sua vocazione e ad ospitare eventi fieristici di primo piano, gi\u00e0 a partire dalla Fiera di Sant\u2019Alessandro in programma questo fine settimana.<\/p>\n<p>&nbsp;<\/p>\n<p>La riconsegna \u00e8 stata anche l\u2019occasione per scoprire la targa commemorativa che il Papa Giovanni ha voluto donare alla Fiera posta all\u2019ingresso di quello che per 16 mesi \u00e8 stato un ospedale e presidio sanitario di riferimento per tutto il territorio bergamasco e non solo, a perenne memoria del ruolo che la Fiera ha avuto nella lotta alla pandemia da Covid-19.<\/p>\n<p>&nbsp;<\/p>\n<p>\u201c<em>Abbiamo voluto lasciare un segno tangibile di quello che questo luogo \u00e8 stato e ha rappresentato nella lotta contro un nemico invisibile: un terzo presidio ospedaliero dell\u2019ASST Papa Giovanni XXIII, perch\u00e9 nella fase pi\u00f9 acuta della pandemia c\u2019era la ricerca disperata di posti letto e i nostri due ospedali di San Giovanni Bianco e di Bergamo, nonostante l\u2019enorme dimensioni di quest\u2019ultimo, erano diventati praticamente ospedali covid. Erano i giorni in cui i pazienti gravi venivano inviati in Germania con aerei militari e alcuni trasferiti in altre regioni <\/em>&#8211; ha commentato <strong>Maria Beatrice Stasi<\/strong>, direttore generale dell\u2019ASST Papa Giovanni XXIII \u2013 <em>Queste stesse mura, che oggi sostengono la nostra targa, per tanti mesi hanno ospitato operatori sanitari, tecnici e volontari, bergamaschi e provenienti da tante parti del mondo, arrivati a Bergamo per dare il proprio contributo prima nell\u2019allestimento degli spazi, poi nella cura di centinaia di persone colpite dal virus e infine nella campagna vaccinale massiva\u201d.<\/em><\/p>\n<p><em>\u00a0<\/em><\/p>\n<p>La targa ospita l\u2019opera di Franco Rivolli, \u201cAngels\u201d, la stessa riprodotta sulla Torre 5 e sulla facciata della Fiera e che ha fatto il giro del mondo, e un testo che recita <em>\u201cQuesto luogo per 16 lunghi mesi, dal 6 aprile 2020 all\u20191 agosto 2021, \u00e8 stato un presidio dell&#8217;Ospedale Papa Giovanni XXIII di Bergamo. Centinaia di sanitari e tecnici si sono presi cura di migliaia di cittadini, coltivando la speranza nella lotta comune contro il Covid-19. Questa targa \u00e8 dedicata a tutti i protagonisti che hanno reso possibile l&#8217;Ospedale della Fiera di Bergamo e lavorato con orgoglio e competenza per la cura dei pazienti, perch\u00e8 nulla di ci\u00f2 che qui \u00e8 accaduto venga dimenticato\u201d.<\/em><\/p>\n<p>La Fiera di Bergamo \u00e8 ufficialmente diventata un presidio medico gestito dall\u2019ASST Papa Giovanni XXIII il 6 aprile 2020, curando durante a <strong>prima ondata<\/strong> in 49 giorni 120 pazienti, con l\u2019aiuto dei sanitari del contingente militare russo, di Emergency e di volontari inviati dalla Protezione Civile. Con il rientrare dell\u2019emergenza sanitaria, gli spazi sono stati convertiti in <strong>ambulatori<\/strong>, dove sono stati valutati circa 2.000 pazienti guariti dal virus, dando un contributo essenziale a livello internazionale alla conoscenza del virus e delle sue conseguenze a lungo termine, oltre che ai pazienti, molti duramente provati dalla malattia. A giugno fino a novembre 2020 in Fiera sono state trasferite anche le <strong>attivit\u00e0 vaccinali<\/strong> della sede del PreSST di Borgo Palazzo per offrire ai bambini in et\u00e0 vaccinale e alle loro famiglie spazi pi\u00f9 ampi e sicuri per ricevere le vaccinazioni obbligatorie. A settembre 2020 sono iniziate anche le attivit\u00e0 legate ai <strong>tamponi<\/strong>, circa mille al giorno, proseguite fino a febbraio 2021. Il 2 novembre 2020, con l\u2019avanzare della <strong>seconda ondata<\/strong> pandemica, \u00e8 stato riattivato il presidio ospedaliero, la cui attivit\u00e0 \u00e8 proseguita fino al 25 gennaio 2020, offrendo cure, soprattutto intensive, a 125 pazienti, anche grazie al contributo degli Spedali Civili di Brescia e di personale medico e infermieristico proveniente da alcuni ospedali pubblici e privati delle province di Bergamo e Brescia. Da novembre 2020 e fino al 31 gennaio 2021 alla Fiera sono state eseguite anche le <strong>vaccinazioni antinfluenzali<\/strong>, per poi diventare, dal 1\u00b0 marzo, hub di riferimento per le <strong>vaccinazioni anti-covid<\/strong>, attivit\u00e0 proseguita fino al 1\u00b0 agosto. In totale sono stati 206.072 i vaccini anti-Covid somministrati, circa la met\u00e0 di tutti i vaccini che il Papa Giovanni conta di fare in tutta la campagna.<\/p>\n<p>Presente alla cerimonia anche il Prefetto di Bergamo, Enrico Ricci, e quali testimoni due pazienti, in rappresentanza di quanti sono stati ricoverati e curati in Fiera, che hanno avuto il compito di scoprire la targa commemorativa: Gian Carlo Roncalli, 63 anni, ricoverato in Fiera per 40 giorni, dal 21 novembre al 30 dicembre 2020, per poi essere trasferito all\u2019Ospedale di Bergamo, dove \u00e8 rimasto fino alle dimissioni, in aprile, dopo 5 mesi e mezzo di cure; Alberto Maurizio Pedroni, 59 anni, ricoverato in Fiera dal 30 dicembre 2020 al 7 gennaio 2021, quando \u00e8 stato trasferito all\u2019Ospedale a Romano per il proseguo delle cure.<\/p>\n","protected":false},"excerpt":{"rendered":"<p>L\u2019ASST Papa Giovanni XXIII ha riconsegnato questa mattina a Giuseppe Epinati, Amministratore unico di Bergamo Fiera Nuova s.p.a. e a Fabio Sannino, Presidente di Ente Fiera Promoberg, le chiavi della Fiera di Bergamo, pronta a tornare alla sua vocazione e ad ospitare eventi fieristici di primo piano, gi\u00e0 a partire dalla Fiera di Sant\u2019Alessandro in programma questo fine settimana. &nbsp; La riconsegna \u00e8 stata anche l\u2019occasione per scoprire la targa<\/p>\n<p><a class=\"continue-reading\" href=\"https:\/\/www.article-marketing.eu\/comunicatistampa\/una-targa-per-ricordare-la-fiera-come-luogo-simbolo-della-lotta-al-covid-19-a-bergamo\/\">Continue reading&#8230;<\/a><\/p>\n","protected":false},"author":1855,"featured_media":0,"comment_status":"open","ping_status":"open","sticky":false,"template":"","format":"standard","meta":{"_monsterinsights_skip_tracking":false,"_monsterinsights_sitenote_active":false,"_monsterinsights_sitenote_note":"","_monsterinsights_sitenote_category":0,"footnotes":""},"categories":[371,369],"tags":[5972,8456,8457],"class_list":["post-20064","post","type-post","status-publish","format-standard","hentry","category-medicina","category-salute-e-benessere","tag-covid19","tag-fieradibergamo","tag-hpg23"],"yoast_head":"<!-- This site is optimized with the Yoast SEO plugin v27.3 - https:\/\/yoast.com\/product\/yoast-seo-wordpress\/ -->\n<title>Una targa per ricordare la Fiera come luogo simbolo della lotta al Covid-19 a Bergamo<\/title>\n<meta name=\"robots\" content=\"index, follow, max-snippet:-1, max-image-preview:large, max-video-preview:-1\" \/>\n<link rel=\"canonical\" href=\"https:\/\/www.article-marketing.eu\/comunicatistampa\/una-targa-per-ricordare-la-fiera-come-luogo-simbolo-della-lotta-al-covid-19-a-bergamo\/\" \/>\n<meta property=\"og:locale\" content=\"it_IT\" \/>\n<meta property=\"og:type\" content=\"article\" \/>\n<meta property=\"og:title\" content=\"Una targa per ricordare la Fiera come luogo simbolo della lotta al Covid-19 a Bergamo\" \/>\n<meta property=\"og:description\" content=\"L\u2019ASST Papa Giovanni XXIII ha riconsegnato questa mattina a Giuseppe Epinati, Amministratore unico di Bergamo Fiera Nuova s.p.a. e a Fabio Sannino, Presidente di Ente Fiera Promoberg, le chiavi della Fiera di Bergamo, pronta a tornare alla sua vocazione e ad ospitare eventi fieristici di primo piano, gi\u00e0 a partire dalla Fiera di Sant\u2019Alessandro in programma questo fine settimana. &nbsp; La riconsegna \u00e8 stata anche l\u2019occasione per scoprire la targaContinue reading...\" \/>\n<meta property=\"og:url\" content=\"https:\/\/www.article-marketing.eu\/comunicatistampa\/una-targa-per-ricordare-la-fiera-come-luogo-simbolo-della-lotta-al-covid-19-a-bergamo\/\" \/>\n<meta property=\"og:site_name\" content=\"Article Marketing\" \/>\n<meta property=\"article:published_time\" content=\"2021-09-23T22:16:39+00:00\" \/>\n<meta name=\"author\" content=\"Redaclem\" \/>\n<meta name=\"twitter:card\" content=\"summary_large_image\" \/>\n<meta name=\"twitter:label1\" content=\"Scritto da\" \/>\n\t<meta name=\"twitter:data1\" content=\"Redaclem\" \/>\n\t<meta name=\"twitter:label2\" content=\"Tempo di lettura stimato\" \/>\n\t<meta name=\"twitter:data2\" content=\"4 minuti\" \/>\n<script type=\"application\/ld+json\" class=\"yoast-schema-graph\">{\"@context\":\"https:\\\/\\\/schema.org\",\"@graph\":[{\"@type\":\"Article\",\"@id\":\"https:\\\/\\\/www.article-marketing.eu\\\/comunicatistampa\\\/una-targa-per-ricordare-la-fiera-come-luogo-simbolo-della-lotta-al-covid-19-a-bergamo\\\/#article\",\"isPartOf\":{\"@id\":\"https:\\\/\\\/www.article-marketing.eu\\\/comunicatistampa\\\/una-targa-per-ricordare-la-fiera-come-luogo-simbolo-della-lotta-al-covid-19-a-bergamo\\\/\"},\"author\":{\"name\":\"Redaclem\",\"@id\":\"https:\\\/\\\/www.article-marketing.eu\\\/comunicatistampa\\\/#\\\/schema\\\/person\\\/c0aa725eee5df8460e0adf901fde0c88\"},\"headline\":\"Una targa per ricordare la Fiera come luogo simbolo della lotta al Covid-19 a Bergamo\",\"datePublished\":\"2021-09-23T22:16:39+00:00\",\"mainEntityOfPage\":{\"@id\":\"https:\\\/\\\/www.article-marketing.eu\\\/comunicatistampa\\\/una-targa-per-ricordare-la-fiera-come-luogo-simbolo-della-lotta-al-covid-19-a-bergamo\\\/\"},\"wordCount\":765,\"commentCount\":0,\"keywords\":[\"#covid19\",\"#fieradibergamo\",\"#hpg23\"],\"articleSection\":[\"Medicina\",\"Salute e benessere\"],\"inLanguage\":\"it-IT\",\"potentialAction\":[{\"@type\":\"CommentAction\",\"name\":\"Comment\",\"target\":[\"https:\\\/\\\/www.article-marketing.eu\\\/comunicatistampa\\\/una-targa-per-ricordare-la-fiera-come-luogo-simbolo-della-lotta-al-covid-19-a-bergamo\\\/#respond\"]}]},{\"@type\":\"WebPage\",\"@id\":\"https:\\\/\\\/www.article-marketing.eu\\\/comunicatistampa\\\/una-targa-per-ricordare-la-fiera-come-luogo-simbolo-della-lotta-al-covid-19-a-bergamo\\\/\",\"url\":\"https:\\\/\\\/www.article-marketing.eu\\\/comunicatistampa\\\/una-targa-per-ricordare-la-fiera-come-luogo-simbolo-della-lotta-al-covid-19-a-bergamo\\\/\",\"name\":\"Una targa per ricordare la Fiera come luogo simbolo della lotta al Covid-19 a Bergamo\",\"isPartOf\":{\"@id\":\"https:\\\/\\\/www.article-marketing.eu\\\/comunicatistampa\\\/#website\"},\"datePublished\":\"2021-09-23T22:16:39+00:00\",\"author\":{\"@id\":\"https:\\\/\\\/www.article-marketing.eu\\\/comunicatistampa\\\/#\\\/schema\\\/person\\\/c0aa725eee5df8460e0adf901fde0c88\"},\"breadcrumb\":{\"@id\":\"https:\\\/\\\/www.article-marketing.eu\\\/comunicatistampa\\\/una-targa-per-ricordare-la-fiera-come-luogo-simbolo-della-lotta-al-covid-19-a-bergamo\\\/#breadcrumb\"},\"inLanguage\":\"it-IT\",\"potentialAction\":[{\"@type\":\"ReadAction\",\"target\":[\"https:\\\/\\\/www.article-marketing.eu\\\/comunicatistampa\\\/una-targa-per-ricordare-la-fiera-come-luogo-simbolo-della-lotta-al-covid-19-a-bergamo\\\/\"]}]},{\"@type\":\"BreadcrumbList\",\"@id\":\"https:\\\/\\\/www.article-marketing.eu\\\/comunicatistampa\\\/una-targa-per-ricordare-la-fiera-come-luogo-simbolo-della-lotta-al-covid-19-a-bergamo\\\/#breadcrumb\",\"itemListElement\":[{\"@type\":\"ListItem\",\"position\":1,\"name\":\"Home\",\"item\":\"https:\\\/\\\/www.article-marketing.eu\\\/comunicatistampa\\\/\"},{\"@type\":\"ListItem\",\"position\":2,\"name\":\"Una targa per ricordare la Fiera come luogo simbolo della lotta al Covid-19 a Bergamo\"}]},{\"@type\":\"WebSite\",\"@id\":\"https:\\\/\\\/www.article-marketing.eu\\\/comunicatistampa\\\/#website\",\"url\":\"https:\\\/\\\/www.article-marketing.eu\\\/comunicatistampa\\\/\",\"name\":\"Article Marketing\",\"description\":\"article marketing &amp; press release\",\"potentialAction\":[{\"@type\":\"SearchAction\",\"target\":{\"@type\":\"EntryPoint\",\"urlTemplate\":\"https:\\\/\\\/www.article-marketing.eu\\\/comunicatistampa\\\/?s={search_term_string}\"},\"query-input\":{\"@type\":\"PropertyValueSpecification\",\"valueRequired\":true,\"valueName\":\"search_term_string\"}}],\"inLanguage\":\"it-IT\"},{\"@type\":\"Person\",\"@id\":\"https:\\\/\\\/www.article-marketing.eu\\\/comunicatistampa\\\/#\\\/schema\\\/person\\\/c0aa725eee5df8460e0adf901fde0c88\",\"name\":\"Redaclem\",\"image\":{\"@type\":\"ImageObject\",\"inLanguage\":\"it-IT\",\"@id\":\"https:\\\/\\\/secure.gravatar.com\\\/avatar\\\/4c7e41f332a0583344a91d7d39723533da9b2d0df7737c2d8c69553168c2191e?s=96&d=mm&r=g\",\"url\":\"https:\\\/\\\/secure.gravatar.com\\\/avatar\\\/4c7e41f332a0583344a91d7d39723533da9b2d0df7737c2d8c69553168c2191e?s=96&d=mm&r=g\",\"contentUrl\":\"https:\\\/\\\/secure.gravatar.com\\\/avatar\\\/4c7e41f332a0583344a91d7d39723533da9b2d0df7737c2d8c69553168c2191e?s=96&d=mm&r=g\",\"caption\":\"Redaclem\"},\"url\":\"https:\\\/\\\/www.article-marketing.eu\\\/comunicatistampa\\\/author\\\/redaclem\\\/\"}]}<\/script>\n<!-- \/ Yoast SEO plugin. -->","yoast_head_json":{"title":"Una targa per ricordare la Fiera come luogo simbolo della lotta al Covid-19 a Bergamo","robots":{"index":"index","follow":"follow","max-snippet":"max-snippet:-1","max-image-preview":"max-image-preview:large","max-video-preview":"max-video-preview:-1"},"canonical":"https:\/\/www.article-marketing.eu\/comunicatistampa\/una-targa-per-ricordare-la-fiera-come-luogo-simbolo-della-lotta-al-covid-19-a-bergamo\/","og_locale":"it_IT","og_type":"article","og_title":"Una targa per ricordare la Fiera come luogo simbolo della lotta al Covid-19 a Bergamo","og_description":"L\u2019ASST Papa Giovanni XXIII ha riconsegnato questa mattina a Giuseppe Epinati, Amministratore unico di Bergamo Fiera Nuova s.p.a. e a Fabio Sannino, Presidente di Ente Fiera Promoberg, le chiavi della Fiera di Bergamo, pronta a tornare alla sua vocazione e ad ospitare eventi fieristici di primo piano, gi\u00e0 a partire dalla Fiera di Sant\u2019Alessandro in programma questo fine settimana. &nbsp; La riconsegna \u00e8 stata anche l\u2019occasione per scoprire la targaContinue reading...","og_url":"https:\/\/www.article-marketing.eu\/comunicatistampa\/una-targa-per-ricordare-la-fiera-come-luogo-simbolo-della-lotta-al-covid-19-a-bergamo\/","og_site_name":"Article Marketing","article_published_time":"2021-09-23T22:16:39+00:00","author":"Redaclem","twitter_card":"summary_large_image","twitter_misc":{"Scritto da":"Redaclem","Tempo di lettura stimato":"4 minuti"},"schema":{"@context":"https:\/\/schema.org","@graph":[{"@type":"Article","@id":"https:\/\/www.article-marketing.eu\/comunicatistampa\/una-targa-per-ricordare-la-fiera-come-luogo-simbolo-della-lotta-al-covid-19-a-bergamo\/#article","isPartOf":{"@id":"https:\/\/www.article-marketing.eu\/comunicatistampa\/una-targa-per-ricordare-la-fiera-come-luogo-simbolo-della-lotta-al-covid-19-a-bergamo\/"},"author":{"name":"Redaclem","@id":"https:\/\/www.article-marketing.eu\/comunicatistampa\/#\/schema\/person\/c0aa725eee5df8460e0adf901fde0c88"},"headline":"Una targa per ricordare la Fiera come luogo simbolo della lotta al Covid-19 a Bergamo","datePublished":"2021-09-23T22:16:39+00:00","mainEntityOfPage":{"@id":"https:\/\/www.article-marketing.eu\/comunicatistampa\/una-targa-per-ricordare-la-fiera-come-luogo-simbolo-della-lotta-al-covid-19-a-bergamo\/"},"wordCount":765,"commentCount":0,"keywords":["#covid19","#fieradibergamo","#hpg23"],"articleSection":["Medicina","Salute e benessere"],"inLanguage":"it-IT","potentialAction":[{"@type":"CommentAction","name":"Comment","target":["https:\/\/www.article-marketing.eu\/comunicatistampa\/una-targa-per-ricordare-la-fiera-come-luogo-simbolo-della-lotta-al-covid-19-a-bergamo\/#respond"]}]},{"@type":"WebPage","@id":"https:\/\/www.article-marketing.eu\/comunicatistampa\/una-targa-per-ricordare-la-fiera-come-luogo-simbolo-della-lotta-al-covid-19-a-bergamo\/","url":"https:\/\/www.article-marketing.eu\/comunicatistampa\/una-targa-per-ricordare-la-fiera-come-luogo-simbolo-della-lotta-al-covid-19-a-bergamo\/","name":"Una targa per ricordare la Fiera come luogo simbolo della lotta al Covid-19 a Bergamo","isPartOf":{"@id":"https:\/\/www.article-marketing.eu\/comunicatistampa\/#website"},"datePublished":"2021-09-23T22:16:39+00:00","author":{"@id":"https:\/\/www.article-marketing.eu\/comunicatistampa\/#\/schema\/person\/c0aa725eee5df8460e0adf901fde0c88"},"breadcrumb":{"@id":"https:\/\/www.article-marketing.eu\/comunicatistampa\/una-targa-per-ricordare-la-fiera-come-luogo-simbolo-della-lotta-al-covid-19-a-bergamo\/#breadcrumb"},"inLanguage":"it-IT","potentialAction":[{"@type":"ReadAction","target":["https:\/\/www.article-marketing.eu\/comunicatistampa\/una-targa-per-ricordare-la-fiera-come-luogo-simbolo-della-lotta-al-covid-19-a-bergamo\/"]}]},{"@type":"BreadcrumbList","@id":"https:\/\/www.article-marketing.eu\/comunicatistampa\/una-targa-per-ricordare-la-fiera-come-luogo-simbolo-della-lotta-al-covid-19-a-bergamo\/#breadcrumb","itemListElement":[{"@type":"ListItem","position":1,"name":"Home","item":"https:\/\/www.article-marketing.eu\/comunicatistampa\/"},{"@type":"ListItem","position":2,"name":"Una targa per ricordare la Fiera come luogo simbolo della lotta al Covid-19 a Bergamo"}]},{"@type":"WebSite","@id":"https:\/\/www.article-marketing.eu\/comunicatistampa\/#website","url":"https:\/\/www.article-marketing.eu\/comunicatistampa\/","name":"Article Marketing","description":"article marketing &amp; press release","potentialAction":[{"@type":"SearchAction","target":{"@type":"EntryPoint","urlTemplate":"https:\/\/www.article-marketing.eu\/comunicatistampa\/?s={search_term_string}"},"query-input":{"@type":"PropertyValueSpecification","valueRequired":true,"valueName":"search_term_string"}}],"inLanguage":"it-IT"},{"@type":"Person","@id":"https:\/\/www.article-marketing.eu\/comunicatistampa\/#\/schema\/person\/c0aa725eee5df8460e0adf901fde0c88","name":"Redaclem","image":{"@type":"ImageObject","inLanguage":"it-IT","@id":"https:\/\/secure.gravatar.com\/avatar\/4c7e41f332a0583344a91d7d39723533da9b2d0df7737c2d8c69553168c2191e?s=96&d=mm&r=g","url":"https:\/\/secure.gravatar.com\/avatar\/4c7e41f332a0583344a91d7d39723533da9b2d0df7737c2d8c69553168c2191e?s=96&d=mm&r=g","contentUrl":"https:\/\/secure.gravatar.com\/avatar\/4c7e41f332a0583344a91d7d39723533da9b2d0df7737c2d8c69553168c2191e?s=96&d=mm&r=g","caption":"Redaclem"},"url":"https:\/\/www.article-marketing.eu\/comunicatistampa\/author\/redaclem\/"}]}},"_links":{"self":[{"href":"https:\/\/www.article-marketing.eu\/comunicatistampa\/wp-json\/wp\/v2\/posts\/20064","targetHints":{"allow":["GET"]}}],"collection":[{"href":"https:\/\/www.article-marketing.eu\/comunicatistampa\/wp-json\/wp\/v2\/posts"}],"about":[{"href":"https:\/\/www.article-marketing.eu\/comunicatistampa\/wp-json\/wp\/v2\/types\/post"}],"author":[{"embeddable":true,"href":"https:\/\/www.article-marketing.eu\/comunicatistampa\/wp-json\/wp\/v2\/users\/1855"}],"replies":[{"embeddable":true,"href":"https:\/\/www.article-marketing.eu\/comunicatistampa\/wp-json\/wp\/v2\/comments?post=20064"}],"version-history":[{"count":2,"href":"https:\/\/www.article-marketing.eu\/comunicatistampa\/wp-json\/wp\/v2\/posts\/20064\/revisions"}],"predecessor-version":[{"id":20323,"href":"https:\/\/www.article-marketing.eu\/comunicatistampa\/wp-json\/wp\/v2\/posts\/20064\/revisions\/20323"}],"wp:attachment":[{"href":"https:\/\/www.article-marketing.eu\/comunicatistampa\/wp-json\/wp\/v2\/media?parent=20064"}],"wp:term":[{"taxonomy":"category","embeddable":true,"href":"https:\/\/www.article-marketing.eu\/comunicatistampa\/wp-json\/wp\/v2\/categories?post=20064"},{"taxonomy":"post_tag","embeddable":true,"href":"https:\/\/www.article-marketing.eu\/comunicatistampa\/wp-json\/wp\/v2\/tags?post=20064"}],"curies":[{"name":"wp","href":"https:\/\/api.w.org\/{rel}","templated":true}]}}