{"id":20077,"date":"2021-09-23T18:43:39","date_gmt":"2021-09-23T16:43:39","guid":{"rendered":"https:\/\/www.article-marketing.eu\/comunicatistampa\/?p=20077"},"modified":"2021-09-23T18:43:39","modified_gmt":"2021-09-23T16:43:39","slug":"protezione-dei-dati-come-diventare-specialisti-della-privacy","status":"publish","type":"post","link":"https:\/\/www.article-marketing.eu\/comunicatistampa\/protezione-dei-dati-come-diventare-specialisti-della-privacy\/","title":{"rendered":"Protezione dei dati: come diventare specialisti della privacy"},"content":{"rendered":"<h1>Comunicato Stampa<\/h1>\n<p><strong>Protezione dei dati: come diventare specialisti della privacy<\/strong><\/p>\n<p><strong><em>\u00a0<\/em><\/strong><\/p>\n<p><strong><em>Un nuovo percorso <\/em><\/strong><strong><em>formativ<\/em><\/strong><strong><em>o<\/em><\/strong> <strong><em>in videoconferenza <\/em><\/strong><strong><em>nel mese di settembre 2021 per fornire le <\/em><\/strong><strong><em>competenze necessarie per il <\/em><\/strong><strong><em>ruolo di Specialista privacy <\/em><\/strong><strong><em>in relazione <\/em><\/strong><strong><em>alla protezione ed alla tutela dei dati personali.<\/em><\/strong><\/p>\n<p>&nbsp;<\/p>\n<p>La materia della <strong>protezione dei dati personali<\/strong>, con riferimento a quanto richiesto dal <strong>Regolamento UE 2016\/679 <\/strong>(<em>GDPR &#8211; General Data Protection Regulation<\/em>)<strong>, <\/strong>coinvolge ormai aziende e professionisti che utilizzano tali dati, influenzandone attivit\u00e0 e organizzazione.<\/p>\n<p>&nbsp;<\/p>\n<p>In ogni azienda diventa sempre pi\u00f9 importante la presenza di <strong>professionisti della privacy<\/strong> per adeguare processi e modalit\u00e0 di tenuta dei dati personali in modalit\u00e0 conforme a quanto prescritto dalla normativa nazionale ed europea. E tra i professionisti della privacy oltre al <em>Data Protection Officer<\/em>, al <em>Manager Privacy<\/em> e al <em>Valutatore Privacy<\/em> \u2013 come definiti dalla norma UNI 11697:2017 \u2013 c\u2019\u00e8 anche lo <strong>Specialista privacy<\/strong>, una funzione importante per chi ricopre ruoli operativi che prevedono il trattamento di dati personali.<\/p>\n<p>&nbsp;<\/p>\n<p><strong>Chi \u00e8 lo specialista privacy? Esistono percorsi formativi innovativi ed efficaci nel fornire le conoscenze necessarie per questo professionista della privacy?<\/strong><\/p>\n<p>&nbsp;<\/p>\n<p><strong>Il ruolo e i compiti dello specialista privacy<\/strong><\/p>\n<p>Per conoscere il ruolo dello <strong>Specialista privacy<\/strong> si pu\u00f2 fare riferimento alle indicazioni della <strong>norma UNI 11697:2017<\/strong> (\u201c<em>Attivit\u00e0 professionali non regolamentate &#8211; Profili professionali relativi al trattamento e alla protezione dei dati personali &#8211; Requisiti di conoscenza, abilit\u00e0 e competenza<\/em>\u201d) che definisce i requisiti relativi all\u2019attivit\u00e0 professionale di soggetti operanti nell&#8217;ambito del trattamento e della protezione dei dati personali, ossia la professione intellettuale che viene esercitata a diversi livelli di complessit\u00e0 e in diversi contesti organizzativi. pubblici e privati.<\/p>\n<p>Il professionista operante nell\u2019ambito del trattamento e della protezione dei dati personali contribuisce alla gestione o alla verifica di un insieme pi\u00f9 o meno ampio di processi e sistemi informativi coinvolti nel trattamento di dati personali per conto di persone fisiche o giuridiche quali per esempio enti, istituzioni, associazioni, soggetti pubblici o privati.<\/p>\n<p>&nbsp;<\/p>\n<p>In particolare la norma UNI individua lo <strong>Specialista privacy<\/strong> come il professionista che supporta gli altri professionisti della privacy, curando la corretta attuazione del Regolamento e la realizzazione delle idonee misure tecniche e organizzative. \u00c8 l\u2019esperto operativo per la protezione dei dati personali.<\/p>\n<p>&nbsp;<\/p>\n<p>Questi alcuni dei suoi <strong>compiti principali<\/strong>:<\/p>\n<ul>\n<li>condurre le attivit\u00e0 di valutazione d&#8217;impatto sulla protezione dei dati personali;<\/li>\n<li>fornire supporto specialistico relativamente a questioni specifiche;<\/li>\n<li>proporre le misure da adottare per gestire i rischi relativi al trattamento e alla protezione dei dati personali;<\/li>\n<li>redigere e aggiornare le politiche e le procedure per il trattamento e la protezione dei dati personali;<\/li>\n<li>attuare e documentare processi e soluzioni tecniche relative alla protezione dei dati personali;<\/li>\n<li>documentare le violazioni dei dati personali.<\/li>\n<\/ul>\n<p><strong>\u00a0<\/strong><\/p>\n<p><strong>Il nuovo corso per formare gli specialisti privacy<\/strong><\/p>\n<p>Proprio per formare questi specifici professionisti della privacy l\u2019<strong>Associazione Italiana Formatori ed Operatori della Sicurezza sul Lavoro<\/strong> (AiFOS) organizza a Brescia, durante il mese di<strong> settembre 2021<\/strong>, un corso di 24 ore in videoconferenza dal titolo \u201c<strong>I Professionisti della Privacy &#8211; Lo Specialista Privacy<\/strong>\u201d.<\/p>\n<p>&nbsp;<\/p>\n<p>Il corso consente ai partecipanti di adempiere al requisito della formazione specifica per l&#8217;accesso ai profili professionali individuati dalla norma <strong>UNI 11697:2017<\/strong> e si pone l\u2019obiettivo di fornire le conoscenze richieste per ricoprire il ruolo di Specialista privacy per supportare le organizzazioni pubbliche e private al fine di curare la corretta attuazione del trattamento dei dati. <strong>\u00a0<\/strong><\/p>\n<p><strong>\u00a0<\/strong><\/p>\n<p>Il percorso formativo \u00e8 rivolto a imprenditori, manager, consulenti, RSPP e dipendenti di aziende pubbliche e\/o private interessati al tema del trattamento dei dati personali.<\/p>\n<p>&nbsp;<\/p>\n<p>I <strong>docenti<\/strong> del corso sono:<\/p>\n<ul>\n<li><strong>Paola Limatola<\/strong>: DPO certificata, consulente con esperienza pluriennale in tematiche relative il trattamento dati personali e organizzazione aziendale.<\/li>\n<li><strong>Sebastiano Plutino<\/strong>: DPO certificato, consulente aziendale in Sistemi di gestione, esperto in organizzazione aziendale e strutturazione di processi operativi<\/li>\n<li><strong>Giuseppe Galgano<\/strong>: DPO certificato, manager con esperienza pluriennale in tematiche di protezione dei dati e formazione.<\/li>\n<\/ul>\n<p>&nbsp;<\/p>\n<p><strong>Gli argomenti trattati e le informazioni sul corso <\/strong><\/p>\n<p>Il corso di formazione di 24 ore per gli <strong>Specialisti privacy<\/strong> \u00e8 qualificato AICQ SICEV e si terr\u00e0, in modalit\u00e0 videoconferenza, dalle 9.00 alle 13.00 nelle seguenti date: <strong>14, 15, 17, 21, 23, 24 settembre 2021<\/strong>.<\/p>\n<p>&nbsp;<\/p>\n<p>Questi alcuni degli <strong>argomenti trattati<\/strong> nel corso:<\/p>\n<ul>\n<li>Introduzione alla legislazione Privacy e al Regolamento europeo<\/li>\n<li>I contenuti e le principali novit\u00e0 del Regolamento (UE) 2016\/679<\/li>\n<li>Soggetti che hanno responsabilit\u00e0 del trattamento<\/li>\n<li>Le basi di legittimit\u00e0 del trattamento<\/li>\n<li>Il d.lgs. 196\/2003 novellato sulla base del d.lgs. 101\/2018<\/li>\n<li>Approccio al Rischio: Privacy Impact Analysis, Valutazione d\u2019impatto<\/li>\n<li>Applicazioni informatiche: mail, cloud, cookie<\/li>\n<li>Documentazione: il registro del trattamento<\/li>\n<li>L&#8217;Autorit\u00e0 Garante dal Codice Privacy al GDPR<\/li>\n<li>Come notificare una violazione: il modello del Garante e la sua compilazione<\/li>\n<li>Settori specifici: profilazione, cookies, marketing diffuso, trattamento dati nell\u2019ambito del lavoro, videosorveglianza, contact tracing<\/li>\n<li>La privacy e la Sicurezza sul Lavoro e sorveglianza sanitaria<\/li>\n<li>i trattamenti del datore di lavoro legati alla pandemia COVID-19<\/li>\n<\/ul>\n<p>&nbsp;<\/p>\n<p>Il corso \u00e8 valido come 24 ore di aggiornamento per RSPP\/ASPP, per formatori qualificati prima area tematica e Consulenti AiFOS (ambito sistemi di gestione).<\/p>\n<p>&nbsp;<\/p>\n<p>Per avere ulteriori dettagli sul corso e iscriversi, \u00e8 possibile utilizzare questo link:<\/p>\n<p><a href=\"https:\/\/aifos.org\/home\/formazione\/corsi\/corsi-in-programma\/corsi-in-programma\/i_professionisti_della_privacy_lo_specialista_privacy\">https:\/\/aifos.org\/home\/formazione\/corsi\/corsi-in-programma\/corsi-in-programma\/i_professionisti_della_privacy_lo_specialista_privacy<\/a><\/p>\n<p>&nbsp;<\/p>\n<p>Per informazioni e iscrizioni:<\/p>\n<p><strong>Sede nazionale AiFOS<\/strong> &#8211; via Branze, 45 &#8211; 25123 Brescia c\/o CSMT, Universit\u00e0 degli Studi di Brescia &#8211; tel.030.6595031 &#8211; fax 030.6595040 <a href=\"http:\/\/www.aifos.it\">www.aifos.it<\/a>\u00a0 &#8211; <a href=\"mailto:formarsi@aifos.it\">formarsi@aifos.it<\/a><\/p>\n<p>&nbsp;<\/p>\n<p><em>02 settembre 2021<\/em><\/p>\n<p>&nbsp;<\/p>\n<p>&nbsp;<\/p>\n<p>Ufficio Stampa di AiFOS<\/p>\n<p>ufficiostampa@aifos.it<\/p>\n","protected":false},"excerpt":{"rendered":"<p>Comunicato Stampa Protezione dei dati: come diventare specialisti della privacy \u00a0 Un nuovo percorso formativo in videoconferenza nel mese di settembre 2021 per fornire le competenze necessarie per il ruolo di Specialista privacy in relazione alla protezione ed alla tutela dei dati personali. &nbsp; La materia della protezione dei dati personali, con riferimento a quanto richiesto dal Regolamento UE 2016\/679 (GDPR &#8211; General Data Protection Regulation), coinvolge ormai aziende e<\/p>\n<p><a class=\"continue-reading\" href=\"https:\/\/www.article-marketing.eu\/comunicatistampa\/protezione-dei-dati-come-diventare-specialisti-della-privacy\/\">Continue reading&#8230;<\/a><\/p>\n","protected":false},"author":881,"featured_media":0,"comment_status":"open","ping_status":"open","sticky":false,"template":"","format":"standard","meta":{"_monsterinsights_skip_tracking":false,"_monsterinsights_sitenote_active":false,"_monsterinsights_sitenote_note":"","_monsterinsights_sitenote_category":0,"footnotes":""},"categories":[78,379,378,390,394],"tags":[3301,3235,6049,8462,193,8461,8460,4680,7698,1538,4688,4684,6023,6342],"class_list":["post-20077","post","type-post","status-publish","format-standard","hentry","category-comunicati-stampa","category-corsi","category-istruzione","category-professionisti","category-servizi","tag-aifos","tag-brescia","tag-covid-19","tag-d-lgs-101-2018","tag-formazione","tag-i-professionisti-della-privacy-lo-specialista-privacy","tag-norma-uni-116972017","tag-professionisti-della-privacy","tag-regolamento-ue-2016-679","tag-sicurezza-sul-lavoro","tag-specialista-privacy","tag-trattamento-dei-dati-personali","tag-videoconferenza","tag-webinar"],"yoast_head":"<!-- This site is optimized with the Yoast SEO plugin v27.3 - https:\/\/yoast.com\/product\/yoast-seo-wordpress\/ -->\n<title>Protezione dei dati: come diventare specialisti della privacy<\/title>\n<meta name=\"robots\" content=\"index, follow, max-snippet:-1, max-image-preview:large, max-video-preview:-1\" \/>\n<link rel=\"canonical\" href=\"https:\/\/www.article-marketing.eu\/comunicatistampa\/protezione-dei-dati-come-diventare-specialisti-della-privacy\/\" \/>\n<meta property=\"og:locale\" content=\"it_IT\" \/>\n<meta property=\"og:type\" content=\"article\" \/>\n<meta property=\"og:title\" content=\"Protezione dei dati: come diventare specialisti della privacy\" \/>\n<meta property=\"og:description\" content=\"Comunicato Stampa Protezione dei dati: come diventare specialisti della privacy \u00a0 Un nuovo percorso formativo in videoconferenza nel mese di settembre 2021 per fornire le competenze necessarie per il ruolo di Specialista privacy in relazione alla protezione ed alla tutela dei dati personali. &nbsp; La materia della protezione dei dati personali, con riferimento a quanto richiesto dal Regolamento UE 2016\/679 (GDPR &#8211; General Data Protection Regulation), coinvolge ormai aziende eContinue reading...\" \/>\n<meta property=\"og:url\" content=\"https:\/\/www.article-marketing.eu\/comunicatistampa\/protezione-dei-dati-come-diventare-specialisti-della-privacy\/\" \/>\n<meta property=\"og:site_name\" content=\"Article Marketing\" \/>\n<meta property=\"article:published_time\" content=\"2021-09-23T16:43:39+00:00\" \/>\n<meta name=\"author\" content=\"AIFUS\" \/>\n<meta name=\"twitter:card\" content=\"summary_large_image\" \/>\n<meta name=\"twitter:label1\" content=\"Scritto da\" \/>\n\t<meta name=\"twitter:data1\" content=\"AIFUS\" \/>\n\t<meta name=\"twitter:label2\" content=\"Tempo di lettura stimato\" \/>\n\t<meta name=\"twitter:data2\" content=\"4 minuti\" \/>\n<script type=\"application\/ld+json\" class=\"yoast-schema-graph\">{\"@context\":\"https:\\\/\\\/schema.org\",\"@graph\":[{\"@type\":\"Article\",\"@id\":\"https:\\\/\\\/www.article-marketing.eu\\\/comunicatistampa\\\/protezione-dei-dati-come-diventare-specialisti-della-privacy\\\/#article\",\"isPartOf\":{\"@id\":\"https:\\\/\\\/www.article-marketing.eu\\\/comunicatistampa\\\/protezione-dei-dati-come-diventare-specialisti-della-privacy\\\/\"},\"author\":{\"name\":\"AIFUS\",\"@id\":\"https:\\\/\\\/www.article-marketing.eu\\\/comunicatistampa\\\/#\\\/schema\\\/person\\\/d1985c4955ff71a05f49d68e3034b3cd\"},\"headline\":\"Protezione dei dati: come diventare specialisti della privacy\",\"datePublished\":\"2021-09-23T16:43:39+00:00\",\"mainEntityOfPage\":{\"@id\":\"https:\\\/\\\/www.article-marketing.eu\\\/comunicatistampa\\\/protezione-dei-dati-come-diventare-specialisti-della-privacy\\\/\"},\"wordCount\":889,\"commentCount\":0,\"keywords\":[\"Aifos\",\"Brescia\",\"COVID-19\",\"d.lgs. 101\\\/2018\",\"formazione\",\"I Professionisti della Privacy - Lo Specialista Privacy\",\"norma UNI 11697:2017\",\"professionisti della privacy\",\"Regolamento UE 2016\\\/679\",\"sicurezza sul lavoro\",\"Specialista Privacy\",\"trattamento dei dati personali\",\"videoconferenza\",\"webinar\"],\"articleSection\":[\"Comunicati stampa\",\"Corsi\",\"Istruzione\",\"Professionisti\",\"Servizi\"],\"inLanguage\":\"it-IT\",\"potentialAction\":[{\"@type\":\"CommentAction\",\"name\":\"Comment\",\"target\":[\"https:\\\/\\\/www.article-marketing.eu\\\/comunicatistampa\\\/protezione-dei-dati-come-diventare-specialisti-della-privacy\\\/#respond\"]}]},{\"@type\":\"WebPage\",\"@id\":\"https:\\\/\\\/www.article-marketing.eu\\\/comunicatistampa\\\/protezione-dei-dati-come-diventare-specialisti-della-privacy\\\/\",\"url\":\"https:\\\/\\\/www.article-marketing.eu\\\/comunicatistampa\\\/protezione-dei-dati-come-diventare-specialisti-della-privacy\\\/\",\"name\":\"Protezione dei dati: come diventare specialisti della privacy\",\"isPartOf\":{\"@id\":\"https:\\\/\\\/www.article-marketing.eu\\\/comunicatistampa\\\/#website\"},\"datePublished\":\"2021-09-23T16:43:39+00:00\",\"author\":{\"@id\":\"https:\\\/\\\/www.article-marketing.eu\\\/comunicatistampa\\\/#\\\/schema\\\/person\\\/d1985c4955ff71a05f49d68e3034b3cd\"},\"breadcrumb\":{\"@id\":\"https:\\\/\\\/www.article-marketing.eu\\\/comunicatistampa\\\/protezione-dei-dati-come-diventare-specialisti-della-privacy\\\/#breadcrumb\"},\"inLanguage\":\"it-IT\",\"potentialAction\":[{\"@type\":\"ReadAction\",\"target\":[\"https:\\\/\\\/www.article-marketing.eu\\\/comunicatistampa\\\/protezione-dei-dati-come-diventare-specialisti-della-privacy\\\/\"]}]},{\"@type\":\"BreadcrumbList\",\"@id\":\"https:\\\/\\\/www.article-marketing.eu\\\/comunicatistampa\\\/protezione-dei-dati-come-diventare-specialisti-della-privacy\\\/#breadcrumb\",\"itemListElement\":[{\"@type\":\"ListItem\",\"position\":1,\"name\":\"Home\",\"item\":\"https:\\\/\\\/www.article-marketing.eu\\\/comunicatistampa\\\/\"},{\"@type\":\"ListItem\",\"position\":2,\"name\":\"Protezione dei dati: come diventare specialisti della privacy\"}]},{\"@type\":\"WebSite\",\"@id\":\"https:\\\/\\\/www.article-marketing.eu\\\/comunicatistampa\\\/#website\",\"url\":\"https:\\\/\\\/www.article-marketing.eu\\\/comunicatistampa\\\/\",\"name\":\"Article Marketing\",\"description\":\"article marketing &amp; press release\",\"potentialAction\":[{\"@type\":\"SearchAction\",\"target\":{\"@type\":\"EntryPoint\",\"urlTemplate\":\"https:\\\/\\\/www.article-marketing.eu\\\/comunicatistampa\\\/?s={search_term_string}\"},\"query-input\":{\"@type\":\"PropertyValueSpecification\",\"valueRequired\":true,\"valueName\":\"search_term_string\"}}],\"inLanguage\":\"it-IT\"},{\"@type\":\"Person\",\"@id\":\"https:\\\/\\\/www.article-marketing.eu\\\/comunicatistampa\\\/#\\\/schema\\\/person\\\/d1985c4955ff71a05f49d68e3034b3cd\",\"name\":\"AIFUS\",\"image\":{\"@type\":\"ImageObject\",\"inLanguage\":\"it-IT\",\"@id\":\"https:\\\/\\\/secure.gravatar.com\\\/avatar\\\/05cf2a2ba057667571308b94c84f00ff48766ffac95710a87491a9b3ddcee484?s=96&d=mm&r=g\",\"url\":\"https:\\\/\\\/secure.gravatar.com\\\/avatar\\\/05cf2a2ba057667571308b94c84f00ff48766ffac95710a87491a9b3ddcee484?s=96&d=mm&r=g\",\"contentUrl\":\"https:\\\/\\\/secure.gravatar.com\\\/avatar\\\/05cf2a2ba057667571308b94c84f00ff48766ffac95710a87491a9b3ddcee484?s=96&d=mm&r=g\",\"caption\":\"AIFUS\"},\"url\":\"https:\\\/\\\/www.article-marketing.eu\\\/comunicatistampa\\\/author\\\/aifus\\\/\"}]}<\/script>\n<!-- \/ Yoast SEO plugin. -->","yoast_head_json":{"title":"Protezione dei dati: come diventare specialisti della privacy","robots":{"index":"index","follow":"follow","max-snippet":"max-snippet:-1","max-image-preview":"max-image-preview:large","max-video-preview":"max-video-preview:-1"},"canonical":"https:\/\/www.article-marketing.eu\/comunicatistampa\/protezione-dei-dati-come-diventare-specialisti-della-privacy\/","og_locale":"it_IT","og_type":"article","og_title":"Protezione dei dati: come diventare specialisti della privacy","og_description":"Comunicato Stampa Protezione dei dati: come diventare specialisti della privacy \u00a0 Un nuovo percorso formativo in videoconferenza nel mese di settembre 2021 per fornire le competenze necessarie per il ruolo di Specialista privacy in relazione alla protezione ed alla tutela dei dati personali. &nbsp; La materia della protezione dei dati personali, con riferimento a quanto richiesto dal Regolamento UE 2016\/679 (GDPR &#8211; General Data Protection Regulation), coinvolge ormai aziende eContinue reading...","og_url":"https:\/\/www.article-marketing.eu\/comunicatistampa\/protezione-dei-dati-come-diventare-specialisti-della-privacy\/","og_site_name":"Article Marketing","article_published_time":"2021-09-23T16:43:39+00:00","author":"AIFUS","twitter_card":"summary_large_image","twitter_misc":{"Scritto da":"AIFUS","Tempo di lettura stimato":"4 minuti"},"schema":{"@context":"https:\/\/schema.org","@graph":[{"@type":"Article","@id":"https:\/\/www.article-marketing.eu\/comunicatistampa\/protezione-dei-dati-come-diventare-specialisti-della-privacy\/#article","isPartOf":{"@id":"https:\/\/www.article-marketing.eu\/comunicatistampa\/protezione-dei-dati-come-diventare-specialisti-della-privacy\/"},"author":{"name":"AIFUS","@id":"https:\/\/www.article-marketing.eu\/comunicatistampa\/#\/schema\/person\/d1985c4955ff71a05f49d68e3034b3cd"},"headline":"Protezione dei dati: come diventare specialisti della privacy","datePublished":"2021-09-23T16:43:39+00:00","mainEntityOfPage":{"@id":"https:\/\/www.article-marketing.eu\/comunicatistampa\/protezione-dei-dati-come-diventare-specialisti-della-privacy\/"},"wordCount":889,"commentCount":0,"keywords":["Aifos","Brescia","COVID-19","d.lgs. 101\/2018","formazione","I Professionisti della Privacy - Lo Specialista Privacy","norma UNI 11697:2017","professionisti della privacy","Regolamento UE 2016\/679","sicurezza sul lavoro","Specialista Privacy","trattamento dei dati personali","videoconferenza","webinar"],"articleSection":["Comunicati stampa","Corsi","Istruzione","Professionisti","Servizi"],"inLanguage":"it-IT","potentialAction":[{"@type":"CommentAction","name":"Comment","target":["https:\/\/www.article-marketing.eu\/comunicatistampa\/protezione-dei-dati-come-diventare-specialisti-della-privacy\/#respond"]}]},{"@type":"WebPage","@id":"https:\/\/www.article-marketing.eu\/comunicatistampa\/protezione-dei-dati-come-diventare-specialisti-della-privacy\/","url":"https:\/\/www.article-marketing.eu\/comunicatistampa\/protezione-dei-dati-come-diventare-specialisti-della-privacy\/","name":"Protezione dei dati: come diventare specialisti della privacy","isPartOf":{"@id":"https:\/\/www.article-marketing.eu\/comunicatistampa\/#website"},"datePublished":"2021-09-23T16:43:39+00:00","author":{"@id":"https:\/\/www.article-marketing.eu\/comunicatistampa\/#\/schema\/person\/d1985c4955ff71a05f49d68e3034b3cd"},"breadcrumb":{"@id":"https:\/\/www.article-marketing.eu\/comunicatistampa\/protezione-dei-dati-come-diventare-specialisti-della-privacy\/#breadcrumb"},"inLanguage":"it-IT","potentialAction":[{"@type":"ReadAction","target":["https:\/\/www.article-marketing.eu\/comunicatistampa\/protezione-dei-dati-come-diventare-specialisti-della-privacy\/"]}]},{"@type":"BreadcrumbList","@id":"https:\/\/www.article-marketing.eu\/comunicatistampa\/protezione-dei-dati-come-diventare-specialisti-della-privacy\/#breadcrumb","itemListElement":[{"@type":"ListItem","position":1,"name":"Home","item":"https:\/\/www.article-marketing.eu\/comunicatistampa\/"},{"@type":"ListItem","position":2,"name":"Protezione dei dati: come diventare specialisti della privacy"}]},{"@type":"WebSite","@id":"https:\/\/www.article-marketing.eu\/comunicatistampa\/#website","url":"https:\/\/www.article-marketing.eu\/comunicatistampa\/","name":"Article Marketing","description":"article marketing &amp; press release","potentialAction":[{"@type":"SearchAction","target":{"@type":"EntryPoint","urlTemplate":"https:\/\/www.article-marketing.eu\/comunicatistampa\/?s={search_term_string}"},"query-input":{"@type":"PropertyValueSpecification","valueRequired":true,"valueName":"search_term_string"}}],"inLanguage":"it-IT"},{"@type":"Person","@id":"https:\/\/www.article-marketing.eu\/comunicatistampa\/#\/schema\/person\/d1985c4955ff71a05f49d68e3034b3cd","name":"AIFUS","image":{"@type":"ImageObject","inLanguage":"it-IT","@id":"https:\/\/secure.gravatar.com\/avatar\/05cf2a2ba057667571308b94c84f00ff48766ffac95710a87491a9b3ddcee484?s=96&d=mm&r=g","url":"https:\/\/secure.gravatar.com\/avatar\/05cf2a2ba057667571308b94c84f00ff48766ffac95710a87491a9b3ddcee484?s=96&d=mm&r=g","contentUrl":"https:\/\/secure.gravatar.com\/avatar\/05cf2a2ba057667571308b94c84f00ff48766ffac95710a87491a9b3ddcee484?s=96&d=mm&r=g","caption":"AIFUS"},"url":"https:\/\/www.article-marketing.eu\/comunicatistampa\/author\/aifus\/"}]}},"_links":{"self":[{"href":"https:\/\/www.article-marketing.eu\/comunicatistampa\/wp-json\/wp\/v2\/posts\/20077","targetHints":{"allow":["GET"]}}],"collection":[{"href":"https:\/\/www.article-marketing.eu\/comunicatistampa\/wp-json\/wp\/v2\/posts"}],"about":[{"href":"https:\/\/www.article-marketing.eu\/comunicatistampa\/wp-json\/wp\/v2\/types\/post"}],"author":[{"embeddable":true,"href":"https:\/\/www.article-marketing.eu\/comunicatistampa\/wp-json\/wp\/v2\/users\/881"}],"replies":[{"embeddable":true,"href":"https:\/\/www.article-marketing.eu\/comunicatistampa\/wp-json\/wp\/v2\/comments?post=20077"}],"version-history":[{"count":2,"href":"https:\/\/www.article-marketing.eu\/comunicatistampa\/wp-json\/wp\/v2\/posts\/20077\/revisions"}],"predecessor-version":[{"id":20313,"href":"https:\/\/www.article-marketing.eu\/comunicatistampa\/wp-json\/wp\/v2\/posts\/20077\/revisions\/20313"}],"wp:attachment":[{"href":"https:\/\/www.article-marketing.eu\/comunicatistampa\/wp-json\/wp\/v2\/media?parent=20077"}],"wp:term":[{"taxonomy":"category","embeddable":true,"href":"https:\/\/www.article-marketing.eu\/comunicatistampa\/wp-json\/wp\/v2\/categories?post=20077"},{"taxonomy":"post_tag","embeddable":true,"href":"https:\/\/www.article-marketing.eu\/comunicatistampa\/wp-json\/wp\/v2\/tags?post=20077"}],"curies":[{"name":"wp","href":"https:\/\/api.w.org\/{rel}","templated":true}]}}