{"id":20091,"date":"2021-09-24T00:26:25","date_gmt":"2021-09-23T22:26:25","guid":{"rendered":"https:\/\/www.article-marketing.eu\/comunicatistampa\/?p=20091"},"modified":"2021-09-24T00:26:25","modified_gmt":"2021-09-23T22:26:25","slug":"sabato-4-settembre-avis-regionale-lombardia-organizza-il-convegno-pnrr-quali-prospettive-per-avis","status":"publish","type":"post","link":"https:\/\/www.article-marketing.eu\/comunicatistampa\/sabato-4-settembre-avis-regionale-lombardia-organizza-il-convegno-pnrr-quali-prospettive-per-avis\/","title":{"rendered":"SABATO 4 SETTEMBRE AVIS REGIONALE LOMBARDIA ORGANIZZA IL CONVEGNO \u201cPNRR: QUALI PROSPETTIVE PER AVIS?\u201d"},"content":{"rendered":"<p>Dalle ore 9.30 alle ore 13.00<\/p>\n<p>Sede Avis Regionale Lombardia (con green pass)<\/p>\n<p>Largo Volontari del Sangue, 1 \u2013 Milano<\/p>\n<p>&nbsp;<\/p>\n<p>Oppure online previa registrazione al seguente link:<\/p>\n<p><a href=\"https:\/\/forms.gle\/4Cui6WJ5FUQpT3c18\">https:\/\/forms.gle\/4Cui6WJ5FUQpT3c18<\/a><\/p>\n<p>&nbsp;<\/p>\n<p><em>Milano, 2 settembre 2021 \u2013<\/em> <strong>\u201cPNRR: Quali prospettive per Avis?\u201d<\/strong>: \u00e8 questa la domanda a cui cercher\u00e0 di rispondere il convegno organizzato da <strong>Avis Regionale Lombardia<\/strong> per il prossimo <strong>sabato 4 settembre<\/strong>. Un incontro in presenza (che verr\u00e0 trasmesso anche online sulla piattaforma Zoom, al link che verr\u00e0 fornito tramite e-mail dopo aver effettuato l\u2019iscrizione all\u2019evento qui: <a href=\"https:\/\/forms.gle\/4Cui6WJ5FUQpT3c18\">https:\/\/forms.gle\/4Cui6WJ5FUQpT3c18<\/a>, alle <strong>ore 9:30 <\/strong>presso la <strong>sede dell\u2019Associazione<\/strong> in L.go Volontari del Sangue, 1, Milano, che vede susseguirsi <strong>interventi di personalit\u00e0 di rilievo <\/strong>e attraverso i quali si analizzeranno e approfondiranno gli aspetti che interessano il Terzo Settore del <strong>PNRR (Piano Nazionale di Ripresa e Resilienza)<\/strong>, documento di rilevanza centrale per le <strong>attivit\u00e0 sociali<\/strong> del Paese e della Lombardia in particolare.<\/p>\n<p>&nbsp;<\/p>\n<p>Il convegno ha l\u2019obiettivo di <strong>presentare il PNRR in termini generali<\/strong>, fornendo sia una panoramica complessiva del documento, sia favorendo una riflessione sui <strong>possibili spazi di intervento per il mondo del volontariato<\/strong> che, da sempre, vede Avis Lombardia in prima linea nel promuovere azioni a livello sociale e di sviluppo per i territori e le comunit\u00e0.<\/p>\n<p>&nbsp;<\/p>\n<p>A seguito dell\u2019introduzione del <strong>Presidente di Avis Regionale Lombardia Oscar Bianchi<\/strong>, il convegno prender\u00e0 il via con l\u2019intervento dell\u2019<strong>Avvocato <\/strong><strong>Mario Araneo <\/strong>(Studio Legale Associato \u201cSpalla e Araneo\u201d), esperto giurista, che andr\u00e0 a toccare i contenuti del PNRR di pi\u00f9 stretto interesse per il mondo del volontariato e del Terzo Settore. L\u2019evento proseguir\u00e0 con l\u2019intervento, di carattere pi\u00f9 istituzionale e politico, della <strong>Dott.ssa Alessandra Locatelli<\/strong>, Assessore alla Famiglia, Solidariet\u00e0 Sociale, Disabilit\u00e0 e Pari Opportunit\u00e0 di Regione Lombardia, che affronter\u00e0 progetti e prospettive d\u2019azione della Regione. Al termine del saluto istituzionale del <strong>Presidente di Avis Nazionale Gianpietro Briola<\/strong>, sar\u00e0 il momento di una riflessione tecnica, per approfondire i progetti di intervento proposti sul territorio dalle istituzioni locali, ad opera del <strong>Sociologo e Dirigente di ATS Bergamo Dott. Iorio Riva<\/strong>. Infine, a conclusione del convegno, un intervento che tratter\u00e0 gli aspetti di interesse del PNRR in ambito di organizzazione del Sistema Sanitario, tenuto dal <strong>Dott. Claudio Zanon, Direttore Scientifico di \u201cMotore e Sanit\u00e0\u201d<\/strong>.<\/p>\n<p>&nbsp;<\/p>\n<p><em>\u201cDa sempre \u2013 <\/em>spiega <strong>Oscar Bianchi, Presidente di Avis Regione Lombardia <\/strong><em>\u2013 la nostra Associazione \u00e8 in<\/em><em> prima linea nel promuovere azioni di intervento sociale e di sviluppo per i territori e le comunit\u00e0. Con questo convegno vogliamo trovare un ulteriore modo per favorire la ripresa della Regione e del Paese. Infatti, la vocazione che contraddistingue i nostri volontari \u00e8 quella di fare del bene per la comunit\u00e0, lo abbiamo sempre fatto e continueremo a farlo. L\u2019auspicio \u00e8 che questo incontro e gli interventi delle personalit\u00e0 coinvolte riescano a fare chiarezza sulle prossime azioni da intraprendere\u201d<\/em>.<\/p>\n<p>&nbsp;<\/p>\n<p>L\u2019evento \u00e8 <strong>aperto al pubblico<\/strong> e si svolger\u00e0 in duplice modalit\u00e0, in presenza presso la sede di Avis Regionale Lombardia (con l\u2019obbligo di Green Pass) e online sulla piattaforma Zoom, al link che verr\u00e0 fornito tramite e-mail dopo aver effettuato l\u2019iscrizione all\u2019evento qui: <a href=\"https:\/\/forms.gle\/4Cui6WJ5FUQpT3c18\">https:\/\/forms.gle\/4Cui6WJ5FUQpT3c18<\/a>, al fine di consentire la partecipazione ad un pubblico il pi\u00f9 ampio possibile.<\/p>\n","protected":false},"excerpt":{"rendered":"<p>Dalle ore 9.30 alle ore 13.00 Sede Avis Regionale Lombardia (con green pass) Largo Volontari del Sangue, 1 \u2013 Milano &nbsp; Oppure online previa registrazione al seguente link: https:\/\/forms.gle\/4Cui6WJ5FUQpT3c18 &nbsp; Milano, 2 settembre 2021 \u2013 \u201cPNRR: Quali prospettive per Avis?\u201d: \u00e8 questa la domanda a cui cercher\u00e0 di rispondere il convegno organizzato da Avis Regionale Lombardia per il prossimo sabato 4 settembre. Un incontro in presenza (che verr\u00e0 trasmesso anche<\/p>\n<p><a class=\"continue-reading\" href=\"https:\/\/www.article-marketing.eu\/comunicatistampa\/sabato-4-settembre-avis-regionale-lombardia-organizza-il-convegno-pnrr-quali-prospettive-per-avis\/\">Continue reading&#8230;<\/a><\/p>\n","protected":false},"author":1855,"featured_media":0,"comment_status":"open","ping_status":"open","sticky":false,"template":"","format":"standard","meta":{"_monsterinsights_skip_tracking":false,"_monsterinsights_sitenote_active":false,"_monsterinsights_sitenote_note":"","_monsterinsights_sitenote_category":0,"footnotes":""},"categories":[392,369],"tags":[8464,8465],"class_list":["post-20091","post","type-post","status-publish","format-standard","hentry","category-eventi","category-salute-e-benessere","tag-avisregionelombardia","tag-pnrr"],"yoast_head":"<!-- This site is optimized with the Yoast SEO plugin v27.3 - https:\/\/yoast.com\/product\/yoast-seo-wordpress\/ -->\n<title>SABATO 4 SETTEMBRE AVIS REGIONALE LOMBARDIA ORGANIZZA IL CONVEGNO \u201cPNRR: QUALI PROSPETTIVE PER AVIS?\u201d<\/title>\n<meta name=\"robots\" content=\"index, follow, max-snippet:-1, max-image-preview:large, max-video-preview:-1\" \/>\n<link rel=\"canonical\" href=\"https:\/\/www.article-marketing.eu\/comunicatistampa\/sabato-4-settembre-avis-regionale-lombardia-organizza-il-convegno-pnrr-quali-prospettive-per-avis\/\" \/>\n<meta property=\"og:locale\" content=\"it_IT\" \/>\n<meta property=\"og:type\" content=\"article\" \/>\n<meta property=\"og:title\" content=\"SABATO 4 SETTEMBRE AVIS REGIONALE LOMBARDIA ORGANIZZA IL CONVEGNO \u201cPNRR: QUALI PROSPETTIVE PER AVIS?\u201d\" \/>\n<meta property=\"og:description\" content=\"Dalle ore 9.30 alle ore 13.00 Sede Avis Regionale Lombardia (con green pass) Largo Volontari del Sangue, 1 \u2013 Milano &nbsp; Oppure online previa registrazione al seguente link: https:\/\/forms.gle\/4Cui6WJ5FUQpT3c18 &nbsp; Milano, 2 settembre 2021 \u2013 \u201cPNRR: Quali prospettive per Avis?\u201d: \u00e8 questa la domanda a cui cercher\u00e0 di rispondere il convegno organizzato da Avis Regionale Lombardia per il prossimo sabato 4 settembre. Un incontro in presenza (che verr\u00e0 trasmesso ancheContinue reading...\" \/>\n<meta property=\"og:url\" content=\"https:\/\/www.article-marketing.eu\/comunicatistampa\/sabato-4-settembre-avis-regionale-lombardia-organizza-il-convegno-pnrr-quali-prospettive-per-avis\/\" \/>\n<meta property=\"og:site_name\" content=\"Article Marketing\" \/>\n<meta property=\"article:published_time\" content=\"2021-09-23T22:26:25+00:00\" \/>\n<meta name=\"author\" content=\"Redaclem\" \/>\n<meta name=\"twitter:card\" content=\"summary_large_image\" \/>\n<meta name=\"twitter:label1\" content=\"Scritto da\" \/>\n\t<meta name=\"twitter:data1\" content=\"Redaclem\" \/>\n\t<meta name=\"twitter:label2\" content=\"Tempo di lettura stimato\" \/>\n\t<meta name=\"twitter:data2\" content=\"3 minuti\" \/>\n<script type=\"application\/ld+json\" class=\"yoast-schema-graph\">{\"@context\":\"https:\\\/\\\/schema.org\",\"@graph\":[{\"@type\":\"Article\",\"@id\":\"https:\\\/\\\/www.article-marketing.eu\\\/comunicatistampa\\\/sabato-4-settembre-avis-regionale-lombardia-organizza-il-convegno-pnrr-quali-prospettive-per-avis\\\/#article\",\"isPartOf\":{\"@id\":\"https:\\\/\\\/www.article-marketing.eu\\\/comunicatistampa\\\/sabato-4-settembre-avis-regionale-lombardia-organizza-il-convegno-pnrr-quali-prospettive-per-avis\\\/\"},\"author\":{\"name\":\"Redaclem\",\"@id\":\"https:\\\/\\\/www.article-marketing.eu\\\/comunicatistampa\\\/#\\\/schema\\\/person\\\/c0aa725eee5df8460e0adf901fde0c88\"},\"headline\":\"SABATO 4 SETTEMBRE AVIS REGIONALE LOMBARDIA ORGANIZZA IL CONVEGNO \u201cPNRR: QUALI PROSPETTIVE PER AVIS?\u201d\",\"datePublished\":\"2021-09-23T22:26:25+00:00\",\"mainEntityOfPage\":{\"@id\":\"https:\\\/\\\/www.article-marketing.eu\\\/comunicatistampa\\\/sabato-4-settembre-avis-regionale-lombardia-organizza-il-convegno-pnrr-quali-prospettive-per-avis\\\/\"},\"wordCount\":552,\"commentCount\":0,\"keywords\":[\"#Avisregionelombardia\",\"#pnrr\"],\"articleSection\":[\"Eventi\",\"Salute e benessere\"],\"inLanguage\":\"it-IT\",\"potentialAction\":[{\"@type\":\"CommentAction\",\"name\":\"Comment\",\"target\":[\"https:\\\/\\\/www.article-marketing.eu\\\/comunicatistampa\\\/sabato-4-settembre-avis-regionale-lombardia-organizza-il-convegno-pnrr-quali-prospettive-per-avis\\\/#respond\"]}]},{\"@type\":\"WebPage\",\"@id\":\"https:\\\/\\\/www.article-marketing.eu\\\/comunicatistampa\\\/sabato-4-settembre-avis-regionale-lombardia-organizza-il-convegno-pnrr-quali-prospettive-per-avis\\\/\",\"url\":\"https:\\\/\\\/www.article-marketing.eu\\\/comunicatistampa\\\/sabato-4-settembre-avis-regionale-lombardia-organizza-il-convegno-pnrr-quali-prospettive-per-avis\\\/\",\"name\":\"SABATO 4 SETTEMBRE AVIS REGIONALE LOMBARDIA ORGANIZZA IL CONVEGNO \u201cPNRR: QUALI PROSPETTIVE PER AVIS?\u201d\",\"isPartOf\":{\"@id\":\"https:\\\/\\\/www.article-marketing.eu\\\/comunicatistampa\\\/#website\"},\"datePublished\":\"2021-09-23T22:26:25+00:00\",\"author\":{\"@id\":\"https:\\\/\\\/www.article-marketing.eu\\\/comunicatistampa\\\/#\\\/schema\\\/person\\\/c0aa725eee5df8460e0adf901fde0c88\"},\"breadcrumb\":{\"@id\":\"https:\\\/\\\/www.article-marketing.eu\\\/comunicatistampa\\\/sabato-4-settembre-avis-regionale-lombardia-organizza-il-convegno-pnrr-quali-prospettive-per-avis\\\/#breadcrumb\"},\"inLanguage\":\"it-IT\",\"potentialAction\":[{\"@type\":\"ReadAction\",\"target\":[\"https:\\\/\\\/www.article-marketing.eu\\\/comunicatistampa\\\/sabato-4-settembre-avis-regionale-lombardia-organizza-il-convegno-pnrr-quali-prospettive-per-avis\\\/\"]}]},{\"@type\":\"BreadcrumbList\",\"@id\":\"https:\\\/\\\/www.article-marketing.eu\\\/comunicatistampa\\\/sabato-4-settembre-avis-regionale-lombardia-organizza-il-convegno-pnrr-quali-prospettive-per-avis\\\/#breadcrumb\",\"itemListElement\":[{\"@type\":\"ListItem\",\"position\":1,\"name\":\"Home\",\"item\":\"https:\\\/\\\/www.article-marketing.eu\\\/comunicatistampa\\\/\"},{\"@type\":\"ListItem\",\"position\":2,\"name\":\"SABATO 4 SETTEMBRE AVIS REGIONALE LOMBARDIA ORGANIZZA IL CONVEGNO \u201cPNRR: QUALI PROSPETTIVE PER AVIS?\u201d\"}]},{\"@type\":\"WebSite\",\"@id\":\"https:\\\/\\\/www.article-marketing.eu\\\/comunicatistampa\\\/#website\",\"url\":\"https:\\\/\\\/www.article-marketing.eu\\\/comunicatistampa\\\/\",\"name\":\"Article Marketing\",\"description\":\"article marketing &amp; press release\",\"potentialAction\":[{\"@type\":\"SearchAction\",\"target\":{\"@type\":\"EntryPoint\",\"urlTemplate\":\"https:\\\/\\\/www.article-marketing.eu\\\/comunicatistampa\\\/?s={search_term_string}\"},\"query-input\":{\"@type\":\"PropertyValueSpecification\",\"valueRequired\":true,\"valueName\":\"search_term_string\"}}],\"inLanguage\":\"it-IT\"},{\"@type\":\"Person\",\"@id\":\"https:\\\/\\\/www.article-marketing.eu\\\/comunicatistampa\\\/#\\\/schema\\\/person\\\/c0aa725eee5df8460e0adf901fde0c88\",\"name\":\"Redaclem\",\"image\":{\"@type\":\"ImageObject\",\"inLanguage\":\"it-IT\",\"@id\":\"https:\\\/\\\/secure.gravatar.com\\\/avatar\\\/4c7e41f332a0583344a91d7d39723533da9b2d0df7737c2d8c69553168c2191e?s=96&d=mm&r=g\",\"url\":\"https:\\\/\\\/secure.gravatar.com\\\/avatar\\\/4c7e41f332a0583344a91d7d39723533da9b2d0df7737c2d8c69553168c2191e?s=96&d=mm&r=g\",\"contentUrl\":\"https:\\\/\\\/secure.gravatar.com\\\/avatar\\\/4c7e41f332a0583344a91d7d39723533da9b2d0df7737c2d8c69553168c2191e?s=96&d=mm&r=g\",\"caption\":\"Redaclem\"},\"url\":\"https:\\\/\\\/www.article-marketing.eu\\\/comunicatistampa\\\/author\\\/redaclem\\\/\"}]}<\/script>\n<!-- \/ Yoast SEO plugin. -->","yoast_head_json":{"title":"SABATO 4 SETTEMBRE AVIS REGIONALE LOMBARDIA ORGANIZZA IL CONVEGNO \u201cPNRR: QUALI PROSPETTIVE PER AVIS?\u201d","robots":{"index":"index","follow":"follow","max-snippet":"max-snippet:-1","max-image-preview":"max-image-preview:large","max-video-preview":"max-video-preview:-1"},"canonical":"https:\/\/www.article-marketing.eu\/comunicatistampa\/sabato-4-settembre-avis-regionale-lombardia-organizza-il-convegno-pnrr-quali-prospettive-per-avis\/","og_locale":"it_IT","og_type":"article","og_title":"SABATO 4 SETTEMBRE AVIS REGIONALE LOMBARDIA ORGANIZZA IL CONVEGNO \u201cPNRR: QUALI PROSPETTIVE PER AVIS?\u201d","og_description":"Dalle ore 9.30 alle ore 13.00 Sede Avis Regionale Lombardia (con green pass) Largo Volontari del Sangue, 1 \u2013 Milano &nbsp; Oppure online previa registrazione al seguente link: https:\/\/forms.gle\/4Cui6WJ5FUQpT3c18 &nbsp; Milano, 2 settembre 2021 \u2013 \u201cPNRR: Quali prospettive per Avis?\u201d: \u00e8 questa la domanda a cui cercher\u00e0 di rispondere il convegno organizzato da Avis Regionale Lombardia per il prossimo sabato 4 settembre. Un incontro in presenza (che verr\u00e0 trasmesso ancheContinue reading...","og_url":"https:\/\/www.article-marketing.eu\/comunicatistampa\/sabato-4-settembre-avis-regionale-lombardia-organizza-il-convegno-pnrr-quali-prospettive-per-avis\/","og_site_name":"Article Marketing","article_published_time":"2021-09-23T22:26:25+00:00","author":"Redaclem","twitter_card":"summary_large_image","twitter_misc":{"Scritto da":"Redaclem","Tempo di lettura stimato":"3 minuti"},"schema":{"@context":"https:\/\/schema.org","@graph":[{"@type":"Article","@id":"https:\/\/www.article-marketing.eu\/comunicatistampa\/sabato-4-settembre-avis-regionale-lombardia-organizza-il-convegno-pnrr-quali-prospettive-per-avis\/#article","isPartOf":{"@id":"https:\/\/www.article-marketing.eu\/comunicatistampa\/sabato-4-settembre-avis-regionale-lombardia-organizza-il-convegno-pnrr-quali-prospettive-per-avis\/"},"author":{"name":"Redaclem","@id":"https:\/\/www.article-marketing.eu\/comunicatistampa\/#\/schema\/person\/c0aa725eee5df8460e0adf901fde0c88"},"headline":"SABATO 4 SETTEMBRE AVIS REGIONALE LOMBARDIA ORGANIZZA IL CONVEGNO \u201cPNRR: QUALI PROSPETTIVE PER AVIS?\u201d","datePublished":"2021-09-23T22:26:25+00:00","mainEntityOfPage":{"@id":"https:\/\/www.article-marketing.eu\/comunicatistampa\/sabato-4-settembre-avis-regionale-lombardia-organizza-il-convegno-pnrr-quali-prospettive-per-avis\/"},"wordCount":552,"commentCount":0,"keywords":["#Avisregionelombardia","#pnrr"],"articleSection":["Eventi","Salute e benessere"],"inLanguage":"it-IT","potentialAction":[{"@type":"CommentAction","name":"Comment","target":["https:\/\/www.article-marketing.eu\/comunicatistampa\/sabato-4-settembre-avis-regionale-lombardia-organizza-il-convegno-pnrr-quali-prospettive-per-avis\/#respond"]}]},{"@type":"WebPage","@id":"https:\/\/www.article-marketing.eu\/comunicatistampa\/sabato-4-settembre-avis-regionale-lombardia-organizza-il-convegno-pnrr-quali-prospettive-per-avis\/","url":"https:\/\/www.article-marketing.eu\/comunicatistampa\/sabato-4-settembre-avis-regionale-lombardia-organizza-il-convegno-pnrr-quali-prospettive-per-avis\/","name":"SABATO 4 SETTEMBRE AVIS REGIONALE LOMBARDIA ORGANIZZA IL CONVEGNO \u201cPNRR: QUALI PROSPETTIVE PER AVIS?\u201d","isPartOf":{"@id":"https:\/\/www.article-marketing.eu\/comunicatistampa\/#website"},"datePublished":"2021-09-23T22:26:25+00:00","author":{"@id":"https:\/\/www.article-marketing.eu\/comunicatistampa\/#\/schema\/person\/c0aa725eee5df8460e0adf901fde0c88"},"breadcrumb":{"@id":"https:\/\/www.article-marketing.eu\/comunicatistampa\/sabato-4-settembre-avis-regionale-lombardia-organizza-il-convegno-pnrr-quali-prospettive-per-avis\/#breadcrumb"},"inLanguage":"it-IT","potentialAction":[{"@type":"ReadAction","target":["https:\/\/www.article-marketing.eu\/comunicatistampa\/sabato-4-settembre-avis-regionale-lombardia-organizza-il-convegno-pnrr-quali-prospettive-per-avis\/"]}]},{"@type":"BreadcrumbList","@id":"https:\/\/www.article-marketing.eu\/comunicatistampa\/sabato-4-settembre-avis-regionale-lombardia-organizza-il-convegno-pnrr-quali-prospettive-per-avis\/#breadcrumb","itemListElement":[{"@type":"ListItem","position":1,"name":"Home","item":"https:\/\/www.article-marketing.eu\/comunicatistampa\/"},{"@type":"ListItem","position":2,"name":"SABATO 4 SETTEMBRE AVIS REGIONALE LOMBARDIA ORGANIZZA IL CONVEGNO \u201cPNRR: QUALI PROSPETTIVE PER AVIS?\u201d"}]},{"@type":"WebSite","@id":"https:\/\/www.article-marketing.eu\/comunicatistampa\/#website","url":"https:\/\/www.article-marketing.eu\/comunicatistampa\/","name":"Article Marketing","description":"article marketing &amp; press release","potentialAction":[{"@type":"SearchAction","target":{"@type":"EntryPoint","urlTemplate":"https:\/\/www.article-marketing.eu\/comunicatistampa\/?s={search_term_string}"},"query-input":{"@type":"PropertyValueSpecification","valueRequired":true,"valueName":"search_term_string"}}],"inLanguage":"it-IT"},{"@type":"Person","@id":"https:\/\/www.article-marketing.eu\/comunicatistampa\/#\/schema\/person\/c0aa725eee5df8460e0adf901fde0c88","name":"Redaclem","image":{"@type":"ImageObject","inLanguage":"it-IT","@id":"https:\/\/secure.gravatar.com\/avatar\/4c7e41f332a0583344a91d7d39723533da9b2d0df7737c2d8c69553168c2191e?s=96&d=mm&r=g","url":"https:\/\/secure.gravatar.com\/avatar\/4c7e41f332a0583344a91d7d39723533da9b2d0df7737c2d8c69553168c2191e?s=96&d=mm&r=g","contentUrl":"https:\/\/secure.gravatar.com\/avatar\/4c7e41f332a0583344a91d7d39723533da9b2d0df7737c2d8c69553168c2191e?s=96&d=mm&r=g","caption":"Redaclem"},"url":"https:\/\/www.article-marketing.eu\/comunicatistampa\/author\/redaclem\/"}]}},"_links":{"self":[{"href":"https:\/\/www.article-marketing.eu\/comunicatistampa\/wp-json\/wp\/v2\/posts\/20091","targetHints":{"allow":["GET"]}}],"collection":[{"href":"https:\/\/www.article-marketing.eu\/comunicatistampa\/wp-json\/wp\/v2\/posts"}],"about":[{"href":"https:\/\/www.article-marketing.eu\/comunicatistampa\/wp-json\/wp\/v2\/types\/post"}],"author":[{"embeddable":true,"href":"https:\/\/www.article-marketing.eu\/comunicatistampa\/wp-json\/wp\/v2\/users\/1855"}],"replies":[{"embeddable":true,"href":"https:\/\/www.article-marketing.eu\/comunicatistampa\/wp-json\/wp\/v2\/comments?post=20091"}],"version-history":[{"count":2,"href":"https:\/\/www.article-marketing.eu\/comunicatistampa\/wp-json\/wp\/v2\/posts\/20091\/revisions"}],"predecessor-version":[{"id":20338,"href":"https:\/\/www.article-marketing.eu\/comunicatistampa\/wp-json\/wp\/v2\/posts\/20091\/revisions\/20338"}],"wp:attachment":[{"href":"https:\/\/www.article-marketing.eu\/comunicatistampa\/wp-json\/wp\/v2\/media?parent=20091"}],"wp:term":[{"taxonomy":"category","embeddable":true,"href":"https:\/\/www.article-marketing.eu\/comunicatistampa\/wp-json\/wp\/v2\/categories?post=20091"},{"taxonomy":"post_tag","embeddable":true,"href":"https:\/\/www.article-marketing.eu\/comunicatistampa\/wp-json\/wp\/v2\/tags?post=20091"}],"curies":[{"name":"wp","href":"https:\/\/api.w.org\/{rel}","templated":true}]}}