{"id":20095,"date":"2021-09-24T00:26:39","date_gmt":"2021-09-23T22:26:39","guid":{"rendered":"https:\/\/www.article-marketing.eu\/comunicatistampa\/?p=20095"},"modified":"2021-09-24T00:26:39","modified_gmt":"2021-09-23T22:26:39","slug":"partita-ufficialmente-ledizione-del-cantagiro-2021","status":"publish","type":"post","link":"https:\/\/www.article-marketing.eu\/comunicatistampa\/partita-ufficialmente-ledizione-del-cantagiro-2021\/","title":{"rendered":"Partita ufficialmente l\u2019edizione  del Cantagiro 2021"},"content":{"rendered":"<p style=\"text-align: center;\">Vince la categoria New Voice Gregorio Imparato<\/p>\n<p><img loading=\"lazy\" decoding=\"async\" class=\"aligncenter\" src=\"https:\/\/www.joyfreepress.com\/wp-content\/uploads\/2021\/09\/Foto-Premiazione.jpg\" width=\"424\" height=\"281\" \/><\/p>\n<p>Partita ufficialmente l\u2019edizione 2021 del Il Cantagiro con la prima serata finale dedicata alla categoria \u201cNew Voice\u201d che ha visto vincitore il giovane Gregorio Imparato. Il secondo e terzo posto se lo aggiudicano due donne, rispettivamente Sofia Zanon e Ramona Giusti. Tutti e tre i vincitori visibilmente emozionati hanno ringraziato la giuria e l\u2019organizzazione . In particolare il vincitore ha dichiarato che \u201cpartecipare al Cantagiro \u00e8 stata un\u2019esperienza indimenticabile che, oltre ad averlo arricchito sul piano musicale, lo ha fatto anche sul piano personale. La conoscenza con altri colleghi e gli addetti ai lavori, nonch\u00e9 la condivisione delle emozioni sul palco sono stati momenti che ricorder\u00e0. Vincere la categoria New Voice \u00e8 stata una delle pi\u00f9 grandi emozioni che ha vissuto, e spera di aver dato grazie alla sua voce la stessa sensazione a giuria e pubblico.\u201d E di sicuro Gregorio non ha fallito nel suo intento, perch\u00e9 ha incantato pubblico e giuria con la sua performance. Anche per le due vincitrici l\u2019esperienza del Cantagiro \u00e8 stata fortissima, soprattutto durante l\u2019esibizione finale che ha lasciato un emozione evidente, anche dopo la vittoria.<\/p>\n<p>Per tutti e tre questi giovani e talentuosi artisti da qui in poi si apriranno presto nuove strade e nuovi percorsi. Grazie a questo importante trampolino di lancio e alla futura formazione e preparazione, certamente diventeranno un tassello del futuro della musica italiana, che da questa manifestazione attinge e arricchisce da sempre il suo bagaglio artistico nel panorama musicale nostrano. A tal fine, proprio in questi giorni e nelle prossime serate finali, si parler\u00e0 e presenter\u00e0 un\u2019 iniziativa che sta molto a cuore al Direttore Artistico Elvino Echeoni e al Patron Enzo De Carlo: la novit\u00e0 che riguarda l\u2019istituzione dell\u2019 \u201cAccademia del Cantagiro\u201d, uno strumento di arricchimento e formazione per gli artisti che si presentano al noto concorso, e che rafforza uno dei valori che contraddistingue da sempre la manifestazione: quello di selezionare giovani talenti sconosciuti da tutta Italia che presentano un brano inedito. Una scelta di grande valore culturale, sia per la musica in se stessa, sia per gli autori ed i cantanti che sono cos\u00ec stimolati alla creativit\u00e0 di nuove canzoni e nuove idee.<\/p>\n<p>Adesso si proseguir\u00e0 con le due serate evento, la finalissima di sabato 4 e quella di domenica 5 che vedr\u00e0 in scena le categorie Junior-Baby.\u2028Non mancheranno momenti emozionanti, sorprese ed ospiti d\u2019eccezione del panorama musicale italiano che accompagneranno i finalisti fino al momento conclusivo vincita. Lo spettacolo continua!<\/p>\n<p>Isabel Zolli Promotion Agency<br \/>\nSede Operativa: via Simone De Saint Bon 47 \u2013 Roma<\/p>\n","protected":false},"excerpt":{"rendered":"<p>Vince la categoria New Voice Gregorio Imparato Partita ufficialmente l\u2019edizione 2021 del Il Cantagiro con la prima serata finale dedicata alla categoria \u201cNew Voice\u201d che ha visto vincitore il giovane Gregorio Imparato. Il secondo e terzo posto se lo aggiudicano due donne, rispettivamente Sofia Zanon e Ramona Giusti. Tutti e tre i vincitori visibilmente emozionati hanno ringraziato la giuria e l\u2019organizzazione . In particolare il vincitore ha dichiarato che \u201cpartecipare<\/p>\n<p><a class=\"continue-reading\" href=\"https:\/\/www.article-marketing.eu\/comunicatistampa\/partita-ufficialmente-ledizione-del-cantagiro-2021\/\">Continue reading&#8230;<\/a><\/p>\n","protected":false},"author":1680,"featured_media":0,"comment_status":"open","ping_status":"open","sticky":false,"template":"","format":"standard","meta":{"_monsterinsights_skip_tracking":false,"_monsterinsights_sitenote_active":false,"_monsterinsights_sitenote_note":"","_monsterinsights_sitenote_category":0,"footnotes":""},"categories":[411],"tags":[6552,204,8466],"class_list":["post-20095","post","type-post","status-publish","format-standard","hentry","category-musica","tag-cantagiro","tag-eventi","tag-finale-nuove-voci"],"yoast_head":"<!-- This site is optimized with the Yoast SEO plugin v27.3 - https:\/\/yoast.com\/product\/yoast-seo-wordpress\/ -->\n<title>Partita ufficialmente l\u2019edizione del Cantagiro 2021 - Article Marketing<\/title>\n<meta name=\"robots\" content=\"index, follow, max-snippet:-1, max-image-preview:large, max-video-preview:-1\" \/>\n<link rel=\"canonical\" href=\"https:\/\/www.article-marketing.eu\/comunicatistampa\/partita-ufficialmente-ledizione-del-cantagiro-2021\/\" \/>\n<meta property=\"og:locale\" content=\"it_IT\" \/>\n<meta property=\"og:type\" content=\"article\" \/>\n<meta property=\"og:title\" content=\"Partita ufficialmente l\u2019edizione del Cantagiro 2021 - Article Marketing\" \/>\n<meta property=\"og:description\" content=\"Vince la categoria New Voice Gregorio Imparato Partita ufficialmente l\u2019edizione 2021 del Il Cantagiro con la prima serata finale dedicata alla categoria \u201cNew Voice\u201d che ha visto vincitore il giovane Gregorio Imparato. Il secondo e terzo posto se lo aggiudicano due donne, rispettivamente Sofia Zanon e Ramona Giusti. Tutti e tre i vincitori visibilmente emozionati hanno ringraziato la giuria e l\u2019organizzazione . In particolare il vincitore ha dichiarato che \u201cpartecipareContinue reading...\" \/>\n<meta property=\"og:url\" content=\"https:\/\/www.article-marketing.eu\/comunicatistampa\/partita-ufficialmente-ledizione-del-cantagiro-2021\/\" \/>\n<meta property=\"og:site_name\" content=\"Article Marketing\" \/>\n<meta property=\"article:published_time\" content=\"2021-09-23T22:26:39+00:00\" \/>\n<meta property=\"og:image\" content=\"https:\/\/www.joyfreepress.com\/wp-content\/uploads\/2021\/09\/Foto-Premiazione.jpg\" \/>\n<meta name=\"author\" content=\"Micro961\" \/>\n<meta name=\"twitter:card\" content=\"summary_large_image\" \/>\n<meta name=\"twitter:label1\" content=\"Scritto da\" \/>\n\t<meta name=\"twitter:data1\" content=\"Micro961\" \/>\n\t<meta name=\"twitter:label2\" content=\"Tempo di lettura stimato\" \/>\n\t<meta name=\"twitter:data2\" content=\"3 minuti\" \/>\n<script type=\"application\/ld+json\" class=\"yoast-schema-graph\">{\"@context\":\"https:\\\/\\\/schema.org\",\"@graph\":[{\"@type\":\"Article\",\"@id\":\"https:\\\/\\\/www.article-marketing.eu\\\/comunicatistampa\\\/partita-ufficialmente-ledizione-del-cantagiro-2021\\\/#article\",\"isPartOf\":{\"@id\":\"https:\\\/\\\/www.article-marketing.eu\\\/comunicatistampa\\\/partita-ufficialmente-ledizione-del-cantagiro-2021\\\/\"},\"author\":{\"name\":\"Micro961\",\"@id\":\"https:\\\/\\\/www.article-marketing.eu\\\/comunicatistampa\\\/#\\\/schema\\\/person\\\/9beeb909be59832a9bcbec84cb3786f5\"},\"headline\":\"Partita ufficialmente l\u2019edizione del Cantagiro 2021\",\"datePublished\":\"2021-09-23T22:26:39+00:00\",\"mainEntityOfPage\":{\"@id\":\"https:\\\/\\\/www.article-marketing.eu\\\/comunicatistampa\\\/partita-ufficialmente-ledizione-del-cantagiro-2021\\\/\"},\"wordCount\":432,\"commentCount\":0,\"image\":{\"@id\":\"https:\\\/\\\/www.article-marketing.eu\\\/comunicatistampa\\\/partita-ufficialmente-ledizione-del-cantagiro-2021\\\/#primaryimage\"},\"thumbnailUrl\":\"https:\\\/\\\/www.joyfreepress.com\\\/wp-content\\\/uploads\\\/2021\\\/09\\\/Foto-Premiazione.jpg\",\"keywords\":[\"Cantagiro\",\"eventi\",\"Finale Nuove voci\"],\"articleSection\":[\"Musica\"],\"inLanguage\":\"it-IT\",\"potentialAction\":[{\"@type\":\"CommentAction\",\"name\":\"Comment\",\"target\":[\"https:\\\/\\\/www.article-marketing.eu\\\/comunicatistampa\\\/partita-ufficialmente-ledizione-del-cantagiro-2021\\\/#respond\"]}]},{\"@type\":\"WebPage\",\"@id\":\"https:\\\/\\\/www.article-marketing.eu\\\/comunicatistampa\\\/partita-ufficialmente-ledizione-del-cantagiro-2021\\\/\",\"url\":\"https:\\\/\\\/www.article-marketing.eu\\\/comunicatistampa\\\/partita-ufficialmente-ledizione-del-cantagiro-2021\\\/\",\"name\":\"Partita ufficialmente l\u2019edizione del Cantagiro 2021 - Article Marketing\",\"isPartOf\":{\"@id\":\"https:\\\/\\\/www.article-marketing.eu\\\/comunicatistampa\\\/#website\"},\"primaryImageOfPage\":{\"@id\":\"https:\\\/\\\/www.article-marketing.eu\\\/comunicatistampa\\\/partita-ufficialmente-ledizione-del-cantagiro-2021\\\/#primaryimage\"},\"image\":{\"@id\":\"https:\\\/\\\/www.article-marketing.eu\\\/comunicatistampa\\\/partita-ufficialmente-ledizione-del-cantagiro-2021\\\/#primaryimage\"},\"thumbnailUrl\":\"https:\\\/\\\/www.joyfreepress.com\\\/wp-content\\\/uploads\\\/2021\\\/09\\\/Foto-Premiazione.jpg\",\"datePublished\":\"2021-09-23T22:26:39+00:00\",\"author\":{\"@id\":\"https:\\\/\\\/www.article-marketing.eu\\\/comunicatistampa\\\/#\\\/schema\\\/person\\\/9beeb909be59832a9bcbec84cb3786f5\"},\"breadcrumb\":{\"@id\":\"https:\\\/\\\/www.article-marketing.eu\\\/comunicatistampa\\\/partita-ufficialmente-ledizione-del-cantagiro-2021\\\/#breadcrumb\"},\"inLanguage\":\"it-IT\",\"potentialAction\":[{\"@type\":\"ReadAction\",\"target\":[\"https:\\\/\\\/www.article-marketing.eu\\\/comunicatistampa\\\/partita-ufficialmente-ledizione-del-cantagiro-2021\\\/\"]}]},{\"@type\":\"ImageObject\",\"inLanguage\":\"it-IT\",\"@id\":\"https:\\\/\\\/www.article-marketing.eu\\\/comunicatistampa\\\/partita-ufficialmente-ledizione-del-cantagiro-2021\\\/#primaryimage\",\"url\":\"https:\\\/\\\/www.joyfreepress.com\\\/wp-content\\\/uploads\\\/2021\\\/09\\\/Foto-Premiazione.jpg\",\"contentUrl\":\"https:\\\/\\\/www.joyfreepress.com\\\/wp-content\\\/uploads\\\/2021\\\/09\\\/Foto-Premiazione.jpg\"},{\"@type\":\"BreadcrumbList\",\"@id\":\"https:\\\/\\\/www.article-marketing.eu\\\/comunicatistampa\\\/partita-ufficialmente-ledizione-del-cantagiro-2021\\\/#breadcrumb\",\"itemListElement\":[{\"@type\":\"ListItem\",\"position\":1,\"name\":\"Home\",\"item\":\"https:\\\/\\\/www.article-marketing.eu\\\/comunicatistampa\\\/\"},{\"@type\":\"ListItem\",\"position\":2,\"name\":\"Partita ufficialmente l\u2019edizione del Cantagiro 2021\"}]},{\"@type\":\"WebSite\",\"@id\":\"https:\\\/\\\/www.article-marketing.eu\\\/comunicatistampa\\\/#website\",\"url\":\"https:\\\/\\\/www.article-marketing.eu\\\/comunicatistampa\\\/\",\"name\":\"Article Marketing\",\"description\":\"article marketing &amp; press release\",\"potentialAction\":[{\"@type\":\"SearchAction\",\"target\":{\"@type\":\"EntryPoint\",\"urlTemplate\":\"https:\\\/\\\/www.article-marketing.eu\\\/comunicatistampa\\\/?s={search_term_string}\"},\"query-input\":{\"@type\":\"PropertyValueSpecification\",\"valueRequired\":true,\"valueName\":\"search_term_string\"}}],\"inLanguage\":\"it-IT\"},{\"@type\":\"Person\",\"@id\":\"https:\\\/\\\/www.article-marketing.eu\\\/comunicatistampa\\\/#\\\/schema\\\/person\\\/9beeb909be59832a9bcbec84cb3786f5\",\"name\":\"Micro961\",\"image\":{\"@type\":\"ImageObject\",\"inLanguage\":\"it-IT\",\"@id\":\"https:\\\/\\\/secure.gravatar.com\\\/avatar\\\/cd6f5864b85cc3687c05b2965bb186afcd70a2a89789a156c92a4f1d66e87827?s=96&d=mm&r=g\",\"url\":\"https:\\\/\\\/secure.gravatar.com\\\/avatar\\\/cd6f5864b85cc3687c05b2965bb186afcd70a2a89789a156c92a4f1d66e87827?s=96&d=mm&r=g\",\"contentUrl\":\"https:\\\/\\\/secure.gravatar.com\\\/avatar\\\/cd6f5864b85cc3687c05b2965bb186afcd70a2a89789a156c92a4f1d66e87827?s=96&d=mm&r=g\",\"caption\":\"Micro961\"},\"url\":\"https:\\\/\\\/www.article-marketing.eu\\\/comunicatistampa\\\/author\\\/micro961\\\/\"}]}<\/script>\n<!-- \/ Yoast SEO plugin. -->","yoast_head_json":{"title":"Partita ufficialmente l\u2019edizione del Cantagiro 2021 - Article Marketing","robots":{"index":"index","follow":"follow","max-snippet":"max-snippet:-1","max-image-preview":"max-image-preview:large","max-video-preview":"max-video-preview:-1"},"canonical":"https:\/\/www.article-marketing.eu\/comunicatistampa\/partita-ufficialmente-ledizione-del-cantagiro-2021\/","og_locale":"it_IT","og_type":"article","og_title":"Partita ufficialmente l\u2019edizione del Cantagiro 2021 - Article Marketing","og_description":"Vince la categoria New Voice Gregorio Imparato Partita ufficialmente l\u2019edizione 2021 del Il Cantagiro con la prima serata finale dedicata alla categoria \u201cNew Voice\u201d che ha visto vincitore il giovane Gregorio Imparato. Il secondo e terzo posto se lo aggiudicano due donne, rispettivamente Sofia Zanon e Ramona Giusti. Tutti e tre i vincitori visibilmente emozionati hanno ringraziato la giuria e l\u2019organizzazione . In particolare il vincitore ha dichiarato che \u201cpartecipareContinue reading...","og_url":"https:\/\/www.article-marketing.eu\/comunicatistampa\/partita-ufficialmente-ledizione-del-cantagiro-2021\/","og_site_name":"Article Marketing","article_published_time":"2021-09-23T22:26:39+00:00","og_image":[{"url":"https:\/\/www.joyfreepress.com\/wp-content\/uploads\/2021\/09\/Foto-Premiazione.jpg","type":"","width":"","height":""}],"author":"Micro961","twitter_card":"summary_large_image","twitter_misc":{"Scritto da":"Micro961","Tempo di lettura stimato":"3 minuti"},"schema":{"@context":"https:\/\/schema.org","@graph":[{"@type":"Article","@id":"https:\/\/www.article-marketing.eu\/comunicatistampa\/partita-ufficialmente-ledizione-del-cantagiro-2021\/#article","isPartOf":{"@id":"https:\/\/www.article-marketing.eu\/comunicatistampa\/partita-ufficialmente-ledizione-del-cantagiro-2021\/"},"author":{"name":"Micro961","@id":"https:\/\/www.article-marketing.eu\/comunicatistampa\/#\/schema\/person\/9beeb909be59832a9bcbec84cb3786f5"},"headline":"Partita ufficialmente l\u2019edizione del Cantagiro 2021","datePublished":"2021-09-23T22:26:39+00:00","mainEntityOfPage":{"@id":"https:\/\/www.article-marketing.eu\/comunicatistampa\/partita-ufficialmente-ledizione-del-cantagiro-2021\/"},"wordCount":432,"commentCount":0,"image":{"@id":"https:\/\/www.article-marketing.eu\/comunicatistampa\/partita-ufficialmente-ledizione-del-cantagiro-2021\/#primaryimage"},"thumbnailUrl":"https:\/\/www.joyfreepress.com\/wp-content\/uploads\/2021\/09\/Foto-Premiazione.jpg","keywords":["Cantagiro","eventi","Finale Nuove voci"],"articleSection":["Musica"],"inLanguage":"it-IT","potentialAction":[{"@type":"CommentAction","name":"Comment","target":["https:\/\/www.article-marketing.eu\/comunicatistampa\/partita-ufficialmente-ledizione-del-cantagiro-2021\/#respond"]}]},{"@type":"WebPage","@id":"https:\/\/www.article-marketing.eu\/comunicatistampa\/partita-ufficialmente-ledizione-del-cantagiro-2021\/","url":"https:\/\/www.article-marketing.eu\/comunicatistampa\/partita-ufficialmente-ledizione-del-cantagiro-2021\/","name":"Partita ufficialmente l\u2019edizione del Cantagiro 2021 - Article Marketing","isPartOf":{"@id":"https:\/\/www.article-marketing.eu\/comunicatistampa\/#website"},"primaryImageOfPage":{"@id":"https:\/\/www.article-marketing.eu\/comunicatistampa\/partita-ufficialmente-ledizione-del-cantagiro-2021\/#primaryimage"},"image":{"@id":"https:\/\/www.article-marketing.eu\/comunicatistampa\/partita-ufficialmente-ledizione-del-cantagiro-2021\/#primaryimage"},"thumbnailUrl":"https:\/\/www.joyfreepress.com\/wp-content\/uploads\/2021\/09\/Foto-Premiazione.jpg","datePublished":"2021-09-23T22:26:39+00:00","author":{"@id":"https:\/\/www.article-marketing.eu\/comunicatistampa\/#\/schema\/person\/9beeb909be59832a9bcbec84cb3786f5"},"breadcrumb":{"@id":"https:\/\/www.article-marketing.eu\/comunicatistampa\/partita-ufficialmente-ledizione-del-cantagiro-2021\/#breadcrumb"},"inLanguage":"it-IT","potentialAction":[{"@type":"ReadAction","target":["https:\/\/www.article-marketing.eu\/comunicatistampa\/partita-ufficialmente-ledizione-del-cantagiro-2021\/"]}]},{"@type":"ImageObject","inLanguage":"it-IT","@id":"https:\/\/www.article-marketing.eu\/comunicatistampa\/partita-ufficialmente-ledizione-del-cantagiro-2021\/#primaryimage","url":"https:\/\/www.joyfreepress.com\/wp-content\/uploads\/2021\/09\/Foto-Premiazione.jpg","contentUrl":"https:\/\/www.joyfreepress.com\/wp-content\/uploads\/2021\/09\/Foto-Premiazione.jpg"},{"@type":"BreadcrumbList","@id":"https:\/\/www.article-marketing.eu\/comunicatistampa\/partita-ufficialmente-ledizione-del-cantagiro-2021\/#breadcrumb","itemListElement":[{"@type":"ListItem","position":1,"name":"Home","item":"https:\/\/www.article-marketing.eu\/comunicatistampa\/"},{"@type":"ListItem","position":2,"name":"Partita ufficialmente l\u2019edizione del Cantagiro 2021"}]},{"@type":"WebSite","@id":"https:\/\/www.article-marketing.eu\/comunicatistampa\/#website","url":"https:\/\/www.article-marketing.eu\/comunicatistampa\/","name":"Article Marketing","description":"article marketing &amp; press release","potentialAction":[{"@type":"SearchAction","target":{"@type":"EntryPoint","urlTemplate":"https:\/\/www.article-marketing.eu\/comunicatistampa\/?s={search_term_string}"},"query-input":{"@type":"PropertyValueSpecification","valueRequired":true,"valueName":"search_term_string"}}],"inLanguage":"it-IT"},{"@type":"Person","@id":"https:\/\/www.article-marketing.eu\/comunicatistampa\/#\/schema\/person\/9beeb909be59832a9bcbec84cb3786f5","name":"Micro961","image":{"@type":"ImageObject","inLanguage":"it-IT","@id":"https:\/\/secure.gravatar.com\/avatar\/cd6f5864b85cc3687c05b2965bb186afcd70a2a89789a156c92a4f1d66e87827?s=96&d=mm&r=g","url":"https:\/\/secure.gravatar.com\/avatar\/cd6f5864b85cc3687c05b2965bb186afcd70a2a89789a156c92a4f1d66e87827?s=96&d=mm&r=g","contentUrl":"https:\/\/secure.gravatar.com\/avatar\/cd6f5864b85cc3687c05b2965bb186afcd70a2a89789a156c92a4f1d66e87827?s=96&d=mm&r=g","caption":"Micro961"},"url":"https:\/\/www.article-marketing.eu\/comunicatistampa\/author\/micro961\/"}]}},"_links":{"self":[{"href":"https:\/\/www.article-marketing.eu\/comunicatistampa\/wp-json\/wp\/v2\/posts\/20095","targetHints":{"allow":["GET"]}}],"collection":[{"href":"https:\/\/www.article-marketing.eu\/comunicatistampa\/wp-json\/wp\/v2\/posts"}],"about":[{"href":"https:\/\/www.article-marketing.eu\/comunicatistampa\/wp-json\/wp\/v2\/types\/post"}],"author":[{"embeddable":true,"href":"https:\/\/www.article-marketing.eu\/comunicatistampa\/wp-json\/wp\/v2\/users\/1680"}],"replies":[{"embeddable":true,"href":"https:\/\/www.article-marketing.eu\/comunicatistampa\/wp-json\/wp\/v2\/comments?post=20095"}],"version-history":[{"count":2,"href":"https:\/\/www.article-marketing.eu\/comunicatistampa\/wp-json\/wp\/v2\/posts\/20095\/revisions"}],"predecessor-version":[{"id":20339,"href":"https:\/\/www.article-marketing.eu\/comunicatistampa\/wp-json\/wp\/v2\/posts\/20095\/revisions\/20339"}],"wp:attachment":[{"href":"https:\/\/www.article-marketing.eu\/comunicatistampa\/wp-json\/wp\/v2\/media?parent=20095"}],"wp:term":[{"taxonomy":"category","embeddable":true,"href":"https:\/\/www.article-marketing.eu\/comunicatistampa\/wp-json\/wp\/v2\/categories?post=20095"},{"taxonomy":"post_tag","embeddable":true,"href":"https:\/\/www.article-marketing.eu\/comunicatistampa\/wp-json\/wp\/v2\/tags?post=20095"}],"curies":[{"name":"wp","href":"https:\/\/api.w.org\/{rel}","templated":true}]}}