{"id":20213,"date":"2021-10-20T19:51:10","date_gmt":"2021-10-20T17:51:10","guid":{"rendered":"https:\/\/www.article-marketing.eu\/comunicatistampa\/?p=20213"},"modified":"2021-10-16T19:54:27","modified_gmt":"2021-10-16T17:54:27","slug":"mostra-itinerante-dante-700","status":"publish","type":"post","link":"https:\/\/www.article-marketing.eu\/comunicatistampa\/mostra-itinerante-dante-700\/","title":{"rendered":"Mostra itinerante \u201cDante 700\u201d"},"content":{"rendered":"<p><span style=\"font-weight: 400;\">Si inaugura sabato 18 settembre 2021 &#8211; presso la Basilica di San Defendente a Romano di Lombardia &#8211; la suggestva mostra &#8220;Dante 700&#8221; con opere di Carlo Previtali, omaggio alla memoria di Dante Alighieri nel 700\u00b0 anniversario della morte.<\/span><\/p>\n<p><span style=\"font-weight: 400;\">Nell\u2019ambito della sua storica collaborazione con il Museo d\u2019Arte e Cultura Sacra di Romano di Lombardia, la Fondazione Credito Bergamasco presenta al pubblico la mostra itinerante \u201cDante700. Opere di Carlo Previtali\u201d curata da Angelo Piazzoli e Tarcisio Tironi. Presso la Basilica di San Defendente a Romano di Lombardia \u2013 dal 18 settembre al 10 ottobre 2021 \u2013 sar\u00e0 possibile ammirare opere dell\u2019artista, dedicate a personaggi e momenti della Divina Commedia. La mostra si compone di dieci grandi disegni, realizzati su carta da spolvero, cinque sculture create con tecniche differenti (terracotta, monocottura\/ceramica, ceramica raku \u201cnudo\u201d) e tre dipinti (olio su tavoletta).<\/span><\/p>\n<p><span style=\"font-weight: 400;\">Da sempre la Fondazione Credito Bergamasco ha un forte interesse per l\u2019opera di Dante Alighieri; come spiega Angelo Piazzoli, Presidente della Fondazione: \u201cNel corso degli anni, nell\u2019ambito della nostra programmazione culturale e artistica, abbiamo creato multiformi occasioni a Lui dedicate sviluppando iniziative specifiche e mirate, volte a richiamare l\u2019attenzione sulla grandezza della figura di Dante e sui temi centrali della sua opera, cercando di tracciare \u2013 nel contesto di crisi prolungata e di diffusa sfiducia, ulteriormente accentuate dagli esiti nefasti della pandemia \u2013 un percorso educativo e culturale orientato al futuro, all\u2019insegna della speranza. Il cammino di Dante ci consente di tornare alle radici comuni della nostra cultura e ai suoi valori fondanti, trasmettendo un messaggio di orgoglio, di fiducia nel futuro, di consapevolezza dei mezzi intellettuali e morali che ci derivano dalla nostra storia e dalla nostra tradizione.\u201d.<\/span><\/p>\n<p><span style=\"font-weight: 400;\">Molto intenso il calendario di eventi programmati da Fondazione Creberg per celebrare la ricorrenza del 700\u00b0 anniversario dalla scomparsa di Dante Alighieri.<\/span><\/p>\n<p><span style=\"font-weight: 400;\">\u201dPer il 2021 abbiamo programmato una fitta serie di iniziative che ci vedono in prima linea nelle celebrazioni &#8211; continua Angelo Piazzoli &#8211; Nello scorso mese di gennaio, abbiamo presentato e diffuso un suggestivo docufilm, dedicato a personaggi della Divina Commedia, rientrante nella nostra programmazione di eventi virtuali; con le illustrazioni del Maestro Celsi, le letture professionali dei Canti danteschi, le musiche originali di Alex Fabiani, abbiamo presentato ai nostri \u201cvisitatori a distanza\u201d un\u2019opera di livello culturale elevato in un contesto di rigore scientifico in forza della collaborazione con la Societ\u00e0 Dante Alighieri di Bergamo. Non poteva mancare il successo, con oltre 13.000 visitatori su YouTube, con numerosi passaggi televisivi e con la riproposizione del filmato su siti specializzati. Abbiamo poi messo a disposizione gratuita il docufilm ad istituzioni divulgative ed educative; abbiamo riproposto un nuovo tour all\u2019esposizione \u201cCome gente che pensa a suo cammino\u201d che tanto successo ebbe nel 2015\/2016; abbiamo sostenuto la fitta programmazione culturale della Societ\u00e0 Dante Alighieri. A tutto questo si aggiunge questa grande e bella sorpresa \u2013 nata dal quotidiano confronto e dal costante dialogo con Mons. Tarcisio Tironi \u2013 costituita dalla programmazione della mostra \u201cDante 700\u201d, con opere di Carlo Previtali, che realizziamo in tre tappe nell\u2019ambito della storica e stretta collaborazione con il Museo d\u2019Arte e Cultura Sacra di Romano di Lombardia\u201d.<\/span><\/p>\n<p><span style=\"font-weight: 400;\">\u201cDurante il confinamento a causa del Covid19 &#8211; spiega Tarcisio Tironi, Direttore del M.A.C.S &#8211; nei primi mesi del 2020 la prima cantica di Dante ha sollecitato la creativit\u00e0 di Carlo Previtali traducendosi nelle immagini esposte, a conferma dell\u2019affermazione di Calvino di certo applicabile alla Divina Commedia: \u00abUn classico \u00e8 un libro che non ha mai finito di dire quel che ha da dire\u00bb Se cos\u00ec \u00e8, l\u2019opera del fiorentino continua a farsi contemporanea a chi la legge e rilegge, sin dal suo inizio. Contrariamente alla mentalit\u00e0 corrente che poco pensa all\u2019Inferno, Previtali ha realizzato in grandi dieci disegni, cinque sculture, dodici bozzetti e tre dipinti, un\u2019ampia riflessione su questo \u00abspazio\u00bb noto anche come Geenna, Ade, Hell, Tartaro e altri termini. I sorprendenti disegni dell\u2019artista, molto conosciuto come scultore, rendono immediatamente comprensibile e attraente l\u2019atmosfera dell\u2019Inferno di Dante coinvolgendo chi li osserva fino ad esserne partecipe. Se scrutata, ogni opera oltre che interessare, tira dentro, chiama in causa, rende complici\u201d.<\/span><\/p>\n<p><span style=\"font-weight: 400;\">Carlo Previtali \u00e8 nato a Beramo; dopo aver frequentato il Liceo Artistico, si \u00e8 iscritto all\u2019Accademia di Belle Arti\u00a0 di Brera di Milano diplomandosi alla scuola di scultura di Alik Cavaliere. In seguito, si \u00e8 laureato in Architettura presso il Politecnico di Milano. La sua attivit\u00e0 d\u2019insegnamento si \u00e8 concentrata a Bergamo quale docente di discipline plastiche presso l\u2019Istituto d\u2019Arte Andrea Fantoni, l\u2019Accademia di Belle Arti Carrara, il Liceo Artistico di Bergamo e poi di Lovere. La sua attivit\u00e0 espositiva ha inizio negli anni Sessanta con la partecipazione ad alcuni concorsi a cui seguono mostre collettive e personali sia in spazi pubblici che privati e partecipazioni alle pi\u00f9 importanti fiere d\u2019arte d\u2019Italia.<\/span><\/p>\n<p><span style=\"font-weight: 400;\">La mostra verr\u00e0 presentata \u2013 con una breve cerimonia e con uno spettacolo dantesco curato da Bruno Pizzi e Fulvio Manzoni, dal titolo \u201cOdisseo. Cronaca di un viaggio\u201d \u2013 sabato 18 settembre 2021 (con inizio alle ore 17) nella Basilica di San Defendente in Romano di Lombardia, con ingresso libero e con posti contingentati in rapporto alla capienza della Chiesa. L\u2019evento avr\u00e0 una durata di circa 60 minuti. Seguir\u00e0 la visita alla mostra.<\/span><\/p>\n<p><span style=\"font-weight: 400;\">Ai sensi della normativa vigente, per accedere all\u2019inaugurazione e alla mostra, sar\u00e0 necessario esibire il Green Pass e un documento di identit\u00e0.<\/span><\/p>\n<p><span style=\"font-weight: 400;\">L\u2019esposizione rimarr\u00e0 aperta al pubblico fino al 10 ottobre 2021 con i seguenti orari: sabato e domenica, dalle 9.30 alle 12.00 e dalle 16.00 alle 18.30.<\/span><\/p>\n<p><span style=\"font-weight: 400;\">\u00a0Nei mesi di ottobre, novembre e dicembre, la mostra proseguir\u00e0 poi a Grumello del Monte e Sarnico.<\/span><\/p>\n<p><span style=\"font-weight: 400;\">\u00a0Secondo i tradizionali intenti che permeano le esposizioni itineranti di Fondazione Creberg, la mostra ha una finalit\u00e0 non solo artistica, ma anche culturale, divulgativa, didattica e spirituale.<\/span><\/p>\n<p><span style=\"font-weight: 400;\">Sul tema precisa Tarcisio Tironi, \u201cLe opere di Previtali contribuiranno certo a parlare di Dante e a studiare la sua Commedia per meglio interpretarla e comprenderla con l\u2019atteggiamento dei discepoli: \u00e8 lui il maestro che insegna a noi a non vivere con superficialit\u00e0, a cercare la luce e la bellezza, ad approfondire la fede. Dante ci consegna il suggerimento da lui ricevuto dal suo maestro Brunetto Latini: \u00abSe tu segui tua stella, \/ non puoi fallire a glorioso porto\u00bb (Inferno XV,55- 56)\u201d.<\/span><\/p>\n<p><span style=\"font-weight: 400;\">\u201cNel catalogo di mostra, edito da Fondazione Creberg \u2013 conclude Angelo Piazzoli \u2013 le opere di Previtali sono accompagnate, a fronte, da testi a commento e da versi di riferimento, legando ciascuna opera ai relativi passaggi danteschi in un intento di valorizzazione e di diffusione della conoscenza di un grande capolavoro della letteratura classica. In questa finalit\u00e0 divulgativa sta il senso di questa nuova pubblicazione, disponibile per tutti, e della mostra itinerante \u201cDante 700\u201d che proponiamo alle comunit\u00e0 interessate come concreti strumenti e interessanti occasioni per sviluppare riflessioni, approfondimenti didattici, momenti aggregativi culturali. Dopo sette secoli, la Divina Commedia \u00e8 ancora una delle opere pi\u00f9 diffuse al mondo, sicuramente una delle pi\u00f9 tradotte. I motivi della sua straordinaria longevit\u00e0 ci inducono a promuovere in continuit\u00e0 \u2013 per quello che possiamo e con le modalit\u00e0 che ci sono pi\u00f9 congegnali \u2013 l\u2019opera del Sommo Poeta. Qualcuno si accontenta del Danted\u00ec; noi no. La ricerca su Dante \u00e8 per noi un continuum.\u201d<\/span><\/p>\n","protected":false},"excerpt":{"rendered":"<p>Si inaugura sabato 18 settembre 2021 &#8211; presso la Basilica di San Defendente a Romano di Lombardia &#8211; la suggestva mostra &#8220;Dante 700&#8221; con opere di Carlo Previtali, omaggio alla memoria di Dante Alighieri nel 700\u00b0 anniversario della morte. Nell\u2019ambito della sua storica collaborazione con il Museo d\u2019Arte e Cultura Sacra di Romano di Lombardia, la Fondazione Credito Bergamasco presenta al pubblico la mostra itinerante \u201cDante700. Opere di Carlo Previtali\u201d<\/p>\n<p><a class=\"continue-reading\" href=\"https:\/\/www.article-marketing.eu\/comunicatistampa\/mostra-itinerante-dante-700\/\">Continue reading&#8230;<\/a><\/p>\n","protected":false},"author":1855,"featured_media":0,"comment_status":"open","ping_status":"open","sticky":false,"template":"","format":"standard","meta":{"_monsterinsights_skip_tracking":false,"_monsterinsights_sitenote_active":false,"_monsterinsights_sitenote_note":"","_monsterinsights_sitenote_category":0,"footnotes":""},"categories":[407,392],"tags":[8502,8501,8499,8500],"class_list":["post-20213","post","type-post","status-publish","format-standard","hentry","category-arte-e-cultura","category-eventi","tag-angelopiazzoli","tag-carloprevitali","tag-dante700","tag-fondazionecreditobergamasco"],"yoast_head":"<!-- This site is optimized with the Yoast SEO plugin v27.3 - https:\/\/yoast.com\/product\/yoast-seo-wordpress\/ -->\n<title>Mostra itinerante \u201cDante 700\u201d - Article Marketing<\/title>\n<meta name=\"robots\" content=\"index, follow, max-snippet:-1, max-image-preview:large, max-video-preview:-1\" \/>\n<link rel=\"canonical\" href=\"https:\/\/www.article-marketing.eu\/comunicatistampa\/mostra-itinerante-dante-700\/\" \/>\n<meta property=\"og:locale\" content=\"it_IT\" \/>\n<meta property=\"og:type\" content=\"article\" \/>\n<meta property=\"og:title\" content=\"Mostra itinerante \u201cDante 700\u201d - Article Marketing\" \/>\n<meta property=\"og:description\" content=\"Si inaugura sabato 18 settembre 2021 &#8211; presso la Basilica di San Defendente a Romano di Lombardia &#8211; la suggestva mostra &#8220;Dante 700&#8221; con opere di Carlo Previtali, omaggio alla memoria di Dante Alighieri nel 700\u00b0 anniversario della morte. Nell\u2019ambito della sua storica collaborazione con il Museo d\u2019Arte e Cultura Sacra di Romano di Lombardia, la Fondazione Credito Bergamasco presenta al pubblico la mostra itinerante \u201cDante700. Opere di Carlo Previtali\u201dContinue reading...\" \/>\n<meta property=\"og:url\" content=\"https:\/\/www.article-marketing.eu\/comunicatistampa\/mostra-itinerante-dante-700\/\" \/>\n<meta property=\"og:site_name\" content=\"Article Marketing\" \/>\n<meta property=\"article:published_time\" content=\"2021-10-20T17:51:10+00:00\" \/>\n<meta name=\"author\" content=\"Redaclem\" \/>\n<meta name=\"twitter:card\" content=\"summary_large_image\" \/>\n<meta name=\"twitter:label1\" content=\"Scritto da\" \/>\n\t<meta name=\"twitter:data1\" content=\"Redaclem\" \/>\n\t<meta name=\"twitter:label2\" content=\"Tempo di lettura stimato\" \/>\n\t<meta name=\"twitter:data2\" content=\"6 minuti\" \/>\n<script type=\"application\/ld+json\" class=\"yoast-schema-graph\">{\"@context\":\"https:\\\/\\\/schema.org\",\"@graph\":[{\"@type\":\"Article\",\"@id\":\"https:\\\/\\\/www.article-marketing.eu\\\/comunicatistampa\\\/mostra-itinerante-dante-700\\\/#article\",\"isPartOf\":{\"@id\":\"https:\\\/\\\/www.article-marketing.eu\\\/comunicatistampa\\\/mostra-itinerante-dante-700\\\/\"},\"author\":{\"name\":\"Redaclem\",\"@id\":\"https:\\\/\\\/www.article-marketing.eu\\\/comunicatistampa\\\/#\\\/schema\\\/person\\\/c0aa725eee5df8460e0adf901fde0c88\"},\"headline\":\"Mostra itinerante \u201cDante 700\u201d\",\"datePublished\":\"2021-10-20T17:51:10+00:00\",\"mainEntityOfPage\":{\"@id\":\"https:\\\/\\\/www.article-marketing.eu\\\/comunicatistampa\\\/mostra-itinerante-dante-700\\\/\"},\"wordCount\":1189,\"commentCount\":0,\"keywords\":[\"#AngeloPiazzoli\",\"#CarloPrevitali\",\"#dante700\",\"#FondazioneCreditoBergamasco\"],\"articleSection\":[\"Arte e cultura\",\"Eventi\"],\"inLanguage\":\"it-IT\",\"potentialAction\":[{\"@type\":\"CommentAction\",\"name\":\"Comment\",\"target\":[\"https:\\\/\\\/www.article-marketing.eu\\\/comunicatistampa\\\/mostra-itinerante-dante-700\\\/#respond\"]}]},{\"@type\":\"WebPage\",\"@id\":\"https:\\\/\\\/www.article-marketing.eu\\\/comunicatistampa\\\/mostra-itinerante-dante-700\\\/\",\"url\":\"https:\\\/\\\/www.article-marketing.eu\\\/comunicatistampa\\\/mostra-itinerante-dante-700\\\/\",\"name\":\"Mostra itinerante \u201cDante 700\u201d - Article Marketing\",\"isPartOf\":{\"@id\":\"https:\\\/\\\/www.article-marketing.eu\\\/comunicatistampa\\\/#website\"},\"datePublished\":\"2021-10-20T17:51:10+00:00\",\"author\":{\"@id\":\"https:\\\/\\\/www.article-marketing.eu\\\/comunicatistampa\\\/#\\\/schema\\\/person\\\/c0aa725eee5df8460e0adf901fde0c88\"},\"breadcrumb\":{\"@id\":\"https:\\\/\\\/www.article-marketing.eu\\\/comunicatistampa\\\/mostra-itinerante-dante-700\\\/#breadcrumb\"},\"inLanguage\":\"it-IT\",\"potentialAction\":[{\"@type\":\"ReadAction\",\"target\":[\"https:\\\/\\\/www.article-marketing.eu\\\/comunicatistampa\\\/mostra-itinerante-dante-700\\\/\"]}]},{\"@type\":\"BreadcrumbList\",\"@id\":\"https:\\\/\\\/www.article-marketing.eu\\\/comunicatistampa\\\/mostra-itinerante-dante-700\\\/#breadcrumb\",\"itemListElement\":[{\"@type\":\"ListItem\",\"position\":1,\"name\":\"Home\",\"item\":\"https:\\\/\\\/www.article-marketing.eu\\\/comunicatistampa\\\/\"},{\"@type\":\"ListItem\",\"position\":2,\"name\":\"Mostra itinerante \u201cDante 700\u201d\"}]},{\"@type\":\"WebSite\",\"@id\":\"https:\\\/\\\/www.article-marketing.eu\\\/comunicatistampa\\\/#website\",\"url\":\"https:\\\/\\\/www.article-marketing.eu\\\/comunicatistampa\\\/\",\"name\":\"Article Marketing\",\"description\":\"article marketing &amp; press release\",\"potentialAction\":[{\"@type\":\"SearchAction\",\"target\":{\"@type\":\"EntryPoint\",\"urlTemplate\":\"https:\\\/\\\/www.article-marketing.eu\\\/comunicatistampa\\\/?s={search_term_string}\"},\"query-input\":{\"@type\":\"PropertyValueSpecification\",\"valueRequired\":true,\"valueName\":\"search_term_string\"}}],\"inLanguage\":\"it-IT\"},{\"@type\":\"Person\",\"@id\":\"https:\\\/\\\/www.article-marketing.eu\\\/comunicatistampa\\\/#\\\/schema\\\/person\\\/c0aa725eee5df8460e0adf901fde0c88\",\"name\":\"Redaclem\",\"image\":{\"@type\":\"ImageObject\",\"inLanguage\":\"it-IT\",\"@id\":\"https:\\\/\\\/secure.gravatar.com\\\/avatar\\\/4c7e41f332a0583344a91d7d39723533da9b2d0df7737c2d8c69553168c2191e?s=96&d=mm&r=g\",\"url\":\"https:\\\/\\\/secure.gravatar.com\\\/avatar\\\/4c7e41f332a0583344a91d7d39723533da9b2d0df7737c2d8c69553168c2191e?s=96&d=mm&r=g\",\"contentUrl\":\"https:\\\/\\\/secure.gravatar.com\\\/avatar\\\/4c7e41f332a0583344a91d7d39723533da9b2d0df7737c2d8c69553168c2191e?s=96&d=mm&r=g\",\"caption\":\"Redaclem\"},\"url\":\"https:\\\/\\\/www.article-marketing.eu\\\/comunicatistampa\\\/author\\\/redaclem\\\/\"}]}<\/script>\n<!-- \/ Yoast SEO plugin. -->","yoast_head_json":{"title":"Mostra itinerante \u201cDante 700\u201d - Article Marketing","robots":{"index":"index","follow":"follow","max-snippet":"max-snippet:-1","max-image-preview":"max-image-preview:large","max-video-preview":"max-video-preview:-1"},"canonical":"https:\/\/www.article-marketing.eu\/comunicatistampa\/mostra-itinerante-dante-700\/","og_locale":"it_IT","og_type":"article","og_title":"Mostra itinerante \u201cDante 700\u201d - Article Marketing","og_description":"Si inaugura sabato 18 settembre 2021 &#8211; presso la Basilica di San Defendente a Romano di Lombardia &#8211; la suggestva mostra &#8220;Dante 700&#8221; con opere di Carlo Previtali, omaggio alla memoria di Dante Alighieri nel 700\u00b0 anniversario della morte. Nell\u2019ambito della sua storica collaborazione con il Museo d\u2019Arte e Cultura Sacra di Romano di Lombardia, la Fondazione Credito Bergamasco presenta al pubblico la mostra itinerante \u201cDante700. Opere di Carlo Previtali\u201dContinue reading...","og_url":"https:\/\/www.article-marketing.eu\/comunicatistampa\/mostra-itinerante-dante-700\/","og_site_name":"Article Marketing","article_published_time":"2021-10-20T17:51:10+00:00","author":"Redaclem","twitter_card":"summary_large_image","twitter_misc":{"Scritto da":"Redaclem","Tempo di lettura stimato":"6 minuti"},"schema":{"@context":"https:\/\/schema.org","@graph":[{"@type":"Article","@id":"https:\/\/www.article-marketing.eu\/comunicatistampa\/mostra-itinerante-dante-700\/#article","isPartOf":{"@id":"https:\/\/www.article-marketing.eu\/comunicatistampa\/mostra-itinerante-dante-700\/"},"author":{"name":"Redaclem","@id":"https:\/\/www.article-marketing.eu\/comunicatistampa\/#\/schema\/person\/c0aa725eee5df8460e0adf901fde0c88"},"headline":"Mostra itinerante \u201cDante 700\u201d","datePublished":"2021-10-20T17:51:10+00:00","mainEntityOfPage":{"@id":"https:\/\/www.article-marketing.eu\/comunicatistampa\/mostra-itinerante-dante-700\/"},"wordCount":1189,"commentCount":0,"keywords":["#AngeloPiazzoli","#CarloPrevitali","#dante700","#FondazioneCreditoBergamasco"],"articleSection":["Arte e cultura","Eventi"],"inLanguage":"it-IT","potentialAction":[{"@type":"CommentAction","name":"Comment","target":["https:\/\/www.article-marketing.eu\/comunicatistampa\/mostra-itinerante-dante-700\/#respond"]}]},{"@type":"WebPage","@id":"https:\/\/www.article-marketing.eu\/comunicatistampa\/mostra-itinerante-dante-700\/","url":"https:\/\/www.article-marketing.eu\/comunicatistampa\/mostra-itinerante-dante-700\/","name":"Mostra itinerante \u201cDante 700\u201d - Article Marketing","isPartOf":{"@id":"https:\/\/www.article-marketing.eu\/comunicatistampa\/#website"},"datePublished":"2021-10-20T17:51:10+00:00","author":{"@id":"https:\/\/www.article-marketing.eu\/comunicatistampa\/#\/schema\/person\/c0aa725eee5df8460e0adf901fde0c88"},"breadcrumb":{"@id":"https:\/\/www.article-marketing.eu\/comunicatistampa\/mostra-itinerante-dante-700\/#breadcrumb"},"inLanguage":"it-IT","potentialAction":[{"@type":"ReadAction","target":["https:\/\/www.article-marketing.eu\/comunicatistampa\/mostra-itinerante-dante-700\/"]}]},{"@type":"BreadcrumbList","@id":"https:\/\/www.article-marketing.eu\/comunicatistampa\/mostra-itinerante-dante-700\/#breadcrumb","itemListElement":[{"@type":"ListItem","position":1,"name":"Home","item":"https:\/\/www.article-marketing.eu\/comunicatistampa\/"},{"@type":"ListItem","position":2,"name":"Mostra itinerante \u201cDante 700\u201d"}]},{"@type":"WebSite","@id":"https:\/\/www.article-marketing.eu\/comunicatistampa\/#website","url":"https:\/\/www.article-marketing.eu\/comunicatistampa\/","name":"Article Marketing","description":"article marketing &amp; press release","potentialAction":[{"@type":"SearchAction","target":{"@type":"EntryPoint","urlTemplate":"https:\/\/www.article-marketing.eu\/comunicatistampa\/?s={search_term_string}"},"query-input":{"@type":"PropertyValueSpecification","valueRequired":true,"valueName":"search_term_string"}}],"inLanguage":"it-IT"},{"@type":"Person","@id":"https:\/\/www.article-marketing.eu\/comunicatistampa\/#\/schema\/person\/c0aa725eee5df8460e0adf901fde0c88","name":"Redaclem","image":{"@type":"ImageObject","inLanguage":"it-IT","@id":"https:\/\/secure.gravatar.com\/avatar\/4c7e41f332a0583344a91d7d39723533da9b2d0df7737c2d8c69553168c2191e?s=96&d=mm&r=g","url":"https:\/\/secure.gravatar.com\/avatar\/4c7e41f332a0583344a91d7d39723533da9b2d0df7737c2d8c69553168c2191e?s=96&d=mm&r=g","contentUrl":"https:\/\/secure.gravatar.com\/avatar\/4c7e41f332a0583344a91d7d39723533da9b2d0df7737c2d8c69553168c2191e?s=96&d=mm&r=g","caption":"Redaclem"},"url":"https:\/\/www.article-marketing.eu\/comunicatistampa\/author\/redaclem\/"}]}},"_links":{"self":[{"href":"https:\/\/www.article-marketing.eu\/comunicatistampa\/wp-json\/wp\/v2\/posts\/20213","targetHints":{"allow":["GET"]}}],"collection":[{"href":"https:\/\/www.article-marketing.eu\/comunicatistampa\/wp-json\/wp\/v2\/posts"}],"about":[{"href":"https:\/\/www.article-marketing.eu\/comunicatistampa\/wp-json\/wp\/v2\/types\/post"}],"author":[{"embeddable":true,"href":"https:\/\/www.article-marketing.eu\/comunicatistampa\/wp-json\/wp\/v2\/users\/1855"}],"replies":[{"embeddable":true,"href":"https:\/\/www.article-marketing.eu\/comunicatistampa\/wp-json\/wp\/v2\/comments?post=20213"}],"version-history":[{"count":2,"href":"https:\/\/www.article-marketing.eu\/comunicatistampa\/wp-json\/wp\/v2\/posts\/20213\/revisions"}],"predecessor-version":[{"id":20644,"href":"https:\/\/www.article-marketing.eu\/comunicatistampa\/wp-json\/wp\/v2\/posts\/20213\/revisions\/20644"}],"wp:attachment":[{"href":"https:\/\/www.article-marketing.eu\/comunicatistampa\/wp-json\/wp\/v2\/media?parent=20213"}],"wp:term":[{"taxonomy":"category","embeddable":true,"href":"https:\/\/www.article-marketing.eu\/comunicatistampa\/wp-json\/wp\/v2\/categories?post=20213"},{"taxonomy":"post_tag","embeddable":true,"href":"https:\/\/www.article-marketing.eu\/comunicatistampa\/wp-json\/wp\/v2\/tags?post=20213"}],"curies":[{"name":"wp","href":"https:\/\/api.w.org\/{rel}","templated":true}]}}