{"id":20220,"date":"2021-10-22T19:51:12","date_gmt":"2021-10-22T17:51:12","guid":{"rendered":"https:\/\/www.article-marketing.eu\/comunicatistampa\/?p=20220"},"modified":"2021-10-16T19:56:22","modified_gmt":"2021-10-16T17:56:22","slug":"covid-19-perdite-nei-bilanci-e-quinquennio-di-grazia-attenzione-alle-storture-sulla-parita-di-trattamento","status":"publish","type":"post","link":"https:\/\/www.article-marketing.eu\/comunicatistampa\/covid-19-perdite-nei-bilanci-e-quinquennio-di-grazia-attenzione-alle-storture-sulla-parita-di-trattamento\/","title":{"rendered":"Covid-19, perdite nei bilanci e \u201cquinquennio di grazia\u201d: \u00abattenzione alle storture sulla parit\u00e0 di trattamento\u00bb"},"content":{"rendered":"<p><strong>La raccomandazione del notaio Paolo Divizia e del commercialista dott. Giorgio Berta dalle pagine di \u201cStrumenti finanziari e fiscalit\u00e0\u201d, rivista edita da Egea, casa editrice dell\u2019Universit\u00e0 Bocconi: \u00abLe perdite da mala gestione godono delle stesse agevolazioni delle perdite da emergenza sanitaria provocando <\/strong><strong>oggettive disuguaglianze\u00bb.<\/strong><\/p>\n<p>&nbsp;<\/p>\n<p>Perdite cristallizzate e nuovi meccanismi di protezione per le societ\u00e0 in difficolt\u00e0. Al fine di fronteggiare le conseguenze dell\u2019emergenza sanitaria sui <strong>bilanci delle societ\u00e0<\/strong>, il Governo ha introdotto specifiche disposizioni. Si tratta, in particolare, della normativa, racchiusa nel comma 266 dell\u2019art. 1 della Legge di Bilancio 2021, i cui impatti sono stati analizzati dal dott. Paolo Divizia, <strong>Notaio in Bergamo e Milano<\/strong> e dal <strong>dott. Giorgio Berta<\/strong>, socio fondatore di Studio BNC in\u00a0\u201c<strong>Strumenti finanziari e fiscalit\u00e0<\/strong>\u201d, rivista\u00a0edita da Egea, casa editrice dell\u2019Universit\u00e0 Bocconi.<\/p>\n<p>&nbsp;<\/p>\n<p>Formalmente la legge dispone la <strong>dilatazione da uno a cinque anni<\/strong> del termine entro il quale e\u0300 necessario intervenire sulla perdita e disattiva l\u2019obbligo di intervento sul capitale sociale al fine di ovviare alle difficolta\u0300 che i soci avrebbero nel reperire mezzi finanziari ovvero, nelle ipotesi pi\u00f9 gravi, di fronteggiare lo scioglimento e la liquidazione della societ\u00e0. Restano per\u00f2 sempre adottabili su base <strong>volontaria<\/strong> tutti gli \u201c<strong>opportuni provvedimenti<\/strong>\u201d disposti dal Codice ed elaborati dalla prassi notarile, da pi\u00f9 semplici interventi di riduzione\/ricapitalizzazione sino alle pi\u00f9 raffinate operazioni straordinarie volte all\u2019eliminazione della perdita (cc.dd. fusioni liquidatorie e non liquidatorie). In altre parole, la presenza di \u201cperdite Covid\u201d, se da un lato non obbliga al ripianamento, dall\u2019altro continua a <strong>impedire la distribuzione di utili <\/strong>sino a quando il capitale non venga reintegrato o ridotto in misura corrispondente.<\/p>\n<p>&nbsp;<\/p>\n<p>Non solo, secondo l\u2019analisi di Berta e Divizia, la nuova disciplina emergenziale reca con se\u0301 un <strong>onere procedimentale di contabilizzazione aggravato per le societ\u00e0<\/strong>. Nel nome di una maggiore trasparenza, le perdite significative devono essere distintamente indicate nella nota integrativa con la specificazione, in appositi prospetti, della loro origine nonch\u00e9 delle movimentazioni intervenute nell\u2019esercizio. E negli esercizi successivi, dovranno essere accompagnate da un corredo di <strong>indicazioni programmatiche<\/strong> che descrivano le iniziative, passo dopo passo, messe in campo dagli amministratori per superare lo stato di difficolta\u0300 economica.<\/p>\n<p>&nbsp;<\/p>\n<p><em>\u00abMa non vi sono solo note positive<\/em> \u2013 avvertono Berta e Divizia \u2013 <em>L\u2019interpretazione estensiva della norma giunge a creare alcune <strong>storture applicative<\/strong> che, senza ragionevoli dubbi, possono qualificarsi come violazioni del principio di parit\u00e0 di trattamento\u00bb. <\/em>Valga il seguente esempio: le perdite maturate nell\u2019anno 2019, dunque completamente \u201csganciate\u201d dalle problematiche correlate alla diffusione della pandemia e connesse a una semplice <em>mala gestio<\/em>, se e non ripianate tempestivamente, godono del medesimo trattamento di favore dovuto alle perdite maturate nel 2020 causa epidemia. \u00ab<em>Entrambe queste perdite<\/em> \u2013 continuano Berta e Divizia \u2013 <em>possono essere rimandate al 2026, anche se figlie di due diverse genesi: a) la mala gestio e un fortunoso indugio, nel primo caso; b) una diretta e incolpevole connessione con la pandemia, nel secondo caso. Dunque, nonostante la normativa possa essere per finalit\u00e0 condivisibile, \u00e8 innegabile che in punto di diritto crei delle <strong>oggettive disuguaglianze<\/strong>\u00bb.<\/em><\/p>\n<p><em>\u00a0<\/em><\/p>\n<p>La disciplina Covid, in ogni caso, non incide in alcun modo sulle comunicazioni che devono intercorrere fra l\u2019organo amministrativo e l\u2019assemblea dei soci, lasciando inalterato il diritto del socio a una <strong>completa informativa pre-assembleare<\/strong>. In base alle nuove disposizioni, piuttosto, tutte le perdite rilevanti che beneficiano del rinvio a nuovo quinquennale debbono essere oggetto di una indicazione separata e distinta, con specificazione della loro origine e delle movimentazioni intervenute nel singolo esercizio. Resta inoltre l\u2019obbligo di convocare tempestivamente l\u2019assemblea dei soci al fine di fornire un quadro informativo dettagliato, corredato dalla relativa documentazione contabile. L\u2019assemblea, quindi, debitamente informata, potr\u00e0 decidere di fruire del \u201cquinquennio di grazia\u201d e deliberare un rinvio dell\u2019intervento sulle perdite.<\/p>\n","protected":false},"excerpt":{"rendered":"<p>La raccomandazione del notaio Paolo Divizia e del commercialista dott. Giorgio Berta dalle pagine di \u201cStrumenti finanziari e fiscalit\u00e0\u201d, rivista edita da Egea, casa editrice dell\u2019Universit\u00e0 Bocconi: \u00abLe perdite da mala gestione godono delle stesse agevolazioni delle perdite da emergenza sanitaria provocando oggettive disuguaglianze\u00bb. &nbsp; Perdite cristallizzate e nuovi meccanismi di protezione per le societ\u00e0 in difficolt\u00e0. Al fine di fronteggiare le conseguenze dell\u2019emergenza sanitaria sui bilanci delle societ\u00e0, il<\/p>\n<p><a class=\"continue-reading\" href=\"https:\/\/www.article-marketing.eu\/comunicatistampa\/covid-19-perdite-nei-bilanci-e-quinquennio-di-grazia-attenzione-alle-storture-sulla-parita-di-trattamento\/\">Continue reading&#8230;<\/a><\/p>\n","protected":false},"author":1855,"featured_media":0,"comment_status":"open","ping_status":"open","sticky":false,"template":"","format":"standard","meta":{"_monsterinsights_skip_tracking":false,"_monsterinsights_sitenote_active":false,"_monsterinsights_sitenote_note":"","_monsterinsights_sitenote_category":0,"footnotes":""},"categories":[386],"tags":[5972,904,1324],"class_list":["post-20220","post","type-post","status-publish","format-standard","hentry","category-economia-e-lavoro","tag-covid19","tag-economia","tag-imprese"],"yoast_head":"<!-- This site is optimized with the Yoast SEO plugin v27.3 - https:\/\/yoast.com\/product\/yoast-seo-wordpress\/ -->\n<title>Covid-19, perdite nei bilanci e \u201cquinquennio di grazia\u201d: \u00abattenzione alle storture sulla parit\u00e0 di trattamento\u00bb<\/title>\n<meta name=\"robots\" content=\"index, follow, max-snippet:-1, max-image-preview:large, max-video-preview:-1\" \/>\n<link rel=\"canonical\" href=\"https:\/\/www.article-marketing.eu\/comunicatistampa\/covid-19-perdite-nei-bilanci-e-quinquennio-di-grazia-attenzione-alle-storture-sulla-parita-di-trattamento\/\" \/>\n<meta property=\"og:locale\" content=\"it_IT\" \/>\n<meta property=\"og:type\" content=\"article\" \/>\n<meta property=\"og:title\" content=\"Covid-19, perdite nei bilanci e \u201cquinquennio di grazia\u201d: \u00abattenzione alle storture sulla parit\u00e0 di trattamento\u00bb\" \/>\n<meta property=\"og:description\" content=\"La raccomandazione del notaio Paolo Divizia e del commercialista dott. Giorgio Berta dalle pagine di \u201cStrumenti finanziari e fiscalit\u00e0\u201d, rivista edita da Egea, casa editrice dell\u2019Universit\u00e0 Bocconi: \u00abLe perdite da mala gestione godono delle stesse agevolazioni delle perdite da emergenza sanitaria provocando oggettive disuguaglianze\u00bb. &nbsp; Perdite cristallizzate e nuovi meccanismi di protezione per le societ\u00e0 in difficolt\u00e0. Al fine di fronteggiare le conseguenze dell\u2019emergenza sanitaria sui bilanci delle societ\u00e0, ilContinue reading...\" \/>\n<meta property=\"og:url\" content=\"https:\/\/www.article-marketing.eu\/comunicatistampa\/covid-19-perdite-nei-bilanci-e-quinquennio-di-grazia-attenzione-alle-storture-sulla-parita-di-trattamento\/\" \/>\n<meta property=\"og:site_name\" content=\"Article Marketing\" \/>\n<meta property=\"article:published_time\" content=\"2021-10-22T17:51:12+00:00\" \/>\n<meta name=\"author\" content=\"Redaclem\" \/>\n<meta name=\"twitter:card\" content=\"summary_large_image\" \/>\n<meta name=\"twitter:label1\" content=\"Scritto da\" \/>\n\t<meta name=\"twitter:data1\" content=\"Redaclem\" \/>\n\t<meta name=\"twitter:label2\" content=\"Tempo di lettura stimato\" \/>\n\t<meta name=\"twitter:data2\" content=\"3 minuti\" \/>\n<script type=\"application\/ld+json\" class=\"yoast-schema-graph\">{\"@context\":\"https:\\\/\\\/schema.org\",\"@graph\":[{\"@type\":\"Article\",\"@id\":\"https:\\\/\\\/www.article-marketing.eu\\\/comunicatistampa\\\/covid-19-perdite-nei-bilanci-e-quinquennio-di-grazia-attenzione-alle-storture-sulla-parita-di-trattamento\\\/#article\",\"isPartOf\":{\"@id\":\"https:\\\/\\\/www.article-marketing.eu\\\/comunicatistampa\\\/covid-19-perdite-nei-bilanci-e-quinquennio-di-grazia-attenzione-alle-storture-sulla-parita-di-trattamento\\\/\"},\"author\":{\"name\":\"Redaclem\",\"@id\":\"https:\\\/\\\/www.article-marketing.eu\\\/comunicatistampa\\\/#\\\/schema\\\/person\\\/c0aa725eee5df8460e0adf901fde0c88\"},\"headline\":\"Covid-19, perdite nei bilanci e \u201cquinquennio di grazia\u201d: \u00abattenzione alle storture sulla parit\u00e0 di trattamento\u00bb\",\"datePublished\":\"2021-10-22T17:51:12+00:00\",\"mainEntityOfPage\":{\"@id\":\"https:\\\/\\\/www.article-marketing.eu\\\/comunicatistampa\\\/covid-19-perdite-nei-bilanci-e-quinquennio-di-grazia-attenzione-alle-storture-sulla-parita-di-trattamento\\\/\"},\"wordCount\":636,\"commentCount\":0,\"keywords\":[\"#covid19\",\"economia\",\"imprese\"],\"articleSection\":[\"Economia e lavoro\"],\"inLanguage\":\"it-IT\",\"potentialAction\":[{\"@type\":\"CommentAction\",\"name\":\"Comment\",\"target\":[\"https:\\\/\\\/www.article-marketing.eu\\\/comunicatistampa\\\/covid-19-perdite-nei-bilanci-e-quinquennio-di-grazia-attenzione-alle-storture-sulla-parita-di-trattamento\\\/#respond\"]}]},{\"@type\":\"WebPage\",\"@id\":\"https:\\\/\\\/www.article-marketing.eu\\\/comunicatistampa\\\/covid-19-perdite-nei-bilanci-e-quinquennio-di-grazia-attenzione-alle-storture-sulla-parita-di-trattamento\\\/\",\"url\":\"https:\\\/\\\/www.article-marketing.eu\\\/comunicatistampa\\\/covid-19-perdite-nei-bilanci-e-quinquennio-di-grazia-attenzione-alle-storture-sulla-parita-di-trattamento\\\/\",\"name\":\"Covid-19, perdite nei bilanci e \u201cquinquennio di grazia\u201d: \u00abattenzione alle storture sulla parit\u00e0 di trattamento\u00bb\",\"isPartOf\":{\"@id\":\"https:\\\/\\\/www.article-marketing.eu\\\/comunicatistampa\\\/#website\"},\"datePublished\":\"2021-10-22T17:51:12+00:00\",\"author\":{\"@id\":\"https:\\\/\\\/www.article-marketing.eu\\\/comunicatistampa\\\/#\\\/schema\\\/person\\\/c0aa725eee5df8460e0adf901fde0c88\"},\"breadcrumb\":{\"@id\":\"https:\\\/\\\/www.article-marketing.eu\\\/comunicatistampa\\\/covid-19-perdite-nei-bilanci-e-quinquennio-di-grazia-attenzione-alle-storture-sulla-parita-di-trattamento\\\/#breadcrumb\"},\"inLanguage\":\"it-IT\",\"potentialAction\":[{\"@type\":\"ReadAction\",\"target\":[\"https:\\\/\\\/www.article-marketing.eu\\\/comunicatistampa\\\/covid-19-perdite-nei-bilanci-e-quinquennio-di-grazia-attenzione-alle-storture-sulla-parita-di-trattamento\\\/\"]}]},{\"@type\":\"BreadcrumbList\",\"@id\":\"https:\\\/\\\/www.article-marketing.eu\\\/comunicatistampa\\\/covid-19-perdite-nei-bilanci-e-quinquennio-di-grazia-attenzione-alle-storture-sulla-parita-di-trattamento\\\/#breadcrumb\",\"itemListElement\":[{\"@type\":\"ListItem\",\"position\":1,\"name\":\"Home\",\"item\":\"https:\\\/\\\/www.article-marketing.eu\\\/comunicatistampa\\\/\"},{\"@type\":\"ListItem\",\"position\":2,\"name\":\"Covid-19, perdite nei bilanci e \u201cquinquennio di grazia\u201d: \u00abattenzione alle storture sulla parit\u00e0 di trattamento\u00bb\"}]},{\"@type\":\"WebSite\",\"@id\":\"https:\\\/\\\/www.article-marketing.eu\\\/comunicatistampa\\\/#website\",\"url\":\"https:\\\/\\\/www.article-marketing.eu\\\/comunicatistampa\\\/\",\"name\":\"Article Marketing\",\"description\":\"article marketing &amp; press release\",\"potentialAction\":[{\"@type\":\"SearchAction\",\"target\":{\"@type\":\"EntryPoint\",\"urlTemplate\":\"https:\\\/\\\/www.article-marketing.eu\\\/comunicatistampa\\\/?s={search_term_string}\"},\"query-input\":{\"@type\":\"PropertyValueSpecification\",\"valueRequired\":true,\"valueName\":\"search_term_string\"}}],\"inLanguage\":\"it-IT\"},{\"@type\":\"Person\",\"@id\":\"https:\\\/\\\/www.article-marketing.eu\\\/comunicatistampa\\\/#\\\/schema\\\/person\\\/c0aa725eee5df8460e0adf901fde0c88\",\"name\":\"Redaclem\",\"image\":{\"@type\":\"ImageObject\",\"inLanguage\":\"it-IT\",\"@id\":\"https:\\\/\\\/secure.gravatar.com\\\/avatar\\\/4c7e41f332a0583344a91d7d39723533da9b2d0df7737c2d8c69553168c2191e?s=96&d=mm&r=g\",\"url\":\"https:\\\/\\\/secure.gravatar.com\\\/avatar\\\/4c7e41f332a0583344a91d7d39723533da9b2d0df7737c2d8c69553168c2191e?s=96&d=mm&r=g\",\"contentUrl\":\"https:\\\/\\\/secure.gravatar.com\\\/avatar\\\/4c7e41f332a0583344a91d7d39723533da9b2d0df7737c2d8c69553168c2191e?s=96&d=mm&r=g\",\"caption\":\"Redaclem\"},\"url\":\"https:\\\/\\\/www.article-marketing.eu\\\/comunicatistampa\\\/author\\\/redaclem\\\/\"}]}<\/script>\n<!-- \/ Yoast SEO plugin. -->","yoast_head_json":{"title":"Covid-19, perdite nei bilanci e \u201cquinquennio di grazia\u201d: \u00abattenzione alle storture sulla parit\u00e0 di trattamento\u00bb","robots":{"index":"index","follow":"follow","max-snippet":"max-snippet:-1","max-image-preview":"max-image-preview:large","max-video-preview":"max-video-preview:-1"},"canonical":"https:\/\/www.article-marketing.eu\/comunicatistampa\/covid-19-perdite-nei-bilanci-e-quinquennio-di-grazia-attenzione-alle-storture-sulla-parita-di-trattamento\/","og_locale":"it_IT","og_type":"article","og_title":"Covid-19, perdite nei bilanci e \u201cquinquennio di grazia\u201d: \u00abattenzione alle storture sulla parit\u00e0 di trattamento\u00bb","og_description":"La raccomandazione del notaio Paolo Divizia e del commercialista dott. Giorgio Berta dalle pagine di \u201cStrumenti finanziari e fiscalit\u00e0\u201d, rivista edita da Egea, casa editrice dell\u2019Universit\u00e0 Bocconi: \u00abLe perdite da mala gestione godono delle stesse agevolazioni delle perdite da emergenza sanitaria provocando oggettive disuguaglianze\u00bb. &nbsp; Perdite cristallizzate e nuovi meccanismi di protezione per le societ\u00e0 in difficolt\u00e0. Al fine di fronteggiare le conseguenze dell\u2019emergenza sanitaria sui bilanci delle societ\u00e0, ilContinue reading...","og_url":"https:\/\/www.article-marketing.eu\/comunicatistampa\/covid-19-perdite-nei-bilanci-e-quinquennio-di-grazia-attenzione-alle-storture-sulla-parita-di-trattamento\/","og_site_name":"Article Marketing","article_published_time":"2021-10-22T17:51:12+00:00","author":"Redaclem","twitter_card":"summary_large_image","twitter_misc":{"Scritto da":"Redaclem","Tempo di lettura stimato":"3 minuti"},"schema":{"@context":"https:\/\/schema.org","@graph":[{"@type":"Article","@id":"https:\/\/www.article-marketing.eu\/comunicatistampa\/covid-19-perdite-nei-bilanci-e-quinquennio-di-grazia-attenzione-alle-storture-sulla-parita-di-trattamento\/#article","isPartOf":{"@id":"https:\/\/www.article-marketing.eu\/comunicatistampa\/covid-19-perdite-nei-bilanci-e-quinquennio-di-grazia-attenzione-alle-storture-sulla-parita-di-trattamento\/"},"author":{"name":"Redaclem","@id":"https:\/\/www.article-marketing.eu\/comunicatistampa\/#\/schema\/person\/c0aa725eee5df8460e0adf901fde0c88"},"headline":"Covid-19, perdite nei bilanci e \u201cquinquennio di grazia\u201d: \u00abattenzione alle storture sulla parit\u00e0 di trattamento\u00bb","datePublished":"2021-10-22T17:51:12+00:00","mainEntityOfPage":{"@id":"https:\/\/www.article-marketing.eu\/comunicatistampa\/covid-19-perdite-nei-bilanci-e-quinquennio-di-grazia-attenzione-alle-storture-sulla-parita-di-trattamento\/"},"wordCount":636,"commentCount":0,"keywords":["#covid19","economia","imprese"],"articleSection":["Economia e lavoro"],"inLanguage":"it-IT","potentialAction":[{"@type":"CommentAction","name":"Comment","target":["https:\/\/www.article-marketing.eu\/comunicatistampa\/covid-19-perdite-nei-bilanci-e-quinquennio-di-grazia-attenzione-alle-storture-sulla-parita-di-trattamento\/#respond"]}]},{"@type":"WebPage","@id":"https:\/\/www.article-marketing.eu\/comunicatistampa\/covid-19-perdite-nei-bilanci-e-quinquennio-di-grazia-attenzione-alle-storture-sulla-parita-di-trattamento\/","url":"https:\/\/www.article-marketing.eu\/comunicatistampa\/covid-19-perdite-nei-bilanci-e-quinquennio-di-grazia-attenzione-alle-storture-sulla-parita-di-trattamento\/","name":"Covid-19, perdite nei bilanci e \u201cquinquennio di grazia\u201d: \u00abattenzione alle storture sulla parit\u00e0 di trattamento\u00bb","isPartOf":{"@id":"https:\/\/www.article-marketing.eu\/comunicatistampa\/#website"},"datePublished":"2021-10-22T17:51:12+00:00","author":{"@id":"https:\/\/www.article-marketing.eu\/comunicatistampa\/#\/schema\/person\/c0aa725eee5df8460e0adf901fde0c88"},"breadcrumb":{"@id":"https:\/\/www.article-marketing.eu\/comunicatistampa\/covid-19-perdite-nei-bilanci-e-quinquennio-di-grazia-attenzione-alle-storture-sulla-parita-di-trattamento\/#breadcrumb"},"inLanguage":"it-IT","potentialAction":[{"@type":"ReadAction","target":["https:\/\/www.article-marketing.eu\/comunicatistampa\/covid-19-perdite-nei-bilanci-e-quinquennio-di-grazia-attenzione-alle-storture-sulla-parita-di-trattamento\/"]}]},{"@type":"BreadcrumbList","@id":"https:\/\/www.article-marketing.eu\/comunicatistampa\/covid-19-perdite-nei-bilanci-e-quinquennio-di-grazia-attenzione-alle-storture-sulla-parita-di-trattamento\/#breadcrumb","itemListElement":[{"@type":"ListItem","position":1,"name":"Home","item":"https:\/\/www.article-marketing.eu\/comunicatistampa\/"},{"@type":"ListItem","position":2,"name":"Covid-19, perdite nei bilanci e \u201cquinquennio di grazia\u201d: \u00abattenzione alle storture sulla parit\u00e0 di trattamento\u00bb"}]},{"@type":"WebSite","@id":"https:\/\/www.article-marketing.eu\/comunicatistampa\/#website","url":"https:\/\/www.article-marketing.eu\/comunicatistampa\/","name":"Article Marketing","description":"article marketing &amp; press release","potentialAction":[{"@type":"SearchAction","target":{"@type":"EntryPoint","urlTemplate":"https:\/\/www.article-marketing.eu\/comunicatistampa\/?s={search_term_string}"},"query-input":{"@type":"PropertyValueSpecification","valueRequired":true,"valueName":"search_term_string"}}],"inLanguage":"it-IT"},{"@type":"Person","@id":"https:\/\/www.article-marketing.eu\/comunicatistampa\/#\/schema\/person\/c0aa725eee5df8460e0adf901fde0c88","name":"Redaclem","image":{"@type":"ImageObject","inLanguage":"it-IT","@id":"https:\/\/secure.gravatar.com\/avatar\/4c7e41f332a0583344a91d7d39723533da9b2d0df7737c2d8c69553168c2191e?s=96&d=mm&r=g","url":"https:\/\/secure.gravatar.com\/avatar\/4c7e41f332a0583344a91d7d39723533da9b2d0df7737c2d8c69553168c2191e?s=96&d=mm&r=g","contentUrl":"https:\/\/secure.gravatar.com\/avatar\/4c7e41f332a0583344a91d7d39723533da9b2d0df7737c2d8c69553168c2191e?s=96&d=mm&r=g","caption":"Redaclem"},"url":"https:\/\/www.article-marketing.eu\/comunicatistampa\/author\/redaclem\/"}]}},"_links":{"self":[{"href":"https:\/\/www.article-marketing.eu\/comunicatistampa\/wp-json\/wp\/v2\/posts\/20220","targetHints":{"allow":["GET"]}}],"collection":[{"href":"https:\/\/www.article-marketing.eu\/comunicatistampa\/wp-json\/wp\/v2\/posts"}],"about":[{"href":"https:\/\/www.article-marketing.eu\/comunicatistampa\/wp-json\/wp\/v2\/types\/post"}],"author":[{"embeddable":true,"href":"https:\/\/www.article-marketing.eu\/comunicatistampa\/wp-json\/wp\/v2\/users\/1855"}],"replies":[{"embeddable":true,"href":"https:\/\/www.article-marketing.eu\/comunicatistampa\/wp-json\/wp\/v2\/comments?post=20220"}],"version-history":[{"count":2,"href":"https:\/\/www.article-marketing.eu\/comunicatistampa\/wp-json\/wp\/v2\/posts\/20220\/revisions"}],"predecessor-version":[{"id":20648,"href":"https:\/\/www.article-marketing.eu\/comunicatistampa\/wp-json\/wp\/v2\/posts\/20220\/revisions\/20648"}],"wp:attachment":[{"href":"https:\/\/www.article-marketing.eu\/comunicatistampa\/wp-json\/wp\/v2\/media?parent=20220"}],"wp:term":[{"taxonomy":"category","embeddable":true,"href":"https:\/\/www.article-marketing.eu\/comunicatistampa\/wp-json\/wp\/v2\/categories?post=20220"},{"taxonomy":"post_tag","embeddable":true,"href":"https:\/\/www.article-marketing.eu\/comunicatistampa\/wp-json\/wp\/v2\/tags?post=20220"}],"curies":[{"name":"wp","href":"https:\/\/api.w.org\/{rel}","templated":true}]}}