{"id":20360,"date":"2021-10-29T12:56:42","date_gmt":"2021-10-29T10:56:42","guid":{"rendered":"https:\/\/www.article-marketing.eu\/comunicatistampa\/?p=20360"},"modified":"2021-10-19T14:58:54","modified_gmt":"2021-10-19T12:58:54","slug":"ats-pavia-apertura-del-corso-triennale-di-formazione-specifica-in-medicina-generale-polo-formativo-di-pavia","status":"publish","type":"post","link":"https:\/\/www.article-marketing.eu\/comunicatistampa\/ats-pavia-apertura-del-corso-triennale-di-formazione-specifica-in-medicina-generale-polo-formativo-di-pavia\/","title":{"rendered":"ATS Pavia: apertura del corso triennale di formazione specifica in medicina generale &#8211; Polo formativo di Pavia"},"content":{"rendered":"<p>\u00c8 stato inaugurato, presso la sede di viale Indipendenza, alla presenza del neo Direttore Generale di ATS Pavia, la Dott.ssa Lorella Cecconami, del Presidente dell\u2019ordine dei medici dott. Claudio Lisi e delle Autorit\u00e0, il <strong>Corso triennale di formazione specifica in Medicina Generale afferente ad ATS PAVIA<\/strong>.<\/p>\n<p>Un corso abilitante di almeno 4.800 ore complessive, distribuite su tre annualit\u00e0, articolato in attivit\u00e0 di tirocinio pratico (3.200 ore) e attivit\u00e0 teoriche (1.600 ore), per poter svolgere l&#8217;attivit\u00e0 del Medico di Medicina Generale nell&#8217;ambito del Servizio Sanitario Nazionale. <strong>Un diploma di formazione specifica in Medicina Generale<\/strong>, che si ottiene tramite l&#8217;ATS di Pavia in collaborazione con <strong>ASST Pavia e Fondazione IRCCS Policlinico San Matteo di Pavia<\/strong> quali punti erogativi presso i quali svolgere le attivit\u00e0 didattiche di tirocinio pratico e teorico. Attualmente i corsisti sono <strong>78<\/strong>, suddivisi in 3 classi: 13 al primo anno, 26 al secondo e 39 al terzo.<\/p>\n<p>Ad ATS Pavia spetta l\u2019organizzazione e la gestione del percorso formativo e l\u2019erogazione delle attivit\u00e0 didattiche di natura pratica e teorica e la nomina dei docenti. I medici tutori che affiancheranno i tirocinanti nello svolgimento della pratica negli ambulatori di MMG presenti sul territorio pavese aventi i requisiti (oltre 10 anni e conseguimento corso polis) sono 37.<\/p>\n<p><em>\u201cObiettivo del corso \u00e8 fornire ai Medici di Medicina Generale in formazione, tutte le competenze necessarie per farsi carico della salute psicofisica dei propri assistiti, maturando competenze sia nella relazione con i pazienti che nell\u2019attivit\u00e0 clinica, oltre che nella gestione dei percorsi assistenziali e nell\u2019organizzazione delle attivit\u00e0. Un percorso fondamentale reso possibile anche grazie alla riorganizzazione del Polo formativo presso le ATS lombarde. I giovani laureati possono contare su una solida tradizione medica, come quella pavese, da cui poter apprendere tutte le competenze cliniche necessarie, grazie anche alla grande disponibilit\u00e0 delle strutture specialistiche di ospitare i tirocinanti\u201d ha sottolineato<\/em> il <strong>Direttore Generale di ATS PAVIA, la Dott.ssa Lorella Cecconami. <\/strong><\/p>\n<p><em>\u00a0<\/em><\/p>\n<p><em>\u201cIl tirocinio in Medicina Generale ha il compito di preparare i giovani medici a svolgere con competenza il ruolo di Medico di Medicina Generale. \u00c8 un tirocinio professionalizzante, in quanto consente ai medici di apprendere le conoscenze necessarie e indispensabili per essere autonomi nello svolgere il compito di Medico di Medicina Generale\u201d <\/em>sottolinea il <strong>dott. Giorgio Monti<\/strong>, coordinatore didattico del corso.<\/p>\n<p><em>\u00a0<\/em><\/p>\n<p><em>\u201c\u00c8 un anno e un momento straordinario: l\u2019emergenza ha consentito agli specializzandi e anche ai tirocinanti Medici di Medicina Generale di svolgere l\u2019attivit\u00e0 professionale riconosciuta come formazione. Siamo finalmente al pari degli altri Paesi Europei.\u201d <\/em>conclude il <strong>dott. Alessandro Colombo<\/strong>, Direttore di Polis Lombardia.<\/p>\n","protected":false},"excerpt":{"rendered":"<p>\u00c8 stato inaugurato, presso la sede di viale Indipendenza, alla presenza del neo Direttore Generale di ATS Pavia, la Dott.ssa Lorella Cecconami, del Presidente dell\u2019ordine dei medici dott. Claudio Lisi e delle Autorit\u00e0, il Corso triennale di formazione specifica in Medicina Generale afferente ad ATS PAVIA. Un corso abilitante di almeno 4.800 ore complessive, distribuite su tre annualit\u00e0, articolato in attivit\u00e0 di tirocinio pratico (3.200 ore) e attivit\u00e0 teoriche (1.600<\/p>\n<p><a class=\"continue-reading\" href=\"https:\/\/www.article-marketing.eu\/comunicatistampa\/ats-pavia-apertura-del-corso-triennale-di-formazione-specifica-in-medicina-generale-polo-formativo-di-pavia\/\">Continue reading&#8230;<\/a><\/p>\n","protected":false},"author":1855,"featured_media":0,"comment_status":"open","ping_status":"open","sticky":false,"template":"","format":"standard","meta":{"_monsterinsights_skip_tracking":false,"_monsterinsights_sitenote_active":false,"_monsterinsights_sitenote_note":"","_monsterinsights_sitenote_category":0,"footnotes":""},"categories":[378],"tags":[7667],"class_list":["post-20360","post","type-post","status-publish","format-standard","hentry","category-istruzione","tag-atspavia"],"yoast_head":"<!-- This site is optimized with the Yoast SEO plugin v27.3 - https:\/\/yoast.com\/product\/yoast-seo-wordpress\/ -->\n<title>ATS Pavia: apertura del corso triennale di formazione specifica in medicina generale - Polo formativo di Pavia<\/title>\n<meta name=\"robots\" content=\"index, follow, max-snippet:-1, max-image-preview:large, max-video-preview:-1\" \/>\n<link rel=\"canonical\" href=\"https:\/\/www.article-marketing.eu\/comunicatistampa\/ats-pavia-apertura-del-corso-triennale-di-formazione-specifica-in-medicina-generale-polo-formativo-di-pavia\/\" \/>\n<meta property=\"og:locale\" content=\"it_IT\" \/>\n<meta property=\"og:type\" content=\"article\" \/>\n<meta property=\"og:title\" content=\"ATS Pavia: apertura del corso triennale di formazione specifica in medicina generale - Polo formativo di Pavia\" \/>\n<meta property=\"og:description\" content=\"\u00c8 stato inaugurato, presso la sede di viale Indipendenza, alla presenza del neo Direttore Generale di ATS Pavia, la Dott.ssa Lorella Cecconami, del Presidente dell\u2019ordine dei medici dott. Claudio Lisi e delle Autorit\u00e0, il Corso triennale di formazione specifica in Medicina Generale afferente ad ATS PAVIA. Un corso abilitante di almeno 4.800 ore complessive, distribuite su tre annualit\u00e0, articolato in attivit\u00e0 di tirocinio pratico (3.200 ore) e attivit\u00e0 teoriche (1.600Continue reading...\" \/>\n<meta property=\"og:url\" content=\"https:\/\/www.article-marketing.eu\/comunicatistampa\/ats-pavia-apertura-del-corso-triennale-di-formazione-specifica-in-medicina-generale-polo-formativo-di-pavia\/\" \/>\n<meta property=\"og:site_name\" content=\"Article Marketing\" \/>\n<meta property=\"article:published_time\" content=\"2021-10-29T10:56:42+00:00\" \/>\n<meta name=\"author\" content=\"Redaclem\" \/>\n<meta name=\"twitter:card\" content=\"summary_large_image\" \/>\n<meta name=\"twitter:label1\" content=\"Scritto da\" \/>\n\t<meta name=\"twitter:data1\" content=\"Redaclem\" \/>\n\t<meta name=\"twitter:label2\" content=\"Tempo di lettura stimato\" \/>\n\t<meta name=\"twitter:data2\" content=\"2 minuti\" \/>\n<script type=\"application\/ld+json\" class=\"yoast-schema-graph\">{\"@context\":\"https:\\\/\\\/schema.org\",\"@graph\":[{\"@type\":\"Article\",\"@id\":\"https:\\\/\\\/www.article-marketing.eu\\\/comunicatistampa\\\/ats-pavia-apertura-del-corso-triennale-di-formazione-specifica-in-medicina-generale-polo-formativo-di-pavia\\\/#article\",\"isPartOf\":{\"@id\":\"https:\\\/\\\/www.article-marketing.eu\\\/comunicatistampa\\\/ats-pavia-apertura-del-corso-triennale-di-formazione-specifica-in-medicina-generale-polo-formativo-di-pavia\\\/\"},\"author\":{\"name\":\"Redaclem\",\"@id\":\"https:\\\/\\\/www.article-marketing.eu\\\/comunicatistampa\\\/#\\\/schema\\\/person\\\/c0aa725eee5df8460e0adf901fde0c88\"},\"headline\":\"ATS Pavia: apertura del corso triennale di formazione specifica in medicina generale &#8211; Polo formativo di Pavia\",\"datePublished\":\"2021-10-29T10:56:42+00:00\",\"mainEntityOfPage\":{\"@id\":\"https:\\\/\\\/www.article-marketing.eu\\\/comunicatistampa\\\/ats-pavia-apertura-del-corso-triennale-di-formazione-specifica-in-medicina-generale-polo-formativo-di-pavia\\\/\"},\"wordCount\":431,\"commentCount\":0,\"keywords\":[\"#atspavia\"],\"articleSection\":[\"Istruzione\"],\"inLanguage\":\"it-IT\",\"potentialAction\":[{\"@type\":\"CommentAction\",\"name\":\"Comment\",\"target\":[\"https:\\\/\\\/www.article-marketing.eu\\\/comunicatistampa\\\/ats-pavia-apertura-del-corso-triennale-di-formazione-specifica-in-medicina-generale-polo-formativo-di-pavia\\\/#respond\"]}]},{\"@type\":\"WebPage\",\"@id\":\"https:\\\/\\\/www.article-marketing.eu\\\/comunicatistampa\\\/ats-pavia-apertura-del-corso-triennale-di-formazione-specifica-in-medicina-generale-polo-formativo-di-pavia\\\/\",\"url\":\"https:\\\/\\\/www.article-marketing.eu\\\/comunicatistampa\\\/ats-pavia-apertura-del-corso-triennale-di-formazione-specifica-in-medicina-generale-polo-formativo-di-pavia\\\/\",\"name\":\"ATS Pavia: apertura del corso triennale di formazione specifica in medicina generale - Polo formativo di Pavia\",\"isPartOf\":{\"@id\":\"https:\\\/\\\/www.article-marketing.eu\\\/comunicatistampa\\\/#website\"},\"datePublished\":\"2021-10-29T10:56:42+00:00\",\"author\":{\"@id\":\"https:\\\/\\\/www.article-marketing.eu\\\/comunicatistampa\\\/#\\\/schema\\\/person\\\/c0aa725eee5df8460e0adf901fde0c88\"},\"breadcrumb\":{\"@id\":\"https:\\\/\\\/www.article-marketing.eu\\\/comunicatistampa\\\/ats-pavia-apertura-del-corso-triennale-di-formazione-specifica-in-medicina-generale-polo-formativo-di-pavia\\\/#breadcrumb\"},\"inLanguage\":\"it-IT\",\"potentialAction\":[{\"@type\":\"ReadAction\",\"target\":[\"https:\\\/\\\/www.article-marketing.eu\\\/comunicatistampa\\\/ats-pavia-apertura-del-corso-triennale-di-formazione-specifica-in-medicina-generale-polo-formativo-di-pavia\\\/\"]}]},{\"@type\":\"BreadcrumbList\",\"@id\":\"https:\\\/\\\/www.article-marketing.eu\\\/comunicatistampa\\\/ats-pavia-apertura-del-corso-triennale-di-formazione-specifica-in-medicina-generale-polo-formativo-di-pavia\\\/#breadcrumb\",\"itemListElement\":[{\"@type\":\"ListItem\",\"position\":1,\"name\":\"Home\",\"item\":\"https:\\\/\\\/www.article-marketing.eu\\\/comunicatistampa\\\/\"},{\"@type\":\"ListItem\",\"position\":2,\"name\":\"ATS Pavia: apertura del corso triennale di formazione specifica in medicina generale &#8211; Polo formativo di Pavia\"}]},{\"@type\":\"WebSite\",\"@id\":\"https:\\\/\\\/www.article-marketing.eu\\\/comunicatistampa\\\/#website\",\"url\":\"https:\\\/\\\/www.article-marketing.eu\\\/comunicatistampa\\\/\",\"name\":\"Article Marketing\",\"description\":\"article marketing &amp; press release\",\"potentialAction\":[{\"@type\":\"SearchAction\",\"target\":{\"@type\":\"EntryPoint\",\"urlTemplate\":\"https:\\\/\\\/www.article-marketing.eu\\\/comunicatistampa\\\/?s={search_term_string}\"},\"query-input\":{\"@type\":\"PropertyValueSpecification\",\"valueRequired\":true,\"valueName\":\"search_term_string\"}}],\"inLanguage\":\"it-IT\"},{\"@type\":\"Person\",\"@id\":\"https:\\\/\\\/www.article-marketing.eu\\\/comunicatistampa\\\/#\\\/schema\\\/person\\\/c0aa725eee5df8460e0adf901fde0c88\",\"name\":\"Redaclem\",\"image\":{\"@type\":\"ImageObject\",\"inLanguage\":\"it-IT\",\"@id\":\"https:\\\/\\\/secure.gravatar.com\\\/avatar\\\/4c7e41f332a0583344a91d7d39723533da9b2d0df7737c2d8c69553168c2191e?s=96&d=mm&r=g\",\"url\":\"https:\\\/\\\/secure.gravatar.com\\\/avatar\\\/4c7e41f332a0583344a91d7d39723533da9b2d0df7737c2d8c69553168c2191e?s=96&d=mm&r=g\",\"contentUrl\":\"https:\\\/\\\/secure.gravatar.com\\\/avatar\\\/4c7e41f332a0583344a91d7d39723533da9b2d0df7737c2d8c69553168c2191e?s=96&d=mm&r=g\",\"caption\":\"Redaclem\"},\"url\":\"https:\\\/\\\/www.article-marketing.eu\\\/comunicatistampa\\\/author\\\/redaclem\\\/\"}]}<\/script>\n<!-- \/ Yoast SEO plugin. -->","yoast_head_json":{"title":"ATS Pavia: apertura del corso triennale di formazione specifica in medicina generale - Polo formativo di Pavia","robots":{"index":"index","follow":"follow","max-snippet":"max-snippet:-1","max-image-preview":"max-image-preview:large","max-video-preview":"max-video-preview:-1"},"canonical":"https:\/\/www.article-marketing.eu\/comunicatistampa\/ats-pavia-apertura-del-corso-triennale-di-formazione-specifica-in-medicina-generale-polo-formativo-di-pavia\/","og_locale":"it_IT","og_type":"article","og_title":"ATS Pavia: apertura del corso triennale di formazione specifica in medicina generale - Polo formativo di Pavia","og_description":"\u00c8 stato inaugurato, presso la sede di viale Indipendenza, alla presenza del neo Direttore Generale di ATS Pavia, la Dott.ssa Lorella Cecconami, del Presidente dell\u2019ordine dei medici dott. Claudio Lisi e delle Autorit\u00e0, il Corso triennale di formazione specifica in Medicina Generale afferente ad ATS PAVIA. Un corso abilitante di almeno 4.800 ore complessive, distribuite su tre annualit\u00e0, articolato in attivit\u00e0 di tirocinio pratico (3.200 ore) e attivit\u00e0 teoriche (1.600Continue reading...","og_url":"https:\/\/www.article-marketing.eu\/comunicatistampa\/ats-pavia-apertura-del-corso-triennale-di-formazione-specifica-in-medicina-generale-polo-formativo-di-pavia\/","og_site_name":"Article Marketing","article_published_time":"2021-10-29T10:56:42+00:00","author":"Redaclem","twitter_card":"summary_large_image","twitter_misc":{"Scritto da":"Redaclem","Tempo di lettura stimato":"2 minuti"},"schema":{"@context":"https:\/\/schema.org","@graph":[{"@type":"Article","@id":"https:\/\/www.article-marketing.eu\/comunicatistampa\/ats-pavia-apertura-del-corso-triennale-di-formazione-specifica-in-medicina-generale-polo-formativo-di-pavia\/#article","isPartOf":{"@id":"https:\/\/www.article-marketing.eu\/comunicatistampa\/ats-pavia-apertura-del-corso-triennale-di-formazione-specifica-in-medicina-generale-polo-formativo-di-pavia\/"},"author":{"name":"Redaclem","@id":"https:\/\/www.article-marketing.eu\/comunicatistampa\/#\/schema\/person\/c0aa725eee5df8460e0adf901fde0c88"},"headline":"ATS Pavia: apertura del corso triennale di formazione specifica in medicina generale &#8211; Polo formativo di Pavia","datePublished":"2021-10-29T10:56:42+00:00","mainEntityOfPage":{"@id":"https:\/\/www.article-marketing.eu\/comunicatistampa\/ats-pavia-apertura-del-corso-triennale-di-formazione-specifica-in-medicina-generale-polo-formativo-di-pavia\/"},"wordCount":431,"commentCount":0,"keywords":["#atspavia"],"articleSection":["Istruzione"],"inLanguage":"it-IT","potentialAction":[{"@type":"CommentAction","name":"Comment","target":["https:\/\/www.article-marketing.eu\/comunicatistampa\/ats-pavia-apertura-del-corso-triennale-di-formazione-specifica-in-medicina-generale-polo-formativo-di-pavia\/#respond"]}]},{"@type":"WebPage","@id":"https:\/\/www.article-marketing.eu\/comunicatistampa\/ats-pavia-apertura-del-corso-triennale-di-formazione-specifica-in-medicina-generale-polo-formativo-di-pavia\/","url":"https:\/\/www.article-marketing.eu\/comunicatistampa\/ats-pavia-apertura-del-corso-triennale-di-formazione-specifica-in-medicina-generale-polo-formativo-di-pavia\/","name":"ATS Pavia: apertura del corso triennale di formazione specifica in medicina generale - Polo formativo di Pavia","isPartOf":{"@id":"https:\/\/www.article-marketing.eu\/comunicatistampa\/#website"},"datePublished":"2021-10-29T10:56:42+00:00","author":{"@id":"https:\/\/www.article-marketing.eu\/comunicatistampa\/#\/schema\/person\/c0aa725eee5df8460e0adf901fde0c88"},"breadcrumb":{"@id":"https:\/\/www.article-marketing.eu\/comunicatistampa\/ats-pavia-apertura-del-corso-triennale-di-formazione-specifica-in-medicina-generale-polo-formativo-di-pavia\/#breadcrumb"},"inLanguage":"it-IT","potentialAction":[{"@type":"ReadAction","target":["https:\/\/www.article-marketing.eu\/comunicatistampa\/ats-pavia-apertura-del-corso-triennale-di-formazione-specifica-in-medicina-generale-polo-formativo-di-pavia\/"]}]},{"@type":"BreadcrumbList","@id":"https:\/\/www.article-marketing.eu\/comunicatistampa\/ats-pavia-apertura-del-corso-triennale-di-formazione-specifica-in-medicina-generale-polo-formativo-di-pavia\/#breadcrumb","itemListElement":[{"@type":"ListItem","position":1,"name":"Home","item":"https:\/\/www.article-marketing.eu\/comunicatistampa\/"},{"@type":"ListItem","position":2,"name":"ATS Pavia: apertura del corso triennale di formazione specifica in medicina generale &#8211; Polo formativo di Pavia"}]},{"@type":"WebSite","@id":"https:\/\/www.article-marketing.eu\/comunicatistampa\/#website","url":"https:\/\/www.article-marketing.eu\/comunicatistampa\/","name":"Article Marketing","description":"article marketing &amp; press release","potentialAction":[{"@type":"SearchAction","target":{"@type":"EntryPoint","urlTemplate":"https:\/\/www.article-marketing.eu\/comunicatistampa\/?s={search_term_string}"},"query-input":{"@type":"PropertyValueSpecification","valueRequired":true,"valueName":"search_term_string"}}],"inLanguage":"it-IT"},{"@type":"Person","@id":"https:\/\/www.article-marketing.eu\/comunicatistampa\/#\/schema\/person\/c0aa725eee5df8460e0adf901fde0c88","name":"Redaclem","image":{"@type":"ImageObject","inLanguage":"it-IT","@id":"https:\/\/secure.gravatar.com\/avatar\/4c7e41f332a0583344a91d7d39723533da9b2d0df7737c2d8c69553168c2191e?s=96&d=mm&r=g","url":"https:\/\/secure.gravatar.com\/avatar\/4c7e41f332a0583344a91d7d39723533da9b2d0df7737c2d8c69553168c2191e?s=96&d=mm&r=g","contentUrl":"https:\/\/secure.gravatar.com\/avatar\/4c7e41f332a0583344a91d7d39723533da9b2d0df7737c2d8c69553168c2191e?s=96&d=mm&r=g","caption":"Redaclem"},"url":"https:\/\/www.article-marketing.eu\/comunicatistampa\/author\/redaclem\/"}]}},"_links":{"self":[{"href":"https:\/\/www.article-marketing.eu\/comunicatistampa\/wp-json\/wp\/v2\/posts\/20360","targetHints":{"allow":["GET"]}}],"collection":[{"href":"https:\/\/www.article-marketing.eu\/comunicatistampa\/wp-json\/wp\/v2\/posts"}],"about":[{"href":"https:\/\/www.article-marketing.eu\/comunicatistampa\/wp-json\/wp\/v2\/types\/post"}],"author":[{"embeddable":true,"href":"https:\/\/www.article-marketing.eu\/comunicatistampa\/wp-json\/wp\/v2\/users\/1855"}],"replies":[{"embeddable":true,"href":"https:\/\/www.article-marketing.eu\/comunicatistampa\/wp-json\/wp\/v2\/comments?post=20360"}],"version-history":[{"count":2,"href":"https:\/\/www.article-marketing.eu\/comunicatistampa\/wp-json\/wp\/v2\/posts\/20360\/revisions"}],"predecessor-version":[{"id":20729,"href":"https:\/\/www.article-marketing.eu\/comunicatistampa\/wp-json\/wp\/v2\/posts\/20360\/revisions\/20729"}],"wp:attachment":[{"href":"https:\/\/www.article-marketing.eu\/comunicatistampa\/wp-json\/wp\/v2\/media?parent=20360"}],"wp:term":[{"taxonomy":"category","embeddable":true,"href":"https:\/\/www.article-marketing.eu\/comunicatistampa\/wp-json\/wp\/v2\/categories?post=20360"},{"taxonomy":"post_tag","embeddable":true,"href":"https:\/\/www.article-marketing.eu\/comunicatistampa\/wp-json\/wp\/v2\/tags?post=20360"}],"curies":[{"name":"wp","href":"https:\/\/api.w.org\/{rel}","templated":true}]}}