{"id":20370,"date":"2021-10-29T14:56:36","date_gmt":"2021-10-29T12:56:36","guid":{"rendered":"https:\/\/www.article-marketing.eu\/comunicatistampa\/?p=20370"},"modified":"2021-10-19T14:57:35","modified_gmt":"2021-10-19T12:57:35","slug":"green-school-la-scuola-e-fuori","status":"publish","type":"post","link":"https:\/\/www.article-marketing.eu\/comunicatistampa\/green-school-la-scuola-e-fuori\/","title":{"rendered":"Green school: la scuola \u00e8 fuori"},"content":{"rendered":"<p><strong>Educare le nuove generazioni alla sostenibilit\u00e0 mettendo al centro l\u2019esperienza. Fondazione Istituti Educativi e Scuola Benvenuti insieme al territorio per le generazioni del futuro<\/strong><\/p>\n<p><em>\u00a0<\/em><\/p>\n<p>Uscire dalle aule per incontrare la natura. E formare cos\u00ec, a piccoli passi, la coscienza verde delle nuove generazioni. Accade a Bergamo con \u201c<strong>Green School<\/strong>\u201d, il progetto che ha portato 66 bambini e bambine delle classi primavera e infanzia della Scuola Benvenuti a sperimentare una nuova educazione ambientale. Quattro parole chiave: esplorazione, osservazione, confronto e riflessione. Quattro temi centrali: <strong>ambiente e biodiversit\u00e0, acqua, spreco alimentare e rifiuti<\/strong>. E un unico obiettivo: l\u2019educazione alla <strong>sostenibilit\u00e0<\/strong>. Un progetto che, sostenuto da <strong>Regione Lombardia<\/strong> e aperto anche all\u2019ordine delle scuole dell\u2019infanzia nell\u2019annualit\u00e0 2020-21, ha riconosciuto alla Scuola Benvenuti una certificazione per l\u2019impegno, il coinvolgimento e la partecipazione, oltre ad attestarne la capacit\u00e0 di divulgazione e di monitorare i propri risultati e la didattica (<a href=\"http:\/\/www.green-school.it\">www.green-school.it<\/a>).<\/p>\n<p>La sperimentazione ha gi\u00e0 dato importanti risultati. Che cos\u2019\u00e8 la vita? Cos\u2019\u00e8 un essere vivente? Che caratteristiche ha? Sono alcune delle domande a cui i bambini hanno provato a rispondere con la guida dei loro insegnanti, imparando a <strong>riconoscere e a rispettare le varie forme di vita<\/strong> nel mondo vegetale e animale. Lo stesso approccio \u00e8 stato adottato con l\u2019acqua. Con una serie di <strong>attivit\u00e0 esperienziali<\/strong> i bambini hanno scoperto quanto l\u2019acqua faccia parte della vita con infinite interconnessioni. Peso, quantit\u00e0, ma anche dipendenza. Sono tanti i parametri connessi a questo elemento cos\u00ec essenziale. Un esempio? Da un rubinetto, i bambini hanno fatto partire un filo che ha collegato tutti gli oggetti e gli spazi in cui c\u2019\u00e8 presenza di acqua: il tavolo dove bevono, le piante, l&#8217;acquario, ma anche i caloriferi e il fasciatoio.<\/p>\n<p>Ma non \u00e8 tutto. Per la Giornata Mondiale contro lo spreco alimentare i bambini si sono confrontati su cosa sia lo spreco trovando strategie per <strong>sprecare il meno possibile a tavola<\/strong>. Un tema molto sentito, cos\u00ec come quello dei rifiuti che \u00e8 stato affrontato partendo proprio da alcune osservazioni dei bambini, da cui sono derivate delle azioni concrete come l\u2019introduzione della <strong>raccolta differenziata<\/strong> e il coinvolgimento del Comitato genitori per l\u2019acquisto di materiale specifico, come pinze e guanti, per <strong>ripulire le strade <\/strong>nei pressi della scuola, e di Legambiente, con cui sono state organizzate alcune esperienze dirette sul tema.<\/p>\n<p>La naturale curiosit\u00e0 dei bambini \u00e8 stata un driver eccezionale per realizzare nuove esperienze, come la raccolta di materiali di vario tipo in giardino per <strong>costruire nidi per volatili<\/strong>. O ancora, le esplorazioni del mondo che si muove <strong>sottoterra<\/strong>, con tanto di lenti di ingrandimento a portata di mano. Inoltre, i bambini hanno avuto modo di seguire l\u2019incontro realizzato dall\u2019Orto Botanico Lorenzo Rota di Bergamo \u201cC\u2019\u00e8 vita in citt\u00e0\u201d. Anche in questo caso, si \u00e8 partiti dall\u2019ascolto dei bambini per poi costruire un percorso di senso che abbracciasse pi\u00f9 linguaggi, da quello ludico a quello scientifico a quello artistico.<\/p>\n<p>Si tratta di un percorso che ha reso i <strong>confini tra scuola e mondo esterno sempre pi\u00f9 flessibili<\/strong>: i bambini sono usciti per esplorare e osservare la natura e, a sua volta, la natura \u00e8 entrata nelle classi, diventando parte del setting scuola-famiglia-territorio e contribuendo al miglioramento reciproco delle due sfere.<\/p>\n<p>Il progetto Green School \u00e8 stato realizzato grazie al consorzio <strong>sol.co Citt\u00e0 Aperta che gestisce la scuola Benvenuti di propriet\u00e0 della<\/strong> <strong>Fondazione Istituti Educativi di Bergamo<\/strong>. Il progetto lombardo ha avuto come ente capofila <strong>Aspem 40<\/strong>, un comitato tecnico-scientifico e come ente finanziario l\u2019<strong>Agenzia Italiana per la Cooperazione allo Sviluppo<\/strong>. Le scuole del territorio di Bergamo sono state coordinate dalla cooperativa Ruah.<\/p>\n<p>La Scuola Benvenuti ha inserito il progetto Green School nel proprio Piano di Offerta Formativa, consultabile nella sezione dedicata alla scuola sul sito <strong>www.istitutieducativi.it<\/strong><\/p>\n","protected":false},"excerpt":{"rendered":"<p>Educare le nuove generazioni alla sostenibilit\u00e0 mettendo al centro l\u2019esperienza. Fondazione Istituti Educativi e Scuola Benvenuti insieme al territorio per le generazioni del futuro \u00a0 Uscire dalle aule per incontrare la natura. E formare cos\u00ec, a piccoli passi, la coscienza verde delle nuove generazioni. Accade a Bergamo con \u201cGreen School\u201d, il progetto che ha portato 66 bambini e bambine delle classi primavera e infanzia della Scuola Benvenuti a sperimentare una<\/p>\n<p><a class=\"continue-reading\" href=\"https:\/\/www.article-marketing.eu\/comunicatistampa\/green-school-la-scuola-e-fuori\/\">Continue reading&#8230;<\/a><\/p>\n","protected":false},"author":1855,"featured_media":0,"comment_status":"open","ping_status":"open","sticky":false,"template":"","format":"standard","meta":{"_monsterinsights_skip_tracking":false,"_monsterinsights_sitenote_active":false,"_monsterinsights_sitenote_note":"","_monsterinsights_sitenote_category":0,"footnotes":""},"categories":[378,418],"tags":[8575,8574,8576],"class_list":["post-20370","post","type-post","status-publish","format-standard","hentry","category-istruzione","category-natura","tag-fondazioneistitutieducativibergamo","tag-greenschool","tag-scuolabenvenuti"],"yoast_head":"<!-- This site is optimized with the Yoast SEO plugin v27.3 - https:\/\/yoast.com\/product\/yoast-seo-wordpress\/ -->\n<title>Green school: la scuola \u00e8 fuori - Article Marketing<\/title>\n<meta name=\"robots\" content=\"index, follow, max-snippet:-1, max-image-preview:large, max-video-preview:-1\" \/>\n<link rel=\"canonical\" href=\"https:\/\/www.article-marketing.eu\/comunicatistampa\/green-school-la-scuola-e-fuori\/\" \/>\n<meta property=\"og:locale\" content=\"it_IT\" \/>\n<meta property=\"og:type\" content=\"article\" \/>\n<meta property=\"og:title\" content=\"Green school: la scuola \u00e8 fuori - Article Marketing\" \/>\n<meta property=\"og:description\" content=\"Educare le nuove generazioni alla sostenibilit\u00e0 mettendo al centro l\u2019esperienza. Fondazione Istituti Educativi e Scuola Benvenuti insieme al territorio per le generazioni del futuro \u00a0 Uscire dalle aule per incontrare la natura. E formare cos\u00ec, a piccoli passi, la coscienza verde delle nuove generazioni. Accade a Bergamo con \u201cGreen School\u201d, il progetto che ha portato 66 bambini e bambine delle classi primavera e infanzia della Scuola Benvenuti a sperimentare unaContinue reading...\" \/>\n<meta property=\"og:url\" content=\"https:\/\/www.article-marketing.eu\/comunicatistampa\/green-school-la-scuola-e-fuori\/\" \/>\n<meta property=\"og:site_name\" content=\"Article Marketing\" \/>\n<meta property=\"article:published_time\" content=\"2021-10-29T12:56:36+00:00\" \/>\n<meta name=\"author\" content=\"Redaclem\" \/>\n<meta name=\"twitter:card\" content=\"summary_large_image\" \/>\n<meta name=\"twitter:label1\" content=\"Scritto da\" \/>\n\t<meta name=\"twitter:data1\" content=\"Redaclem\" \/>\n\t<meta name=\"twitter:label2\" content=\"Tempo di lettura stimato\" \/>\n\t<meta name=\"twitter:data2\" content=\"3 minuti\" \/>\n<script type=\"application\/ld+json\" class=\"yoast-schema-graph\">{\"@context\":\"https:\\\/\\\/schema.org\",\"@graph\":[{\"@type\":\"Article\",\"@id\":\"https:\\\/\\\/www.article-marketing.eu\\\/comunicatistampa\\\/green-school-la-scuola-e-fuori\\\/#article\",\"isPartOf\":{\"@id\":\"https:\\\/\\\/www.article-marketing.eu\\\/comunicatistampa\\\/green-school-la-scuola-e-fuori\\\/\"},\"author\":{\"name\":\"Redaclem\",\"@id\":\"https:\\\/\\\/www.article-marketing.eu\\\/comunicatistampa\\\/#\\\/schema\\\/person\\\/c0aa725eee5df8460e0adf901fde0c88\"},\"headline\":\"Green school: la scuola \u00e8 fuori\",\"datePublished\":\"2021-10-29T12:56:36+00:00\",\"mainEntityOfPage\":{\"@id\":\"https:\\\/\\\/www.article-marketing.eu\\\/comunicatistampa\\\/green-school-la-scuola-e-fuori\\\/\"},\"wordCount\":630,\"commentCount\":0,\"keywords\":[\"#FondazioneIstitutiEducativiBergamo\",\"#GreenSchool\",\"#ScuolaBenvenuti\"],\"articleSection\":[\"Istruzione\",\"Natura\"],\"inLanguage\":\"it-IT\",\"potentialAction\":[{\"@type\":\"CommentAction\",\"name\":\"Comment\",\"target\":[\"https:\\\/\\\/www.article-marketing.eu\\\/comunicatistampa\\\/green-school-la-scuola-e-fuori\\\/#respond\"]}]},{\"@type\":\"WebPage\",\"@id\":\"https:\\\/\\\/www.article-marketing.eu\\\/comunicatistampa\\\/green-school-la-scuola-e-fuori\\\/\",\"url\":\"https:\\\/\\\/www.article-marketing.eu\\\/comunicatistampa\\\/green-school-la-scuola-e-fuori\\\/\",\"name\":\"Green school: la scuola \u00e8 fuori - Article Marketing\",\"isPartOf\":{\"@id\":\"https:\\\/\\\/www.article-marketing.eu\\\/comunicatistampa\\\/#website\"},\"datePublished\":\"2021-10-29T12:56:36+00:00\",\"author\":{\"@id\":\"https:\\\/\\\/www.article-marketing.eu\\\/comunicatistampa\\\/#\\\/schema\\\/person\\\/c0aa725eee5df8460e0adf901fde0c88\"},\"breadcrumb\":{\"@id\":\"https:\\\/\\\/www.article-marketing.eu\\\/comunicatistampa\\\/green-school-la-scuola-e-fuori\\\/#breadcrumb\"},\"inLanguage\":\"it-IT\",\"potentialAction\":[{\"@type\":\"ReadAction\",\"target\":[\"https:\\\/\\\/www.article-marketing.eu\\\/comunicatistampa\\\/green-school-la-scuola-e-fuori\\\/\"]}]},{\"@type\":\"BreadcrumbList\",\"@id\":\"https:\\\/\\\/www.article-marketing.eu\\\/comunicatistampa\\\/green-school-la-scuola-e-fuori\\\/#breadcrumb\",\"itemListElement\":[{\"@type\":\"ListItem\",\"position\":1,\"name\":\"Home\",\"item\":\"https:\\\/\\\/www.article-marketing.eu\\\/comunicatistampa\\\/\"},{\"@type\":\"ListItem\",\"position\":2,\"name\":\"Green school: la scuola \u00e8 fuori\"}]},{\"@type\":\"WebSite\",\"@id\":\"https:\\\/\\\/www.article-marketing.eu\\\/comunicatistampa\\\/#website\",\"url\":\"https:\\\/\\\/www.article-marketing.eu\\\/comunicatistampa\\\/\",\"name\":\"Article Marketing\",\"description\":\"article marketing &amp; press release\",\"potentialAction\":[{\"@type\":\"SearchAction\",\"target\":{\"@type\":\"EntryPoint\",\"urlTemplate\":\"https:\\\/\\\/www.article-marketing.eu\\\/comunicatistampa\\\/?s={search_term_string}\"},\"query-input\":{\"@type\":\"PropertyValueSpecification\",\"valueRequired\":true,\"valueName\":\"search_term_string\"}}],\"inLanguage\":\"it-IT\"},{\"@type\":\"Person\",\"@id\":\"https:\\\/\\\/www.article-marketing.eu\\\/comunicatistampa\\\/#\\\/schema\\\/person\\\/c0aa725eee5df8460e0adf901fde0c88\",\"name\":\"Redaclem\",\"image\":{\"@type\":\"ImageObject\",\"inLanguage\":\"it-IT\",\"@id\":\"https:\\\/\\\/secure.gravatar.com\\\/avatar\\\/4c7e41f332a0583344a91d7d39723533da9b2d0df7737c2d8c69553168c2191e?s=96&d=mm&r=g\",\"url\":\"https:\\\/\\\/secure.gravatar.com\\\/avatar\\\/4c7e41f332a0583344a91d7d39723533da9b2d0df7737c2d8c69553168c2191e?s=96&d=mm&r=g\",\"contentUrl\":\"https:\\\/\\\/secure.gravatar.com\\\/avatar\\\/4c7e41f332a0583344a91d7d39723533da9b2d0df7737c2d8c69553168c2191e?s=96&d=mm&r=g\",\"caption\":\"Redaclem\"},\"url\":\"https:\\\/\\\/www.article-marketing.eu\\\/comunicatistampa\\\/author\\\/redaclem\\\/\"}]}<\/script>\n<!-- \/ Yoast SEO plugin. -->","yoast_head_json":{"title":"Green school: la scuola \u00e8 fuori - Article Marketing","robots":{"index":"index","follow":"follow","max-snippet":"max-snippet:-1","max-image-preview":"max-image-preview:large","max-video-preview":"max-video-preview:-1"},"canonical":"https:\/\/www.article-marketing.eu\/comunicatistampa\/green-school-la-scuola-e-fuori\/","og_locale":"it_IT","og_type":"article","og_title":"Green school: la scuola \u00e8 fuori - Article Marketing","og_description":"Educare le nuove generazioni alla sostenibilit\u00e0 mettendo al centro l\u2019esperienza. Fondazione Istituti Educativi e Scuola Benvenuti insieme al territorio per le generazioni del futuro \u00a0 Uscire dalle aule per incontrare la natura. E formare cos\u00ec, a piccoli passi, la coscienza verde delle nuove generazioni. Accade a Bergamo con \u201cGreen School\u201d, il progetto che ha portato 66 bambini e bambine delle classi primavera e infanzia della Scuola Benvenuti a sperimentare unaContinue reading...","og_url":"https:\/\/www.article-marketing.eu\/comunicatistampa\/green-school-la-scuola-e-fuori\/","og_site_name":"Article Marketing","article_published_time":"2021-10-29T12:56:36+00:00","author":"Redaclem","twitter_card":"summary_large_image","twitter_misc":{"Scritto da":"Redaclem","Tempo di lettura stimato":"3 minuti"},"schema":{"@context":"https:\/\/schema.org","@graph":[{"@type":"Article","@id":"https:\/\/www.article-marketing.eu\/comunicatistampa\/green-school-la-scuola-e-fuori\/#article","isPartOf":{"@id":"https:\/\/www.article-marketing.eu\/comunicatistampa\/green-school-la-scuola-e-fuori\/"},"author":{"name":"Redaclem","@id":"https:\/\/www.article-marketing.eu\/comunicatistampa\/#\/schema\/person\/c0aa725eee5df8460e0adf901fde0c88"},"headline":"Green school: la scuola \u00e8 fuori","datePublished":"2021-10-29T12:56:36+00:00","mainEntityOfPage":{"@id":"https:\/\/www.article-marketing.eu\/comunicatistampa\/green-school-la-scuola-e-fuori\/"},"wordCount":630,"commentCount":0,"keywords":["#FondazioneIstitutiEducativiBergamo","#GreenSchool","#ScuolaBenvenuti"],"articleSection":["Istruzione","Natura"],"inLanguage":"it-IT","potentialAction":[{"@type":"CommentAction","name":"Comment","target":["https:\/\/www.article-marketing.eu\/comunicatistampa\/green-school-la-scuola-e-fuori\/#respond"]}]},{"@type":"WebPage","@id":"https:\/\/www.article-marketing.eu\/comunicatistampa\/green-school-la-scuola-e-fuori\/","url":"https:\/\/www.article-marketing.eu\/comunicatistampa\/green-school-la-scuola-e-fuori\/","name":"Green school: la scuola \u00e8 fuori - Article Marketing","isPartOf":{"@id":"https:\/\/www.article-marketing.eu\/comunicatistampa\/#website"},"datePublished":"2021-10-29T12:56:36+00:00","author":{"@id":"https:\/\/www.article-marketing.eu\/comunicatistampa\/#\/schema\/person\/c0aa725eee5df8460e0adf901fde0c88"},"breadcrumb":{"@id":"https:\/\/www.article-marketing.eu\/comunicatistampa\/green-school-la-scuola-e-fuori\/#breadcrumb"},"inLanguage":"it-IT","potentialAction":[{"@type":"ReadAction","target":["https:\/\/www.article-marketing.eu\/comunicatistampa\/green-school-la-scuola-e-fuori\/"]}]},{"@type":"BreadcrumbList","@id":"https:\/\/www.article-marketing.eu\/comunicatistampa\/green-school-la-scuola-e-fuori\/#breadcrumb","itemListElement":[{"@type":"ListItem","position":1,"name":"Home","item":"https:\/\/www.article-marketing.eu\/comunicatistampa\/"},{"@type":"ListItem","position":2,"name":"Green school: la scuola \u00e8 fuori"}]},{"@type":"WebSite","@id":"https:\/\/www.article-marketing.eu\/comunicatistampa\/#website","url":"https:\/\/www.article-marketing.eu\/comunicatistampa\/","name":"Article Marketing","description":"article marketing &amp; press release","potentialAction":[{"@type":"SearchAction","target":{"@type":"EntryPoint","urlTemplate":"https:\/\/www.article-marketing.eu\/comunicatistampa\/?s={search_term_string}"},"query-input":{"@type":"PropertyValueSpecification","valueRequired":true,"valueName":"search_term_string"}}],"inLanguage":"it-IT"},{"@type":"Person","@id":"https:\/\/www.article-marketing.eu\/comunicatistampa\/#\/schema\/person\/c0aa725eee5df8460e0adf901fde0c88","name":"Redaclem","image":{"@type":"ImageObject","inLanguage":"it-IT","@id":"https:\/\/secure.gravatar.com\/avatar\/4c7e41f332a0583344a91d7d39723533da9b2d0df7737c2d8c69553168c2191e?s=96&d=mm&r=g","url":"https:\/\/secure.gravatar.com\/avatar\/4c7e41f332a0583344a91d7d39723533da9b2d0df7737c2d8c69553168c2191e?s=96&d=mm&r=g","contentUrl":"https:\/\/secure.gravatar.com\/avatar\/4c7e41f332a0583344a91d7d39723533da9b2d0df7737c2d8c69553168c2191e?s=96&d=mm&r=g","caption":"Redaclem"},"url":"https:\/\/www.article-marketing.eu\/comunicatistampa\/author\/redaclem\/"}]}},"_links":{"self":[{"href":"https:\/\/www.article-marketing.eu\/comunicatistampa\/wp-json\/wp\/v2\/posts\/20370","targetHints":{"allow":["GET"]}}],"collection":[{"href":"https:\/\/www.article-marketing.eu\/comunicatistampa\/wp-json\/wp\/v2\/posts"}],"about":[{"href":"https:\/\/www.article-marketing.eu\/comunicatistampa\/wp-json\/wp\/v2\/types\/post"}],"author":[{"embeddable":true,"href":"https:\/\/www.article-marketing.eu\/comunicatistampa\/wp-json\/wp\/v2\/users\/1855"}],"replies":[{"embeddable":true,"href":"https:\/\/www.article-marketing.eu\/comunicatistampa\/wp-json\/wp\/v2\/comments?post=20370"}],"version-history":[{"count":2,"href":"https:\/\/www.article-marketing.eu\/comunicatistampa\/wp-json\/wp\/v2\/posts\/20370\/revisions"}],"predecessor-version":[{"id":20726,"href":"https:\/\/www.article-marketing.eu\/comunicatistampa\/wp-json\/wp\/v2\/posts\/20370\/revisions\/20726"}],"wp:attachment":[{"href":"https:\/\/www.article-marketing.eu\/comunicatistampa\/wp-json\/wp\/v2\/media?parent=20370"}],"wp:term":[{"taxonomy":"category","embeddable":true,"href":"https:\/\/www.article-marketing.eu\/comunicatistampa\/wp-json\/wp\/v2\/categories?post=20370"},{"taxonomy":"post_tag","embeddable":true,"href":"https:\/\/www.article-marketing.eu\/comunicatistampa\/wp-json\/wp\/v2\/tags?post=20370"}],"curies":[{"name":"wp","href":"https:\/\/api.w.org\/{rel}","templated":true}]}}