{"id":20388,"date":"2021-10-18T15:31:22","date_gmt":"2021-10-18T13:31:22","guid":{"rendered":"https:\/\/www.article-marketing.eu\/comunicatistampa\/?p=20388"},"modified":"2021-10-15T15:39:43","modified_gmt":"2021-10-15T13:39:43","slug":"pelle-disidratata-dopo-lestate-i-consigli-dellesperta","status":"publish","type":"post","link":"https:\/\/www.article-marketing.eu\/comunicatistampa\/pelle-disidratata-dopo-lestate-i-consigli-dellesperta\/","title":{"rendered":"Pelle disidratata dopo l\u2019estate? I consigli dell\u2019esperta"},"content":{"rendered":"<p><em>Le propriet\u00e0 idratanti dell\u2019acido ialuronico per cancellare le spiacevoli tracce dell\u2019estate e ridonare alla propria pelle un aspetto sano e luminoso. \u00c8 la soluzione consigliata dall\u2019estetista Graziella Moioli, da tempo impegnata nello studio e nella pratica di prodotti naturali per preservare le strutture del derma<\/em><\/p>\n<p><strong><em>\u00a0<\/em><\/strong><\/p>\n<p><strong>L\u2019estate non lascia solo bei ricordi<\/strong>. Dopo bagni, lunghissime tintarelle e inebrianti brezze marine il ritorno a casa \u00e8 accompagnato da una spiacevole scoperta. Poco alla volta lo specchio restituisce a ciascuna donna ci\u00f2 che non vorrebbe mai vedere. \u201c<em>Il sole \u00e8 benefico ma senza precauzioni pu\u00f2 produrre effetti deleteri. <\/em>\u2013 <strong>spiega Graziella Moioli<\/strong>, estetista con decenni di esperienza nella ricerca e nella pratica di prodotti naturali studiati per preservare strutture del derma come collagene, elastica e fibromecitina. &#8211; \u201c<em>Gli effetti pi\u00f9 immediati dell\u2019esposizione ai raggi UV sono dolorose scottature mentre nel lungo periodo la pelle tende a diventare secca e rugosa<\/em>\u201d. Una serie di <strong>imperfezioni e inestetismi che Graziella ha studiato e imparato a trattare con l\u2019ausilio di prodotti naturali<\/strong> e la collaborazione di aziende di cosmesi impegnate in un\u2019attivit\u00e0 di costante ricerca scientifica. Tra queste spicca <strong>Dea Luxury Cosmetics<\/strong>, giovane e raffinata boutique, fondata recentemente dalla fiorentina doc Antonella Dei in Toscana sullo sfondo della meravigliosa campagna del Mugello. Uno scenario bucolico che \u00e8 costante fonte d\u2019ispirazione e dialogo per il brand specializzato in <strong>prodotti anti-age a base di vitamina A, E, C,<\/strong> i migliori antiossidanti topici presenti in natura.<\/p>\n<p><strong>Il trattamento<\/strong><\/p>\n<p>Conclusa la stagione estiva <strong>riappropriarsi di una pelle fresca e radiosa \u00e8 l\u2019obiettivo di ciascuna donna<\/strong>. Ma come raggiungerlo? Con quale prodotto o trattamento? Per Graziella Moioli <strong>l\u2019acido ialuronico \u00e8 un importante alleato<\/strong>. \u201cS<em>i tratta di una sostanza naturalmente prodotta dall\u2019organismo. \u00c8 una componente importantissima della pelle e dei tessuti connettivi del nostro corpo<\/em>\u201d. <strong>A livello cutaneo, la sua presenza garantisce elasticit\u00e0, morbidezza, luminosit\u00e0 e idratazione alla pelle del viso e del corpo, e la protegge dai danni provocati da fattori esterni e dallo stress fisico<\/strong>. Contribuendo a contrastare le reazioni ossidative responsabili della degradazione dei tessuti, l\u2019acido ialuronico puro aiuta a ottenere, giorno dopo giorno, una pelle pi\u00f9 turgida, elastica e luminosa.<\/p>\n<p>\u201c<em>La formulazione proposta da Dea Luxury Cosmetics \u00e8 innovativa perch\u00e9 combina la sostanza nei tre pesi molecolari: basso, medio e alto. <\/em><em>Grazie alla loro diversa struttura, le tre molecole penetrano a livelli differenti della cute assicurando un\u2019idratazione completa e profonda<\/em>\u201d.<\/p>\n<p><strong>L\u2019epidermide<\/strong> rappresenta l\u2019organo pi\u00f9 grande del corpo e uno dei pi\u00f9 importanti poich\u00e9 protegge l\u2019organismo dall\u2019aggressione di elementi esterni. Spesso per\u00f2 <strong>rischia di rovinarsi e spegnersi prima del tempo<\/strong> a causa di fattori come stress, cosmetici convenzionali e inquinamento ambientale. <strong>Criticit\u00e0 che Dea Luxury Cosmetics ha deciso di affrontare attraverso una cosmesi sana, sostenibile e trasparente<\/strong>, basata su tre principi fondamentali: prevenire, nutrire e proteggere. Un insieme di azioni che contribuiscono a migliorare e a mantenere giovane la pelle e che consentono di raggiungere risultati anti \u2013 invecchiamento ottimali.<\/p>\n<p><strong>Alla base del successo dell\u2019azienda c\u2019\u00e8 la conoscenza, lo studio e la ricerca scientifica <\/strong>che precedono la realizzazione di ogni formulato da parte di un team di biologi e di altri esperti. Ogni prodotto \u00e8 studiato, realizzato e testato per preservare il benessere, la salute e la bellezza della persona <strong>ricorrendo al potere d\u2019ingredienti naturali selezionati con rigore come le vitamine A, E e C<\/strong> <strong>pure <\/strong>che contrastano lo stress ossidativo causato dai radicali liberi che danneggiano in diversa misura e forma la pelle.<\/p>\n<p>&nbsp;<\/p>\n<p>&nbsp;<\/p>\n<p><a href=\"https:\/\/dealuxurycosmetics.com\/\"><strong>Dea Luxury Cosmetics <\/strong><\/a>\u00e8 una raffinata boutique di cosmesi naturale fondata da Antonella Dei, fiorentina doc con la passione del bello nel DNA. L\u2019azienda, con sede a Barberino del Mugello, propone una cosmesi sostenibile e trasparente specializzandosi in prodotti anti-age a base di vitamina A, E, C, i migliori antiossidanti topici presenti in natura. La mission \u00e8 preservare il benessere, la salute e la bellezza di ogni donna a partire da una pelle sana, fresca e radiosa.<\/p>\n","protected":false},"excerpt":{"rendered":"<p>Le propriet\u00e0 idratanti dell\u2019acido ialuronico per cancellare le spiacevoli tracce dell\u2019estate e ridonare alla propria pelle un aspetto sano e luminoso. \u00c8 la soluzione consigliata dall\u2019estetista Graziella Moioli, da tempo impegnata nello studio e nella pratica di prodotti naturali per preservare le strutture del derma \u00a0 L\u2019estate non lascia solo bei ricordi. Dopo bagni, lunghissime tintarelle e inebrianti brezze marine il ritorno a casa \u00e8 accompagnato da una spiacevole scoperta.<\/p>\n<p><a class=\"continue-reading\" href=\"https:\/\/www.article-marketing.eu\/comunicatistampa\/pelle-disidratata-dopo-lestate-i-consigli-dellesperta\/\">Continue reading&#8230;<\/a><\/p>\n","protected":false},"author":397,"featured_media":0,"comment_status":"open","ping_status":"open","sticky":false,"template":"","format":"standard","meta":{"_monsterinsights_skip_tracking":false,"_monsterinsights_sitenote_active":false,"_monsterinsights_sitenote_note":"","_monsterinsights_sitenote_category":0,"footnotes":""},"categories":[78,393],"tags":[6226,8579,8578,8583,1879,8591,1880,881,8585,8586,8577,8589,8593,1141,8588,8587,8590,8592,8584,8582,8580,8216,8581],"class_list":["post-20388","post","type-post","status-publish","format-standard","hentry","category-comunicati-stampa","category-prodotti","tag-vitamina-e","tag-acido-ialuronico","tag-antonella-dei","tag-beauty-routine","tag-cosmesi","tag-cosmesi-italiana","tag-cosmesi-naturale","tag-cosmetica","tag-cura-del-viso","tag-cura-della-pelle","tag-dea-luxury-cosmetics","tag-derma","tag-inestetismi","tag-made-in-italy","tag-pelle-disidratata","tag-pelle-dopo-lestate","tag-ricerca-scientifica","tag-rughe","tag-skin-routine","tag-trattamenti-per-la-pelle","tag-vitamina-a","tag-vitamina-c","tag-vitamine-pure"],"yoast_head":"<!-- This site is optimized with the Yoast SEO plugin v27.3 - https:\/\/yoast.com\/product\/yoast-seo-wordpress\/ -->\n<title>Pelle disidratata dopo l\u2019estate? I consigli dell\u2019esperta - Article Marketing<\/title>\n<meta name=\"robots\" content=\"index, follow, max-snippet:-1, max-image-preview:large, max-video-preview:-1\" \/>\n<link rel=\"canonical\" href=\"https:\/\/www.article-marketing.eu\/comunicatistampa\/pelle-disidratata-dopo-lestate-i-consigli-dellesperta\/\" \/>\n<meta property=\"og:locale\" content=\"it_IT\" \/>\n<meta property=\"og:type\" content=\"article\" \/>\n<meta property=\"og:title\" content=\"Pelle disidratata dopo l\u2019estate? I consigli dell\u2019esperta - Article Marketing\" \/>\n<meta property=\"og:description\" content=\"Le propriet\u00e0 idratanti dell\u2019acido ialuronico per cancellare le spiacevoli tracce dell\u2019estate e ridonare alla propria pelle un aspetto sano e luminoso. \u00c8 la soluzione consigliata dall\u2019estetista Graziella Moioli, da tempo impegnata nello studio e nella pratica di prodotti naturali per preservare le strutture del derma \u00a0 L\u2019estate non lascia solo bei ricordi. Dopo bagni, lunghissime tintarelle e inebrianti brezze marine il ritorno a casa \u00e8 accompagnato da una spiacevole scoperta.Continue reading...\" \/>\n<meta property=\"og:url\" content=\"https:\/\/www.article-marketing.eu\/comunicatistampa\/pelle-disidratata-dopo-lestate-i-consigli-dellesperta\/\" \/>\n<meta property=\"og:site_name\" content=\"Article Marketing\" \/>\n<meta property=\"article:published_time\" content=\"2021-10-18T13:31:22+00:00\" \/>\n<meta name=\"author\" content=\"Borderline Agency\" \/>\n<meta name=\"twitter:card\" content=\"summary_large_image\" \/>\n<meta name=\"twitter:label1\" content=\"Scritto da\" \/>\n\t<meta name=\"twitter:data1\" content=\"Borderline Agency\" \/>\n\t<meta name=\"twitter:label2\" content=\"Tempo di lettura stimato\" \/>\n\t<meta name=\"twitter:data2\" content=\"3 minuti\" \/>\n<script type=\"application\/ld+json\" class=\"yoast-schema-graph\">{\"@context\":\"https:\\\/\\\/schema.org\",\"@graph\":[{\"@type\":\"Article\",\"@id\":\"https:\\\/\\\/www.article-marketing.eu\\\/comunicatistampa\\\/pelle-disidratata-dopo-lestate-i-consigli-dellesperta\\\/#article\",\"isPartOf\":{\"@id\":\"https:\\\/\\\/www.article-marketing.eu\\\/comunicatistampa\\\/pelle-disidratata-dopo-lestate-i-consigli-dellesperta\\\/\"},\"author\":{\"name\":\"Borderline Agency\",\"@id\":\"https:\\\/\\\/www.article-marketing.eu\\\/comunicatistampa\\\/#\\\/schema\\\/person\\\/1c4ab1c7aad84347e26e78235da6ff1b\"},\"headline\":\"Pelle disidratata dopo l\u2019estate? I consigli dell\u2019esperta\",\"datePublished\":\"2021-10-18T13:31:22+00:00\",\"mainEntityOfPage\":{\"@id\":\"https:\\\/\\\/www.article-marketing.eu\\\/comunicatistampa\\\/pelle-disidratata-dopo-lestate-i-consigli-dellesperta\\\/\"},\"wordCount\":660,\"commentCount\":0,\"keywords\":[\"#Vitamina E\",\"acido ialuronico\",\"Antonella Dei\",\"beauty routine\",\"cosmesi\",\"cosmesi italiana\",\"cosmesi naturale\",\"cosmetica\",\"cura del viso\",\"cura della pelle\",\"Dea Luxury Cosmetics\",\"derma\",\"inestetismi\",\"made in Italy\",\"pelle disidratata\",\"pelle dopo l\u2019estate\",\"ricerca scientifica\",\"rughe\",\"skin routine\",\"trattamenti per la pelle\",\"vitamina A\",\"vitamina C\",\"vitamine pure\"],\"articleSection\":[\"Comunicati stampa\",\"Prodotti\"],\"inLanguage\":\"it-IT\",\"potentialAction\":[{\"@type\":\"CommentAction\",\"name\":\"Comment\",\"target\":[\"https:\\\/\\\/www.article-marketing.eu\\\/comunicatistampa\\\/pelle-disidratata-dopo-lestate-i-consigli-dellesperta\\\/#respond\"]}]},{\"@type\":\"WebPage\",\"@id\":\"https:\\\/\\\/www.article-marketing.eu\\\/comunicatistampa\\\/pelle-disidratata-dopo-lestate-i-consigli-dellesperta\\\/\",\"url\":\"https:\\\/\\\/www.article-marketing.eu\\\/comunicatistampa\\\/pelle-disidratata-dopo-lestate-i-consigli-dellesperta\\\/\",\"name\":\"Pelle disidratata dopo l\u2019estate? I consigli dell\u2019esperta - Article Marketing\",\"isPartOf\":{\"@id\":\"https:\\\/\\\/www.article-marketing.eu\\\/comunicatistampa\\\/#website\"},\"datePublished\":\"2021-10-18T13:31:22+00:00\",\"author\":{\"@id\":\"https:\\\/\\\/www.article-marketing.eu\\\/comunicatistampa\\\/#\\\/schema\\\/person\\\/1c4ab1c7aad84347e26e78235da6ff1b\"},\"breadcrumb\":{\"@id\":\"https:\\\/\\\/www.article-marketing.eu\\\/comunicatistampa\\\/pelle-disidratata-dopo-lestate-i-consigli-dellesperta\\\/#breadcrumb\"},\"inLanguage\":\"it-IT\",\"potentialAction\":[{\"@type\":\"ReadAction\",\"target\":[\"https:\\\/\\\/www.article-marketing.eu\\\/comunicatistampa\\\/pelle-disidratata-dopo-lestate-i-consigli-dellesperta\\\/\"]}]},{\"@type\":\"BreadcrumbList\",\"@id\":\"https:\\\/\\\/www.article-marketing.eu\\\/comunicatistampa\\\/pelle-disidratata-dopo-lestate-i-consigli-dellesperta\\\/#breadcrumb\",\"itemListElement\":[{\"@type\":\"ListItem\",\"position\":1,\"name\":\"Home\",\"item\":\"https:\\\/\\\/www.article-marketing.eu\\\/comunicatistampa\\\/\"},{\"@type\":\"ListItem\",\"position\":2,\"name\":\"Pelle disidratata dopo l\u2019estate? I consigli dell\u2019esperta\"}]},{\"@type\":\"WebSite\",\"@id\":\"https:\\\/\\\/www.article-marketing.eu\\\/comunicatistampa\\\/#website\",\"url\":\"https:\\\/\\\/www.article-marketing.eu\\\/comunicatistampa\\\/\",\"name\":\"Article Marketing\",\"description\":\"article marketing &amp; press release\",\"potentialAction\":[{\"@type\":\"SearchAction\",\"target\":{\"@type\":\"EntryPoint\",\"urlTemplate\":\"https:\\\/\\\/www.article-marketing.eu\\\/comunicatistampa\\\/?s={search_term_string}\"},\"query-input\":{\"@type\":\"PropertyValueSpecification\",\"valueRequired\":true,\"valueName\":\"search_term_string\"}}],\"inLanguage\":\"it-IT\"},{\"@type\":\"Person\",\"@id\":\"https:\\\/\\\/www.article-marketing.eu\\\/comunicatistampa\\\/#\\\/schema\\\/person\\\/1c4ab1c7aad84347e26e78235da6ff1b\",\"name\":\"Borderline Agency\",\"image\":{\"@type\":\"ImageObject\",\"inLanguage\":\"it-IT\",\"@id\":\"https:\\\/\\\/secure.gravatar.com\\\/avatar\\\/741fa053101610cb0be7dc835c116926549ae4ae2142ff35eac04d78fda61461?s=96&d=mm&r=g\",\"url\":\"https:\\\/\\\/secure.gravatar.com\\\/avatar\\\/741fa053101610cb0be7dc835c116926549ae4ae2142ff35eac04d78fda61461?s=96&d=mm&r=g\",\"contentUrl\":\"https:\\\/\\\/secure.gravatar.com\\\/avatar\\\/741fa053101610cb0be7dc835c116926549ae4ae2142ff35eac04d78fda61461?s=96&d=mm&r=g\",\"caption\":\"Borderline Agency\"},\"url\":\"https:\\\/\\\/www.article-marketing.eu\\\/comunicatistampa\\\/author\\\/borderline-agency\\\/\"}]}<\/script>\n<!-- \/ Yoast SEO plugin. -->","yoast_head_json":{"title":"Pelle disidratata dopo l\u2019estate? I consigli dell\u2019esperta - Article Marketing","robots":{"index":"index","follow":"follow","max-snippet":"max-snippet:-1","max-image-preview":"max-image-preview:large","max-video-preview":"max-video-preview:-1"},"canonical":"https:\/\/www.article-marketing.eu\/comunicatistampa\/pelle-disidratata-dopo-lestate-i-consigli-dellesperta\/","og_locale":"it_IT","og_type":"article","og_title":"Pelle disidratata dopo l\u2019estate? I consigli dell\u2019esperta - Article Marketing","og_description":"Le propriet\u00e0 idratanti dell\u2019acido ialuronico per cancellare le spiacevoli tracce dell\u2019estate e ridonare alla propria pelle un aspetto sano e luminoso. \u00c8 la soluzione consigliata dall\u2019estetista Graziella Moioli, da tempo impegnata nello studio e nella pratica di prodotti naturali per preservare le strutture del derma \u00a0 L\u2019estate non lascia solo bei ricordi. Dopo bagni, lunghissime tintarelle e inebrianti brezze marine il ritorno a casa \u00e8 accompagnato da una spiacevole scoperta.Continue reading...","og_url":"https:\/\/www.article-marketing.eu\/comunicatistampa\/pelle-disidratata-dopo-lestate-i-consigli-dellesperta\/","og_site_name":"Article Marketing","article_published_time":"2021-10-18T13:31:22+00:00","author":"Borderline Agency","twitter_card":"summary_large_image","twitter_misc":{"Scritto da":"Borderline Agency","Tempo di lettura stimato":"3 minuti"},"schema":{"@context":"https:\/\/schema.org","@graph":[{"@type":"Article","@id":"https:\/\/www.article-marketing.eu\/comunicatistampa\/pelle-disidratata-dopo-lestate-i-consigli-dellesperta\/#article","isPartOf":{"@id":"https:\/\/www.article-marketing.eu\/comunicatistampa\/pelle-disidratata-dopo-lestate-i-consigli-dellesperta\/"},"author":{"name":"Borderline Agency","@id":"https:\/\/www.article-marketing.eu\/comunicatistampa\/#\/schema\/person\/1c4ab1c7aad84347e26e78235da6ff1b"},"headline":"Pelle disidratata dopo l\u2019estate? I consigli dell\u2019esperta","datePublished":"2021-10-18T13:31:22+00:00","mainEntityOfPage":{"@id":"https:\/\/www.article-marketing.eu\/comunicatistampa\/pelle-disidratata-dopo-lestate-i-consigli-dellesperta\/"},"wordCount":660,"commentCount":0,"keywords":["#Vitamina E","acido ialuronico","Antonella Dei","beauty routine","cosmesi","cosmesi italiana","cosmesi naturale","cosmetica","cura del viso","cura della pelle","Dea Luxury Cosmetics","derma","inestetismi","made in Italy","pelle disidratata","pelle dopo l\u2019estate","ricerca scientifica","rughe","skin routine","trattamenti per la pelle","vitamina A","vitamina C","vitamine pure"],"articleSection":["Comunicati stampa","Prodotti"],"inLanguage":"it-IT","potentialAction":[{"@type":"CommentAction","name":"Comment","target":["https:\/\/www.article-marketing.eu\/comunicatistampa\/pelle-disidratata-dopo-lestate-i-consigli-dellesperta\/#respond"]}]},{"@type":"WebPage","@id":"https:\/\/www.article-marketing.eu\/comunicatistampa\/pelle-disidratata-dopo-lestate-i-consigli-dellesperta\/","url":"https:\/\/www.article-marketing.eu\/comunicatistampa\/pelle-disidratata-dopo-lestate-i-consigli-dellesperta\/","name":"Pelle disidratata dopo l\u2019estate? I consigli dell\u2019esperta - Article Marketing","isPartOf":{"@id":"https:\/\/www.article-marketing.eu\/comunicatistampa\/#website"},"datePublished":"2021-10-18T13:31:22+00:00","author":{"@id":"https:\/\/www.article-marketing.eu\/comunicatistampa\/#\/schema\/person\/1c4ab1c7aad84347e26e78235da6ff1b"},"breadcrumb":{"@id":"https:\/\/www.article-marketing.eu\/comunicatistampa\/pelle-disidratata-dopo-lestate-i-consigli-dellesperta\/#breadcrumb"},"inLanguage":"it-IT","potentialAction":[{"@type":"ReadAction","target":["https:\/\/www.article-marketing.eu\/comunicatistampa\/pelle-disidratata-dopo-lestate-i-consigli-dellesperta\/"]}]},{"@type":"BreadcrumbList","@id":"https:\/\/www.article-marketing.eu\/comunicatistampa\/pelle-disidratata-dopo-lestate-i-consigli-dellesperta\/#breadcrumb","itemListElement":[{"@type":"ListItem","position":1,"name":"Home","item":"https:\/\/www.article-marketing.eu\/comunicatistampa\/"},{"@type":"ListItem","position":2,"name":"Pelle disidratata dopo l\u2019estate? I consigli dell\u2019esperta"}]},{"@type":"WebSite","@id":"https:\/\/www.article-marketing.eu\/comunicatistampa\/#website","url":"https:\/\/www.article-marketing.eu\/comunicatistampa\/","name":"Article Marketing","description":"article marketing &amp; press release","potentialAction":[{"@type":"SearchAction","target":{"@type":"EntryPoint","urlTemplate":"https:\/\/www.article-marketing.eu\/comunicatistampa\/?s={search_term_string}"},"query-input":{"@type":"PropertyValueSpecification","valueRequired":true,"valueName":"search_term_string"}}],"inLanguage":"it-IT"},{"@type":"Person","@id":"https:\/\/www.article-marketing.eu\/comunicatistampa\/#\/schema\/person\/1c4ab1c7aad84347e26e78235da6ff1b","name":"Borderline Agency","image":{"@type":"ImageObject","inLanguage":"it-IT","@id":"https:\/\/secure.gravatar.com\/avatar\/741fa053101610cb0be7dc835c116926549ae4ae2142ff35eac04d78fda61461?s=96&d=mm&r=g","url":"https:\/\/secure.gravatar.com\/avatar\/741fa053101610cb0be7dc835c116926549ae4ae2142ff35eac04d78fda61461?s=96&d=mm&r=g","contentUrl":"https:\/\/secure.gravatar.com\/avatar\/741fa053101610cb0be7dc835c116926549ae4ae2142ff35eac04d78fda61461?s=96&d=mm&r=g","caption":"Borderline Agency"},"url":"https:\/\/www.article-marketing.eu\/comunicatistampa\/author\/borderline-agency\/"}]}},"_links":{"self":[{"href":"https:\/\/www.article-marketing.eu\/comunicatistampa\/wp-json\/wp\/v2\/posts\/20388","targetHints":{"allow":["GET"]}}],"collection":[{"href":"https:\/\/www.article-marketing.eu\/comunicatistampa\/wp-json\/wp\/v2\/posts"}],"about":[{"href":"https:\/\/www.article-marketing.eu\/comunicatistampa\/wp-json\/wp\/v2\/types\/post"}],"author":[{"embeddable":true,"href":"https:\/\/www.article-marketing.eu\/comunicatistampa\/wp-json\/wp\/v2\/users\/397"}],"replies":[{"embeddable":true,"href":"https:\/\/www.article-marketing.eu\/comunicatistampa\/wp-json\/wp\/v2\/comments?post=20388"}],"version-history":[{"count":2,"href":"https:\/\/www.article-marketing.eu\/comunicatistampa\/wp-json\/wp\/v2\/posts\/20388\/revisions"}],"predecessor-version":[{"id":20617,"href":"https:\/\/www.article-marketing.eu\/comunicatistampa\/wp-json\/wp\/v2\/posts\/20388\/revisions\/20617"}],"wp:attachment":[{"href":"https:\/\/www.article-marketing.eu\/comunicatistampa\/wp-json\/wp\/v2\/media?parent=20388"}],"wp:term":[{"taxonomy":"category","embeddable":true,"href":"https:\/\/www.article-marketing.eu\/comunicatistampa\/wp-json\/wp\/v2\/categories?post=20388"},{"taxonomy":"post_tag","embeddable":true,"href":"https:\/\/www.article-marketing.eu\/comunicatistampa\/wp-json\/wp\/v2\/tags?post=20388"}],"curies":[{"name":"wp","href":"https:\/\/api.w.org\/{rel}","templated":true}]}}