{"id":20390,"date":"2021-10-18T13:31:37","date_gmt":"2021-10-18T11:31:37","guid":{"rendered":"https:\/\/www.article-marketing.eu\/comunicatistampa\/?p=20390"},"modified":"2021-10-15T15:40:12","modified_gmt":"2021-10-15T13:40:12","slug":"avis-lombardia-nazionale-e-provinciale-bergamo-presentano-rosso-sorriso-la-casa-dei-regali","status":"publish","type":"post","link":"https:\/\/www.article-marketing.eu\/comunicatistampa\/avis-lombardia-nazionale-e-provinciale-bergamo-presentano-rosso-sorriso-la-casa-dei-regali\/","title":{"rendered":"Avis Lombardia, Nazionale e Provinciale Bergamo presentano \u201cRosso sorriso, la casa dei regali\u201d"},"content":{"rendered":"<p><strong>Con protagonisti i bambini e pensato per i bambini, il progetto \u00e8 pronto ad entrare nelle scuole per continuare il percorso di sensibilizzazione al dono.<\/strong><\/p>\n<p><strong>\u00a0<\/strong><\/p>\n<p><strong>Entrare nelle case degli italiani<\/strong> per conoscere da vicino il modo in cui quotidianamente affrontano i temi della <strong>solidariet\u00e0<\/strong>, dell\u2019<strong>altruismo <\/strong>e del <strong>volontariato<\/strong>.<\/p>\n<p>&nbsp;<\/p>\n<p>Con questo obiettivo Avis, Associazione Volontari Italiani del Sangue, ha raccolto le <strong>testimonianze di 14 famiglie<\/strong> e le ha raccontate in \u201cRosso Sorriso, la casa dei regali\u201d, <strong>primo docu-reality<\/strong> che punta a promuovere tra i pi\u00f9 piccoli i valori della donazione.<\/p>\n<p>&nbsp;<\/p>\n<p>A condurre gli spettatori in questo vero e proprio viaggio alla scoperta di un\u2019Italia solidale, attenta al prossimo e ai bisogni della propria collettivit\u00e0 \u00e8 <strong>l\u2019attore e conduttore televisivo Oreste Castagna<\/strong>.<\/p>\n<p>&nbsp;<\/p>\n<p>\u00abQuesto progetto multimediale \u00e8 l\u2019ultimo capitolo di un <strong>percorso iniziato nel 2013 con l\u2019intento di raccontare alle nuove generazioni la gioia di donare<\/strong>.<\/p>\n<p>Nelle varie puntate di questa serie diamo voce alle famiglie per comprendere come il messaggio di Avis ispiri la loro quotidianit\u00e0. Dal contatto diretto con genitori e i loro figli abbiamo conosciuto uno spaccato del nostro Paese che ci ha veramente commosso: <strong>un\u2019Italia che <\/strong>di fronte ai problemi e alle difficolt\u00e0 come la pandemia o le calamit\u00e0 naturali <strong>ha saputo reagire e tendere la mano verso i pi\u00f9 bisognosi<\/strong>\u00bb.<\/p>\n<p>&nbsp;<\/p>\n<p>Frutto di una sinergia tra <strong>Avis Provinciale Bergamo,\u00a0Avis Regionale Lombardia<\/strong> e <strong>Avis Nazionale, <\/strong>il progetto si inserisce a pieno titolo tra le attivit\u00e0 di sensibilizzazione previste dal protocollo d\u2019intesa siglato con il <strong>Ministero dell\u2019istruzione<\/strong> e si fregia del patrocinio di <strong>Rai per il Sociale <\/strong>e la media partnership con <strong>Rai Ragazzi<\/strong>.<\/p>\n<p>La serie completa sar\u00e0 messa a disposizione delle oltre 3.300 sedi Avis che potranno incontrare i piccoli studenti delle scuole primarie e proporre, attraverso le 14 puntate di questo docu-reality, una riflessione su quei principi che, da oltre novant\u2019anni, rappresentano il motore dell\u2019associazione e dei volontari che la compongono.<\/p>\n<p>&nbsp;<\/p>\n<p>\u00abFin dalla sua fondazione, nel 1937, Avis rivolge il suo impegno soprattutto alle fasce pi\u00f9 giovani della popolazione con l\u2019intento di favorire la costruzione di una societ\u00e0 fondata sulla generosit\u00e0 e il sostegno reciproco. Ecco perch\u00e9 iniziative come \u201cRosso Sorriso\u201d rappresentano il modo migliore per avvicinarci ai pi\u00f9 piccoli e parlare di donazione attraverso linguaggi innovativi e contemporanei\u00bb.<\/p>\n<p>&nbsp;<\/p>\n<p><em>\u00abAvis Regionale Lombardia \u2013 afferma il presidente <strong>Oscar Bianchi<\/strong> &#8211; da sempre cerca di guardare al prossimo sensibilizzando la popolazione sull&#8217;importanza di un gesto semplice, che riesce a fare la differenza: in questo senso, la familiarizzazione dei bambini con il meccanismo del dono e della solidariet\u00e0 rappresenta un punto di partenza fondamentale per creare una societ\u00e0 futura sempre pi\u00f9 orientata a questo prezioso impegno. Sono entusiasta e grato della partecipazione delle famiglie che ci hanno permesso di entrare nelle proprie case, ad Oreste Castagna che per la terza edizione riesce a rendere &#8220;Rosso Sorriso&#8221; un momento di sensibilizzazione importante per i pi\u00f9 piccoli. Un grazie va a tutte le realt\u00e0 coinvolte che, nonostante le difficolt\u00e0 legate alla pandemia, hanno dimostrato forza e dedizione, permettendo di orientare alla solidariet\u00e0 e alla gratuit\u00e0 del dono tutti quegli animi che esprimono la parte migliore della nostra societ\u00e0\u00bb. <\/em><\/p>\n<p><em>\u00a0<\/em><\/p>\n<p><em>Conclude <strong>Artemio Trapattoni<\/strong>, presidente Avis Provinciale Bergamo: \u00ab\u201dRosso Sorriso\u201d \u00e8 un progetto nato proprio nella provincia di Bergamo nel 2013 e in questi anni\u00a0ha fatto molta strada fino a diventare un punto di riferimento a livello nazionale per raccontare Avis ai pi\u00f9 piccoli.\u00a0Sensibilizzare i bambini al gesto del dono che racchiude in s\u00e9 i valori della solidariet\u00e0 e dell&#8217;altruismo \u00e8 sempre stato un punto centrale per la nostra Associazione. Siamo soddisfatti che &#8220;Rosso Sorriso&#8221; con l&#8217;obiettivo di raccontare ai pi\u00f9 piccoli l&#8217;importanza della donazione attraverso metafore, prosegua con un terzo capitolo per innovare ulteriormente la promozione di Avis nelle scuole e dare alle Avis sul territorio nuovi strumenti per raggiungere le giovani generazioni\u00bb.<\/em><\/p>\n","protected":false},"excerpt":{"rendered":"<p>Con protagonisti i bambini e pensato per i bambini, il progetto \u00e8 pronto ad entrare nelle scuole per continuare il percorso di sensibilizzazione al dono. \u00a0 Entrare nelle case degli italiani per conoscere da vicino il modo in cui quotidianamente affrontano i temi della solidariet\u00e0, dell\u2019altruismo e del volontariato. &nbsp; Con questo obiettivo Avis, Associazione Volontari Italiani del Sangue, ha raccolto le testimonianze di 14 famiglie e le ha raccontate<\/p>\n<p><a class=\"continue-reading\" href=\"https:\/\/www.article-marketing.eu\/comunicatistampa\/avis-lombardia-nazionale-e-provinciale-bergamo-presentano-rosso-sorriso-la-casa-dei-regali\/\">Continue reading&#8230;<\/a><\/p>\n","protected":false},"author":1855,"featured_media":0,"comment_status":"open","ping_status":"open","sticky":false,"template":"","format":"standard","meta":{"_monsterinsights_skip_tracking":false,"_monsterinsights_sitenote_active":false,"_monsterinsights_sitenote_note":"","_monsterinsights_sitenote_category":0,"footnotes":""},"categories":[392],"tags":[6091,8595,6097,8594],"class_list":["post-20390","post","type-post","status-publish","format-standard","hentry","category-eventi","tag-avisregionalelombardia","tag-orestecastagna","tag-oscarbianchi","tag-rossosorriso"],"yoast_head":"<!-- This site is optimized with the Yoast SEO plugin v27.3 - https:\/\/yoast.com\/product\/yoast-seo-wordpress\/ -->\n<title>Avis Lombardia, Nazionale e Provinciale Bergamo presentano \u201cRosso sorriso, la casa dei regali\u201d<\/title>\n<meta name=\"robots\" content=\"index, follow, max-snippet:-1, max-image-preview:large, max-video-preview:-1\" \/>\n<link rel=\"canonical\" href=\"https:\/\/www.article-marketing.eu\/comunicatistampa\/avis-lombardia-nazionale-e-provinciale-bergamo-presentano-rosso-sorriso-la-casa-dei-regali\/\" \/>\n<meta property=\"og:locale\" content=\"it_IT\" \/>\n<meta property=\"og:type\" content=\"article\" \/>\n<meta property=\"og:title\" content=\"Avis Lombardia, Nazionale e Provinciale Bergamo presentano \u201cRosso sorriso, la casa dei regali\u201d\" \/>\n<meta property=\"og:description\" content=\"Con protagonisti i bambini e pensato per i bambini, il progetto \u00e8 pronto ad entrare nelle scuole per continuare il percorso di sensibilizzazione al dono. \u00a0 Entrare nelle case degli italiani per conoscere da vicino il modo in cui quotidianamente affrontano i temi della solidariet\u00e0, dell\u2019altruismo e del volontariato. &nbsp; Con questo obiettivo Avis, Associazione Volontari Italiani del Sangue, ha raccolto le testimonianze di 14 famiglie e le ha raccontateContinue reading...\" \/>\n<meta property=\"og:url\" content=\"https:\/\/www.article-marketing.eu\/comunicatistampa\/avis-lombardia-nazionale-e-provinciale-bergamo-presentano-rosso-sorriso-la-casa-dei-regali\/\" \/>\n<meta property=\"og:site_name\" content=\"Article Marketing\" \/>\n<meta property=\"article:published_time\" content=\"2021-10-18T11:31:37+00:00\" \/>\n<meta name=\"author\" content=\"Redaclem\" \/>\n<meta name=\"twitter:card\" content=\"summary_large_image\" \/>\n<meta name=\"twitter:label1\" content=\"Scritto da\" \/>\n\t<meta name=\"twitter:data1\" content=\"Redaclem\" \/>\n\t<meta name=\"twitter:label2\" content=\"Tempo di lettura stimato\" \/>\n\t<meta name=\"twitter:data2\" content=\"3 minuti\" \/>\n<script type=\"application\/ld+json\" class=\"yoast-schema-graph\">{\"@context\":\"https:\\\/\\\/schema.org\",\"@graph\":[{\"@type\":\"Article\",\"@id\":\"https:\\\/\\\/www.article-marketing.eu\\\/comunicatistampa\\\/avis-lombardia-nazionale-e-provinciale-bergamo-presentano-rosso-sorriso-la-casa-dei-regali\\\/#article\",\"isPartOf\":{\"@id\":\"https:\\\/\\\/www.article-marketing.eu\\\/comunicatistampa\\\/avis-lombardia-nazionale-e-provinciale-bergamo-presentano-rosso-sorriso-la-casa-dei-regali\\\/\"},\"author\":{\"name\":\"Redaclem\",\"@id\":\"https:\\\/\\\/www.article-marketing.eu\\\/comunicatistampa\\\/#\\\/schema\\\/person\\\/c0aa725eee5df8460e0adf901fde0c88\"},\"headline\":\"Avis Lombardia, Nazionale e Provinciale Bergamo presentano \u201cRosso sorriso, la casa dei regali\u201d\",\"datePublished\":\"2021-10-18T11:31:37+00:00\",\"mainEntityOfPage\":{\"@id\":\"https:\\\/\\\/www.article-marketing.eu\\\/comunicatistampa\\\/avis-lombardia-nazionale-e-provinciale-bergamo-presentano-rosso-sorriso-la-casa-dei-regali\\\/\"},\"wordCount\":648,\"commentCount\":0,\"keywords\":[\"#avisregionalelombardia\",\"#OresteCastagna\",\"#oscarbianchi\",\"#RossoSorriso\"],\"articleSection\":[\"Eventi\"],\"inLanguage\":\"it-IT\",\"potentialAction\":[{\"@type\":\"CommentAction\",\"name\":\"Comment\",\"target\":[\"https:\\\/\\\/www.article-marketing.eu\\\/comunicatistampa\\\/avis-lombardia-nazionale-e-provinciale-bergamo-presentano-rosso-sorriso-la-casa-dei-regali\\\/#respond\"]}]},{\"@type\":\"WebPage\",\"@id\":\"https:\\\/\\\/www.article-marketing.eu\\\/comunicatistampa\\\/avis-lombardia-nazionale-e-provinciale-bergamo-presentano-rosso-sorriso-la-casa-dei-regali\\\/\",\"url\":\"https:\\\/\\\/www.article-marketing.eu\\\/comunicatistampa\\\/avis-lombardia-nazionale-e-provinciale-bergamo-presentano-rosso-sorriso-la-casa-dei-regali\\\/\",\"name\":\"Avis Lombardia, Nazionale e Provinciale Bergamo presentano \u201cRosso sorriso, la casa dei regali\u201d\",\"isPartOf\":{\"@id\":\"https:\\\/\\\/www.article-marketing.eu\\\/comunicatistampa\\\/#website\"},\"datePublished\":\"2021-10-18T11:31:37+00:00\",\"author\":{\"@id\":\"https:\\\/\\\/www.article-marketing.eu\\\/comunicatistampa\\\/#\\\/schema\\\/person\\\/c0aa725eee5df8460e0adf901fde0c88\"},\"breadcrumb\":{\"@id\":\"https:\\\/\\\/www.article-marketing.eu\\\/comunicatistampa\\\/avis-lombardia-nazionale-e-provinciale-bergamo-presentano-rosso-sorriso-la-casa-dei-regali\\\/#breadcrumb\"},\"inLanguage\":\"it-IT\",\"potentialAction\":[{\"@type\":\"ReadAction\",\"target\":[\"https:\\\/\\\/www.article-marketing.eu\\\/comunicatistampa\\\/avis-lombardia-nazionale-e-provinciale-bergamo-presentano-rosso-sorriso-la-casa-dei-regali\\\/\"]}]},{\"@type\":\"BreadcrumbList\",\"@id\":\"https:\\\/\\\/www.article-marketing.eu\\\/comunicatistampa\\\/avis-lombardia-nazionale-e-provinciale-bergamo-presentano-rosso-sorriso-la-casa-dei-regali\\\/#breadcrumb\",\"itemListElement\":[{\"@type\":\"ListItem\",\"position\":1,\"name\":\"Home\",\"item\":\"https:\\\/\\\/www.article-marketing.eu\\\/comunicatistampa\\\/\"},{\"@type\":\"ListItem\",\"position\":2,\"name\":\"Avis Lombardia, Nazionale e Provinciale Bergamo presentano \u201cRosso sorriso, la casa dei regali\u201d\"}]},{\"@type\":\"WebSite\",\"@id\":\"https:\\\/\\\/www.article-marketing.eu\\\/comunicatistampa\\\/#website\",\"url\":\"https:\\\/\\\/www.article-marketing.eu\\\/comunicatistampa\\\/\",\"name\":\"Article Marketing\",\"description\":\"article marketing &amp; press release\",\"potentialAction\":[{\"@type\":\"SearchAction\",\"target\":{\"@type\":\"EntryPoint\",\"urlTemplate\":\"https:\\\/\\\/www.article-marketing.eu\\\/comunicatistampa\\\/?s={search_term_string}\"},\"query-input\":{\"@type\":\"PropertyValueSpecification\",\"valueRequired\":true,\"valueName\":\"search_term_string\"}}],\"inLanguage\":\"it-IT\"},{\"@type\":\"Person\",\"@id\":\"https:\\\/\\\/www.article-marketing.eu\\\/comunicatistampa\\\/#\\\/schema\\\/person\\\/c0aa725eee5df8460e0adf901fde0c88\",\"name\":\"Redaclem\",\"image\":{\"@type\":\"ImageObject\",\"inLanguage\":\"it-IT\",\"@id\":\"https:\\\/\\\/secure.gravatar.com\\\/avatar\\\/4c7e41f332a0583344a91d7d39723533da9b2d0df7737c2d8c69553168c2191e?s=96&d=mm&r=g\",\"url\":\"https:\\\/\\\/secure.gravatar.com\\\/avatar\\\/4c7e41f332a0583344a91d7d39723533da9b2d0df7737c2d8c69553168c2191e?s=96&d=mm&r=g\",\"contentUrl\":\"https:\\\/\\\/secure.gravatar.com\\\/avatar\\\/4c7e41f332a0583344a91d7d39723533da9b2d0df7737c2d8c69553168c2191e?s=96&d=mm&r=g\",\"caption\":\"Redaclem\"},\"url\":\"https:\\\/\\\/www.article-marketing.eu\\\/comunicatistampa\\\/author\\\/redaclem\\\/\"}]}<\/script>\n<!-- \/ Yoast SEO plugin. -->","yoast_head_json":{"title":"Avis Lombardia, Nazionale e Provinciale Bergamo presentano \u201cRosso sorriso, la casa dei regali\u201d","robots":{"index":"index","follow":"follow","max-snippet":"max-snippet:-1","max-image-preview":"max-image-preview:large","max-video-preview":"max-video-preview:-1"},"canonical":"https:\/\/www.article-marketing.eu\/comunicatistampa\/avis-lombardia-nazionale-e-provinciale-bergamo-presentano-rosso-sorriso-la-casa-dei-regali\/","og_locale":"it_IT","og_type":"article","og_title":"Avis Lombardia, Nazionale e Provinciale Bergamo presentano \u201cRosso sorriso, la casa dei regali\u201d","og_description":"Con protagonisti i bambini e pensato per i bambini, il progetto \u00e8 pronto ad entrare nelle scuole per continuare il percorso di sensibilizzazione al dono. \u00a0 Entrare nelle case degli italiani per conoscere da vicino il modo in cui quotidianamente affrontano i temi della solidariet\u00e0, dell\u2019altruismo e del volontariato. &nbsp; Con questo obiettivo Avis, Associazione Volontari Italiani del Sangue, ha raccolto le testimonianze di 14 famiglie e le ha raccontateContinue reading...","og_url":"https:\/\/www.article-marketing.eu\/comunicatistampa\/avis-lombardia-nazionale-e-provinciale-bergamo-presentano-rosso-sorriso-la-casa-dei-regali\/","og_site_name":"Article Marketing","article_published_time":"2021-10-18T11:31:37+00:00","author":"Redaclem","twitter_card":"summary_large_image","twitter_misc":{"Scritto da":"Redaclem","Tempo di lettura stimato":"3 minuti"},"schema":{"@context":"https:\/\/schema.org","@graph":[{"@type":"Article","@id":"https:\/\/www.article-marketing.eu\/comunicatistampa\/avis-lombardia-nazionale-e-provinciale-bergamo-presentano-rosso-sorriso-la-casa-dei-regali\/#article","isPartOf":{"@id":"https:\/\/www.article-marketing.eu\/comunicatistampa\/avis-lombardia-nazionale-e-provinciale-bergamo-presentano-rosso-sorriso-la-casa-dei-regali\/"},"author":{"name":"Redaclem","@id":"https:\/\/www.article-marketing.eu\/comunicatistampa\/#\/schema\/person\/c0aa725eee5df8460e0adf901fde0c88"},"headline":"Avis Lombardia, Nazionale e Provinciale Bergamo presentano \u201cRosso sorriso, la casa dei regali\u201d","datePublished":"2021-10-18T11:31:37+00:00","mainEntityOfPage":{"@id":"https:\/\/www.article-marketing.eu\/comunicatistampa\/avis-lombardia-nazionale-e-provinciale-bergamo-presentano-rosso-sorriso-la-casa-dei-regali\/"},"wordCount":648,"commentCount":0,"keywords":["#avisregionalelombardia","#OresteCastagna","#oscarbianchi","#RossoSorriso"],"articleSection":["Eventi"],"inLanguage":"it-IT","potentialAction":[{"@type":"CommentAction","name":"Comment","target":["https:\/\/www.article-marketing.eu\/comunicatistampa\/avis-lombardia-nazionale-e-provinciale-bergamo-presentano-rosso-sorriso-la-casa-dei-regali\/#respond"]}]},{"@type":"WebPage","@id":"https:\/\/www.article-marketing.eu\/comunicatistampa\/avis-lombardia-nazionale-e-provinciale-bergamo-presentano-rosso-sorriso-la-casa-dei-regali\/","url":"https:\/\/www.article-marketing.eu\/comunicatistampa\/avis-lombardia-nazionale-e-provinciale-bergamo-presentano-rosso-sorriso-la-casa-dei-regali\/","name":"Avis Lombardia, Nazionale e Provinciale Bergamo presentano \u201cRosso sorriso, la casa dei regali\u201d","isPartOf":{"@id":"https:\/\/www.article-marketing.eu\/comunicatistampa\/#website"},"datePublished":"2021-10-18T11:31:37+00:00","author":{"@id":"https:\/\/www.article-marketing.eu\/comunicatistampa\/#\/schema\/person\/c0aa725eee5df8460e0adf901fde0c88"},"breadcrumb":{"@id":"https:\/\/www.article-marketing.eu\/comunicatistampa\/avis-lombardia-nazionale-e-provinciale-bergamo-presentano-rosso-sorriso-la-casa-dei-regali\/#breadcrumb"},"inLanguage":"it-IT","potentialAction":[{"@type":"ReadAction","target":["https:\/\/www.article-marketing.eu\/comunicatistampa\/avis-lombardia-nazionale-e-provinciale-bergamo-presentano-rosso-sorriso-la-casa-dei-regali\/"]}]},{"@type":"BreadcrumbList","@id":"https:\/\/www.article-marketing.eu\/comunicatistampa\/avis-lombardia-nazionale-e-provinciale-bergamo-presentano-rosso-sorriso-la-casa-dei-regali\/#breadcrumb","itemListElement":[{"@type":"ListItem","position":1,"name":"Home","item":"https:\/\/www.article-marketing.eu\/comunicatistampa\/"},{"@type":"ListItem","position":2,"name":"Avis Lombardia, Nazionale e Provinciale Bergamo presentano \u201cRosso sorriso, la casa dei regali\u201d"}]},{"@type":"WebSite","@id":"https:\/\/www.article-marketing.eu\/comunicatistampa\/#website","url":"https:\/\/www.article-marketing.eu\/comunicatistampa\/","name":"Article Marketing","description":"article marketing &amp; press release","potentialAction":[{"@type":"SearchAction","target":{"@type":"EntryPoint","urlTemplate":"https:\/\/www.article-marketing.eu\/comunicatistampa\/?s={search_term_string}"},"query-input":{"@type":"PropertyValueSpecification","valueRequired":true,"valueName":"search_term_string"}}],"inLanguage":"it-IT"},{"@type":"Person","@id":"https:\/\/www.article-marketing.eu\/comunicatistampa\/#\/schema\/person\/c0aa725eee5df8460e0adf901fde0c88","name":"Redaclem","image":{"@type":"ImageObject","inLanguage":"it-IT","@id":"https:\/\/secure.gravatar.com\/avatar\/4c7e41f332a0583344a91d7d39723533da9b2d0df7737c2d8c69553168c2191e?s=96&d=mm&r=g","url":"https:\/\/secure.gravatar.com\/avatar\/4c7e41f332a0583344a91d7d39723533da9b2d0df7737c2d8c69553168c2191e?s=96&d=mm&r=g","contentUrl":"https:\/\/secure.gravatar.com\/avatar\/4c7e41f332a0583344a91d7d39723533da9b2d0df7737c2d8c69553168c2191e?s=96&d=mm&r=g","caption":"Redaclem"},"url":"https:\/\/www.article-marketing.eu\/comunicatistampa\/author\/redaclem\/"}]}},"_links":{"self":[{"href":"https:\/\/www.article-marketing.eu\/comunicatistampa\/wp-json\/wp\/v2\/posts\/20390","targetHints":{"allow":["GET"]}}],"collection":[{"href":"https:\/\/www.article-marketing.eu\/comunicatistampa\/wp-json\/wp\/v2\/posts"}],"about":[{"href":"https:\/\/www.article-marketing.eu\/comunicatistampa\/wp-json\/wp\/v2\/types\/post"}],"author":[{"embeddable":true,"href":"https:\/\/www.article-marketing.eu\/comunicatistampa\/wp-json\/wp\/v2\/users\/1855"}],"replies":[{"embeddable":true,"href":"https:\/\/www.article-marketing.eu\/comunicatistampa\/wp-json\/wp\/v2\/comments?post=20390"}],"version-history":[{"count":2,"href":"https:\/\/www.article-marketing.eu\/comunicatistampa\/wp-json\/wp\/v2\/posts\/20390\/revisions"}],"predecessor-version":[{"id":20618,"href":"https:\/\/www.article-marketing.eu\/comunicatistampa\/wp-json\/wp\/v2\/posts\/20390\/revisions\/20618"}],"wp:attachment":[{"href":"https:\/\/www.article-marketing.eu\/comunicatistampa\/wp-json\/wp\/v2\/media?parent=20390"}],"wp:term":[{"taxonomy":"category","embeddable":true,"href":"https:\/\/www.article-marketing.eu\/comunicatistampa\/wp-json\/wp\/v2\/categories?post=20390"},{"taxonomy":"post_tag","embeddable":true,"href":"https:\/\/www.article-marketing.eu\/comunicatistampa\/wp-json\/wp\/v2\/tags?post=20390"}],"curies":[{"name":"wp","href":"https:\/\/api.w.org\/{rel}","templated":true}]}}