{"id":20399,"date":"2021-10-28T09:54:03","date_gmt":"2021-10-28T07:54:03","guid":{"rendered":"https:\/\/www.article-marketing.eu\/comunicatistampa\/?p=20399"},"modified":"2021-10-19T14:55:23","modified_gmt":"2021-10-19T12:55:23","slug":"presentato-il-documentario-vita","status":"publish","type":"post","link":"https:\/\/www.article-marketing.eu\/comunicatistampa\/presentato-il-documentario-vita\/","title":{"rendered":"Presentato il documentario \u201cVITA\u201d"},"content":{"rendered":"<p><strong>Un progetto di ricerca sociale e culturale volto a mantenere intatta la memoria storica<\/strong><\/p>\n<p><strong>Attimi di riflessione ed emozioni per un documentario che vuole salvare la memoria storica di una generazione, fortemente colpita dalla pandemia da Covid-19<\/strong><\/p>\n<p>Un documentario emozionante, ricco di voci e riflessioni che si prefigge un compito di grande valore: <strong>salvare la memoria storica di una generazione<\/strong>, quasi completamente scomparsa a causa di Covid-19. Questo \u00e8 il <strong>documentario \u201cVITA\u201d<\/strong>, realizzato da <strong>Giorgia Colli e Matteo Raffaelli,<\/strong> con la <strong>collaborazione dell\u2019Istituto Luce<\/strong> ed il <strong>sostegno della Provincia di Bergamo, della Fondazione Istituti Educativi Bergamo<\/strong> e della <strong>FAP ACLI-Federazione Anziani e Pensionati<\/strong> presentato in anteprima nella serata di luned\u00ec 27 settembre presso il Palazzo della Provincia di Bergamo.<\/p>\n<p>L\u2019opera di Colli e Raffaelli \u00e8 un <strong>progetto di ricerca sociale e culturale<\/strong> che nasce dopo l\u2019esperienza violenta e drammatica della pandemia, che si \u00e8 portata via un\u2019intera generazione, quella dei nostri nonni. Gli autori, in fase di ideazione del documentario, hanno pensato di poter contribuire alla salvaguardia della memoria storica delle generazioni pi\u00f9 anziane registrando i loro racconti: cos\u00ec \u00e8 nato \u201cVita\u201d, con l\u2019intento di <strong>ricostruire la storia umana e personale della memoria storica di Bergamo e della bergamasca<\/strong>, per far conoscere il patrimonio culturale e identitario del territorio.<\/p>\n<p>Le interviste raccolte, che raccontano le vite e le aspirazioni dei protagonisti, si legano e intrecciano in una <strong>narrazione che, alla fine, non pu\u00f2 non toccare anche i fatti recenti legati al Covid-19<\/strong>. Il lavoro di Colli e Raffaelli ha fotografato la memoria, in un <strong>viaggio temporale<\/strong> che dal passato \u00e8 giunto ai giorni nostri: dalla Seconda Guerra Mondiale, passando attraverso i cambiamenti socio-economici, per arrivare alla pandemia globale da Covid-19, l\u2019intreccio storico-culturale <strong>raccoglie e lega le vite di queste persone<\/strong>, conducendo infine al <strong>senso profondo<\/strong> di quanto appreso dalla generazione dei nonni e andando a costituire un <strong>archivio pubblico della memoria<\/strong>.<\/p>\n<p>Partner del progetto la<strong> Provincia di Bergamo<\/strong>, che ha anche ospitato l\u2019anteprima. <em>\u201cAbbiamo<\/em><em> creduto da subito in questo progetto e siamo orgogliosi di ospitare la proiezione nel Palazzo della Provincia, la Casa dei Comuni e di tutti i bergamaschi<\/em> \u2013 commenta il <strong>Presidente della Provincia Gianfranco Gafforelli<\/strong> \u2013 <em>Fin da quando si \u00e8 cominciato a parlare di ripartenza ho ribadito con forza la convinzione che dobbiamo partire dall\u2019amore per la nostra terra, dalle nostre radici e dalla memoria. Questo progetto va in questa direzione, quella del ricordo e della custodia di questa memoria che dopo un evento cos\u00ec traumatico ci d\u00e0 la forza per affrontare il futuro\u201d.<\/em><\/p>\n<p><em>\u201cCondividere<\/em><em> la memoria, custodire la ricchezza del passato attraverso le testimonianze di esperienze e vissuti dal nostro territorio ci aiuta a conoscere le nostre radici e a porre le basi per costruire il nostro futuro per le giovani generazioni<\/em> \u2013 aggiunge la<strong> Consigliera provinciale delegata alla Cultura, Romina Russo<\/strong> \u2013 <em>Un filo di legami che si intreccia tra passato e futuro. Con questo spirito la Provincia ha voluto sostenere questo progetto dando voce e coinvolgendo molte realt\u00e0 del nostro territorio. Un progetto che parte con il film documentario e che si arricchir\u00e0 con l&#8217;archivio pubblico della memoria. Accompagnare il regista e la sceneggiatrice per la realizzazione di diverse interviste \u00e8 stata un&#8217;esperienza molto toccante e il film restituisce con intensit\u00e0 le storie di vita vissuta, del coraggio, dei sentimenti, delle fatiche di una generazione che purtroppo \u00e8 stata duramente colpita dalla pandemia\u201d.<\/em><\/p>\n<p>Tra i sostenitori anche la <strong>Fondazione Istituti Educativi di Bergamo, <\/strong>realt\u00e0 da sempre attenta alla riscoperta, alla valorizzazione e alla custodia della memoria storica del territorio bergamasco, ne ha fatto un punto fermo del suo operato. <em>\u201cIl documentario Vita \u00e8 una toccante raccolta di testimonianze di persone che hanno attraversato quasi un secolo di storia della nostra provincia. I racconti dei nonni sono spesso vissuti dai pi\u00f9 giovani come un momento poco interessante. Eppure il \u201cdovere della memoria\u201d, in questo specifico contesto, si sposa con una qualit\u00e0 della narrazione molto efficace. La generazione che maggiormente ha pagato un tributo pesantissimo alla pandemia, rapisce l\u2019attenzione dello spettatore e lo riporta ad un\u2019epoca di grandi privazioni, sofferenze, laboriosit\u00e0 ma anche di buoni sentimenti, umilt\u00e0 e rassegnazione. Per non dimenticare \u00e8 importante, per noi e per i pi\u00f9 giovani, seguire il percorso valoriale tracciato da chi ci ha preceduto <\/em>\u201d spiega <strong>Luigi Sorzi, Presidente della Fondazione Istituti Educativi di Bergamo. <\/strong><\/p>\n<p><em>\u201cUna serata emozionante \u2013 <\/em>gli fa eco <strong>Mauro Bonomelli, Consigliere provinciale e della Fondazione Istituti Educativi di Bergamo <\/strong><em>\u2013 che<\/em><em> ci ha permesso non solo di ricordare chi oggi non c\u2019\u00e8 pi\u00f9 a causa del Covid-19 ma anche di ascoltare, vedere e toccare con mano le testimonianze di vita e di storia della nostra provincia, dalle valli alla pianura, grazie ai racconti di chi ne conserva ancora oggi la memoria storica\u201d.<\/em><\/p>\n<p>Il progetto documentaristico \u00e8 infatti accompagnato da un archivio di immagini ed interviste che ci permettono di preservare un racconto di storia del nostro territorio.<\/p>\n<p><em>\u201cLa scomparsa improvvisa di una persona anziana genera una inevitabile perdita di conoscenza, memoria, identit\u00e0. Per raccontare cosa sia successo e stia purtroppo ancora succedendo a Bergamo e provincia, non c\u2019\u00e8 altro modo che chiedere alle persone anziane, sopravvissute, di raccontarci la loro Vita per poter salvare oggi, quello che tra qualche anno andrebbe definitivamente perso. I ricordi personali vivono non solo di lettere e parole, ma di sguardi, incertezze, lacrime e sorrisi\u201d<\/em> racconta <strong>Giorgia Colli, sceneggiatrice e scrittrice<\/strong>.<\/p>\n<p><em>\u201cDa qui nasce il progetto di questo documentario, il cui intento \u00e8 ricostruire la storia umana e personale della memoria storica di Bergamo e della bergamasca, per far conoscere il patrimonio culturale e identitario del territorio. Le interviste ci raccontano della quotidianit\u00e0, del passato, degli amori, dei mestieri, dei sogni di ognuno di loro. <\/em><em>Nessuna spettacolarizzazione, nessuna enfasi dei fatti drammatici che tutti i giorni, TV e media, ci riversano addosso\u201d<\/em> conclude il <strong>regista Matteo Raffaelli<\/strong>.<\/p>\n<p>&nbsp;<\/p>\n<p><strong>\u201cVITA\u201d<\/strong><\/p>\n<p><u>Genere:<\/u> documentario di genere sociologico e antropologico<br \/>\n<u>Regia:<\/u> Matteo Raffaelli, Giorgia Colli<br \/>\n<u>Durata:<\/u> 52 minuti<br \/>\n<u>Distribuzione:<\/u> in via di definizione<\/p>\n<p>&nbsp;<\/p>\n<p><strong>BIOGRAFIE DEI REGISTI<\/strong><\/p>\n<p><u>Giorgia Colli:<\/u> Sceneggiatrice e scrittrice, laureata in lingue alla Sapienza di Roma nel 2005, si \u00e8 formata come autrice con <strong>Robert McKee <\/strong>nel suo corso internazionale a Londra. Al suo attivo ha oltre quindici anni di attivit\u00e0 professionale di cui molti in <strong>Sony Picture Television. <\/strong>Ha pubblicato <strong>\u201cMaionese impazzita\u201d <\/strong>per Fermento editore, ha scritto il film <strong>\u201cSi pu\u00f2 fare l\u2019amore vestiti\u201d<\/strong>, regia di Donato Ursitti, prodotto da <strong>Andrea Jervolino <\/strong>per <strong>Ambi Pictures<\/strong>, e <strong>\u201cQui comando io\u201d <\/strong>per la regia di <strong>Federico Moccia<\/strong>, in produzione con <strong>Alexandra Cinemastografica e RAI Cinema<\/strong>. Per la TV ha scritto il documentario <strong>\u201cRoma Antica e segreta\u201d <\/strong>per <strong>History Channel<\/strong>.<\/p>\n<p><u>Matteo Raffaelli:<\/u> Regista e autore televisivo, uscito dal Laboratorio <strong>Fandango <\/strong>si \u00e8 formato tra i molti anche con Sorrentino, Garrone, Crialese e Baricco. Ha diretto con successo molti documentari tra cui <strong>\u201cA Quattro mani\u201d <\/strong>con Andrea Camilleri e Carlo Lucarelli, <strong>\u201cMemorie di Adriano\u201d <\/strong>con Giorgio Albertazzi tratto dal Romanzo di M. Yourcenar, ha scritto il film <strong>\u201cFaccio un salto all\u2019Avana\u201d <\/strong>con Enrico Brignano, il suo documentario di Impegno sociale <strong>\u201cMareyeurs\u201d <\/strong>in concorso al Festival di Biarritz \u201818, ha vinto tra gli altri il premio della giuria al Migranti Film Festival. Ha scritto e diretto i docu-film prodotti da Art Project con Cinecitt\u00e0 &#8211; Istituto Luce, <strong>\u201cLa linea del Pasubio\u201d <\/strong>e \u201c<strong>Il Capitano dei ghiacci\u201d<\/strong>.<\/p>\n","protected":false},"excerpt":{"rendered":"<p>Un progetto di ricerca sociale e culturale volto a mantenere intatta la memoria storica Attimi di riflessione ed emozioni per un documentario che vuole salvare la memoria storica di una generazione, fortemente colpita dalla pandemia da Covid-19 Un documentario emozionante, ricco di voci e riflessioni che si prefigge un compito di grande valore: salvare la memoria storica di una generazione, quasi completamente scomparsa a causa di Covid-19. Questo \u00e8 il<\/p>\n<p><a class=\"continue-reading\" href=\"https:\/\/www.article-marketing.eu\/comunicatistampa\/presentato-il-documentario-vita\/\">Continue reading&#8230;<\/a><\/p>\n","protected":false},"author":1855,"featured_media":0,"comment_status":"open","ping_status":"open","sticky":false,"template":"","format":"standard","meta":{"_monsterinsights_skip_tracking":false,"_monsterinsights_sitenote_active":false,"_monsterinsights_sitenote_note":"","_monsterinsights_sitenote_category":0,"footnotes":""},"categories":[407,408],"tags":[8575,8601,8602,8600],"class_list":["post-20399","post","type-post","status-publish","format-standard","hentry","category-arte-e-cultura","category-cinema","tag-fondazioneistitutieducativibergamo","tag-giorgiacolli","tag-matteoraffaelli","tag-vita"],"yoast_head":"<!-- This site is optimized with the Yoast SEO plugin v27.3 - https:\/\/yoast.com\/product\/yoast-seo-wordpress\/ -->\n<title>Presentato il documentario \u201cVITA\u201d - Article Marketing<\/title>\n<meta name=\"robots\" content=\"index, follow, max-snippet:-1, max-image-preview:large, max-video-preview:-1\" \/>\n<link rel=\"canonical\" href=\"https:\/\/www.article-marketing.eu\/comunicatistampa\/presentato-il-documentario-vita\/\" \/>\n<meta property=\"og:locale\" content=\"it_IT\" \/>\n<meta property=\"og:type\" content=\"article\" \/>\n<meta property=\"og:title\" content=\"Presentato il documentario \u201cVITA\u201d - Article Marketing\" \/>\n<meta property=\"og:description\" content=\"Un progetto di ricerca sociale e culturale volto a mantenere intatta la memoria storica Attimi di riflessione ed emozioni per un documentario che vuole salvare la memoria storica di una generazione, fortemente colpita dalla pandemia da Covid-19 Un documentario emozionante, ricco di voci e riflessioni che si prefigge un compito di grande valore: salvare la memoria storica di una generazione, quasi completamente scomparsa a causa di Covid-19. Questo \u00e8 ilContinue reading...\" \/>\n<meta property=\"og:url\" content=\"https:\/\/www.article-marketing.eu\/comunicatistampa\/presentato-il-documentario-vita\/\" \/>\n<meta property=\"og:site_name\" content=\"Article Marketing\" \/>\n<meta property=\"article:published_time\" content=\"2021-10-28T07:54:03+00:00\" \/>\n<meta name=\"author\" content=\"Redaclem\" \/>\n<meta name=\"twitter:card\" content=\"summary_large_image\" \/>\n<meta name=\"twitter:label1\" content=\"Scritto da\" \/>\n\t<meta name=\"twitter:data1\" content=\"Redaclem\" \/>\n\t<meta name=\"twitter:label2\" content=\"Tempo di lettura stimato\" \/>\n\t<meta name=\"twitter:data2\" content=\"6 minuti\" \/>\n<script type=\"application\/ld+json\" class=\"yoast-schema-graph\">{\"@context\":\"https:\\\/\\\/schema.org\",\"@graph\":[{\"@type\":\"Article\",\"@id\":\"https:\\\/\\\/www.article-marketing.eu\\\/comunicatistampa\\\/presentato-il-documentario-vita\\\/#article\",\"isPartOf\":{\"@id\":\"https:\\\/\\\/www.article-marketing.eu\\\/comunicatistampa\\\/presentato-il-documentario-vita\\\/\"},\"author\":{\"name\":\"Redaclem\",\"@id\":\"https:\\\/\\\/www.article-marketing.eu\\\/comunicatistampa\\\/#\\\/schema\\\/person\\\/c0aa725eee5df8460e0adf901fde0c88\"},\"headline\":\"Presentato il documentario \u201cVITA\u201d\",\"datePublished\":\"2021-10-28T07:54:03+00:00\",\"mainEntityOfPage\":{\"@id\":\"https:\\\/\\\/www.article-marketing.eu\\\/comunicatistampa\\\/presentato-il-documentario-vita\\\/\"},\"wordCount\":1203,\"commentCount\":0,\"keywords\":[\"#FondazioneIstitutiEducativiBergamo\",\"#GiorgiaColli\",\"#MatteoRaffaelli\",\"#Vita\"],\"articleSection\":[\"Arte e cultura\",\"Cinema\"],\"inLanguage\":\"it-IT\",\"potentialAction\":[{\"@type\":\"CommentAction\",\"name\":\"Comment\",\"target\":[\"https:\\\/\\\/www.article-marketing.eu\\\/comunicatistampa\\\/presentato-il-documentario-vita\\\/#respond\"]}]},{\"@type\":\"WebPage\",\"@id\":\"https:\\\/\\\/www.article-marketing.eu\\\/comunicatistampa\\\/presentato-il-documentario-vita\\\/\",\"url\":\"https:\\\/\\\/www.article-marketing.eu\\\/comunicatistampa\\\/presentato-il-documentario-vita\\\/\",\"name\":\"Presentato il documentario \u201cVITA\u201d - Article Marketing\",\"isPartOf\":{\"@id\":\"https:\\\/\\\/www.article-marketing.eu\\\/comunicatistampa\\\/#website\"},\"datePublished\":\"2021-10-28T07:54:03+00:00\",\"author\":{\"@id\":\"https:\\\/\\\/www.article-marketing.eu\\\/comunicatistampa\\\/#\\\/schema\\\/person\\\/c0aa725eee5df8460e0adf901fde0c88\"},\"breadcrumb\":{\"@id\":\"https:\\\/\\\/www.article-marketing.eu\\\/comunicatistampa\\\/presentato-il-documentario-vita\\\/#breadcrumb\"},\"inLanguage\":\"it-IT\",\"potentialAction\":[{\"@type\":\"ReadAction\",\"target\":[\"https:\\\/\\\/www.article-marketing.eu\\\/comunicatistampa\\\/presentato-il-documentario-vita\\\/\"]}]},{\"@type\":\"BreadcrumbList\",\"@id\":\"https:\\\/\\\/www.article-marketing.eu\\\/comunicatistampa\\\/presentato-il-documentario-vita\\\/#breadcrumb\",\"itemListElement\":[{\"@type\":\"ListItem\",\"position\":1,\"name\":\"Home\",\"item\":\"https:\\\/\\\/www.article-marketing.eu\\\/comunicatistampa\\\/\"},{\"@type\":\"ListItem\",\"position\":2,\"name\":\"Presentato il documentario \u201cVITA\u201d\"}]},{\"@type\":\"WebSite\",\"@id\":\"https:\\\/\\\/www.article-marketing.eu\\\/comunicatistampa\\\/#website\",\"url\":\"https:\\\/\\\/www.article-marketing.eu\\\/comunicatistampa\\\/\",\"name\":\"Article Marketing\",\"description\":\"article marketing &amp; press release\",\"potentialAction\":[{\"@type\":\"SearchAction\",\"target\":{\"@type\":\"EntryPoint\",\"urlTemplate\":\"https:\\\/\\\/www.article-marketing.eu\\\/comunicatistampa\\\/?s={search_term_string}\"},\"query-input\":{\"@type\":\"PropertyValueSpecification\",\"valueRequired\":true,\"valueName\":\"search_term_string\"}}],\"inLanguage\":\"it-IT\"},{\"@type\":\"Person\",\"@id\":\"https:\\\/\\\/www.article-marketing.eu\\\/comunicatistampa\\\/#\\\/schema\\\/person\\\/c0aa725eee5df8460e0adf901fde0c88\",\"name\":\"Redaclem\",\"image\":{\"@type\":\"ImageObject\",\"inLanguage\":\"it-IT\",\"@id\":\"https:\\\/\\\/secure.gravatar.com\\\/avatar\\\/4c7e41f332a0583344a91d7d39723533da9b2d0df7737c2d8c69553168c2191e?s=96&d=mm&r=g\",\"url\":\"https:\\\/\\\/secure.gravatar.com\\\/avatar\\\/4c7e41f332a0583344a91d7d39723533da9b2d0df7737c2d8c69553168c2191e?s=96&d=mm&r=g\",\"contentUrl\":\"https:\\\/\\\/secure.gravatar.com\\\/avatar\\\/4c7e41f332a0583344a91d7d39723533da9b2d0df7737c2d8c69553168c2191e?s=96&d=mm&r=g\",\"caption\":\"Redaclem\"},\"url\":\"https:\\\/\\\/www.article-marketing.eu\\\/comunicatistampa\\\/author\\\/redaclem\\\/\"}]}<\/script>\n<!-- \/ Yoast SEO plugin. -->","yoast_head_json":{"title":"Presentato il documentario \u201cVITA\u201d - Article Marketing","robots":{"index":"index","follow":"follow","max-snippet":"max-snippet:-1","max-image-preview":"max-image-preview:large","max-video-preview":"max-video-preview:-1"},"canonical":"https:\/\/www.article-marketing.eu\/comunicatistampa\/presentato-il-documentario-vita\/","og_locale":"it_IT","og_type":"article","og_title":"Presentato il documentario \u201cVITA\u201d - Article Marketing","og_description":"Un progetto di ricerca sociale e culturale volto a mantenere intatta la memoria storica Attimi di riflessione ed emozioni per un documentario che vuole salvare la memoria storica di una generazione, fortemente colpita dalla pandemia da Covid-19 Un documentario emozionante, ricco di voci e riflessioni che si prefigge un compito di grande valore: salvare la memoria storica di una generazione, quasi completamente scomparsa a causa di Covid-19. Questo \u00e8 ilContinue reading...","og_url":"https:\/\/www.article-marketing.eu\/comunicatistampa\/presentato-il-documentario-vita\/","og_site_name":"Article Marketing","article_published_time":"2021-10-28T07:54:03+00:00","author":"Redaclem","twitter_card":"summary_large_image","twitter_misc":{"Scritto da":"Redaclem","Tempo di lettura stimato":"6 minuti"},"schema":{"@context":"https:\/\/schema.org","@graph":[{"@type":"Article","@id":"https:\/\/www.article-marketing.eu\/comunicatistampa\/presentato-il-documentario-vita\/#article","isPartOf":{"@id":"https:\/\/www.article-marketing.eu\/comunicatistampa\/presentato-il-documentario-vita\/"},"author":{"name":"Redaclem","@id":"https:\/\/www.article-marketing.eu\/comunicatistampa\/#\/schema\/person\/c0aa725eee5df8460e0adf901fde0c88"},"headline":"Presentato il documentario \u201cVITA\u201d","datePublished":"2021-10-28T07:54:03+00:00","mainEntityOfPage":{"@id":"https:\/\/www.article-marketing.eu\/comunicatistampa\/presentato-il-documentario-vita\/"},"wordCount":1203,"commentCount":0,"keywords":["#FondazioneIstitutiEducativiBergamo","#GiorgiaColli","#MatteoRaffaelli","#Vita"],"articleSection":["Arte e cultura","Cinema"],"inLanguage":"it-IT","potentialAction":[{"@type":"CommentAction","name":"Comment","target":["https:\/\/www.article-marketing.eu\/comunicatistampa\/presentato-il-documentario-vita\/#respond"]}]},{"@type":"WebPage","@id":"https:\/\/www.article-marketing.eu\/comunicatistampa\/presentato-il-documentario-vita\/","url":"https:\/\/www.article-marketing.eu\/comunicatistampa\/presentato-il-documentario-vita\/","name":"Presentato il documentario \u201cVITA\u201d - Article Marketing","isPartOf":{"@id":"https:\/\/www.article-marketing.eu\/comunicatistampa\/#website"},"datePublished":"2021-10-28T07:54:03+00:00","author":{"@id":"https:\/\/www.article-marketing.eu\/comunicatistampa\/#\/schema\/person\/c0aa725eee5df8460e0adf901fde0c88"},"breadcrumb":{"@id":"https:\/\/www.article-marketing.eu\/comunicatistampa\/presentato-il-documentario-vita\/#breadcrumb"},"inLanguage":"it-IT","potentialAction":[{"@type":"ReadAction","target":["https:\/\/www.article-marketing.eu\/comunicatistampa\/presentato-il-documentario-vita\/"]}]},{"@type":"BreadcrumbList","@id":"https:\/\/www.article-marketing.eu\/comunicatistampa\/presentato-il-documentario-vita\/#breadcrumb","itemListElement":[{"@type":"ListItem","position":1,"name":"Home","item":"https:\/\/www.article-marketing.eu\/comunicatistampa\/"},{"@type":"ListItem","position":2,"name":"Presentato il documentario \u201cVITA\u201d"}]},{"@type":"WebSite","@id":"https:\/\/www.article-marketing.eu\/comunicatistampa\/#website","url":"https:\/\/www.article-marketing.eu\/comunicatistampa\/","name":"Article Marketing","description":"article marketing &amp; press release","potentialAction":[{"@type":"SearchAction","target":{"@type":"EntryPoint","urlTemplate":"https:\/\/www.article-marketing.eu\/comunicatistampa\/?s={search_term_string}"},"query-input":{"@type":"PropertyValueSpecification","valueRequired":true,"valueName":"search_term_string"}}],"inLanguage":"it-IT"},{"@type":"Person","@id":"https:\/\/www.article-marketing.eu\/comunicatistampa\/#\/schema\/person\/c0aa725eee5df8460e0adf901fde0c88","name":"Redaclem","image":{"@type":"ImageObject","inLanguage":"it-IT","@id":"https:\/\/secure.gravatar.com\/avatar\/4c7e41f332a0583344a91d7d39723533da9b2d0df7737c2d8c69553168c2191e?s=96&d=mm&r=g","url":"https:\/\/secure.gravatar.com\/avatar\/4c7e41f332a0583344a91d7d39723533da9b2d0df7737c2d8c69553168c2191e?s=96&d=mm&r=g","contentUrl":"https:\/\/secure.gravatar.com\/avatar\/4c7e41f332a0583344a91d7d39723533da9b2d0df7737c2d8c69553168c2191e?s=96&d=mm&r=g","caption":"Redaclem"},"url":"https:\/\/www.article-marketing.eu\/comunicatistampa\/author\/redaclem\/"}]}},"_links":{"self":[{"href":"https:\/\/www.article-marketing.eu\/comunicatistampa\/wp-json\/wp\/v2\/posts\/20399","targetHints":{"allow":["GET"]}}],"collection":[{"href":"https:\/\/www.article-marketing.eu\/comunicatistampa\/wp-json\/wp\/v2\/posts"}],"about":[{"href":"https:\/\/www.article-marketing.eu\/comunicatistampa\/wp-json\/wp\/v2\/types\/post"}],"author":[{"embeddable":true,"href":"https:\/\/www.article-marketing.eu\/comunicatistampa\/wp-json\/wp\/v2\/users\/1855"}],"replies":[{"embeddable":true,"href":"https:\/\/www.article-marketing.eu\/comunicatistampa\/wp-json\/wp\/v2\/comments?post=20399"}],"version-history":[{"count":2,"href":"https:\/\/www.article-marketing.eu\/comunicatistampa\/wp-json\/wp\/v2\/posts\/20399\/revisions"}],"predecessor-version":[{"id":20722,"href":"https:\/\/www.article-marketing.eu\/comunicatistampa\/wp-json\/wp\/v2\/posts\/20399\/revisions\/20722"}],"wp:attachment":[{"href":"https:\/\/www.article-marketing.eu\/comunicatistampa\/wp-json\/wp\/v2\/media?parent=20399"}],"wp:term":[{"taxonomy":"category","embeddable":true,"href":"https:\/\/www.article-marketing.eu\/comunicatistampa\/wp-json\/wp\/v2\/categories?post=20399"},{"taxonomy":"post_tag","embeddable":true,"href":"https:\/\/www.article-marketing.eu\/comunicatistampa\/wp-json\/wp\/v2\/tags?post=20399"}],"curies":[{"name":"wp","href":"https:\/\/api.w.org\/{rel}","templated":true}]}}