{"id":20404,"date":"2021-11-03T09:51:25","date_gmt":"2021-11-03T08:51:25","guid":{"rendered":"https:\/\/www.article-marketing.eu\/comunicatistampa\/?p=20404"},"modified":"2021-10-23T14:35:33","modified_gmt":"2021-10-23T12:35:33","slug":"bollette-in-sicilia-si-e-speso-il-24-in-meno-rispetto-alla-media-nazionale","status":"publish","type":"post","link":"https:\/\/www.article-marketing.eu\/comunicatistampa\/bollette-in-sicilia-si-e-speso-il-24-in-meno-rispetto-alla-media-nazionale\/","title":{"rendered":"Bollette: in Sicilia si \u00e8 speso il 2,4% in meno rispetto alla media nazionale"},"content":{"rendered":"<p><em>Le <strong>bollette luce e gas<\/strong> sono tra le spese che pi\u00f9 pesano sui budget delle famiglie italiane; lo scorso anno, complice la riduzione del costo delle materie prime, le tariffe sono diminuite ma, di contro, le tante ore trascorse in casa hanno <strong>fatto salire i consumi<\/strong>, soprattutto per l\u2019<strong>elettricit\u00e0<\/strong>. <\/em><\/p>\n<p><em>In <strong>Sicilia<\/strong>, secondo l\u2019analisi di <strong><a href=\"https:\/\/www.facile.it\/\">Facile.it<\/a><\/strong>, il bilancio \u00e8 in chiaroscuro: la <strong>bolletta elettrica<\/strong>, lo scorso anno, ha raggiunto i <strong>530 euro<\/strong>, vale a dire il <strong>7,9% in pi\u00f9 rispetto al 2019<\/strong> (a fronte di un aumento nazionale del 7,5%). \u00c8 andata meglio, invece, sul fronte del <strong>gas<\/strong>; i consumi, nonostante i lockdown, sono rimasti sostanzialmente stabili e i siciliani hanno cos\u00ec potuto beneficiare in pieno del calo delle tariffe spendendo, in media, <strong>680 <\/strong>euro. Il dato fa guadagnare alla regione il <strong>quarto posto<\/strong> nella graduatoria nazionale delle aree <strong>dove si spende di meno per il gas.<\/strong><\/em><\/p>\n<p><em>Complessivamente, quindi, tra luce e gas, nel 2020 le <strong>famiglie siciliane<\/strong> hanno messo a budget <strong>1.210 <\/strong>euro a famiglia, vale a dire<strong> il 2,4% in meno rispetto alla media nazionale. <\/strong>Il timore \u00e8 che per il <strong>2021 la cifra sia ben pi\u00f9 salata<\/strong>: le tariffe sono aumentate considerevolmente nella prima parte dell&#8217;anno, i consumi, se si pensa ad esempio allo smart working, per molte famiglie sono rimasti comunque elevati e i <strong>prezzi potrebbero lievitare ulteriormente nei prossimi mesi<\/strong>.<\/em><\/p>\n<p><em>\u00abIl primo ottobre le tariffe energetiche verranno aggiornate e il rischio di un maxi aumento<\/em><em> \u00e8 concreto se si considera che ormai da mesi stiamo assistendo ad una crescita importante del costo delle principali materie prime energetiche<\/em><em>\u00bb<\/em><em>, <\/em><em>spiega <strong>Mario Rasimelli<\/strong>, Managing Director Utilities di Facile.it<\/em><em>. <\/em><em>\u00ab<\/em><em>Per mettersi al riparo dalle variazioni, che scatteranno in automatico per chi \u00e8 tuttora nel mercato tutelato, il consiglio \u00e8 di valutare il passaggio al mercato libero approfittando delle offerte a prezzo fisso proposte dagli operatori.<\/em><em>\u00bb<\/em><em>.<\/em><\/p>\n<p><em>Con le tariffe attualmente in vigore, secondo le simulazioni<\/em><em>*<\/em><em> di Facile.it, a parit\u00e0 di consumi, guardando alla miglior tariffa del mercato libero, una famiglia potrebbe risparmiare fino al <strong>16%<\/strong> per la <strong>bolletta elettrica<\/strong> e fino al <\/em><strong>13%<\/strong> <em>per quella del <strong>gas.<\/strong><\/em><\/p>\n<p><strong>L\u2019andamento regionale della bolletta elettrica<\/strong><\/p>\n<p>Se si guarda ai dati su base regionale emergono significative differenze territoriali. Considerato che il <strong>prezzo dell\u2019energia <\/strong>sotto regime di tutela \u00e8 uguale in tutte le aree del Paese, la differenza del peso della bolletta \u00e8 legata unicamente ai consumi; pi\u00f9 energia si usa, maggiore sar\u00e0 il conto finale.<\/p>\n<p>Guardando alla graduatoria nazionale, al primo posto si posiziona la <strong>Sardegna<\/strong>; nell\u2019Isola il consumo medio a famiglia rilevato nel 2020 \u00e8 stato pari a 3.266 kWh che, sotto regime di tutela, corrisponde ad un costo totale di <strong>584 euro<\/strong>, vale a dire il <strong>15,6% in pi\u00f9 rispetto alla media nazionale<\/strong>. Consumi cos\u00ec alti si spiegano con l\u2019assenza di una fornitura gas nell\u2019Isola, situazione che spesso viene sopperita con l&#8217;uso di dispositivi elettrici, come stufette e scaldabagni, che hanno un grosso impatto sulla bolletta.<\/p>\n<p>Al secondo posto si posiziona il <strong>Veneto<\/strong>, dove il consumo medio rilevato \u00e8 pari a 3.027 kWh e la bolletta a <strong>542 euro<\/strong>.<\/p>\n<p>Le regioni dove invece i consumi di <strong>elettricit\u00e0 sono pi\u00f9 contenuti<\/strong>, e quindi le bollette pi\u00f9 leggere, sono la <strong>Valle d\u2019Aosta<\/strong>, dove nel 2020 le famiglie hanno speso, in media, <strong>399 euro<\/strong> a fronte di un consumo di 2.231 kWh e la <strong>Liguria<\/strong> (2.404 kWh e un costo annuo di 430 \u20ac).<\/p>\n<p><strong>L\u2019andamento regionale della bolletta gas<\/strong><\/p>\n<p><strong>Il prezzo del gas <\/strong>sotto regime tutelato, a differenza di quello dell\u2019energia, varia a seconda delle aree del Paese; il peso della bolletta, quindi, \u00e8 frutto sia dei consumi di ciascuna famiglia, sia delle tariffe previste dall\u2019area di residenza.<\/p>\n<p>Dall\u2019analisi dei contratti emerge che i cittadini che nel 2020 hanno pagato il conto pi\u00f9 alto sono quelli del <strong>Trentino-Alto Adige<\/strong>; qui una famiglia media ha speso <strong>935 euro l&#8217;anno<\/strong>. Seguono, parimerito, i residenti in <strong>Emilia-Romagna<\/strong> e <strong>Piemonte<\/strong> (931 euro).<\/p>\n<p>Guardando la graduatoria nel senso opposto, invece, si trovano la <strong>Campania<\/strong>, regione dove una famiglia media ha speso, nel 2020, \u201csolo\u201d <strong>631 euro<\/strong>, la <strong>Puglia<\/strong>, dove il costo della bolletta \u00e8 stato pari a 641 euro e il <strong>Lazio <\/strong>(678 euro).<\/p>\n<p><em>\u00a0<\/em><\/p>\n<p><em>*L\u2019analisi \u00e8 stata realizzata su un campione di oltre 150.000 contratti di fornitura raccolti nel 2020 e su un consumo medio nazionale pari a 2.825 kWh per l\u2019energia elettrica e 1.103 smc per la fornitura di gas (per la Sicilia: 2.963 kWh e 808 smc) prendendo in considerazione i prezzi offerti nel mercato tutelato. <\/em><\/p>\n<p><em>*La simulazione \u00e8 stata realizzata da Facile.it in data 14 settembre 2021 considerando la miglior tariffa disponibile sul comparatore per i seguenti consumi: 2.700 kWh potenza \u00a03 kW per l\u2019energia elettrica, 1.400 smc per il gas fascia Nord-Orientale.<\/em><\/p>\n","protected":false},"excerpt":{"rendered":"<p>Le bollette luce e gas sono tra le spese che pi\u00f9 pesano sui budget delle famiglie italiane; lo scorso anno, complice la riduzione del costo delle materie prime, le tariffe sono diminuite ma, di contro, le tante ore trascorse in casa hanno fatto salire i consumi, soprattutto per l\u2019elettricit\u00e0. In Sicilia, secondo l\u2019analisi di Facile.it, il bilancio \u00e8 in chiaroscuro: la bolletta elettrica, lo scorso anno, ha raggiunto i 530<\/p>\n<p><a class=\"continue-reading\" href=\"https:\/\/www.article-marketing.eu\/comunicatistampa\/bollette-in-sicilia-si-e-speso-il-24-in-meno-rispetto-alla-media-nazionale\/\">Continue reading&#8230;<\/a><\/p>\n","protected":false},"author":62,"featured_media":0,"comment_status":"open","ping_status":"open","sticky":false,"template":"","format":"standard","meta":{"_monsterinsights_skip_tracking":false,"_monsterinsights_sitenote_active":false,"_monsterinsights_sitenote_note":"","_monsterinsights_sitenote_category":0,"footnotes":""},"categories":[386],"tags":[8515,8605,8606,555,906],"class_list":["post-20404","post","type-post","status-publish","format-standard","hentry","category-economia-e-lavoro","tag-bollette-energetiche","tag-collette-luce-e-gas","tag-costo-bollette","tag-facile-it","tag-sicilia"],"yoast_head":"<!-- This site is optimized with the Yoast SEO plugin v27.3 - https:\/\/yoast.com\/product\/yoast-seo-wordpress\/ -->\n<title>Bollette: in Sicilia si \u00e8 speso il 2,4% in meno rispetto alla media nazionale<\/title>\n<meta name=\"robots\" content=\"index, follow, max-snippet:-1, max-image-preview:large, max-video-preview:-1\" \/>\n<link rel=\"canonical\" href=\"https:\/\/www.article-marketing.eu\/comunicatistampa\/bollette-in-sicilia-si-e-speso-il-24-in-meno-rispetto-alla-media-nazionale\/\" \/>\n<meta property=\"og:locale\" content=\"it_IT\" \/>\n<meta property=\"og:type\" content=\"article\" \/>\n<meta property=\"og:title\" content=\"Bollette: in Sicilia si \u00e8 speso il 2,4% in meno rispetto alla media nazionale\" \/>\n<meta property=\"og:description\" content=\"Le bollette luce e gas sono tra le spese che pi\u00f9 pesano sui budget delle famiglie italiane; lo scorso anno, complice la riduzione del costo delle materie prime, le tariffe sono diminuite ma, di contro, le tante ore trascorse in casa hanno fatto salire i consumi, soprattutto per l\u2019elettricit\u00e0. In Sicilia, secondo l\u2019analisi di Facile.it, il bilancio \u00e8 in chiaroscuro: la bolletta elettrica, lo scorso anno, ha raggiunto i 530Continue reading...\" \/>\n<meta property=\"og:url\" content=\"https:\/\/www.article-marketing.eu\/comunicatistampa\/bollette-in-sicilia-si-e-speso-il-24-in-meno-rispetto-alla-media-nazionale\/\" \/>\n<meta property=\"og:site_name\" content=\"Article Marketing\" \/>\n<meta property=\"article:published_time\" content=\"2021-11-03T08:51:25+00:00\" \/>\n<meta name=\"author\" content=\"Facile.it\" \/>\n<meta name=\"twitter:card\" content=\"summary_large_image\" \/>\n<meta name=\"twitter:label1\" content=\"Scritto da\" \/>\n\t<meta name=\"twitter:data1\" content=\"Facile.it\" \/>\n\t<meta name=\"twitter:label2\" content=\"Tempo di lettura stimato\" \/>\n\t<meta name=\"twitter:data2\" content=\"4 minuti\" \/>\n<script type=\"application\/ld+json\" class=\"yoast-schema-graph\">{\"@context\":\"https:\\\/\\\/schema.org\",\"@graph\":[{\"@type\":\"Article\",\"@id\":\"https:\\\/\\\/www.article-marketing.eu\\\/comunicatistampa\\\/bollette-in-sicilia-si-e-speso-il-24-in-meno-rispetto-alla-media-nazionale\\\/#article\",\"isPartOf\":{\"@id\":\"https:\\\/\\\/www.article-marketing.eu\\\/comunicatistampa\\\/bollette-in-sicilia-si-e-speso-il-24-in-meno-rispetto-alla-media-nazionale\\\/\"},\"author\":{\"name\":\"Facile.it\",\"@id\":\"https:\\\/\\\/www.article-marketing.eu\\\/comunicatistampa\\\/#\\\/schema\\\/person\\\/1deca6d9e0cf173abfe76a90ef261a2a\"},\"headline\":\"Bollette: in Sicilia si \u00e8 speso il 2,4% in meno rispetto alla media nazionale\",\"datePublished\":\"2021-11-03T08:51:25+00:00\",\"mainEntityOfPage\":{\"@id\":\"https:\\\/\\\/www.article-marketing.eu\\\/comunicatistampa\\\/bollette-in-sicilia-si-e-speso-il-24-in-meno-rispetto-alla-media-nazionale\\\/\"},\"wordCount\":751,\"commentCount\":0,\"keywords\":[\"bollette energetiche\",\"collette luce e gas\",\"costo bollette\",\"facile.it\",\"Sicilia\"],\"articleSection\":[\"Economia e lavoro\"],\"inLanguage\":\"it-IT\",\"potentialAction\":[{\"@type\":\"CommentAction\",\"name\":\"Comment\",\"target\":[\"https:\\\/\\\/www.article-marketing.eu\\\/comunicatistampa\\\/bollette-in-sicilia-si-e-speso-il-24-in-meno-rispetto-alla-media-nazionale\\\/#respond\"]}]},{\"@type\":\"WebPage\",\"@id\":\"https:\\\/\\\/www.article-marketing.eu\\\/comunicatistampa\\\/bollette-in-sicilia-si-e-speso-il-24-in-meno-rispetto-alla-media-nazionale\\\/\",\"url\":\"https:\\\/\\\/www.article-marketing.eu\\\/comunicatistampa\\\/bollette-in-sicilia-si-e-speso-il-24-in-meno-rispetto-alla-media-nazionale\\\/\",\"name\":\"Bollette: in Sicilia si \u00e8 speso il 2,4% in meno rispetto alla media nazionale\",\"isPartOf\":{\"@id\":\"https:\\\/\\\/www.article-marketing.eu\\\/comunicatistampa\\\/#website\"},\"datePublished\":\"2021-11-03T08:51:25+00:00\",\"author\":{\"@id\":\"https:\\\/\\\/www.article-marketing.eu\\\/comunicatistampa\\\/#\\\/schema\\\/person\\\/1deca6d9e0cf173abfe76a90ef261a2a\"},\"breadcrumb\":{\"@id\":\"https:\\\/\\\/www.article-marketing.eu\\\/comunicatistampa\\\/bollette-in-sicilia-si-e-speso-il-24-in-meno-rispetto-alla-media-nazionale\\\/#breadcrumb\"},\"inLanguage\":\"it-IT\",\"potentialAction\":[{\"@type\":\"ReadAction\",\"target\":[\"https:\\\/\\\/www.article-marketing.eu\\\/comunicatistampa\\\/bollette-in-sicilia-si-e-speso-il-24-in-meno-rispetto-alla-media-nazionale\\\/\"]}]},{\"@type\":\"BreadcrumbList\",\"@id\":\"https:\\\/\\\/www.article-marketing.eu\\\/comunicatistampa\\\/bollette-in-sicilia-si-e-speso-il-24-in-meno-rispetto-alla-media-nazionale\\\/#breadcrumb\",\"itemListElement\":[{\"@type\":\"ListItem\",\"position\":1,\"name\":\"Home\",\"item\":\"https:\\\/\\\/www.article-marketing.eu\\\/comunicatistampa\\\/\"},{\"@type\":\"ListItem\",\"position\":2,\"name\":\"Bollette: in Sicilia si \u00e8 speso il 2,4% in meno rispetto alla media nazionale\"}]},{\"@type\":\"WebSite\",\"@id\":\"https:\\\/\\\/www.article-marketing.eu\\\/comunicatistampa\\\/#website\",\"url\":\"https:\\\/\\\/www.article-marketing.eu\\\/comunicatistampa\\\/\",\"name\":\"Article Marketing\",\"description\":\"article marketing &amp; press release\",\"potentialAction\":[{\"@type\":\"SearchAction\",\"target\":{\"@type\":\"EntryPoint\",\"urlTemplate\":\"https:\\\/\\\/www.article-marketing.eu\\\/comunicatistampa\\\/?s={search_term_string}\"},\"query-input\":{\"@type\":\"PropertyValueSpecification\",\"valueRequired\":true,\"valueName\":\"search_term_string\"}}],\"inLanguage\":\"it-IT\"},{\"@type\":\"Person\",\"@id\":\"https:\\\/\\\/www.article-marketing.eu\\\/comunicatistampa\\\/#\\\/schema\\\/person\\\/1deca6d9e0cf173abfe76a90ef261a2a\",\"name\":\"Facile.it\",\"image\":{\"@type\":\"ImageObject\",\"inLanguage\":\"it-IT\",\"@id\":\"https:\\\/\\\/secure.gravatar.com\\\/avatar\\\/2623775dfcd174bde1a788a4bc028e9035747fa40886953f4954f56c45cf4b34?s=96&d=mm&r=g\",\"url\":\"https:\\\/\\\/secure.gravatar.com\\\/avatar\\\/2623775dfcd174bde1a788a4bc028e9035747fa40886953f4954f56c45cf4b34?s=96&d=mm&r=g\",\"contentUrl\":\"https:\\\/\\\/secure.gravatar.com\\\/avatar\\\/2623775dfcd174bde1a788a4bc028e9035747fa40886953f4954f56c45cf4b34?s=96&d=mm&r=g\",\"caption\":\"Facile.it\"},\"url\":\"https:\\\/\\\/www.article-marketing.eu\\\/comunicatistampa\\\/author\\\/facile-it\\\/\"}]}<\/script>\n<!-- \/ Yoast SEO plugin. -->","yoast_head_json":{"title":"Bollette: in Sicilia si \u00e8 speso il 2,4% in meno rispetto alla media nazionale","robots":{"index":"index","follow":"follow","max-snippet":"max-snippet:-1","max-image-preview":"max-image-preview:large","max-video-preview":"max-video-preview:-1"},"canonical":"https:\/\/www.article-marketing.eu\/comunicatistampa\/bollette-in-sicilia-si-e-speso-il-24-in-meno-rispetto-alla-media-nazionale\/","og_locale":"it_IT","og_type":"article","og_title":"Bollette: in Sicilia si \u00e8 speso il 2,4% in meno rispetto alla media nazionale","og_description":"Le bollette luce e gas sono tra le spese che pi\u00f9 pesano sui budget delle famiglie italiane; lo scorso anno, complice la riduzione del costo delle materie prime, le tariffe sono diminuite ma, di contro, le tante ore trascorse in casa hanno fatto salire i consumi, soprattutto per l\u2019elettricit\u00e0. In Sicilia, secondo l\u2019analisi di Facile.it, il bilancio \u00e8 in chiaroscuro: la bolletta elettrica, lo scorso anno, ha raggiunto i 530Continue reading...","og_url":"https:\/\/www.article-marketing.eu\/comunicatistampa\/bollette-in-sicilia-si-e-speso-il-24-in-meno-rispetto-alla-media-nazionale\/","og_site_name":"Article Marketing","article_published_time":"2021-11-03T08:51:25+00:00","author":"Facile.it","twitter_card":"summary_large_image","twitter_misc":{"Scritto da":"Facile.it","Tempo di lettura stimato":"4 minuti"},"schema":{"@context":"https:\/\/schema.org","@graph":[{"@type":"Article","@id":"https:\/\/www.article-marketing.eu\/comunicatistampa\/bollette-in-sicilia-si-e-speso-il-24-in-meno-rispetto-alla-media-nazionale\/#article","isPartOf":{"@id":"https:\/\/www.article-marketing.eu\/comunicatistampa\/bollette-in-sicilia-si-e-speso-il-24-in-meno-rispetto-alla-media-nazionale\/"},"author":{"name":"Facile.it","@id":"https:\/\/www.article-marketing.eu\/comunicatistampa\/#\/schema\/person\/1deca6d9e0cf173abfe76a90ef261a2a"},"headline":"Bollette: in Sicilia si \u00e8 speso il 2,4% in meno rispetto alla media nazionale","datePublished":"2021-11-03T08:51:25+00:00","mainEntityOfPage":{"@id":"https:\/\/www.article-marketing.eu\/comunicatistampa\/bollette-in-sicilia-si-e-speso-il-24-in-meno-rispetto-alla-media-nazionale\/"},"wordCount":751,"commentCount":0,"keywords":["bollette energetiche","collette luce e gas","costo bollette","facile.it","Sicilia"],"articleSection":["Economia e lavoro"],"inLanguage":"it-IT","potentialAction":[{"@type":"CommentAction","name":"Comment","target":["https:\/\/www.article-marketing.eu\/comunicatistampa\/bollette-in-sicilia-si-e-speso-il-24-in-meno-rispetto-alla-media-nazionale\/#respond"]}]},{"@type":"WebPage","@id":"https:\/\/www.article-marketing.eu\/comunicatistampa\/bollette-in-sicilia-si-e-speso-il-24-in-meno-rispetto-alla-media-nazionale\/","url":"https:\/\/www.article-marketing.eu\/comunicatistampa\/bollette-in-sicilia-si-e-speso-il-24-in-meno-rispetto-alla-media-nazionale\/","name":"Bollette: in Sicilia si \u00e8 speso il 2,4% in meno rispetto alla media nazionale","isPartOf":{"@id":"https:\/\/www.article-marketing.eu\/comunicatistampa\/#website"},"datePublished":"2021-11-03T08:51:25+00:00","author":{"@id":"https:\/\/www.article-marketing.eu\/comunicatistampa\/#\/schema\/person\/1deca6d9e0cf173abfe76a90ef261a2a"},"breadcrumb":{"@id":"https:\/\/www.article-marketing.eu\/comunicatistampa\/bollette-in-sicilia-si-e-speso-il-24-in-meno-rispetto-alla-media-nazionale\/#breadcrumb"},"inLanguage":"it-IT","potentialAction":[{"@type":"ReadAction","target":["https:\/\/www.article-marketing.eu\/comunicatistampa\/bollette-in-sicilia-si-e-speso-il-24-in-meno-rispetto-alla-media-nazionale\/"]}]},{"@type":"BreadcrumbList","@id":"https:\/\/www.article-marketing.eu\/comunicatistampa\/bollette-in-sicilia-si-e-speso-il-24-in-meno-rispetto-alla-media-nazionale\/#breadcrumb","itemListElement":[{"@type":"ListItem","position":1,"name":"Home","item":"https:\/\/www.article-marketing.eu\/comunicatistampa\/"},{"@type":"ListItem","position":2,"name":"Bollette: in Sicilia si \u00e8 speso il 2,4% in meno rispetto alla media nazionale"}]},{"@type":"WebSite","@id":"https:\/\/www.article-marketing.eu\/comunicatistampa\/#website","url":"https:\/\/www.article-marketing.eu\/comunicatistampa\/","name":"Article Marketing","description":"article marketing &amp; press release","potentialAction":[{"@type":"SearchAction","target":{"@type":"EntryPoint","urlTemplate":"https:\/\/www.article-marketing.eu\/comunicatistampa\/?s={search_term_string}"},"query-input":{"@type":"PropertyValueSpecification","valueRequired":true,"valueName":"search_term_string"}}],"inLanguage":"it-IT"},{"@type":"Person","@id":"https:\/\/www.article-marketing.eu\/comunicatistampa\/#\/schema\/person\/1deca6d9e0cf173abfe76a90ef261a2a","name":"Facile.it","image":{"@type":"ImageObject","inLanguage":"it-IT","@id":"https:\/\/secure.gravatar.com\/avatar\/2623775dfcd174bde1a788a4bc028e9035747fa40886953f4954f56c45cf4b34?s=96&d=mm&r=g","url":"https:\/\/secure.gravatar.com\/avatar\/2623775dfcd174bde1a788a4bc028e9035747fa40886953f4954f56c45cf4b34?s=96&d=mm&r=g","contentUrl":"https:\/\/secure.gravatar.com\/avatar\/2623775dfcd174bde1a788a4bc028e9035747fa40886953f4954f56c45cf4b34?s=96&d=mm&r=g","caption":"Facile.it"},"url":"https:\/\/www.article-marketing.eu\/comunicatistampa\/author\/facile-it\/"}]}},"_links":{"self":[{"href":"https:\/\/www.article-marketing.eu\/comunicatistampa\/wp-json\/wp\/v2\/posts\/20404","targetHints":{"allow":["GET"]}}],"collection":[{"href":"https:\/\/www.article-marketing.eu\/comunicatistampa\/wp-json\/wp\/v2\/posts"}],"about":[{"href":"https:\/\/www.article-marketing.eu\/comunicatistampa\/wp-json\/wp\/v2\/types\/post"}],"author":[{"embeddable":true,"href":"https:\/\/www.article-marketing.eu\/comunicatistampa\/wp-json\/wp\/v2\/users\/62"}],"replies":[{"embeddable":true,"href":"https:\/\/www.article-marketing.eu\/comunicatistampa\/wp-json\/wp\/v2\/comments?post=20404"}],"version-history":[{"count":2,"href":"https:\/\/www.article-marketing.eu\/comunicatistampa\/wp-json\/wp\/v2\/posts\/20404\/revisions"}],"predecessor-version":[{"id":20715,"href":"https:\/\/www.article-marketing.eu\/comunicatistampa\/wp-json\/wp\/v2\/posts\/20404\/revisions\/20715"}],"wp:attachment":[{"href":"https:\/\/www.article-marketing.eu\/comunicatistampa\/wp-json\/wp\/v2\/media?parent=20404"}],"wp:term":[{"taxonomy":"category","embeddable":true,"href":"https:\/\/www.article-marketing.eu\/comunicatistampa\/wp-json\/wp\/v2\/categories?post=20404"},{"taxonomy":"post_tag","embeddable":true,"href":"https:\/\/www.article-marketing.eu\/comunicatistampa\/wp-json\/wp\/v2\/tags?post=20404"}],"curies":[{"name":"wp","href":"https:\/\/api.w.org\/{rel}","templated":true}]}}