{"id":20431,"date":"2021-10-26T14:20:10","date_gmt":"2021-10-26T12:20:10","guid":{"rendered":"https:\/\/www.article-marketing.eu\/comunicatistampa\/?p=20431"},"modified":"2021-10-16T20:21:54","modified_gmt":"2021-10-16T18:21:54","slug":"bergamo-universita-e-commercialisti-piu-vicini-a-favore-degli-studenti","status":"publish","type":"post","link":"https:\/\/www.article-marketing.eu\/comunicatistampa\/bergamo-universita-e-commercialisti-piu-vicini-a-favore-degli-studenti\/","title":{"rendered":"Bergamo: Universit\u00e0 e Commercialisti pi\u00f9 vicini a favore degli studenti"},"content":{"rendered":"<p>Ordine dei Commercialisti e Universit\u00e0 insieme per formare i professionisti di domani. A Bergamo, un accordo tra le due realt\u00e0 consente di agevolare il percorso per l&#8217;accesso all&#8217;esercizio della professione di dottore commercialista ed esperto contabile, permettendo agli studenti di svolgere il tirocinio professionale gi\u00e0 durante gli studi ed esonerandoli dalle prime prove dell&#8217;esame di stato.<\/p>\n<p>&nbsp;<\/p>\n<p>A presentare agli studenti questa opportunit\u00e0, marted\u00ec 28 settembre alle 18:00 in Aula Magna, il Magnifico Rettore dell\u2019Universit\u00e0 degli studi di Bergamo prof.\u00a0<strong>Remo Morzenti Pellegrini<\/strong>\u00a0e la Presidente dell\u2019Ordine dei Dottori Commercialisti e degli Esperti Contabili,\u00a0<strong>Simona Bonomelli<\/strong>.\u00a0 Presenti anche la prof.\u00a0<strong>Giovanna Zanotti<\/strong>, Direttrice Dipartimento Scienze Aziendali, la prof.\u00a0<strong>Stefania Servalli<\/strong>, Presidente Corso Economia Aziendale, Direzione amministrativa e Professione.<\/p>\n<p>Una convenzione dedicata agli studenti del Corso di Laurea triennale in Economia Aziendale (L-18) e del Corso di Laurea magistrale in Economia Aziendale, Direzione Amministrativa E Professione (LM-77) che hanno la possibilit\u00e0 di svolgere il tirocinio professionale durante l&#8217;ultimo anno del corso di studi, di beneficiare dell\u2019esenzione da una delle prove scritte dell\u2019esame di Stato per l\u2019esercizio della professione di Dottore Commercialista e di Esperto Contabile e di seguire percorsi formativi espressamente finalizzati all\u2019accesso della professione di dottore commercialista e di esperto contabile.<\/p>\n<p>\u201c<em>La collaborazione con gli Ordini professionali apre opportunit\u00e0 uniche per i professionisti di domani a favore dell\u2019economia e dell\u2019impresa. L\u2019accordo specifico suggella un\u00a0legame consolidato nel tempo che vede le due istituzioni interagire oltre che per la definizione di percorsi formativi per chi desidera esercitare la libera professione, anche su temi\u00a0legati alle sfide delle imprese del terzo millennio<\/em>\u201d sottolinea\u00a0il Rettore dell\u2019Universit\u00e0, prof.\u00a0<strong>Remo Morzenti Pellegrini<\/strong>.<\/p>\n<p>&nbsp;<\/p>\n<p>Aggiunge\u00a0<strong>Simona Bonomelli<\/strong>, Presidente dell\u2019Ordine dei Dottori Commercialisti e degli Esperti Contabili di Bergamo<em>: \u201cSono certa che la convenzione con la nostra illustre Universit\u00e0 permette di coniugare in modo ancora pi\u00f9 proficuo le competenze richieste dalle professioni di Dottore Commercialista e di Esperto Contabile ai percorsi di studio specialistici. L\u2019attuale congiuntura socio-economico richiede, infatti, quotidianamente un profondo e costante impegno e una preparazione specifica e poliedrica, con uno sguardo sempre pi\u00f9 attento al contesto che ci circonda; conseguentemente, \u00e8 evidente che non si possa prescindere da una formazione rigorosa, basata su un tessuto normativo, economico, scientifico e culturale, che si deve fondare su un rapporto sempre pi\u00f9 stretto e interconnesso tra le istituzioni\u201d.<\/em><\/p>\n","protected":false},"excerpt":{"rendered":"<p>Ordine dei Commercialisti e Universit\u00e0 insieme per formare i professionisti di domani. A Bergamo, un accordo tra le due realt\u00e0 consente di agevolare il percorso per l&#8217;accesso all&#8217;esercizio della professione di dottore commercialista ed esperto contabile, permettendo agli studenti di svolgere il tirocinio professionale gi\u00e0 durante gli studi ed esonerandoli dalle prime prove dell&#8217;esame di stato. &nbsp; A presentare agli studenti questa opportunit\u00e0, marted\u00ec 28 settembre alle 18:00 in Aula<\/p>\n<p><a class=\"continue-reading\" href=\"https:\/\/www.article-marketing.eu\/comunicatistampa\/bergamo-universita-e-commercialisti-piu-vicini-a-favore-degli-studenti\/\">Continue reading&#8230;<\/a><\/p>\n","protected":false},"author":1855,"featured_media":0,"comment_status":"open","ping_status":"open","sticky":false,"template":"","format":"standard","meta":{"_monsterinsights_skip_tracking":false,"_monsterinsights_sitenote_active":false,"_monsterinsights_sitenote_note":"","_monsterinsights_sitenote_category":0,"footnotes":""},"categories":[378],"tags":[6332,4603],"class_list":["post-20431","post","type-post","status-publish","format-standard","hentry","category-istruzione","tag-odcec","tag-unibg"],"yoast_head":"<!-- This site is optimized with the Yoast SEO plugin v27.3 - https:\/\/yoast.com\/product\/yoast-seo-wordpress\/ -->\n<title>Bergamo: Universit\u00e0 e Commercialisti pi\u00f9 vicini a favore degli studenti<\/title>\n<meta name=\"robots\" content=\"index, follow, max-snippet:-1, max-image-preview:large, max-video-preview:-1\" \/>\n<link rel=\"canonical\" href=\"https:\/\/www.article-marketing.eu\/comunicatistampa\/bergamo-universita-e-commercialisti-piu-vicini-a-favore-degli-studenti\/\" \/>\n<meta property=\"og:locale\" content=\"it_IT\" \/>\n<meta property=\"og:type\" content=\"article\" \/>\n<meta property=\"og:title\" content=\"Bergamo: Universit\u00e0 e Commercialisti pi\u00f9 vicini a favore degli studenti\" \/>\n<meta property=\"og:description\" content=\"Ordine dei Commercialisti e Universit\u00e0 insieme per formare i professionisti di domani. A Bergamo, un accordo tra le due realt\u00e0 consente di agevolare il percorso per l&#8217;accesso all&#8217;esercizio della professione di dottore commercialista ed esperto contabile, permettendo agli studenti di svolgere il tirocinio professionale gi\u00e0 durante gli studi ed esonerandoli dalle prime prove dell&#8217;esame di stato. &nbsp; A presentare agli studenti questa opportunit\u00e0, marted\u00ec 28 settembre alle 18:00 in AulaContinue reading...\" \/>\n<meta property=\"og:url\" content=\"https:\/\/www.article-marketing.eu\/comunicatistampa\/bergamo-universita-e-commercialisti-piu-vicini-a-favore-degli-studenti\/\" \/>\n<meta property=\"og:site_name\" content=\"Article Marketing\" \/>\n<meta property=\"article:published_time\" content=\"2021-10-26T12:20:10+00:00\" \/>\n<meta name=\"author\" content=\"Redaclem\" \/>\n<meta name=\"twitter:card\" content=\"summary_large_image\" \/>\n<meta name=\"twitter:label1\" content=\"Scritto da\" \/>\n\t<meta name=\"twitter:data1\" content=\"Redaclem\" \/>\n\t<meta name=\"twitter:label2\" content=\"Tempo di lettura stimato\" \/>\n\t<meta name=\"twitter:data2\" content=\"2 minuti\" \/>\n<script type=\"application\/ld+json\" class=\"yoast-schema-graph\">{\"@context\":\"https:\\\/\\\/schema.org\",\"@graph\":[{\"@type\":\"Article\",\"@id\":\"https:\\\/\\\/www.article-marketing.eu\\\/comunicatistampa\\\/bergamo-universita-e-commercialisti-piu-vicini-a-favore-degli-studenti\\\/#article\",\"isPartOf\":{\"@id\":\"https:\\\/\\\/www.article-marketing.eu\\\/comunicatistampa\\\/bergamo-universita-e-commercialisti-piu-vicini-a-favore-degli-studenti\\\/\"},\"author\":{\"name\":\"Redaclem\",\"@id\":\"https:\\\/\\\/www.article-marketing.eu\\\/comunicatistampa\\\/#\\\/schema\\\/person\\\/c0aa725eee5df8460e0adf901fde0c88\"},\"headline\":\"Bergamo: Universit\u00e0 e Commercialisti pi\u00f9 vicini a favore degli studenti\",\"datePublished\":\"2021-10-26T12:20:10+00:00\",\"mainEntityOfPage\":{\"@id\":\"https:\\\/\\\/www.article-marketing.eu\\\/comunicatistampa\\\/bergamo-universita-e-commercialisti-piu-vicini-a-favore-degli-studenti\\\/\"},\"wordCount\":401,\"commentCount\":0,\"keywords\":[\"#odcec\",\"#unibg\"],\"articleSection\":[\"Istruzione\"],\"inLanguage\":\"it-IT\",\"potentialAction\":[{\"@type\":\"CommentAction\",\"name\":\"Comment\",\"target\":[\"https:\\\/\\\/www.article-marketing.eu\\\/comunicatistampa\\\/bergamo-universita-e-commercialisti-piu-vicini-a-favore-degli-studenti\\\/#respond\"]}]},{\"@type\":\"WebPage\",\"@id\":\"https:\\\/\\\/www.article-marketing.eu\\\/comunicatistampa\\\/bergamo-universita-e-commercialisti-piu-vicini-a-favore-degli-studenti\\\/\",\"url\":\"https:\\\/\\\/www.article-marketing.eu\\\/comunicatistampa\\\/bergamo-universita-e-commercialisti-piu-vicini-a-favore-degli-studenti\\\/\",\"name\":\"Bergamo: Universit\u00e0 e Commercialisti pi\u00f9 vicini a favore degli studenti\",\"isPartOf\":{\"@id\":\"https:\\\/\\\/www.article-marketing.eu\\\/comunicatistampa\\\/#website\"},\"datePublished\":\"2021-10-26T12:20:10+00:00\",\"author\":{\"@id\":\"https:\\\/\\\/www.article-marketing.eu\\\/comunicatistampa\\\/#\\\/schema\\\/person\\\/c0aa725eee5df8460e0adf901fde0c88\"},\"breadcrumb\":{\"@id\":\"https:\\\/\\\/www.article-marketing.eu\\\/comunicatistampa\\\/bergamo-universita-e-commercialisti-piu-vicini-a-favore-degli-studenti\\\/#breadcrumb\"},\"inLanguage\":\"it-IT\",\"potentialAction\":[{\"@type\":\"ReadAction\",\"target\":[\"https:\\\/\\\/www.article-marketing.eu\\\/comunicatistampa\\\/bergamo-universita-e-commercialisti-piu-vicini-a-favore-degli-studenti\\\/\"]}]},{\"@type\":\"BreadcrumbList\",\"@id\":\"https:\\\/\\\/www.article-marketing.eu\\\/comunicatistampa\\\/bergamo-universita-e-commercialisti-piu-vicini-a-favore-degli-studenti\\\/#breadcrumb\",\"itemListElement\":[{\"@type\":\"ListItem\",\"position\":1,\"name\":\"Home\",\"item\":\"https:\\\/\\\/www.article-marketing.eu\\\/comunicatistampa\\\/\"},{\"@type\":\"ListItem\",\"position\":2,\"name\":\"Bergamo: Universit\u00e0 e Commercialisti pi\u00f9 vicini a favore degli studenti\"}]},{\"@type\":\"WebSite\",\"@id\":\"https:\\\/\\\/www.article-marketing.eu\\\/comunicatistampa\\\/#website\",\"url\":\"https:\\\/\\\/www.article-marketing.eu\\\/comunicatistampa\\\/\",\"name\":\"Article Marketing\",\"description\":\"article marketing &amp; press release\",\"potentialAction\":[{\"@type\":\"SearchAction\",\"target\":{\"@type\":\"EntryPoint\",\"urlTemplate\":\"https:\\\/\\\/www.article-marketing.eu\\\/comunicatistampa\\\/?s={search_term_string}\"},\"query-input\":{\"@type\":\"PropertyValueSpecification\",\"valueRequired\":true,\"valueName\":\"search_term_string\"}}],\"inLanguage\":\"it-IT\"},{\"@type\":\"Person\",\"@id\":\"https:\\\/\\\/www.article-marketing.eu\\\/comunicatistampa\\\/#\\\/schema\\\/person\\\/c0aa725eee5df8460e0adf901fde0c88\",\"name\":\"Redaclem\",\"image\":{\"@type\":\"ImageObject\",\"inLanguage\":\"it-IT\",\"@id\":\"https:\\\/\\\/secure.gravatar.com\\\/avatar\\\/4c7e41f332a0583344a91d7d39723533da9b2d0df7737c2d8c69553168c2191e?s=96&d=mm&r=g\",\"url\":\"https:\\\/\\\/secure.gravatar.com\\\/avatar\\\/4c7e41f332a0583344a91d7d39723533da9b2d0df7737c2d8c69553168c2191e?s=96&d=mm&r=g\",\"contentUrl\":\"https:\\\/\\\/secure.gravatar.com\\\/avatar\\\/4c7e41f332a0583344a91d7d39723533da9b2d0df7737c2d8c69553168c2191e?s=96&d=mm&r=g\",\"caption\":\"Redaclem\"},\"url\":\"https:\\\/\\\/www.article-marketing.eu\\\/comunicatistampa\\\/author\\\/redaclem\\\/\"}]}<\/script>\n<!-- \/ Yoast SEO plugin. -->","yoast_head_json":{"title":"Bergamo: Universit\u00e0 e Commercialisti pi\u00f9 vicini a favore degli studenti","robots":{"index":"index","follow":"follow","max-snippet":"max-snippet:-1","max-image-preview":"max-image-preview:large","max-video-preview":"max-video-preview:-1"},"canonical":"https:\/\/www.article-marketing.eu\/comunicatistampa\/bergamo-universita-e-commercialisti-piu-vicini-a-favore-degli-studenti\/","og_locale":"it_IT","og_type":"article","og_title":"Bergamo: Universit\u00e0 e Commercialisti pi\u00f9 vicini a favore degli studenti","og_description":"Ordine dei Commercialisti e Universit\u00e0 insieme per formare i professionisti di domani. A Bergamo, un accordo tra le due realt\u00e0 consente di agevolare il percorso per l&#8217;accesso all&#8217;esercizio della professione di dottore commercialista ed esperto contabile, permettendo agli studenti di svolgere il tirocinio professionale gi\u00e0 durante gli studi ed esonerandoli dalle prime prove dell&#8217;esame di stato. &nbsp; A presentare agli studenti questa opportunit\u00e0, marted\u00ec 28 settembre alle 18:00 in AulaContinue reading...","og_url":"https:\/\/www.article-marketing.eu\/comunicatistampa\/bergamo-universita-e-commercialisti-piu-vicini-a-favore-degli-studenti\/","og_site_name":"Article Marketing","article_published_time":"2021-10-26T12:20:10+00:00","author":"Redaclem","twitter_card":"summary_large_image","twitter_misc":{"Scritto da":"Redaclem","Tempo di lettura stimato":"2 minuti"},"schema":{"@context":"https:\/\/schema.org","@graph":[{"@type":"Article","@id":"https:\/\/www.article-marketing.eu\/comunicatistampa\/bergamo-universita-e-commercialisti-piu-vicini-a-favore-degli-studenti\/#article","isPartOf":{"@id":"https:\/\/www.article-marketing.eu\/comunicatistampa\/bergamo-universita-e-commercialisti-piu-vicini-a-favore-degli-studenti\/"},"author":{"name":"Redaclem","@id":"https:\/\/www.article-marketing.eu\/comunicatistampa\/#\/schema\/person\/c0aa725eee5df8460e0adf901fde0c88"},"headline":"Bergamo: Universit\u00e0 e Commercialisti pi\u00f9 vicini a favore degli studenti","datePublished":"2021-10-26T12:20:10+00:00","mainEntityOfPage":{"@id":"https:\/\/www.article-marketing.eu\/comunicatistampa\/bergamo-universita-e-commercialisti-piu-vicini-a-favore-degli-studenti\/"},"wordCount":401,"commentCount":0,"keywords":["#odcec","#unibg"],"articleSection":["Istruzione"],"inLanguage":"it-IT","potentialAction":[{"@type":"CommentAction","name":"Comment","target":["https:\/\/www.article-marketing.eu\/comunicatistampa\/bergamo-universita-e-commercialisti-piu-vicini-a-favore-degli-studenti\/#respond"]}]},{"@type":"WebPage","@id":"https:\/\/www.article-marketing.eu\/comunicatistampa\/bergamo-universita-e-commercialisti-piu-vicini-a-favore-degli-studenti\/","url":"https:\/\/www.article-marketing.eu\/comunicatistampa\/bergamo-universita-e-commercialisti-piu-vicini-a-favore-degli-studenti\/","name":"Bergamo: Universit\u00e0 e Commercialisti pi\u00f9 vicini a favore degli studenti","isPartOf":{"@id":"https:\/\/www.article-marketing.eu\/comunicatistampa\/#website"},"datePublished":"2021-10-26T12:20:10+00:00","author":{"@id":"https:\/\/www.article-marketing.eu\/comunicatistampa\/#\/schema\/person\/c0aa725eee5df8460e0adf901fde0c88"},"breadcrumb":{"@id":"https:\/\/www.article-marketing.eu\/comunicatistampa\/bergamo-universita-e-commercialisti-piu-vicini-a-favore-degli-studenti\/#breadcrumb"},"inLanguage":"it-IT","potentialAction":[{"@type":"ReadAction","target":["https:\/\/www.article-marketing.eu\/comunicatistampa\/bergamo-universita-e-commercialisti-piu-vicini-a-favore-degli-studenti\/"]}]},{"@type":"BreadcrumbList","@id":"https:\/\/www.article-marketing.eu\/comunicatistampa\/bergamo-universita-e-commercialisti-piu-vicini-a-favore-degli-studenti\/#breadcrumb","itemListElement":[{"@type":"ListItem","position":1,"name":"Home","item":"https:\/\/www.article-marketing.eu\/comunicatistampa\/"},{"@type":"ListItem","position":2,"name":"Bergamo: Universit\u00e0 e Commercialisti pi\u00f9 vicini a favore degli studenti"}]},{"@type":"WebSite","@id":"https:\/\/www.article-marketing.eu\/comunicatistampa\/#website","url":"https:\/\/www.article-marketing.eu\/comunicatistampa\/","name":"Article Marketing","description":"article marketing &amp; press release","potentialAction":[{"@type":"SearchAction","target":{"@type":"EntryPoint","urlTemplate":"https:\/\/www.article-marketing.eu\/comunicatistampa\/?s={search_term_string}"},"query-input":{"@type":"PropertyValueSpecification","valueRequired":true,"valueName":"search_term_string"}}],"inLanguage":"it-IT"},{"@type":"Person","@id":"https:\/\/www.article-marketing.eu\/comunicatistampa\/#\/schema\/person\/c0aa725eee5df8460e0adf901fde0c88","name":"Redaclem","image":{"@type":"ImageObject","inLanguage":"it-IT","@id":"https:\/\/secure.gravatar.com\/avatar\/4c7e41f332a0583344a91d7d39723533da9b2d0df7737c2d8c69553168c2191e?s=96&d=mm&r=g","url":"https:\/\/secure.gravatar.com\/avatar\/4c7e41f332a0583344a91d7d39723533da9b2d0df7737c2d8c69553168c2191e?s=96&d=mm&r=g","contentUrl":"https:\/\/secure.gravatar.com\/avatar\/4c7e41f332a0583344a91d7d39723533da9b2d0df7737c2d8c69553168c2191e?s=96&d=mm&r=g","caption":"Redaclem"},"url":"https:\/\/www.article-marketing.eu\/comunicatistampa\/author\/redaclem\/"}]}},"_links":{"self":[{"href":"https:\/\/www.article-marketing.eu\/comunicatistampa\/wp-json\/wp\/v2\/posts\/20431","targetHints":{"allow":["GET"]}}],"collection":[{"href":"https:\/\/www.article-marketing.eu\/comunicatistampa\/wp-json\/wp\/v2\/posts"}],"about":[{"href":"https:\/\/www.article-marketing.eu\/comunicatistampa\/wp-json\/wp\/v2\/types\/post"}],"author":[{"embeddable":true,"href":"https:\/\/www.article-marketing.eu\/comunicatistampa\/wp-json\/wp\/v2\/users\/1855"}],"replies":[{"embeddable":true,"href":"https:\/\/www.article-marketing.eu\/comunicatistampa\/wp-json\/wp\/v2\/comments?post=20431"}],"version-history":[{"count":2,"href":"https:\/\/www.article-marketing.eu\/comunicatistampa\/wp-json\/wp\/v2\/posts\/20431\/revisions"}],"predecessor-version":[{"id":20683,"href":"https:\/\/www.article-marketing.eu\/comunicatistampa\/wp-json\/wp\/v2\/posts\/20431\/revisions\/20683"}],"wp:attachment":[{"href":"https:\/\/www.article-marketing.eu\/comunicatistampa\/wp-json\/wp\/v2\/media?parent=20431"}],"wp:term":[{"taxonomy":"category","embeddable":true,"href":"https:\/\/www.article-marketing.eu\/comunicatistampa\/wp-json\/wp\/v2\/categories?post=20431"},{"taxonomy":"post_tag","embeddable":true,"href":"https:\/\/www.article-marketing.eu\/comunicatistampa\/wp-json\/wp\/v2\/tags?post=20431"}],"curies":[{"name":"wp","href":"https:\/\/api.w.org\/{rel}","templated":true}]}}