{"id":20474,"date":"2021-10-13T18:50:53","date_gmt":"2021-10-13T16:50:53","guid":{"rendered":"https:\/\/www.article-marketing.eu\/comunicatistampa\/?p=20474"},"modified":"2021-10-13T18:50:53","modified_gmt":"2021-10-13T16:50:53","slug":"la-liberta-e-il-nuovo-singolo-di-giuseppe-binetti-%e2%80%a8","status":"publish","type":"post","link":"https:\/\/www.article-marketing.eu\/comunicatistampa\/la-liberta-e-il-nuovo-singolo-di-giuseppe-binetti-%e2%80%a8\/","title":{"rendered":"La Libert\u00e0 \u00e8 il nuovo singolo di Giuseppe Binetti \u2028"},"content":{"rendered":"<p style=\"text-align: center;\">il brano che da il nome anche al suo ultimo EP , Fuori dal 4 ottobre<\/p>\n<p><img loading=\"lazy\" decoding=\"async\" class=\"aligncenter\" src=\"https:\/\/www.joyfreepress.com\/wp-content\/uploads\/2021\/10\/Cover-Binetti-.jpg\" width=\"456\" height=\"456\" \/><\/p>\n<p>La libert\u00e0 \u00e8 l\u2019ebbrezza che si prova dopo essere stati segregati in casa per circa due anni; \u00e8 la sensazione di vita che scorre veloce; \u00e8 catturare un\u2019idea al momento giusto strappandola all\u2019oblio; \u00e8 un testo ed una musicalit\u00e0 inchiodati al pentagramma. Nasce cos\u00ec \u2018La libert\u00e0\u2019&#8230; da una bella collaborazione consacrata da una grande amicizia senza scadenza che ha resistito anche al periodo buio del COVID e anzi ne ha saputo trarre profitto.<\/p>\n<p>Con il gran lavoro svolto dalla Jam Band Italia nasce un progetto, durante i mesi di lockdown (per sostenere tutti i cantanti), tra il cantautore Giuseppe Binetti e il chitarrista Max Anselmi, il suo batterista Leonardo Micio che ha ideato il brano nella strutta musicale, dei Doppio Senso Tribute Vasco che vantano collaborazioni con i musicisti di Vasco. Presente anche il frontman Salvatore Luce dei Vascolici, altra cover band di Bari, voluto da Giuseppe. Registrazioni affidate a Germano Barlattani Basso, Vincenzo Rucci Guitar. Max Barracane, storico arrangiatore del cantautore, completa l\u2019opera con il mix e master del brano. Il cantautore di Bari vivendo a Milano ha voluto unire tutta l\u2019Italia. Difatti, \u201c La libert\u00e0\u201d nasce dal grande desiderio di esternare l\u2019urlo disperato di chi costretto a rimanere rinchiuso in casa. Due difficili anni di restrizioni, la voglia di tornare a vivere come prima, riempire le piazze o i locali cantando tutti insieme: \u201cla libert\u00e0 \u00e8 come un volo che ti porta in mezzo al cielo!\u201d.<\/p>\n<p>Un ringraziamento speciale va agli Outergate e al frontman Roberto Biava per le riprese nel loro studio.<\/p>\n<p><a href=\"https:\/\/www.youtube.com\/user\/GiuseppeBinetti\">https:\/\/www.youtube.com\/user\/GiuseppeBinetti<\/a><br \/>\nhttps:\/\/www.rockit.it\/thewrath<br \/>\nhttps:\/\/www.facebook.com\/Slash-Dog-Studio-produzioni-musicali-103017854734019\/<\/p>\n","protected":false},"excerpt":{"rendered":"<p>il brano che da il nome anche al suo ultimo EP , Fuori dal 4 ottobre La libert\u00e0 \u00e8 l\u2019ebbrezza che si prova dopo essere stati segregati in casa per circa due anni; \u00e8 la sensazione di vita che scorre veloce; \u00e8 catturare un\u2019idea al momento giusto strappandola all\u2019oblio; \u00e8 un testo ed una musicalit\u00e0 inchiodati al pentagramma. Nasce cos\u00ec \u2018La libert\u00e0\u2019&#8230; da una bella collaborazione consacrata da una grande<\/p>\n<p><a class=\"continue-reading\" href=\"https:\/\/www.article-marketing.eu\/comunicatistampa\/la-liberta-e-il-nuovo-singolo-di-giuseppe-binetti-%e2%80%a8\/\">Continue reading&#8230;<\/a><\/p>\n","protected":false},"author":1680,"featured_media":0,"comment_status":"open","ping_status":"open","sticky":false,"template":"","format":"standard","meta":{"_monsterinsights_skip_tracking":false,"_monsterinsights_sitenote_active":false,"_monsterinsights_sitenote_note":"","_monsterinsights_sitenote_category":0,"footnotes":""},"categories":[411],"tags":[8400,8144,8629,294],"class_list":["post-20474","post","type-post","status-publish","format-standard","hentry","category-musica","tag-binetti","tag-ep","tag-la-liberta","tag-nuovo-singolo"],"yoast_head":"<!-- This site is optimized with the Yoast SEO plugin v27.3 - https:\/\/yoast.com\/product\/yoast-seo-wordpress\/ -->\n<title>La Libert\u00e0 \u00e8 il nuovo singolo di Giuseppe Binetti \u2028 - Article Marketing<\/title>\n<meta name=\"robots\" content=\"index, follow, max-snippet:-1, max-image-preview:large, max-video-preview:-1\" \/>\n<link rel=\"canonical\" href=\"https:\/\/www.article-marketing.eu\/comunicatistampa\/la-liberta-e-il-nuovo-singolo-di-giuseppe-binetti-\u2028\/\" \/>\n<meta property=\"og:locale\" content=\"it_IT\" \/>\n<meta property=\"og:type\" content=\"article\" \/>\n<meta property=\"og:title\" content=\"La Libert\u00e0 \u00e8 il nuovo singolo di Giuseppe Binetti \u2028 - Article Marketing\" \/>\n<meta property=\"og:description\" content=\"il brano che da il nome anche al suo ultimo EP , Fuori dal 4 ottobre La libert\u00e0 \u00e8 l\u2019ebbrezza che si prova dopo essere stati segregati in casa per circa due anni; \u00e8 la sensazione di vita che scorre veloce; \u00e8 catturare un\u2019idea al momento giusto strappandola all\u2019oblio; \u00e8 un testo ed una musicalit\u00e0 inchiodati al pentagramma. Nasce cos\u00ec \u2018La libert\u00e0\u2019&#8230; da una bella collaborazione consacrata da una grandeContinue reading...\" \/>\n<meta property=\"og:url\" content=\"https:\/\/www.article-marketing.eu\/comunicatistampa\/la-liberta-e-il-nuovo-singolo-di-giuseppe-binetti-\u2028\/\" \/>\n<meta property=\"og:site_name\" content=\"Article Marketing\" \/>\n<meta property=\"article:published_time\" content=\"2021-10-13T16:50:53+00:00\" \/>\n<meta property=\"og:image\" content=\"https:\/\/www.joyfreepress.com\/wp-content\/uploads\/2021\/10\/Cover-Binetti-.jpg\" \/>\n<meta name=\"author\" content=\"Micro961\" \/>\n<meta name=\"twitter:card\" content=\"summary_large_image\" \/>\n<meta name=\"twitter:label1\" content=\"Scritto da\" \/>\n\t<meta name=\"twitter:data1\" content=\"Micro961\" \/>\n\t<meta name=\"twitter:label2\" content=\"Tempo di lettura stimato\" \/>\n\t<meta name=\"twitter:data2\" content=\"2 minuti\" \/>\n<script type=\"application\/ld+json\" class=\"yoast-schema-graph\">{\"@context\":\"https:\\\/\\\/schema.org\",\"@graph\":[{\"@type\":\"Article\",\"@id\":\"https:\\\/\\\/www.article-marketing.eu\\\/comunicatistampa\\\/la-liberta-e-il-nuovo-singolo-di-giuseppe-binetti-%e2%80%a8\\\/#article\",\"isPartOf\":{\"@id\":\"https:\\\/\\\/www.article-marketing.eu\\\/comunicatistampa\\\/la-liberta-e-il-nuovo-singolo-di-giuseppe-binetti-%e2%80%a8\\\/\"},\"author\":{\"name\":\"Micro961\",\"@id\":\"https:\\\/\\\/www.article-marketing.eu\\\/comunicatistampa\\\/#\\\/schema\\\/person\\\/9beeb909be59832a9bcbec84cb3786f5\"},\"headline\":\"La Libert\u00e0 \u00e8 il nuovo singolo di Giuseppe Binetti \\u2028\",\"datePublished\":\"2021-10-13T16:50:53+00:00\",\"mainEntityOfPage\":{\"@id\":\"https:\\\/\\\/www.article-marketing.eu\\\/comunicatistampa\\\/la-liberta-e-il-nuovo-singolo-di-giuseppe-binetti-%e2%80%a8\\\/\"},\"wordCount\":293,\"commentCount\":0,\"image\":{\"@id\":\"https:\\\/\\\/www.article-marketing.eu\\\/comunicatistampa\\\/la-liberta-e-il-nuovo-singolo-di-giuseppe-binetti-%e2%80%a8\\\/#primaryimage\"},\"thumbnailUrl\":\"https:\\\/\\\/www.joyfreepress.com\\\/wp-content\\\/uploads\\\/2021\\\/10\\\/Cover-Binetti-.jpg\",\"keywords\":[\"Binetti\",\"Ep\",\"La Libert\u00e0\",\"nuovo singolo\"],\"articleSection\":[\"Musica\"],\"inLanguage\":\"it-IT\",\"potentialAction\":[{\"@type\":\"CommentAction\",\"name\":\"Comment\",\"target\":[\"https:\\\/\\\/www.article-marketing.eu\\\/comunicatistampa\\\/la-liberta-e-il-nuovo-singolo-di-giuseppe-binetti-%e2%80%a8\\\/#respond\"]}]},{\"@type\":\"WebPage\",\"@id\":\"https:\\\/\\\/www.article-marketing.eu\\\/comunicatistampa\\\/la-liberta-e-il-nuovo-singolo-di-giuseppe-binetti-%e2%80%a8\\\/\",\"url\":\"https:\\\/\\\/www.article-marketing.eu\\\/comunicatistampa\\\/la-liberta-e-il-nuovo-singolo-di-giuseppe-binetti-%e2%80%a8\\\/\",\"name\":\"La Libert\u00e0 \u00e8 il nuovo singolo di Giuseppe Binetti \\u2028 - Article Marketing\",\"isPartOf\":{\"@id\":\"https:\\\/\\\/www.article-marketing.eu\\\/comunicatistampa\\\/#website\"},\"primaryImageOfPage\":{\"@id\":\"https:\\\/\\\/www.article-marketing.eu\\\/comunicatistampa\\\/la-liberta-e-il-nuovo-singolo-di-giuseppe-binetti-%e2%80%a8\\\/#primaryimage\"},\"image\":{\"@id\":\"https:\\\/\\\/www.article-marketing.eu\\\/comunicatistampa\\\/la-liberta-e-il-nuovo-singolo-di-giuseppe-binetti-%e2%80%a8\\\/#primaryimage\"},\"thumbnailUrl\":\"https:\\\/\\\/www.joyfreepress.com\\\/wp-content\\\/uploads\\\/2021\\\/10\\\/Cover-Binetti-.jpg\",\"datePublished\":\"2021-10-13T16:50:53+00:00\",\"author\":{\"@id\":\"https:\\\/\\\/www.article-marketing.eu\\\/comunicatistampa\\\/#\\\/schema\\\/person\\\/9beeb909be59832a9bcbec84cb3786f5\"},\"breadcrumb\":{\"@id\":\"https:\\\/\\\/www.article-marketing.eu\\\/comunicatistampa\\\/la-liberta-e-il-nuovo-singolo-di-giuseppe-binetti-%e2%80%a8\\\/#breadcrumb\"},\"inLanguage\":\"it-IT\",\"potentialAction\":[{\"@type\":\"ReadAction\",\"target\":[\"https:\\\/\\\/www.article-marketing.eu\\\/comunicatistampa\\\/la-liberta-e-il-nuovo-singolo-di-giuseppe-binetti-%e2%80%a8\\\/\"]}]},{\"@type\":\"ImageObject\",\"inLanguage\":\"it-IT\",\"@id\":\"https:\\\/\\\/www.article-marketing.eu\\\/comunicatistampa\\\/la-liberta-e-il-nuovo-singolo-di-giuseppe-binetti-%e2%80%a8\\\/#primaryimage\",\"url\":\"https:\\\/\\\/www.joyfreepress.com\\\/wp-content\\\/uploads\\\/2021\\\/10\\\/Cover-Binetti-.jpg\",\"contentUrl\":\"https:\\\/\\\/www.joyfreepress.com\\\/wp-content\\\/uploads\\\/2021\\\/10\\\/Cover-Binetti-.jpg\"},{\"@type\":\"BreadcrumbList\",\"@id\":\"https:\\\/\\\/www.article-marketing.eu\\\/comunicatistampa\\\/la-liberta-e-il-nuovo-singolo-di-giuseppe-binetti-%e2%80%a8\\\/#breadcrumb\",\"itemListElement\":[{\"@type\":\"ListItem\",\"position\":1,\"name\":\"Home\",\"item\":\"https:\\\/\\\/www.article-marketing.eu\\\/comunicatistampa\\\/\"},{\"@type\":\"ListItem\",\"position\":2,\"name\":\"La Libert\u00e0 \u00e8 il nuovo singolo di Giuseppe Binetti \\u2028\"}]},{\"@type\":\"WebSite\",\"@id\":\"https:\\\/\\\/www.article-marketing.eu\\\/comunicatistampa\\\/#website\",\"url\":\"https:\\\/\\\/www.article-marketing.eu\\\/comunicatistampa\\\/\",\"name\":\"Article Marketing\",\"description\":\"article marketing &amp; press release\",\"potentialAction\":[{\"@type\":\"SearchAction\",\"target\":{\"@type\":\"EntryPoint\",\"urlTemplate\":\"https:\\\/\\\/www.article-marketing.eu\\\/comunicatistampa\\\/?s={search_term_string}\"},\"query-input\":{\"@type\":\"PropertyValueSpecification\",\"valueRequired\":true,\"valueName\":\"search_term_string\"}}],\"inLanguage\":\"it-IT\"},{\"@type\":\"Person\",\"@id\":\"https:\\\/\\\/www.article-marketing.eu\\\/comunicatistampa\\\/#\\\/schema\\\/person\\\/9beeb909be59832a9bcbec84cb3786f5\",\"name\":\"Micro961\",\"image\":{\"@type\":\"ImageObject\",\"inLanguage\":\"it-IT\",\"@id\":\"https:\\\/\\\/secure.gravatar.com\\\/avatar\\\/cd6f5864b85cc3687c05b2965bb186afcd70a2a89789a156c92a4f1d66e87827?s=96&d=mm&r=g\",\"url\":\"https:\\\/\\\/secure.gravatar.com\\\/avatar\\\/cd6f5864b85cc3687c05b2965bb186afcd70a2a89789a156c92a4f1d66e87827?s=96&d=mm&r=g\",\"contentUrl\":\"https:\\\/\\\/secure.gravatar.com\\\/avatar\\\/cd6f5864b85cc3687c05b2965bb186afcd70a2a89789a156c92a4f1d66e87827?s=96&d=mm&r=g\",\"caption\":\"Micro961\"},\"url\":\"https:\\\/\\\/www.article-marketing.eu\\\/comunicatistampa\\\/author\\\/micro961\\\/\"}]}<\/script>\n<!-- \/ Yoast SEO plugin. -->","yoast_head_json":{"title":"La Libert\u00e0 \u00e8 il nuovo singolo di Giuseppe Binetti \u2028 - Article Marketing","robots":{"index":"index","follow":"follow","max-snippet":"max-snippet:-1","max-image-preview":"max-image-preview:large","max-video-preview":"max-video-preview:-1"},"canonical":"https:\/\/www.article-marketing.eu\/comunicatistampa\/la-liberta-e-il-nuovo-singolo-di-giuseppe-binetti-\u2028\/","og_locale":"it_IT","og_type":"article","og_title":"La Libert\u00e0 \u00e8 il nuovo singolo di Giuseppe Binetti \u2028 - Article Marketing","og_description":"il brano che da il nome anche al suo ultimo EP , Fuori dal 4 ottobre La libert\u00e0 \u00e8 l\u2019ebbrezza che si prova dopo essere stati segregati in casa per circa due anni; \u00e8 la sensazione di vita che scorre veloce; \u00e8 catturare un\u2019idea al momento giusto strappandola all\u2019oblio; \u00e8 un testo ed una musicalit\u00e0 inchiodati al pentagramma. Nasce cos\u00ec \u2018La libert\u00e0\u2019&#8230; da una bella collaborazione consacrata da una grandeContinue reading...","og_url":"https:\/\/www.article-marketing.eu\/comunicatistampa\/la-liberta-e-il-nuovo-singolo-di-giuseppe-binetti-\u2028\/","og_site_name":"Article Marketing","article_published_time":"2021-10-13T16:50:53+00:00","og_image":[{"url":"https:\/\/www.joyfreepress.com\/wp-content\/uploads\/2021\/10\/Cover-Binetti-.jpg","type":"","width":"","height":""}],"author":"Micro961","twitter_card":"summary_large_image","twitter_misc":{"Scritto da":"Micro961","Tempo di lettura stimato":"2 minuti"},"schema":{"@context":"https:\/\/schema.org","@graph":[{"@type":"Article","@id":"https:\/\/www.article-marketing.eu\/comunicatistampa\/la-liberta-e-il-nuovo-singolo-di-giuseppe-binetti-%e2%80%a8\/#article","isPartOf":{"@id":"https:\/\/www.article-marketing.eu\/comunicatistampa\/la-liberta-e-il-nuovo-singolo-di-giuseppe-binetti-%e2%80%a8\/"},"author":{"name":"Micro961","@id":"https:\/\/www.article-marketing.eu\/comunicatistampa\/#\/schema\/person\/9beeb909be59832a9bcbec84cb3786f5"},"headline":"La Libert\u00e0 \u00e8 il nuovo singolo di Giuseppe Binetti \u2028","datePublished":"2021-10-13T16:50:53+00:00","mainEntityOfPage":{"@id":"https:\/\/www.article-marketing.eu\/comunicatistampa\/la-liberta-e-il-nuovo-singolo-di-giuseppe-binetti-%e2%80%a8\/"},"wordCount":293,"commentCount":0,"image":{"@id":"https:\/\/www.article-marketing.eu\/comunicatistampa\/la-liberta-e-il-nuovo-singolo-di-giuseppe-binetti-%e2%80%a8\/#primaryimage"},"thumbnailUrl":"https:\/\/www.joyfreepress.com\/wp-content\/uploads\/2021\/10\/Cover-Binetti-.jpg","keywords":["Binetti","Ep","La Libert\u00e0","nuovo singolo"],"articleSection":["Musica"],"inLanguage":"it-IT","potentialAction":[{"@type":"CommentAction","name":"Comment","target":["https:\/\/www.article-marketing.eu\/comunicatistampa\/la-liberta-e-il-nuovo-singolo-di-giuseppe-binetti-%e2%80%a8\/#respond"]}]},{"@type":"WebPage","@id":"https:\/\/www.article-marketing.eu\/comunicatistampa\/la-liberta-e-il-nuovo-singolo-di-giuseppe-binetti-%e2%80%a8\/","url":"https:\/\/www.article-marketing.eu\/comunicatistampa\/la-liberta-e-il-nuovo-singolo-di-giuseppe-binetti-%e2%80%a8\/","name":"La Libert\u00e0 \u00e8 il nuovo singolo di Giuseppe Binetti \u2028 - Article Marketing","isPartOf":{"@id":"https:\/\/www.article-marketing.eu\/comunicatistampa\/#website"},"primaryImageOfPage":{"@id":"https:\/\/www.article-marketing.eu\/comunicatistampa\/la-liberta-e-il-nuovo-singolo-di-giuseppe-binetti-%e2%80%a8\/#primaryimage"},"image":{"@id":"https:\/\/www.article-marketing.eu\/comunicatistampa\/la-liberta-e-il-nuovo-singolo-di-giuseppe-binetti-%e2%80%a8\/#primaryimage"},"thumbnailUrl":"https:\/\/www.joyfreepress.com\/wp-content\/uploads\/2021\/10\/Cover-Binetti-.jpg","datePublished":"2021-10-13T16:50:53+00:00","author":{"@id":"https:\/\/www.article-marketing.eu\/comunicatistampa\/#\/schema\/person\/9beeb909be59832a9bcbec84cb3786f5"},"breadcrumb":{"@id":"https:\/\/www.article-marketing.eu\/comunicatistampa\/la-liberta-e-il-nuovo-singolo-di-giuseppe-binetti-%e2%80%a8\/#breadcrumb"},"inLanguage":"it-IT","potentialAction":[{"@type":"ReadAction","target":["https:\/\/www.article-marketing.eu\/comunicatistampa\/la-liberta-e-il-nuovo-singolo-di-giuseppe-binetti-%e2%80%a8\/"]}]},{"@type":"ImageObject","inLanguage":"it-IT","@id":"https:\/\/www.article-marketing.eu\/comunicatistampa\/la-liberta-e-il-nuovo-singolo-di-giuseppe-binetti-%e2%80%a8\/#primaryimage","url":"https:\/\/www.joyfreepress.com\/wp-content\/uploads\/2021\/10\/Cover-Binetti-.jpg","contentUrl":"https:\/\/www.joyfreepress.com\/wp-content\/uploads\/2021\/10\/Cover-Binetti-.jpg"},{"@type":"BreadcrumbList","@id":"https:\/\/www.article-marketing.eu\/comunicatistampa\/la-liberta-e-il-nuovo-singolo-di-giuseppe-binetti-%e2%80%a8\/#breadcrumb","itemListElement":[{"@type":"ListItem","position":1,"name":"Home","item":"https:\/\/www.article-marketing.eu\/comunicatistampa\/"},{"@type":"ListItem","position":2,"name":"La Libert\u00e0 \u00e8 il nuovo singolo di Giuseppe Binetti \u2028"}]},{"@type":"WebSite","@id":"https:\/\/www.article-marketing.eu\/comunicatistampa\/#website","url":"https:\/\/www.article-marketing.eu\/comunicatistampa\/","name":"Article Marketing","description":"article marketing &amp; press release","potentialAction":[{"@type":"SearchAction","target":{"@type":"EntryPoint","urlTemplate":"https:\/\/www.article-marketing.eu\/comunicatistampa\/?s={search_term_string}"},"query-input":{"@type":"PropertyValueSpecification","valueRequired":true,"valueName":"search_term_string"}}],"inLanguage":"it-IT"},{"@type":"Person","@id":"https:\/\/www.article-marketing.eu\/comunicatistampa\/#\/schema\/person\/9beeb909be59832a9bcbec84cb3786f5","name":"Micro961","image":{"@type":"ImageObject","inLanguage":"it-IT","@id":"https:\/\/secure.gravatar.com\/avatar\/cd6f5864b85cc3687c05b2965bb186afcd70a2a89789a156c92a4f1d66e87827?s=96&d=mm&r=g","url":"https:\/\/secure.gravatar.com\/avatar\/cd6f5864b85cc3687c05b2965bb186afcd70a2a89789a156c92a4f1d66e87827?s=96&d=mm&r=g","contentUrl":"https:\/\/secure.gravatar.com\/avatar\/cd6f5864b85cc3687c05b2965bb186afcd70a2a89789a156c92a4f1d66e87827?s=96&d=mm&r=g","caption":"Micro961"},"url":"https:\/\/www.article-marketing.eu\/comunicatistampa\/author\/micro961\/"}]}},"_links":{"self":[{"href":"https:\/\/www.article-marketing.eu\/comunicatistampa\/wp-json\/wp\/v2\/posts\/20474","targetHints":{"allow":["GET"]}}],"collection":[{"href":"https:\/\/www.article-marketing.eu\/comunicatistampa\/wp-json\/wp\/v2\/posts"}],"about":[{"href":"https:\/\/www.article-marketing.eu\/comunicatistampa\/wp-json\/wp\/v2\/types\/post"}],"author":[{"embeddable":true,"href":"https:\/\/www.article-marketing.eu\/comunicatistampa\/wp-json\/wp\/v2\/users\/1680"}],"replies":[{"embeddable":true,"href":"https:\/\/www.article-marketing.eu\/comunicatistampa\/wp-json\/wp\/v2\/comments?post=20474"}],"version-history":[{"count":2,"href":"https:\/\/www.article-marketing.eu\/comunicatistampa\/wp-json\/wp\/v2\/posts\/20474\/revisions"}],"predecessor-version":[{"id":20565,"href":"https:\/\/www.article-marketing.eu\/comunicatistampa\/wp-json\/wp\/v2\/posts\/20474\/revisions\/20565"}],"wp:attachment":[{"href":"https:\/\/www.article-marketing.eu\/comunicatistampa\/wp-json\/wp\/v2\/media?parent=20474"}],"wp:term":[{"taxonomy":"category","embeddable":true,"href":"https:\/\/www.article-marketing.eu\/comunicatistampa\/wp-json\/wp\/v2\/categories?post=20474"},{"taxonomy":"post_tag","embeddable":true,"href":"https:\/\/www.article-marketing.eu\/comunicatistampa\/wp-json\/wp\/v2\/tags?post=20474"}],"curies":[{"name":"wp","href":"https:\/\/api.w.org\/{rel}","templated":true}]}}