{"id":20476,"date":"2021-10-23T10:04:06","date_gmt":"2021-10-23T08:04:06","guid":{"rendered":"https:\/\/www.article-marketing.eu\/comunicatistampa\/?p=20476"},"modified":"2021-10-16T20:14:25","modified_gmt":"2021-10-16T18:14:25","slug":"start-cup-bergamo","status":"publish","type":"post","link":"https:\/\/www.article-marketing.eu\/comunicatistampa\/start-cup-bergamo\/","title":{"rendered":"Start Cup Bergamo"},"content":{"rendered":"<p><strong>L\u2019atto finale del progetto di formazione imprenditoriale e sviluppo di idee d\u2019impresa di UniBg<\/strong><\/p>\n<p><strong>\u00a0<\/strong><\/p>\n<p>Avr\u00e0 luogo <strong>mercoled\u00ec 6 ottobre 2021<\/strong> alle <strong>ore 16:30<\/strong> presso <strong>l\u2019aula conferenze Sant\u2019Agostino<\/strong> dell\u2019Universit\u00e0 degli studi di Bergamo <strong>(e sar\u00e0 trasmessa online a questo link <\/strong><a href=\"https:\/\/bit.ly\/scbg21-eventofinale\"><strong>https:\/\/bit.ly\/scbg21-eventofinale<\/strong><\/a><strong>)<\/strong> la <strong>tappa finale<\/strong> dell\u2019undicesima edizione di <strong>Start Cup Bergamo<\/strong>, il progetto di formazione imprenditoriale e di sviluppo di idee d&#8217;impresa a contenuto innovativo dell&#8217;Ateneo orobico.<\/p>\n<p>Il progetto formativo \u00e8 realizzato col <strong>contributo scientifico dei diversi Dipartimenti dell\u2019Ateneo<\/strong>, in particolare del <strong>DIGIP <\/strong>(Dipartimento di Ingegneria Gestionale, dell\u2019Informazione e della Produzione), coordinati dal <strong>Centro di Ricerca di Ateneo CYFE<\/strong> (Center for Young and Family Enterprise) e col supporto tecnico-amministrativo del Servizio Ricerca e Terza Missione e del Servizio Placement di Ateneo.<\/p>\n<p>Start Cup Bergamo si articola in <strong>due fasi consecutive<\/strong>: <strong>Start Cup School<\/strong> e <strong>Start Cup Competition<\/strong>.<\/p>\n<p><strong>Nell\u2019atto finale della Competition<\/strong>, i team finalisti degli studenti partecipanti presenteranno i propri progetti nella modalit\u00e0 del <strong>\u2018pitch\u2019<\/strong>, e cio\u00e8 l\u2019ormai famosa <strong>presentazione sintetica ed efficace della propria idea<\/strong>, di fronte ad una platea di giurati ed investitori.<\/p>\n<p>A termine della presentazione <strong>la giuria<\/strong>, composta come segue, determiner\u00e0 i progetti premiati: Michele Balicco (Ribo), Giovanna Campopiano (CYFE \u2013 UniBg), Paolo Carminati (Bergamo Sviluppo), Vittorio Carrara (Intesa San Paolo), Lucio Cassia (CYFE \u2013 UniBg), Enrico Felter (Fondazione Cav. Lav. Carlo Pesenti), Alessandro Giudici (Bayes Business School, UK), Davide Hahn (CYFE \u2013 UniBg), Aldo Livolsi (Fondazione Centesimus Anno pro Pontefice FCAPP &#8211; Gruppo di Bergamo), Andrea Locatelli (Locatelli &amp; Partners), Diego Lussana (Confindustria Bergamo), Cinzia Morisco (STEP Tech Park), Armando Persico (JA Italia), Mario Salerno (CYFE \u2013 UniBg), Maria Rosa Scarlata (Dip. di Scienze Aziendali \u2013 UniBg).<\/p>\n<p><strong>In palio<\/strong> ci sono premi in denaro: <strong>10 mila euro<\/strong> (primo premio), <strong>5 mila euro<\/strong> (secondo premio) e <strong>2,5 mila euro <\/strong>(terzo premio). \u00c8 previsto anche un <strong>premio speciale Fondazione Cav. Lav. Carlo Pesenti<\/strong> per il progetto a maggiore impatto sociale.<\/p>\n<p>L\u2019evento si svolger\u00e0 alla presenza del <strong>magnifico Rettore dell&#8217;Universit\u00e0 degli studi di Bergamo<\/strong> e dei rappresentanti degli enti coinvolti: Intesa San Paolo, Fondazione Pesenti, Ribo, Bergamo Sviluppo, Confindustria Bergamo, Sportello finanziario delle idee (Curia di Bergamo), STEP (parco Tecnologico di Treviglio), Studio Locatelli.<\/p>\n<p><em>\u201cL\u2019Universit\u00e0, in questi anni non facili <\/em>\u2013 spiega il <strong>rettore, Prof. Remo Morzenti Pellegrini<\/strong> \u2013<em> non ha mancato di manifestare in diverse occasioni la propria vicinanza agli studenti, al fine di aiutarli a cogliere le opportunit\u00e0 di crescita e apprendimento, insite anche in situazioni impegnative come quelle che il nostro territorio ha attraversato. Dall\u2019altro lato, gli studenti hanno manifestato una carica innovativa, un desiderio di contributo al territorio e alle sfide globali e un\u2019attitudine a mettersi in gioco che ci ha molto stupito. Da qui la decisione di avviare Start Cup 2021, decisione maturata durante lo scorso marzo ancora in lockdown. L\u2019ampia adesione degli studenti, provenienti da tutti i Dipartimenti dell\u2019Ateneo, ci ha confortato e ci fa ben sperare non solo per il futuro della nostra universit\u00e0, ma per il futuro di questo territorio in generale.\u201d<\/em><\/p>\n<p>Fa eco il <strong>prof. Matteo Kalchschmidt<\/strong>, <strong>Direttore del Dipartimento di Ingegneria Gestionale dell\u2019Informazione e della Produzione<\/strong>: <em>\u201cQuesta edizione \u00e8 nata in condizioni logistiche non facili e non ha ancora permesso una serie di attivit\u00e0 di interazione con la comunit\u00e0 locale e con l\u2019ecosistema territoriale dell\u2019innovazione che potesse aiutare i nostri studenti a validare pienamente il proprio progetto. Tuttavia, siamo grati agli enti che hanno continuato a essere vicini all\u2019universit\u00e0 nell\u2019iniziativa Start Cup come Banca Intesa, che continua la tradizione di supporto di UBI tra i fondatori del progetto Start Cup, la fondazione Pesenti e Ribo s.r.l. e come gli altri attori del territorio che saranno presenti con noi alla finale di mercoled\u00ec.\u201d<\/em><\/p>\n<p><em>\u201cIl fenomeno dell\u2019imprenditorialit\u00e0 studentesca ha un trend di crescita globale piuttosto importante. <\/em>\u2013 sottolinea il <strong>prof. Tommaso Minola, Direttore del CYFE e Direttore di Start Cup<\/strong> \u2013<em> I dati Almalaurea riportano che nel decennio 2009 \u2013 2018 circa il 2,5% delle imprese neo-costituite sono avviate da team di studenti, laureandi o neolaureati dell\u2019universit\u00e0. Ma ancora pi\u00f9 interessante \u00e8 osservare che &#8211; confrontate con le altre start up create nello stesso periodo &#8211; il tasso di fallimento delle start up di studenti \u00e8 la met\u00e0 e la rappresentativit\u00e0 della componente femminile tra i fondatori \u00e8 invece il doppio. Quest\u2019anno a Start Cup abbiamo osservato una grande partecipazione e una spinta all\u2019innovazione da parte dei nostri studenti, guidate in particolare dalla sensibilit\u00e0 verso il tema della sostenibilit\u00e0.\u201d<\/em><\/p>\n","protected":false},"excerpt":{"rendered":"<p>L\u2019atto finale del progetto di formazione imprenditoriale e sviluppo di idee d\u2019impresa di UniBg \u00a0 Avr\u00e0 luogo mercoled\u00ec 6 ottobre 2021 alle ore 16:30 presso l\u2019aula conferenze Sant\u2019Agostino dell\u2019Universit\u00e0 degli studi di Bergamo (e sar\u00e0 trasmessa online a questo link https:\/\/bit.ly\/scbg21-eventofinale) la tappa finale dell\u2019undicesima edizione di Start Cup Bergamo, il progetto di formazione imprenditoriale e di sviluppo di idee d&#8217;impresa a contenuto innovativo dell&#8217;Ateneo orobico. Il progetto formativo \u00e8<\/p>\n<p><a class=\"continue-reading\" href=\"https:\/\/www.article-marketing.eu\/comunicatistampa\/start-cup-bergamo\/\">Continue reading&#8230;<\/a><\/p>\n","protected":false},"author":1855,"featured_media":0,"comment_status":"open","ping_status":"open","sticky":false,"template":"","format":"standard","meta":{"_monsterinsights_skip_tracking":false,"_monsterinsights_sitenote_active":false,"_monsterinsights_sitenote_note":"","_monsterinsights_sitenote_category":0,"footnotes":""},"categories":[378],"tags":[8630,4603],"class_list":["post-20476","post","type-post","status-publish","format-standard","hentry","category-istruzione","tag-startcup","tag-unibg"],"yoast_head":"<!-- This site is optimized with the Yoast SEO plugin v27.3 - https:\/\/yoast.com\/product\/yoast-seo-wordpress\/ -->\n<title>Start Cup Bergamo - Article Marketing<\/title>\n<meta name=\"robots\" content=\"index, follow, max-snippet:-1, max-image-preview:large, max-video-preview:-1\" \/>\n<link rel=\"canonical\" href=\"https:\/\/www.article-marketing.eu\/comunicatistampa\/start-cup-bergamo\/\" \/>\n<meta property=\"og:locale\" content=\"it_IT\" \/>\n<meta property=\"og:type\" content=\"article\" \/>\n<meta property=\"og:title\" content=\"Start Cup Bergamo - Article Marketing\" \/>\n<meta property=\"og:description\" content=\"L\u2019atto finale del progetto di formazione imprenditoriale e sviluppo di idee d\u2019impresa di UniBg \u00a0 Avr\u00e0 luogo mercoled\u00ec 6 ottobre 2021 alle ore 16:30 presso l\u2019aula conferenze Sant\u2019Agostino dell\u2019Universit\u00e0 degli studi di Bergamo (e sar\u00e0 trasmessa online a questo link https:\/\/bit.ly\/scbg21-eventofinale) la tappa finale dell\u2019undicesima edizione di Start Cup Bergamo, il progetto di formazione imprenditoriale e di sviluppo di idee d&#8217;impresa a contenuto innovativo dell&#8217;Ateneo orobico. Il progetto formativo \u00e8Continue reading...\" \/>\n<meta property=\"og:url\" content=\"https:\/\/www.article-marketing.eu\/comunicatistampa\/start-cup-bergamo\/\" \/>\n<meta property=\"og:site_name\" content=\"Article Marketing\" \/>\n<meta property=\"article:published_time\" content=\"2021-10-23T08:04:06+00:00\" \/>\n<meta name=\"author\" content=\"Redaclem\" \/>\n<meta name=\"twitter:card\" content=\"summary_large_image\" \/>\n<meta name=\"twitter:label1\" content=\"Scritto da\" \/>\n\t<meta name=\"twitter:data1\" content=\"Redaclem\" \/>\n\t<meta name=\"twitter:label2\" content=\"Tempo di lettura stimato\" \/>\n\t<meta name=\"twitter:data2\" content=\"4 minuti\" \/>\n<script type=\"application\/ld+json\" class=\"yoast-schema-graph\">{\"@context\":\"https:\\\/\\\/schema.org\",\"@graph\":[{\"@type\":\"Article\",\"@id\":\"https:\\\/\\\/www.article-marketing.eu\\\/comunicatistampa\\\/start-cup-bergamo\\\/#article\",\"isPartOf\":{\"@id\":\"https:\\\/\\\/www.article-marketing.eu\\\/comunicatistampa\\\/start-cup-bergamo\\\/\"},\"author\":{\"name\":\"Redaclem\",\"@id\":\"https:\\\/\\\/www.article-marketing.eu\\\/comunicatistampa\\\/#\\\/schema\\\/person\\\/c0aa725eee5df8460e0adf901fde0c88\"},\"headline\":\"Start Cup Bergamo\",\"datePublished\":\"2021-10-23T08:04:06+00:00\",\"mainEntityOfPage\":{\"@id\":\"https:\\\/\\\/www.article-marketing.eu\\\/comunicatistampa\\\/start-cup-bergamo\\\/\"},\"wordCount\":735,\"commentCount\":0,\"keywords\":[\"#StartCup\",\"#unibg\"],\"articleSection\":[\"Istruzione\"],\"inLanguage\":\"it-IT\",\"potentialAction\":[{\"@type\":\"CommentAction\",\"name\":\"Comment\",\"target\":[\"https:\\\/\\\/www.article-marketing.eu\\\/comunicatistampa\\\/start-cup-bergamo\\\/#respond\"]}]},{\"@type\":\"WebPage\",\"@id\":\"https:\\\/\\\/www.article-marketing.eu\\\/comunicatistampa\\\/start-cup-bergamo\\\/\",\"url\":\"https:\\\/\\\/www.article-marketing.eu\\\/comunicatistampa\\\/start-cup-bergamo\\\/\",\"name\":\"Start Cup Bergamo - Article Marketing\",\"isPartOf\":{\"@id\":\"https:\\\/\\\/www.article-marketing.eu\\\/comunicatistampa\\\/#website\"},\"datePublished\":\"2021-10-23T08:04:06+00:00\",\"author\":{\"@id\":\"https:\\\/\\\/www.article-marketing.eu\\\/comunicatistampa\\\/#\\\/schema\\\/person\\\/c0aa725eee5df8460e0adf901fde0c88\"},\"breadcrumb\":{\"@id\":\"https:\\\/\\\/www.article-marketing.eu\\\/comunicatistampa\\\/start-cup-bergamo\\\/#breadcrumb\"},\"inLanguage\":\"it-IT\",\"potentialAction\":[{\"@type\":\"ReadAction\",\"target\":[\"https:\\\/\\\/www.article-marketing.eu\\\/comunicatistampa\\\/start-cup-bergamo\\\/\"]}]},{\"@type\":\"BreadcrumbList\",\"@id\":\"https:\\\/\\\/www.article-marketing.eu\\\/comunicatistampa\\\/start-cup-bergamo\\\/#breadcrumb\",\"itemListElement\":[{\"@type\":\"ListItem\",\"position\":1,\"name\":\"Home\",\"item\":\"https:\\\/\\\/www.article-marketing.eu\\\/comunicatistampa\\\/\"},{\"@type\":\"ListItem\",\"position\":2,\"name\":\"Start Cup Bergamo\"}]},{\"@type\":\"WebSite\",\"@id\":\"https:\\\/\\\/www.article-marketing.eu\\\/comunicatistampa\\\/#website\",\"url\":\"https:\\\/\\\/www.article-marketing.eu\\\/comunicatistampa\\\/\",\"name\":\"Article Marketing\",\"description\":\"article marketing &amp; press release\",\"potentialAction\":[{\"@type\":\"SearchAction\",\"target\":{\"@type\":\"EntryPoint\",\"urlTemplate\":\"https:\\\/\\\/www.article-marketing.eu\\\/comunicatistampa\\\/?s={search_term_string}\"},\"query-input\":{\"@type\":\"PropertyValueSpecification\",\"valueRequired\":true,\"valueName\":\"search_term_string\"}}],\"inLanguage\":\"it-IT\"},{\"@type\":\"Person\",\"@id\":\"https:\\\/\\\/www.article-marketing.eu\\\/comunicatistampa\\\/#\\\/schema\\\/person\\\/c0aa725eee5df8460e0adf901fde0c88\",\"name\":\"Redaclem\",\"image\":{\"@type\":\"ImageObject\",\"inLanguage\":\"it-IT\",\"@id\":\"https:\\\/\\\/secure.gravatar.com\\\/avatar\\\/4c7e41f332a0583344a91d7d39723533da9b2d0df7737c2d8c69553168c2191e?s=96&d=mm&r=g\",\"url\":\"https:\\\/\\\/secure.gravatar.com\\\/avatar\\\/4c7e41f332a0583344a91d7d39723533da9b2d0df7737c2d8c69553168c2191e?s=96&d=mm&r=g\",\"contentUrl\":\"https:\\\/\\\/secure.gravatar.com\\\/avatar\\\/4c7e41f332a0583344a91d7d39723533da9b2d0df7737c2d8c69553168c2191e?s=96&d=mm&r=g\",\"caption\":\"Redaclem\"},\"url\":\"https:\\\/\\\/www.article-marketing.eu\\\/comunicatistampa\\\/author\\\/redaclem\\\/\"}]}<\/script>\n<!-- \/ Yoast SEO plugin. -->","yoast_head_json":{"title":"Start Cup Bergamo - Article Marketing","robots":{"index":"index","follow":"follow","max-snippet":"max-snippet:-1","max-image-preview":"max-image-preview:large","max-video-preview":"max-video-preview:-1"},"canonical":"https:\/\/www.article-marketing.eu\/comunicatistampa\/start-cup-bergamo\/","og_locale":"it_IT","og_type":"article","og_title":"Start Cup Bergamo - Article Marketing","og_description":"L\u2019atto finale del progetto di formazione imprenditoriale e sviluppo di idee d\u2019impresa di UniBg \u00a0 Avr\u00e0 luogo mercoled\u00ec 6 ottobre 2021 alle ore 16:30 presso l\u2019aula conferenze Sant\u2019Agostino dell\u2019Universit\u00e0 degli studi di Bergamo (e sar\u00e0 trasmessa online a questo link https:\/\/bit.ly\/scbg21-eventofinale) la tappa finale dell\u2019undicesima edizione di Start Cup Bergamo, il progetto di formazione imprenditoriale e di sviluppo di idee d&#8217;impresa a contenuto innovativo dell&#8217;Ateneo orobico. Il progetto formativo \u00e8Continue reading...","og_url":"https:\/\/www.article-marketing.eu\/comunicatistampa\/start-cup-bergamo\/","og_site_name":"Article Marketing","article_published_time":"2021-10-23T08:04:06+00:00","author":"Redaclem","twitter_card":"summary_large_image","twitter_misc":{"Scritto da":"Redaclem","Tempo di lettura stimato":"4 minuti"},"schema":{"@context":"https:\/\/schema.org","@graph":[{"@type":"Article","@id":"https:\/\/www.article-marketing.eu\/comunicatistampa\/start-cup-bergamo\/#article","isPartOf":{"@id":"https:\/\/www.article-marketing.eu\/comunicatistampa\/start-cup-bergamo\/"},"author":{"name":"Redaclem","@id":"https:\/\/www.article-marketing.eu\/comunicatistampa\/#\/schema\/person\/c0aa725eee5df8460e0adf901fde0c88"},"headline":"Start Cup Bergamo","datePublished":"2021-10-23T08:04:06+00:00","mainEntityOfPage":{"@id":"https:\/\/www.article-marketing.eu\/comunicatistampa\/start-cup-bergamo\/"},"wordCount":735,"commentCount":0,"keywords":["#StartCup","#unibg"],"articleSection":["Istruzione"],"inLanguage":"it-IT","potentialAction":[{"@type":"CommentAction","name":"Comment","target":["https:\/\/www.article-marketing.eu\/comunicatistampa\/start-cup-bergamo\/#respond"]}]},{"@type":"WebPage","@id":"https:\/\/www.article-marketing.eu\/comunicatistampa\/start-cup-bergamo\/","url":"https:\/\/www.article-marketing.eu\/comunicatistampa\/start-cup-bergamo\/","name":"Start Cup Bergamo - Article Marketing","isPartOf":{"@id":"https:\/\/www.article-marketing.eu\/comunicatistampa\/#website"},"datePublished":"2021-10-23T08:04:06+00:00","author":{"@id":"https:\/\/www.article-marketing.eu\/comunicatistampa\/#\/schema\/person\/c0aa725eee5df8460e0adf901fde0c88"},"breadcrumb":{"@id":"https:\/\/www.article-marketing.eu\/comunicatistampa\/start-cup-bergamo\/#breadcrumb"},"inLanguage":"it-IT","potentialAction":[{"@type":"ReadAction","target":["https:\/\/www.article-marketing.eu\/comunicatistampa\/start-cup-bergamo\/"]}]},{"@type":"BreadcrumbList","@id":"https:\/\/www.article-marketing.eu\/comunicatistampa\/start-cup-bergamo\/#breadcrumb","itemListElement":[{"@type":"ListItem","position":1,"name":"Home","item":"https:\/\/www.article-marketing.eu\/comunicatistampa\/"},{"@type":"ListItem","position":2,"name":"Start Cup Bergamo"}]},{"@type":"WebSite","@id":"https:\/\/www.article-marketing.eu\/comunicatistampa\/#website","url":"https:\/\/www.article-marketing.eu\/comunicatistampa\/","name":"Article Marketing","description":"article marketing &amp; press release","potentialAction":[{"@type":"SearchAction","target":{"@type":"EntryPoint","urlTemplate":"https:\/\/www.article-marketing.eu\/comunicatistampa\/?s={search_term_string}"},"query-input":{"@type":"PropertyValueSpecification","valueRequired":true,"valueName":"search_term_string"}}],"inLanguage":"it-IT"},{"@type":"Person","@id":"https:\/\/www.article-marketing.eu\/comunicatistampa\/#\/schema\/person\/c0aa725eee5df8460e0adf901fde0c88","name":"Redaclem","image":{"@type":"ImageObject","inLanguage":"it-IT","@id":"https:\/\/secure.gravatar.com\/avatar\/4c7e41f332a0583344a91d7d39723533da9b2d0df7737c2d8c69553168c2191e?s=96&d=mm&r=g","url":"https:\/\/secure.gravatar.com\/avatar\/4c7e41f332a0583344a91d7d39723533da9b2d0df7737c2d8c69553168c2191e?s=96&d=mm&r=g","contentUrl":"https:\/\/secure.gravatar.com\/avatar\/4c7e41f332a0583344a91d7d39723533da9b2d0df7737c2d8c69553168c2191e?s=96&d=mm&r=g","caption":"Redaclem"},"url":"https:\/\/www.article-marketing.eu\/comunicatistampa\/author\/redaclem\/"}]}},"_links":{"self":[{"href":"https:\/\/www.article-marketing.eu\/comunicatistampa\/wp-json\/wp\/v2\/posts\/20476","targetHints":{"allow":["GET"]}}],"collection":[{"href":"https:\/\/www.article-marketing.eu\/comunicatistampa\/wp-json\/wp\/v2\/posts"}],"about":[{"href":"https:\/\/www.article-marketing.eu\/comunicatistampa\/wp-json\/wp\/v2\/types\/post"}],"author":[{"embeddable":true,"href":"https:\/\/www.article-marketing.eu\/comunicatistampa\/wp-json\/wp\/v2\/users\/1855"}],"replies":[{"embeddable":true,"href":"https:\/\/www.article-marketing.eu\/comunicatistampa\/wp-json\/wp\/v2\/comments?post=20476"}],"version-history":[{"count":3,"href":"https:\/\/www.article-marketing.eu\/comunicatistampa\/wp-json\/wp\/v2\/posts\/20476\/revisions"}],"predecessor-version":[{"id":20670,"href":"https:\/\/www.article-marketing.eu\/comunicatistampa\/wp-json\/wp\/v2\/posts\/20476\/revisions\/20670"}],"wp:attachment":[{"href":"https:\/\/www.article-marketing.eu\/comunicatistampa\/wp-json\/wp\/v2\/media?parent=20476"}],"wp:term":[{"taxonomy":"category","embeddable":true,"href":"https:\/\/www.article-marketing.eu\/comunicatistampa\/wp-json\/wp\/v2\/categories?post=20476"},{"taxonomy":"post_tag","embeddable":true,"href":"https:\/\/www.article-marketing.eu\/comunicatistampa\/wp-json\/wp\/v2\/tags?post=20476"}],"curies":[{"name":"wp","href":"https:\/\/api.w.org\/{rel}","templated":true}]}}