{"id":20481,"date":"2021-10-22T14:04:06","date_gmt":"2021-10-22T12:04:06","guid":{"rendered":"https:\/\/www.article-marketing.eu\/comunicatistampa\/?p=20481"},"modified":"2021-10-16T20:13:25","modified_gmt":"2021-10-16T18:13:25","slug":"trauma-psicologico-e-impatto-sulla-salute","status":"publish","type":"post","link":"https:\/\/www.article-marketing.eu\/comunicatistampa\/trauma-psicologico-e-impatto-sulla-salute\/","title":{"rendered":"Trauma psicologico e impatto sulla salute"},"content":{"rendered":"<p class=\"p1\">Il <i>trauma<\/i> pu\u00f2 essere descritto come qualcosa di tremendo che avviene improvvisamente e che causa in chi lo vive sentimenti di impotenza e sopraffazione. Secondo Pierre Janet, il primo studioso ad occuparsi del trauma psichico, la funzione della mente \u00e8 di organizzare l\u2019esperienza, creando coerenza e attribuendo significati adeguati. Questa funzione di integrazione pu\u00f2 essere ostacolata quando ci troviamo a fronteggiare uno \u201cstimolo eccessivo\u201d.<\/p>\n<p>Gli eventi che possono verificarsi nel corso della vita di una persona potenzialmente <i>traumatici<\/i> sono molteplici.<\/p>\n<p class=\"p1\">Alcuni sono casuali e difficilmente prevenibili, altri sono causati dagli esseri umani. Possono verificarsi traumi <i>individuali, <\/i>vale a dire che riguardano soltanto il singolo, come gli incidenti automobilistici, l\u2019essere vittima di un\u2019aggressione fisica, di una rapina o di un furto, una diagnosi medica imprevista con una prognosi infausta. Altri traumi sono <i>collettivi<\/i>, cio\u00e8 interessano una pluralit\u00e0 di persone. Il trauma collettivo maggiormente studiato in psicologia \u00e8 costituito dalla <i>guerra<\/i> che implica lutti plurimi, uno stato di minaccia incessante, un senso di allarme ricorrente, un\u2019intensa stimolazione sensoriale. Alcuni tipi di trauma collettivo sono le <i>catastrofi naturali<\/i>, come il terremoto che ha colpito l\u2019Italia centrale nel 2012 e che ha causato 309 vittime e oltre 1600 feriti o il maremoto dell\u2019Oceano Indiano avvenuto nel 2004. Altri tipi riguardano <i>catastrofi civili e tecnologiche<\/i> tra cui crolli di immobili o di infrastrutture, pensiamo ad esempio al disastro del Viadotto Polcevera, noto anche come\u00a0ponte Morandi. Se consideriamo l\u2019attentato terroristico alle Torri Gemelle del 2001, notiamo che la maggior parte della popolazione rammenta il momento esatto in cui \u00e8 avvenuto il disastro, alcuni di noi ricorderanno anche dove erano e con chi oppure cosa stavano facendo.<span class=\"Apple-converted-space\">\u00a0 <\/span>Citiamo anche le <i>catastrofi sociali<\/i> come quella che stiamo affrontando attualmente. La pandemia causata dal COVID 19 si configura a tutti gli effetti come un evento traumatico sociosanitario collettivo: \u00e8 una ferita nel tessuto civile della popolazione.<\/p>\n<p class=\"p2\"><span class=\"s1\">Secondo un\u2019indagine condotta dalla Fondazione Soleterre, che si occupa di fornire assistenza psicologica a persone che hanno contratto il Covid, il 60% degli intervistati sente di aver vissuto un trauma. <\/span><span class=\"s2\">Sia la pandemia che le misure implementate come il distanziamento sociale hanno sconvolto la vita e il benessere delle persone in molti paesi in tutto il mondo <\/span>(Alghamdi et al., 2021)<span class=\"s2\">.\u00a0<\/span><span class=\"s1\">Nel linguaggio quotidiano si notano ormai espressioni come \u201cprima del covid\u201d per riferirsi ad eventi accaduti prima di marzo 2020. Una caratteristica importante degli eventi traumatici, infatti, \u00e8 che rappresentano eventi \u201cspartiacque\u201d nella vita di chi li subisce. <\/span><\/p>\n<p class=\"p1\">In riferimento ai traumi individuali \u00e8 noto, dai vari studi condotti, che, nella vita di una persona, la probabilit\u00e0 di affrontare un\u2019esperienza traumatica oscilla tra il 40 e il 75%. Sebbene la percentuale sia piuttosto alta, non tutti i coloro i quali subiscono un evento traumatico sviluppano una forma di disagio clinicamente rilevante. Dunque, sembra lecito chiedersi quali siano i fattori che possono rendere pi\u00f9 o meno probabile l\u2019insorgenza di un disturbo.<\/p>\n<p class=\"p1\">Diverse cause aumentano o diminuiscono la probabilit\u00e0 che le persone sperimentino un disagio psicologico in seguito ad un evento traumatico. In psicologia si chiamano <i>fattori di rischio<\/i> e <i>fattori protettivi<\/i> e sono riconducibili sia al <i>tipo di trauma<\/i> subito sia alla <i>persona<\/i> che lo subisce.<span class=\"Apple-converted-space\">\u00a0 <\/span>Questi fattori coesistono e si influenzano reciprocamente. Per quanto riguarda i fattori di rischio legati al <i>tipo di trauma<\/i>, possiamo notare come alcuni eventi siano pi\u00f9 difficili da elaborare per le loro caratteristiche intrinseche: quanto pi\u00f9 l\u2019evento \u00e8 inaspettato, acuto, non controllabile ed inevitabile tanto pi\u00f9 sar\u00e0 di difficile gestione.<span class=\"Apple-converted-space\">\u00a0 <\/span>I fattori di rischio <i>legati alla persona<\/i> che subisce il trauma sono la presenza di precedenti disturbi psicologici o psichiatrici, l\u2019abuso di alcol o di altre sostanze psicotrope, la presenza di vulnerabilit\u00e0 alla depressione, aver subito altri eventi traumatici, la tendenza a reagire con evitamento, con autocolpevolizzazione o con ruminazione. Tra i <i>fattori protettivi, <\/i>cio\u00e8 che rendono possibile una reazione meno intensa, vi sono maggiori capacit\u00e0 di introspezione, elevato senso di autoefficacia percepita, capacit\u00e0 di apprendere dall\u2019esperienza, elasticit\u00e0 mentale, maggiore attitudine alla speranza.<\/p>\n<p class=\"p1\">Il Manuale Statistico dei Disturbi Mentali, giunto alla sua quinta edizione, dedica un intero capitolo al gruppo dei \u201cdisturbi correlati a eventi traumatici\u201d, al cui interno ritroviamo il noto <a href=\"https:\/\/www.centronovamentis.it\/disturbi-da-stress\/disturbo-post-traumatico-da-stress\/\"><strong>Disturbo da stress post traumatico<\/strong><\/a><i> (PTSD) <\/i>ma la letteratura scientifica sottolinea come gli eventi traumatici siano da considerarsi fattori <i>aspecifici<\/i> che possono aumentare la probabilit\u00e0 di comparsa di qualsiasi malattia fisica e mentale: gli effetti sono tangibili non soltanto sullo sviluppo psicologico e neurobiologico ma anche sul sistema immunitario, oggi si parla di <i>psiconeuroendrocrinoimmunologia<\/i> (Bottaccioli e Bottaccioli, 2016) per riferirci alle alterazioni del funzionamento immunitario causate da situazioni di stress acuto.<\/p>\n<p class=\"p2\">\u00c8 innegabile che il cervello pu\u00f2 sanare le ferite emotive ma questo processo di auto guarigione \u00e8 spesso ostacolato o difficilmente attuabile. Quando il disagio \u00e8 troppo intenso o troppo prolungato nel tempo o ha un impatto smisurato sulla qualit\u00e0 della vita della persona \u00e8 necessario chiedere aiuto ad un professionista della salute mentale.<\/p>\n<p class=\"p2\"><b>Bibliografia e Sitografia <\/b><\/p>\n<p class=\"p4\"><span class=\"s3\">APA.org<\/span><\/p>\n<p class=\"p5\"><span class=\"s3\">Alghamdi et\u00a0al., 2021<\/span><\/p>\n<p class=\"p6\">B.S.\u00a0Alghamdi,\u00a0Y.\u00a0Alatawi,\u00a0F.S.\u00a0Alshehri,\u00a0H.O.\u00a0Tayeb,\u00a0F.I.\u00a0Tarazi <b>Relationship between public mental health and immune status during the COVID-19 pandemic: cross-sectional data from Saudi Arabia<\/b> Risk. Manag. Healthc. Policy,\u00a014\u00a0(2021), pp.\u00a01439-1447<\/p>\n<p class=\"p2\">Onofri A., La Rosa C., Trauma, abuso e violenza: andare oltre il dolore, Edizioni San Paolo, 2017.<\/p>\n","protected":false},"excerpt":{"rendered":"<p>Il trauma pu\u00f2 essere descritto come qualcosa di tremendo che avviene improvvisamente e che causa in chi lo vive sentimenti di impotenza e sopraffazione. Secondo Pierre Janet, il primo studioso ad occuparsi del trauma psichico, la funzione della mente \u00e8 di organizzare l\u2019esperienza, creando coerenza e attribuendo significati adeguati. Questa funzione di integrazione pu\u00f2 essere ostacolata quando ci troviamo a fronteggiare uno \u201cstimolo eccessivo\u201d. Gli eventi che possono verificarsi nel<\/p>\n<p><a class=\"continue-reading\" href=\"https:\/\/www.article-marketing.eu\/comunicatistampa\/trauma-psicologico-e-impatto-sulla-salute\/\">Continue reading&#8230;<\/a><\/p>\n","protected":false},"author":229,"featured_media":0,"comment_status":"open","ping_status":"open","sticky":false,"template":"","format":"standard","meta":{"_monsterinsights_skip_tracking":false,"_monsterinsights_sitenote_active":false,"_monsterinsights_sitenote_note":"","_monsterinsights_sitenote_category":0,"footnotes":""},"categories":[369],"tags":[],"class_list":["post-20481","post","type-post","status-publish","format-standard","hentry","category-salute-e-benessere"],"yoast_head":"<!-- This site is optimized with the Yoast SEO plugin v27.3 - https:\/\/yoast.com\/product\/yoast-seo-wordpress\/ -->\n<title>Trauma psicologico e impatto sulla salute - Article Marketing<\/title>\n<meta name=\"robots\" content=\"index, follow, max-snippet:-1, max-image-preview:large, max-video-preview:-1\" \/>\n<link rel=\"canonical\" href=\"https:\/\/www.article-marketing.eu\/comunicatistampa\/trauma-psicologico-e-impatto-sulla-salute\/\" \/>\n<meta property=\"og:locale\" content=\"it_IT\" \/>\n<meta property=\"og:type\" content=\"article\" \/>\n<meta property=\"og:title\" content=\"Trauma psicologico e impatto sulla salute - Article Marketing\" \/>\n<meta property=\"og:description\" content=\"Il trauma pu\u00f2 essere descritto come qualcosa di tremendo che avviene improvvisamente e che causa in chi lo vive sentimenti di impotenza e sopraffazione. Secondo Pierre Janet, il primo studioso ad occuparsi del trauma psichico, la funzione della mente \u00e8 di organizzare l\u2019esperienza, creando coerenza e attribuendo significati adeguati. Questa funzione di integrazione pu\u00f2 essere ostacolata quando ci troviamo a fronteggiare uno \u201cstimolo eccessivo\u201d. Gli eventi che possono verificarsi nelContinue reading...\" \/>\n<meta property=\"og:url\" content=\"https:\/\/www.article-marketing.eu\/comunicatistampa\/trauma-psicologico-e-impatto-sulla-salute\/\" \/>\n<meta property=\"og:site_name\" content=\"Article Marketing\" \/>\n<meta property=\"article:published_time\" content=\"2021-10-22T12:04:06+00:00\" \/>\n<meta name=\"author\" content=\"Antonio Rancili\" \/>\n<meta name=\"twitter:card\" content=\"summary_large_image\" \/>\n<meta name=\"twitter:label1\" content=\"Scritto da\" \/>\n\t<meta name=\"twitter:data1\" content=\"Antonio Rancili\" \/>\n\t<meta name=\"twitter:label2\" content=\"Tempo di lettura stimato\" \/>\n\t<meta name=\"twitter:data2\" content=\"4 minuti\" \/>\n<script type=\"application\/ld+json\" class=\"yoast-schema-graph\">{\"@context\":\"https:\\\/\\\/schema.org\",\"@graph\":[{\"@type\":\"Article\",\"@id\":\"https:\\\/\\\/www.article-marketing.eu\\\/comunicatistampa\\\/trauma-psicologico-e-impatto-sulla-salute\\\/#article\",\"isPartOf\":{\"@id\":\"https:\\\/\\\/www.article-marketing.eu\\\/comunicatistampa\\\/trauma-psicologico-e-impatto-sulla-salute\\\/\"},\"author\":{\"name\":\"Antonio Rancili\",\"@id\":\"https:\\\/\\\/www.article-marketing.eu\\\/comunicatistampa\\\/#\\\/schema\\\/person\\\/34fd137e0685aea910c18a84c31fa5d2\"},\"headline\":\"Trauma psicologico e impatto sulla salute\",\"datePublished\":\"2021-10-22T12:04:06+00:00\",\"mainEntityOfPage\":{\"@id\":\"https:\\\/\\\/www.article-marketing.eu\\\/comunicatistampa\\\/trauma-psicologico-e-impatto-sulla-salute\\\/\"},\"wordCount\":868,\"commentCount\":0,\"articleSection\":[\"Salute e benessere\"],\"inLanguage\":\"it-IT\",\"potentialAction\":[{\"@type\":\"CommentAction\",\"name\":\"Comment\",\"target\":[\"https:\\\/\\\/www.article-marketing.eu\\\/comunicatistampa\\\/trauma-psicologico-e-impatto-sulla-salute\\\/#respond\"]}]},{\"@type\":\"WebPage\",\"@id\":\"https:\\\/\\\/www.article-marketing.eu\\\/comunicatistampa\\\/trauma-psicologico-e-impatto-sulla-salute\\\/\",\"url\":\"https:\\\/\\\/www.article-marketing.eu\\\/comunicatistampa\\\/trauma-psicologico-e-impatto-sulla-salute\\\/\",\"name\":\"Trauma psicologico e impatto sulla salute - Article Marketing\",\"isPartOf\":{\"@id\":\"https:\\\/\\\/www.article-marketing.eu\\\/comunicatistampa\\\/#website\"},\"datePublished\":\"2021-10-22T12:04:06+00:00\",\"author\":{\"@id\":\"https:\\\/\\\/www.article-marketing.eu\\\/comunicatistampa\\\/#\\\/schema\\\/person\\\/34fd137e0685aea910c18a84c31fa5d2\"},\"breadcrumb\":{\"@id\":\"https:\\\/\\\/www.article-marketing.eu\\\/comunicatistampa\\\/trauma-psicologico-e-impatto-sulla-salute\\\/#breadcrumb\"},\"inLanguage\":\"it-IT\",\"potentialAction\":[{\"@type\":\"ReadAction\",\"target\":[\"https:\\\/\\\/www.article-marketing.eu\\\/comunicatistampa\\\/trauma-psicologico-e-impatto-sulla-salute\\\/\"]}]},{\"@type\":\"BreadcrumbList\",\"@id\":\"https:\\\/\\\/www.article-marketing.eu\\\/comunicatistampa\\\/trauma-psicologico-e-impatto-sulla-salute\\\/#breadcrumb\",\"itemListElement\":[{\"@type\":\"ListItem\",\"position\":1,\"name\":\"Home\",\"item\":\"https:\\\/\\\/www.article-marketing.eu\\\/comunicatistampa\\\/\"},{\"@type\":\"ListItem\",\"position\":2,\"name\":\"Trauma psicologico e impatto sulla salute\"}]},{\"@type\":\"WebSite\",\"@id\":\"https:\\\/\\\/www.article-marketing.eu\\\/comunicatistampa\\\/#website\",\"url\":\"https:\\\/\\\/www.article-marketing.eu\\\/comunicatistampa\\\/\",\"name\":\"Article Marketing\",\"description\":\"article marketing &amp; press release\",\"potentialAction\":[{\"@type\":\"SearchAction\",\"target\":{\"@type\":\"EntryPoint\",\"urlTemplate\":\"https:\\\/\\\/www.article-marketing.eu\\\/comunicatistampa\\\/?s={search_term_string}\"},\"query-input\":{\"@type\":\"PropertyValueSpecification\",\"valueRequired\":true,\"valueName\":\"search_term_string\"}}],\"inLanguage\":\"it-IT\"},{\"@type\":\"Person\",\"@id\":\"https:\\\/\\\/www.article-marketing.eu\\\/comunicatistampa\\\/#\\\/schema\\\/person\\\/34fd137e0685aea910c18a84c31fa5d2\",\"name\":\"Antonio Rancili\",\"image\":{\"@type\":\"ImageObject\",\"inLanguage\":\"it-IT\",\"@id\":\"https:\\\/\\\/secure.gravatar.com\\\/avatar\\\/2e4ea2255d7b1aea670080ca17266f450c08bfaaef7450de4da4b3abb77c52e8?s=96&d=mm&r=g\",\"url\":\"https:\\\/\\\/secure.gravatar.com\\\/avatar\\\/2e4ea2255d7b1aea670080ca17266f450c08bfaaef7450de4da4b3abb77c52e8?s=96&d=mm&r=g\",\"contentUrl\":\"https:\\\/\\\/secure.gravatar.com\\\/avatar\\\/2e4ea2255d7b1aea670080ca17266f450c08bfaaef7450de4da4b3abb77c52e8?s=96&d=mm&r=g\",\"caption\":\"Antonio Rancili\"},\"url\":\"https:\\\/\\\/www.article-marketing.eu\\\/comunicatistampa\\\/author\\\/marcodesangro\\\/\"}]}<\/script>\n<!-- \/ Yoast SEO plugin. -->","yoast_head_json":{"title":"Trauma psicologico e impatto sulla salute - Article Marketing","robots":{"index":"index","follow":"follow","max-snippet":"max-snippet:-1","max-image-preview":"max-image-preview:large","max-video-preview":"max-video-preview:-1"},"canonical":"https:\/\/www.article-marketing.eu\/comunicatistampa\/trauma-psicologico-e-impatto-sulla-salute\/","og_locale":"it_IT","og_type":"article","og_title":"Trauma psicologico e impatto sulla salute - Article Marketing","og_description":"Il trauma pu\u00f2 essere descritto come qualcosa di tremendo che avviene improvvisamente e che causa in chi lo vive sentimenti di impotenza e sopraffazione. Secondo Pierre Janet, il primo studioso ad occuparsi del trauma psichico, la funzione della mente \u00e8 di organizzare l\u2019esperienza, creando coerenza e attribuendo significati adeguati. Questa funzione di integrazione pu\u00f2 essere ostacolata quando ci troviamo a fronteggiare uno \u201cstimolo eccessivo\u201d. Gli eventi che possono verificarsi nelContinue reading...","og_url":"https:\/\/www.article-marketing.eu\/comunicatistampa\/trauma-psicologico-e-impatto-sulla-salute\/","og_site_name":"Article Marketing","article_published_time":"2021-10-22T12:04:06+00:00","author":"Antonio Rancili","twitter_card":"summary_large_image","twitter_misc":{"Scritto da":"Antonio Rancili","Tempo di lettura stimato":"4 minuti"},"schema":{"@context":"https:\/\/schema.org","@graph":[{"@type":"Article","@id":"https:\/\/www.article-marketing.eu\/comunicatistampa\/trauma-psicologico-e-impatto-sulla-salute\/#article","isPartOf":{"@id":"https:\/\/www.article-marketing.eu\/comunicatistampa\/trauma-psicologico-e-impatto-sulla-salute\/"},"author":{"name":"Antonio Rancili","@id":"https:\/\/www.article-marketing.eu\/comunicatistampa\/#\/schema\/person\/34fd137e0685aea910c18a84c31fa5d2"},"headline":"Trauma psicologico e impatto sulla salute","datePublished":"2021-10-22T12:04:06+00:00","mainEntityOfPage":{"@id":"https:\/\/www.article-marketing.eu\/comunicatistampa\/trauma-psicologico-e-impatto-sulla-salute\/"},"wordCount":868,"commentCount":0,"articleSection":["Salute e benessere"],"inLanguage":"it-IT","potentialAction":[{"@type":"CommentAction","name":"Comment","target":["https:\/\/www.article-marketing.eu\/comunicatistampa\/trauma-psicologico-e-impatto-sulla-salute\/#respond"]}]},{"@type":"WebPage","@id":"https:\/\/www.article-marketing.eu\/comunicatistampa\/trauma-psicologico-e-impatto-sulla-salute\/","url":"https:\/\/www.article-marketing.eu\/comunicatistampa\/trauma-psicologico-e-impatto-sulla-salute\/","name":"Trauma psicologico e impatto sulla salute - Article Marketing","isPartOf":{"@id":"https:\/\/www.article-marketing.eu\/comunicatistampa\/#website"},"datePublished":"2021-10-22T12:04:06+00:00","author":{"@id":"https:\/\/www.article-marketing.eu\/comunicatistampa\/#\/schema\/person\/34fd137e0685aea910c18a84c31fa5d2"},"breadcrumb":{"@id":"https:\/\/www.article-marketing.eu\/comunicatistampa\/trauma-psicologico-e-impatto-sulla-salute\/#breadcrumb"},"inLanguage":"it-IT","potentialAction":[{"@type":"ReadAction","target":["https:\/\/www.article-marketing.eu\/comunicatistampa\/trauma-psicologico-e-impatto-sulla-salute\/"]}]},{"@type":"BreadcrumbList","@id":"https:\/\/www.article-marketing.eu\/comunicatistampa\/trauma-psicologico-e-impatto-sulla-salute\/#breadcrumb","itemListElement":[{"@type":"ListItem","position":1,"name":"Home","item":"https:\/\/www.article-marketing.eu\/comunicatistampa\/"},{"@type":"ListItem","position":2,"name":"Trauma psicologico e impatto sulla salute"}]},{"@type":"WebSite","@id":"https:\/\/www.article-marketing.eu\/comunicatistampa\/#website","url":"https:\/\/www.article-marketing.eu\/comunicatistampa\/","name":"Article Marketing","description":"article marketing &amp; press release","potentialAction":[{"@type":"SearchAction","target":{"@type":"EntryPoint","urlTemplate":"https:\/\/www.article-marketing.eu\/comunicatistampa\/?s={search_term_string}"},"query-input":{"@type":"PropertyValueSpecification","valueRequired":true,"valueName":"search_term_string"}}],"inLanguage":"it-IT"},{"@type":"Person","@id":"https:\/\/www.article-marketing.eu\/comunicatistampa\/#\/schema\/person\/34fd137e0685aea910c18a84c31fa5d2","name":"Antonio Rancili","image":{"@type":"ImageObject","inLanguage":"it-IT","@id":"https:\/\/secure.gravatar.com\/avatar\/2e4ea2255d7b1aea670080ca17266f450c08bfaaef7450de4da4b3abb77c52e8?s=96&d=mm&r=g","url":"https:\/\/secure.gravatar.com\/avatar\/2e4ea2255d7b1aea670080ca17266f450c08bfaaef7450de4da4b3abb77c52e8?s=96&d=mm&r=g","contentUrl":"https:\/\/secure.gravatar.com\/avatar\/2e4ea2255d7b1aea670080ca17266f450c08bfaaef7450de4da4b3abb77c52e8?s=96&d=mm&r=g","caption":"Antonio Rancili"},"url":"https:\/\/www.article-marketing.eu\/comunicatistampa\/author\/marcodesangro\/"}]}},"_links":{"self":[{"href":"https:\/\/www.article-marketing.eu\/comunicatistampa\/wp-json\/wp\/v2\/posts\/20481","targetHints":{"allow":["GET"]}}],"collection":[{"href":"https:\/\/www.article-marketing.eu\/comunicatistampa\/wp-json\/wp\/v2\/posts"}],"about":[{"href":"https:\/\/www.article-marketing.eu\/comunicatistampa\/wp-json\/wp\/v2\/types\/post"}],"author":[{"embeddable":true,"href":"https:\/\/www.article-marketing.eu\/comunicatistampa\/wp-json\/wp\/v2\/users\/229"}],"replies":[{"embeddable":true,"href":"https:\/\/www.article-marketing.eu\/comunicatistampa\/wp-json\/wp\/v2\/comments?post=20481"}],"version-history":[{"count":4,"href":"https:\/\/www.article-marketing.eu\/comunicatistampa\/wp-json\/wp\/v2\/posts\/20481\/revisions"}],"predecessor-version":[{"id":20668,"href":"https:\/\/www.article-marketing.eu\/comunicatistampa\/wp-json\/wp\/v2\/posts\/20481\/revisions\/20668"}],"wp:attachment":[{"href":"https:\/\/www.article-marketing.eu\/comunicatistampa\/wp-json\/wp\/v2\/media?parent=20481"}],"wp:term":[{"taxonomy":"category","embeddable":true,"href":"https:\/\/www.article-marketing.eu\/comunicatistampa\/wp-json\/wp\/v2\/categories?post=20481"},{"taxonomy":"post_tag","embeddable":true,"href":"https:\/\/www.article-marketing.eu\/comunicatistampa\/wp-json\/wp\/v2\/tags?post=20481"}],"curies":[{"name":"wp","href":"https:\/\/api.w.org\/{rel}","templated":true}]}}