{"id":20561,"date":"2021-10-15T15:05:07","date_gmt":"2021-10-15T13:05:07","guid":{"rendered":"https:\/\/www.article-marketing.eu\/comunicatistampa\/?p=20561"},"modified":"2021-10-15T15:05:07","modified_gmt":"2021-10-15T13:05:07","slug":"a-bergamo-i-massimi-esperti-discutono-il-valore-della-crisi","status":"publish","type":"post","link":"https:\/\/www.article-marketing.eu\/comunicatistampa\/a-bergamo-i-massimi-esperti-discutono-il-valore-della-crisi\/","title":{"rendered":"A Bergamo i massimi esperti discutono \u201cil valore della crisi\u201d"},"content":{"rendered":"<p><strong>La sfida per giudici, professionisti e docenti universitari sar\u00e0 partire dal valore della crisi per <\/strong><strong>accendere una riflessione sulle principali necessit\u00e0 delle imprese, per affrontare il periodo post pandemico e andare incontro alle aziende in difficolt\u00e0 e al sistema economico attuale con tutti gli strumenti possibili da un punto di vista economico, finanziario, legale, fiscale e contributivo.<\/strong><\/p>\n<p>&nbsp;<\/p>\n<p>L\u2019impresa in crisi, le sue opportunit\u00e0 e i suoi strumenti in un mercato che cambia in un contesto normativo in costante evoluzione a causa dell\u2019emergenza Covid-19. <strong>Venerd\u00ec 15 e sabato 16 ottobre<\/strong>, al Seminario Vescovile di Bergamo Alta, alcuni tra i massimi esperti italiani sulla materia affronteranno un\u2019analisi a tutto campo sul tema cruciale della <strong>crisi d\u2019impresa<\/strong>,<\/p>\n<p>&nbsp;<\/p>\n<p>La discussione prender\u00e0 il via dall\u2019approvazione da parte del Consiglio dei Ministri del <strong>Decreto legge 118\/2021<\/strong>, che ha introdotto misure urgenti in materia di crisi d\u2019impresa e risanamento aziendale e, come sottolinea <strong>Simona Bonomelli<\/strong>, presidente dell\u2019Ordine dei dottori commercialisti e degli esperti contabili di Bergamo che organizza la due giorni \u201c<em>Il momento storico conosce una fase delicata della vita delle imprese italiane. Da un lato il Governo \u00e8 preoccupato di stimolare la ripartenza e mettere in campo le riforme da tempo auspicate, fra le quali appunto quella del Codice della Crisi d\u2019impresa, dall\u2019altro il tessuto imprenditoriale \u00e8 gi\u00e0 provato dalle difficolt\u00e0 provocate dall\u2019emergenza sanitaria che hanno costretto gli imprenditori ad affrontare rapidamente molti cambiamenti nell\u2019organizzazione delle loro attivit\u00e0\u201d.<\/em><\/p>\n<p><em>\u00a0<\/em><\/p>\n<p>Saranno analizzate le novit\u00e0 principali che entrano sin da subito in vigore e quali istituti del nuovo Codice della crisi di impresa dovranno invece attendere ancora. \u00a0Il D.L. n. 118\/2021 ha introdotto una serie di rinvii legati all\u2019entrata in vigore del Codice della crisi d\u2019impresa, gi\u00e0 frutto di precedenti proroghe. L\u2019effetto \u00e8 che alcuni istituti sono stati rinviati, mentre altri, come gli \u201caccordi ad efficacia estesa\u201d, sono disponibili fin da subito.<\/p>\n<p>&nbsp;<\/p>\n<p>Attesi, tra i massimi esperti della materia, anche <strong>Luciano Panzani<\/strong>, gi\u00e0 Presidente della Corte d\u2019Appello di Roma, <strong>Salvo Leuzzi <\/strong>Magistrato addetto al Massimario e al Ruolo della Corte Suprema di Cassazione, <strong>Rinaldo D\u2019Alonzo<\/strong>, Giudice nel Tribunale di Larino, <strong>Marco Lualdi<\/strong>, Presidente di Sezione nel Tribunale di Busto Arsizio, <strong>Mauro Vitiello<\/strong>, Sostituto Procuratore Generale presso la Suprema Corte di Cassazione, <strong>Giuseppe Bozza<\/strong>, gi\u00e0 Presidente del Tribunale di Vicenza, <strong>Bruno Conca<\/strong>, giudice nel Tribunale di Bergamo, <strong>Valentino Lenoci<\/strong>, Consigliere nella Corte d\u2019Appello di Bari, <strong>Giampaolo Macagno<\/strong>, Consigliere nella Corte d\u2019Appello di Torino, <strong>Lucia De Bernardin<\/strong>, Giudice nel Tribunale di Catania, Laura De Simone, <strong>Presidente di Sezione del Tribunale di Bergamo. <\/strong>Non mancheranno gli interventi dei massimi esperti universitari e dei rappresentanti delle diverse categorie professionali. per info: <a href=\"https:\/\/www.odcec.bg.it\/\">https:\/\/www.odcec.bg.it\/<\/a><\/p>\n","protected":false},"excerpt":{"rendered":"<p>La sfida per giudici, professionisti e docenti universitari sar\u00e0 partire dal valore della crisi per accendere una riflessione sulle principali necessit\u00e0 delle imprese, per affrontare il periodo post pandemico e andare incontro alle aziende in difficolt\u00e0 e al sistema economico attuale con tutti gli strumenti possibili da un punto di vista economico, finanziario, legale, fiscale e contributivo. &nbsp; L\u2019impresa in crisi, le sue opportunit\u00e0 e i suoi strumenti in un<\/p>\n<p><a class=\"continue-reading\" href=\"https:\/\/www.article-marketing.eu\/comunicatistampa\/a-bergamo-i-massimi-esperti-discutono-il-valore-della-crisi\/\">Continue reading&#8230;<\/a><\/p>\n","protected":false},"author":1855,"featured_media":0,"comment_status":"open","ping_status":"open","sticky":false,"template":"","format":"standard","meta":{"_monsterinsights_skip_tracking":false,"_monsterinsights_sitenote_active":false,"_monsterinsights_sitenote_note":"","_monsterinsights_sitenote_category":0,"footnotes":""},"categories":[386],"tags":[6332,8692],"class_list":["post-20561","post","type-post","status-publish","format-standard","hentry","category-economia-e-lavoro","tag-odcec","tag-simona-bonomelli"],"yoast_head":"<!-- This site is optimized with the Yoast SEO plugin v27.3 - https:\/\/yoast.com\/product\/yoast-seo-wordpress\/ -->\n<title>A Bergamo i massimi esperti discutono \u201cil valore della crisi\u201d<\/title>\n<meta name=\"robots\" content=\"index, follow, max-snippet:-1, max-image-preview:large, max-video-preview:-1\" \/>\n<link rel=\"canonical\" href=\"https:\/\/www.article-marketing.eu\/comunicatistampa\/a-bergamo-i-massimi-esperti-discutono-il-valore-della-crisi\/\" \/>\n<meta property=\"og:locale\" content=\"it_IT\" \/>\n<meta property=\"og:type\" content=\"article\" \/>\n<meta property=\"og:title\" content=\"A Bergamo i massimi esperti discutono \u201cil valore della crisi\u201d\" \/>\n<meta property=\"og:description\" content=\"La sfida per giudici, professionisti e docenti universitari sar\u00e0 partire dal valore della crisi per accendere una riflessione sulle principali necessit\u00e0 delle imprese, per affrontare il periodo post pandemico e andare incontro alle aziende in difficolt\u00e0 e al sistema economico attuale con tutti gli strumenti possibili da un punto di vista economico, finanziario, legale, fiscale e contributivo. &nbsp; L\u2019impresa in crisi, le sue opportunit\u00e0 e i suoi strumenti in unContinue reading...\" \/>\n<meta property=\"og:url\" content=\"https:\/\/www.article-marketing.eu\/comunicatistampa\/a-bergamo-i-massimi-esperti-discutono-il-valore-della-crisi\/\" \/>\n<meta property=\"og:site_name\" content=\"Article Marketing\" \/>\n<meta property=\"article:published_time\" content=\"2021-10-15T13:05:07+00:00\" \/>\n<meta name=\"author\" content=\"Redaclem\" \/>\n<meta name=\"twitter:card\" content=\"summary_large_image\" \/>\n<meta name=\"twitter:label1\" content=\"Scritto da\" \/>\n\t<meta name=\"twitter:data1\" content=\"Redaclem\" \/>\n\t<meta name=\"twitter:label2\" content=\"Tempo di lettura stimato\" \/>\n\t<meta name=\"twitter:data2\" content=\"2 minuti\" \/>\n<script type=\"application\/ld+json\" class=\"yoast-schema-graph\">{\"@context\":\"https:\\\/\\\/schema.org\",\"@graph\":[{\"@type\":\"Article\",\"@id\":\"https:\\\/\\\/www.article-marketing.eu\\\/comunicatistampa\\\/a-bergamo-i-massimi-esperti-discutono-il-valore-della-crisi\\\/#article\",\"isPartOf\":{\"@id\":\"https:\\\/\\\/www.article-marketing.eu\\\/comunicatistampa\\\/a-bergamo-i-massimi-esperti-discutono-il-valore-della-crisi\\\/\"},\"author\":{\"name\":\"Redaclem\",\"@id\":\"https:\\\/\\\/www.article-marketing.eu\\\/comunicatistampa\\\/#\\\/schema\\\/person\\\/c0aa725eee5df8460e0adf901fde0c88\"},\"headline\":\"A Bergamo i massimi esperti discutono \u201cil valore della crisi\u201d\",\"datePublished\":\"2021-10-15T13:05:07+00:00\",\"mainEntityOfPage\":{\"@id\":\"https:\\\/\\\/www.article-marketing.eu\\\/comunicatistampa\\\/a-bergamo-i-massimi-esperti-discutono-il-valore-della-crisi\\\/\"},\"wordCount\":458,\"commentCount\":0,\"keywords\":[\"#odcec\",\"#Simona Bonomelli\"],\"articleSection\":[\"Economia e lavoro\"],\"inLanguage\":\"it-IT\",\"potentialAction\":[{\"@type\":\"CommentAction\",\"name\":\"Comment\",\"target\":[\"https:\\\/\\\/www.article-marketing.eu\\\/comunicatistampa\\\/a-bergamo-i-massimi-esperti-discutono-il-valore-della-crisi\\\/#respond\"]}]},{\"@type\":\"WebPage\",\"@id\":\"https:\\\/\\\/www.article-marketing.eu\\\/comunicatistampa\\\/a-bergamo-i-massimi-esperti-discutono-il-valore-della-crisi\\\/\",\"url\":\"https:\\\/\\\/www.article-marketing.eu\\\/comunicatistampa\\\/a-bergamo-i-massimi-esperti-discutono-il-valore-della-crisi\\\/\",\"name\":\"A Bergamo i massimi esperti discutono \u201cil valore della crisi\u201d\",\"isPartOf\":{\"@id\":\"https:\\\/\\\/www.article-marketing.eu\\\/comunicatistampa\\\/#website\"},\"datePublished\":\"2021-10-15T13:05:07+00:00\",\"author\":{\"@id\":\"https:\\\/\\\/www.article-marketing.eu\\\/comunicatistampa\\\/#\\\/schema\\\/person\\\/c0aa725eee5df8460e0adf901fde0c88\"},\"breadcrumb\":{\"@id\":\"https:\\\/\\\/www.article-marketing.eu\\\/comunicatistampa\\\/a-bergamo-i-massimi-esperti-discutono-il-valore-della-crisi\\\/#breadcrumb\"},\"inLanguage\":\"it-IT\",\"potentialAction\":[{\"@type\":\"ReadAction\",\"target\":[\"https:\\\/\\\/www.article-marketing.eu\\\/comunicatistampa\\\/a-bergamo-i-massimi-esperti-discutono-il-valore-della-crisi\\\/\"]}]},{\"@type\":\"BreadcrumbList\",\"@id\":\"https:\\\/\\\/www.article-marketing.eu\\\/comunicatistampa\\\/a-bergamo-i-massimi-esperti-discutono-il-valore-della-crisi\\\/#breadcrumb\",\"itemListElement\":[{\"@type\":\"ListItem\",\"position\":1,\"name\":\"Home\",\"item\":\"https:\\\/\\\/www.article-marketing.eu\\\/comunicatistampa\\\/\"},{\"@type\":\"ListItem\",\"position\":2,\"name\":\"A Bergamo i massimi esperti discutono \u201cil valore della crisi\u201d\"}]},{\"@type\":\"WebSite\",\"@id\":\"https:\\\/\\\/www.article-marketing.eu\\\/comunicatistampa\\\/#website\",\"url\":\"https:\\\/\\\/www.article-marketing.eu\\\/comunicatistampa\\\/\",\"name\":\"Article Marketing\",\"description\":\"article marketing &amp; press release\",\"potentialAction\":[{\"@type\":\"SearchAction\",\"target\":{\"@type\":\"EntryPoint\",\"urlTemplate\":\"https:\\\/\\\/www.article-marketing.eu\\\/comunicatistampa\\\/?s={search_term_string}\"},\"query-input\":{\"@type\":\"PropertyValueSpecification\",\"valueRequired\":true,\"valueName\":\"search_term_string\"}}],\"inLanguage\":\"it-IT\"},{\"@type\":\"Person\",\"@id\":\"https:\\\/\\\/www.article-marketing.eu\\\/comunicatistampa\\\/#\\\/schema\\\/person\\\/c0aa725eee5df8460e0adf901fde0c88\",\"name\":\"Redaclem\",\"image\":{\"@type\":\"ImageObject\",\"inLanguage\":\"it-IT\",\"@id\":\"https:\\\/\\\/secure.gravatar.com\\\/avatar\\\/4c7e41f332a0583344a91d7d39723533da9b2d0df7737c2d8c69553168c2191e?s=96&d=mm&r=g\",\"url\":\"https:\\\/\\\/secure.gravatar.com\\\/avatar\\\/4c7e41f332a0583344a91d7d39723533da9b2d0df7737c2d8c69553168c2191e?s=96&d=mm&r=g\",\"contentUrl\":\"https:\\\/\\\/secure.gravatar.com\\\/avatar\\\/4c7e41f332a0583344a91d7d39723533da9b2d0df7737c2d8c69553168c2191e?s=96&d=mm&r=g\",\"caption\":\"Redaclem\"},\"url\":\"https:\\\/\\\/www.article-marketing.eu\\\/comunicatistampa\\\/author\\\/redaclem\\\/\"}]}<\/script>\n<!-- \/ Yoast SEO plugin. -->","yoast_head_json":{"title":"A Bergamo i massimi esperti discutono \u201cil valore della crisi\u201d","robots":{"index":"index","follow":"follow","max-snippet":"max-snippet:-1","max-image-preview":"max-image-preview:large","max-video-preview":"max-video-preview:-1"},"canonical":"https:\/\/www.article-marketing.eu\/comunicatistampa\/a-bergamo-i-massimi-esperti-discutono-il-valore-della-crisi\/","og_locale":"it_IT","og_type":"article","og_title":"A Bergamo i massimi esperti discutono \u201cil valore della crisi\u201d","og_description":"La sfida per giudici, professionisti e docenti universitari sar\u00e0 partire dal valore della crisi per accendere una riflessione sulle principali necessit\u00e0 delle imprese, per affrontare il periodo post pandemico e andare incontro alle aziende in difficolt\u00e0 e al sistema economico attuale con tutti gli strumenti possibili da un punto di vista economico, finanziario, legale, fiscale e contributivo. &nbsp; L\u2019impresa in crisi, le sue opportunit\u00e0 e i suoi strumenti in unContinue reading...","og_url":"https:\/\/www.article-marketing.eu\/comunicatistampa\/a-bergamo-i-massimi-esperti-discutono-il-valore-della-crisi\/","og_site_name":"Article Marketing","article_published_time":"2021-10-15T13:05:07+00:00","author":"Redaclem","twitter_card":"summary_large_image","twitter_misc":{"Scritto da":"Redaclem","Tempo di lettura stimato":"2 minuti"},"schema":{"@context":"https:\/\/schema.org","@graph":[{"@type":"Article","@id":"https:\/\/www.article-marketing.eu\/comunicatistampa\/a-bergamo-i-massimi-esperti-discutono-il-valore-della-crisi\/#article","isPartOf":{"@id":"https:\/\/www.article-marketing.eu\/comunicatistampa\/a-bergamo-i-massimi-esperti-discutono-il-valore-della-crisi\/"},"author":{"name":"Redaclem","@id":"https:\/\/www.article-marketing.eu\/comunicatistampa\/#\/schema\/person\/c0aa725eee5df8460e0adf901fde0c88"},"headline":"A Bergamo i massimi esperti discutono \u201cil valore della crisi\u201d","datePublished":"2021-10-15T13:05:07+00:00","mainEntityOfPage":{"@id":"https:\/\/www.article-marketing.eu\/comunicatistampa\/a-bergamo-i-massimi-esperti-discutono-il-valore-della-crisi\/"},"wordCount":458,"commentCount":0,"keywords":["#odcec","#Simona Bonomelli"],"articleSection":["Economia e lavoro"],"inLanguage":"it-IT","potentialAction":[{"@type":"CommentAction","name":"Comment","target":["https:\/\/www.article-marketing.eu\/comunicatistampa\/a-bergamo-i-massimi-esperti-discutono-il-valore-della-crisi\/#respond"]}]},{"@type":"WebPage","@id":"https:\/\/www.article-marketing.eu\/comunicatistampa\/a-bergamo-i-massimi-esperti-discutono-il-valore-della-crisi\/","url":"https:\/\/www.article-marketing.eu\/comunicatistampa\/a-bergamo-i-massimi-esperti-discutono-il-valore-della-crisi\/","name":"A Bergamo i massimi esperti discutono \u201cil valore della crisi\u201d","isPartOf":{"@id":"https:\/\/www.article-marketing.eu\/comunicatistampa\/#website"},"datePublished":"2021-10-15T13:05:07+00:00","author":{"@id":"https:\/\/www.article-marketing.eu\/comunicatistampa\/#\/schema\/person\/c0aa725eee5df8460e0adf901fde0c88"},"breadcrumb":{"@id":"https:\/\/www.article-marketing.eu\/comunicatistampa\/a-bergamo-i-massimi-esperti-discutono-il-valore-della-crisi\/#breadcrumb"},"inLanguage":"it-IT","potentialAction":[{"@type":"ReadAction","target":["https:\/\/www.article-marketing.eu\/comunicatistampa\/a-bergamo-i-massimi-esperti-discutono-il-valore-della-crisi\/"]}]},{"@type":"BreadcrumbList","@id":"https:\/\/www.article-marketing.eu\/comunicatistampa\/a-bergamo-i-massimi-esperti-discutono-il-valore-della-crisi\/#breadcrumb","itemListElement":[{"@type":"ListItem","position":1,"name":"Home","item":"https:\/\/www.article-marketing.eu\/comunicatistampa\/"},{"@type":"ListItem","position":2,"name":"A Bergamo i massimi esperti discutono \u201cil valore della crisi\u201d"}]},{"@type":"WebSite","@id":"https:\/\/www.article-marketing.eu\/comunicatistampa\/#website","url":"https:\/\/www.article-marketing.eu\/comunicatistampa\/","name":"Article Marketing","description":"article marketing &amp; press release","potentialAction":[{"@type":"SearchAction","target":{"@type":"EntryPoint","urlTemplate":"https:\/\/www.article-marketing.eu\/comunicatistampa\/?s={search_term_string}"},"query-input":{"@type":"PropertyValueSpecification","valueRequired":true,"valueName":"search_term_string"}}],"inLanguage":"it-IT"},{"@type":"Person","@id":"https:\/\/www.article-marketing.eu\/comunicatistampa\/#\/schema\/person\/c0aa725eee5df8460e0adf901fde0c88","name":"Redaclem","image":{"@type":"ImageObject","inLanguage":"it-IT","@id":"https:\/\/secure.gravatar.com\/avatar\/4c7e41f332a0583344a91d7d39723533da9b2d0df7737c2d8c69553168c2191e?s=96&d=mm&r=g","url":"https:\/\/secure.gravatar.com\/avatar\/4c7e41f332a0583344a91d7d39723533da9b2d0df7737c2d8c69553168c2191e?s=96&d=mm&r=g","contentUrl":"https:\/\/secure.gravatar.com\/avatar\/4c7e41f332a0583344a91d7d39723533da9b2d0df7737c2d8c69553168c2191e?s=96&d=mm&r=g","caption":"Redaclem"},"url":"https:\/\/www.article-marketing.eu\/comunicatistampa\/author\/redaclem\/"}]}},"_links":{"self":[{"href":"https:\/\/www.article-marketing.eu\/comunicatistampa\/wp-json\/wp\/v2\/posts\/20561","targetHints":{"allow":["GET"]}}],"collection":[{"href":"https:\/\/www.article-marketing.eu\/comunicatistampa\/wp-json\/wp\/v2\/posts"}],"about":[{"href":"https:\/\/www.article-marketing.eu\/comunicatistampa\/wp-json\/wp\/v2\/types\/post"}],"author":[{"embeddable":true,"href":"https:\/\/www.article-marketing.eu\/comunicatistampa\/wp-json\/wp\/v2\/users\/1855"}],"replies":[{"embeddable":true,"href":"https:\/\/www.article-marketing.eu\/comunicatistampa\/wp-json\/wp\/v2\/comments?post=20561"}],"version-history":[{"count":2,"href":"https:\/\/www.article-marketing.eu\/comunicatistampa\/wp-json\/wp\/v2\/posts\/20561\/revisions"}],"predecessor-version":[{"id":20589,"href":"https:\/\/www.article-marketing.eu\/comunicatistampa\/wp-json\/wp\/v2\/posts\/20561\/revisions\/20589"}],"wp:attachment":[{"href":"https:\/\/www.article-marketing.eu\/comunicatistampa\/wp-json\/wp\/v2\/media?parent=20561"}],"wp:term":[{"taxonomy":"category","embeddable":true,"href":"https:\/\/www.article-marketing.eu\/comunicatistampa\/wp-json\/wp\/v2\/categories?post=20561"},{"taxonomy":"post_tag","embeddable":true,"href":"https:\/\/www.article-marketing.eu\/comunicatistampa\/wp-json\/wp\/v2\/tags?post=20561"}],"curies":[{"name":"wp","href":"https:\/\/api.w.org\/{rel}","templated":true}]}}