{"id":20708,"date":"2021-10-19T19:07:39","date_gmt":"2021-10-19T17:07:39","guid":{"rendered":"https:\/\/www.article-marketing.eu\/comunicatistampa\/?p=20708"},"modified":"2021-10-19T19:07:39","modified_gmt":"2021-10-19T17:07:39","slug":"lestetica-dei-lampadari-di-design","status":"publish","type":"post","link":"https:\/\/www.article-marketing.eu\/comunicatistampa\/lestetica-dei-lampadari-di-design\/","title":{"rendered":"L\u2019estetica dei lampadari di design"},"content":{"rendered":"<p><img decoding=\"async\" src=\"\/\/i.ibb.co\/m4rvgp4\/lampadari-di-design.jpg&quot; alt=&quot;lampadari-di-design&quot; border=&quot;0&quot;&gt;&lt;\/a&gt;\" alt=\"lampadari di design\" \/><\/p>\n<p>L\u2019illuminazione \u00e8 <strong>fondamentale<\/strong> nella vita di tutti i giorni ed in particolare una <strong>buona illuminazione<\/strong>. Possiamo non accorgercene, o ancora meglio <strong>non pensarci<\/strong>, ma la giusta illuminazione pu\u00f2 trasformare completamente i locali o gli ambienti attorno a noi in modo che non solo siamo pi\u00f9 <strong>sereni e comodi<\/strong>, ma soprattutto per quanto riguarda <strong>la salute dei nostri occhi<\/strong>, ma non solo. Infatti il nostro benessere generale pu\u00f2 derivare dall\u2019uso di una giusta fonte di illuminazione, specialmente in termini di <strong>ergonomia<\/strong>. La soluzione che possa mettere d\u2019accordo <strong>estetica, funzionalit\u00e0<\/strong> e non solo sono certamente dei <strong><a href=\"https:\/\/www.slamp.com\/it\/prodotti\/lampade-a-sospensione\/\">lampadari di design<\/a>.<\/strong><\/p>\n<h2>Pregi dei lampadari di design<\/h2>\n<p>Quindi quali sono <strong>i pregi di un lampadario di design<\/strong>? Cosa potrebbe o dovrebbe spingerci a sceglierne uno confrontandolo invece con un normale lampadario o con un altro tipo di lampada o fonte d\u2019illuminazione? Sicuramente ci sono tanti fattori che vanno nel <strong>costruire e nell\u2019implementare<\/strong> in un determinato ambiente un lampadario di design e ci sono altrettanti <strong>fattori da considerare<\/strong> prima di sceglierne uno, sicuramente per\u00f2 dopo averli analizzati anche un minimo la scelta sar\u00e0 chiara ed il motivo della scelta ancora di pi\u00f9. Ecco alcuni <strong>pregi dei lampadari di design<\/strong> e differenze con altre fonti di luce, artificiali o non:<\/p>\n<ul>\n<li><strong>Estetica<\/strong>, l\u2019aspetto degli ambienti \u00e8 chiaramente una parte <strong>fondamentale<\/strong> dei motivi per cui si fa la scelta di utilizzare dei lampadari di design. Lo <strong>studio estensivo<\/strong> che c\u2019\u00e8 dietro uno di questi lampadari \u00e8 non solo maggiore, ma a volte anche <strong>diverso<\/strong> rispetto a quello di normali lampade. Questo studio con riguardo all\u2019estetica comprende <strong>forma, colore e finanche la quantit\u00e0<\/strong> di lampadari che debbano addobbare un soffitto ed anche la luce particolare che emettono e che effetto questa pu\u00f2 presentare<\/li>\n<li><strong>Funzionalit\u00e0<\/strong>, il connubio tra estetica e funzionalit\u00e0 \u00e8 forse il <strong>vantaggio principale del design<\/strong> ed il punto focale della sua attenzione. <strong>Funzionalit\u00e0<\/strong> pu\u00f2 significare tante cose, come la <strong>posizione<\/strong> che non sia d\u2019intralcio ed <strong>il modo in cui si accende<\/strong> il suddetto lampadario a seconda delle esigenze di chi lo utilizzi prevalentemente, ma nel caso di lampade in generale e di lampadari di design a maggior ragione, la funzionalit\u00e0 <strong>comprende la luminosit\u00e0<\/strong> e che <strong>impatto<\/strong> quest\u2019ultima ha sugli <strong>occhi<\/strong> di chi ne usufruisce. La <strong>progettazione illuminotecnica<\/strong> che sta dietro ad un lampadario di design riesce infatti ad analizzare i particolari modi in cui la luce filtra ed il <strong>benessere o malessere<\/strong> che pu\u00f2 causare sulla nostra persona<\/li>\n<li><strong>Variet\u00e0<\/strong>, uno dei punti di forza dei lampadari di design \u00e8 la variet\u00e0 enorme di <strong>forme, colori o funzionalit\u00e0<\/strong> ad essi collegate. Non solo \u00e8 possibile solitamente sfogliare <strong>cataloghi online<\/strong> e non che ne comprendano tantissimi tutti diversi che possano soddisfare i nostri gusti, ma molti costruttori di lampadari di design sotto il giusto compenso potranno farne di <strong>personalizzati<\/strong>, chiaramente fornendo all\u2019utilizzatore o compratore la <strong>giusta assistenza<\/strong> per una scelta consapevole che rispecchi le necessit\u00e0 dei propri ambienti<\/li>\n<li><strong>Adattamento<\/strong>, ed \u00e8 proprio la capacit\u00e0 di questi lampadari di design di adattarsi <strong>all\u2019ambiente attorno a loro<\/strong> che li rende cos\u00ec efficaci ed utili. Infatti la luce, l\u2019estetica e tutto ci\u00f2 che concerne i suddetti lampadari \u00e8 studiata per risultare poi in un <strong>unico armonioso effetto visivo<\/strong>. Anche se non ce ne accorgiamo, il modo in cui la luce si muove nei nostri locali ha degli effetti importanti sulla nostra <strong>salute degli occhi e non solo<\/strong>. Questo chiaramente varier\u00e0 e dovr\u00e0 variare a seconda degli ambienti in cui si trova, considerando mille <strong>variabili tra cui arredamento, fonti di luce, uso nel momento della giornata giusto<\/strong>. Al contempo bisogner\u00e0 tener conto della pura estetica<\/li>\n<\/ul>\n","protected":false},"excerpt":{"rendered":"<p>L\u2019illuminazione \u00e8 fondamentale nella vita di tutti i giorni ed in particolare una buona illuminazione. Possiamo non accorgercene, o ancora meglio non pensarci, ma la giusta illuminazione pu\u00f2 trasformare completamente i locali o gli ambienti attorno a noi in modo che non solo siamo pi\u00f9 sereni e comodi, ma soprattutto per quanto riguarda la salute dei nostri occhi, ma non solo. Infatti il nostro benessere generale pu\u00f2 derivare dall\u2019uso di<\/p>\n<p><a class=\"continue-reading\" href=\"https:\/\/www.article-marketing.eu\/comunicatistampa\/lestetica-dei-lampadari-di-design\/\">Continue reading&#8230;<\/a><\/p>\n","protected":false},"author":17,"featured_media":0,"comment_status":"open","ping_status":"open","sticky":false,"template":"","format":"standard","meta":{"_monsterinsights_skip_tracking":false,"_monsterinsights_sitenote_active":false,"_monsterinsights_sitenote_note":"","_monsterinsights_sitenote_category":0,"footnotes":""},"categories":[403],"tags":[],"class_list":["post-20708","post","type-post","status-publish","format-standard","hentry","category-casa"],"yoast_head":"<!-- This site is optimized with the Yoast SEO plugin v27.3 - https:\/\/yoast.com\/product\/yoast-seo-wordpress\/ -->\n<title>L\u2019estetica dei lampadari di design - Article Marketing<\/title>\n<meta name=\"robots\" content=\"index, follow, max-snippet:-1, max-image-preview:large, max-video-preview:-1\" \/>\n<link rel=\"canonical\" href=\"https:\/\/www.article-marketing.eu\/comunicatistampa\/lestetica-dei-lampadari-di-design\/\" \/>\n<meta property=\"og:locale\" content=\"it_IT\" \/>\n<meta property=\"og:type\" content=\"article\" \/>\n<meta property=\"og:title\" content=\"L\u2019estetica dei lampadari di design - Article Marketing\" \/>\n<meta property=\"og:description\" content=\"L\u2019illuminazione \u00e8 fondamentale nella vita di tutti i giorni ed in particolare una buona illuminazione. Possiamo non accorgercene, o ancora meglio non pensarci, ma la giusta illuminazione pu\u00f2 trasformare completamente i locali o gli ambienti attorno a noi in modo che non solo siamo pi\u00f9 sereni e comodi, ma soprattutto per quanto riguarda la salute dei nostri occhi, ma non solo. Infatti il nostro benessere generale pu\u00f2 derivare dall\u2019uso diContinue reading...\" \/>\n<meta property=\"og:url\" content=\"https:\/\/www.article-marketing.eu\/comunicatistampa\/lestetica-dei-lampadari-di-design\/\" \/>\n<meta property=\"og:site_name\" content=\"Article Marketing\" \/>\n<meta property=\"article:published_time\" content=\"2021-10-19T17:07:39+00:00\" \/>\n<meta property=\"og:image\" content=\"\/\/i.ibb.co\/m4rvgp4\/lampadari-di-design.jpg&quot;%20alt=&quot;lampadari-di-design&quot;%20border=&quot;0&quot;&gt;&lt;\/a&gt;\" \/>\n<meta name=\"author\" content=\"xonex\" \/>\n<meta name=\"twitter:card\" content=\"summary_large_image\" \/>\n<meta name=\"twitter:label1\" content=\"Scritto da\" \/>\n\t<meta name=\"twitter:data1\" content=\"xonex\" \/>\n\t<meta name=\"twitter:label2\" content=\"Tempo di lettura stimato\" \/>\n\t<meta name=\"twitter:data2\" content=\"3 minuti\" \/>\n<script type=\"application\/ld+json\" class=\"yoast-schema-graph\">{\"@context\":\"https:\\\/\\\/schema.org\",\"@graph\":[{\"@type\":\"Article\",\"@id\":\"https:\\\/\\\/www.article-marketing.eu\\\/comunicatistampa\\\/lestetica-dei-lampadari-di-design\\\/#article\",\"isPartOf\":{\"@id\":\"https:\\\/\\\/www.article-marketing.eu\\\/comunicatistampa\\\/lestetica-dei-lampadari-di-design\\\/\"},\"author\":{\"name\":\"xonex\",\"@id\":\"https:\\\/\\\/www.article-marketing.eu\\\/comunicatistampa\\\/#\\\/schema\\\/person\\\/777be235e74de2fc633a126d858498ce\"},\"headline\":\"L\u2019estetica dei lampadari di design\",\"datePublished\":\"2021-10-19T17:07:39+00:00\",\"mainEntityOfPage\":{\"@id\":\"https:\\\/\\\/www.article-marketing.eu\\\/comunicatistampa\\\/lestetica-dei-lampadari-di-design\\\/\"},\"wordCount\":601,\"commentCount\":0,\"articleSection\":[\"Casa\"],\"inLanguage\":\"it-IT\",\"potentialAction\":[{\"@type\":\"CommentAction\",\"name\":\"Comment\",\"target\":[\"https:\\\/\\\/www.article-marketing.eu\\\/comunicatistampa\\\/lestetica-dei-lampadari-di-design\\\/#respond\"]}]},{\"@type\":\"WebPage\",\"@id\":\"https:\\\/\\\/www.article-marketing.eu\\\/comunicatistampa\\\/lestetica-dei-lampadari-di-design\\\/\",\"url\":\"https:\\\/\\\/www.article-marketing.eu\\\/comunicatistampa\\\/lestetica-dei-lampadari-di-design\\\/\",\"name\":\"L\u2019estetica dei lampadari di design - Article Marketing\",\"isPartOf\":{\"@id\":\"https:\\\/\\\/www.article-marketing.eu\\\/comunicatistampa\\\/#website\"},\"datePublished\":\"2021-10-19T17:07:39+00:00\",\"author\":{\"@id\":\"https:\\\/\\\/www.article-marketing.eu\\\/comunicatistampa\\\/#\\\/schema\\\/person\\\/777be235e74de2fc633a126d858498ce\"},\"breadcrumb\":{\"@id\":\"https:\\\/\\\/www.article-marketing.eu\\\/comunicatistampa\\\/lestetica-dei-lampadari-di-design\\\/#breadcrumb\"},\"inLanguage\":\"it-IT\",\"potentialAction\":[{\"@type\":\"ReadAction\",\"target\":[\"https:\\\/\\\/www.article-marketing.eu\\\/comunicatistampa\\\/lestetica-dei-lampadari-di-design\\\/\"]}]},{\"@type\":\"BreadcrumbList\",\"@id\":\"https:\\\/\\\/www.article-marketing.eu\\\/comunicatistampa\\\/lestetica-dei-lampadari-di-design\\\/#breadcrumb\",\"itemListElement\":[{\"@type\":\"ListItem\",\"position\":1,\"name\":\"Home\",\"item\":\"https:\\\/\\\/www.article-marketing.eu\\\/comunicatistampa\\\/\"},{\"@type\":\"ListItem\",\"position\":2,\"name\":\"L\u2019estetica dei lampadari di design\"}]},{\"@type\":\"WebSite\",\"@id\":\"https:\\\/\\\/www.article-marketing.eu\\\/comunicatistampa\\\/#website\",\"url\":\"https:\\\/\\\/www.article-marketing.eu\\\/comunicatistampa\\\/\",\"name\":\"Article Marketing\",\"description\":\"article marketing &amp; press release\",\"potentialAction\":[{\"@type\":\"SearchAction\",\"target\":{\"@type\":\"EntryPoint\",\"urlTemplate\":\"https:\\\/\\\/www.article-marketing.eu\\\/comunicatistampa\\\/?s={search_term_string}\"},\"query-input\":{\"@type\":\"PropertyValueSpecification\",\"valueRequired\":true,\"valueName\":\"search_term_string\"}}],\"inLanguage\":\"it-IT\"},{\"@type\":\"Person\",\"@id\":\"https:\\\/\\\/www.article-marketing.eu\\\/comunicatistampa\\\/#\\\/schema\\\/person\\\/777be235e74de2fc633a126d858498ce\",\"name\":\"xonex\",\"image\":{\"@type\":\"ImageObject\",\"inLanguage\":\"it-IT\",\"@id\":\"https:\\\/\\\/secure.gravatar.com\\\/avatar\\\/82168acef85e03a9cc583e93f9ffa741a008bc3b16cb87c92df9936c8fc300d9?s=96&d=mm&r=g\",\"url\":\"https:\\\/\\\/secure.gravatar.com\\\/avatar\\\/82168acef85e03a9cc583e93f9ffa741a008bc3b16cb87c92df9936c8fc300d9?s=96&d=mm&r=g\",\"contentUrl\":\"https:\\\/\\\/secure.gravatar.com\\\/avatar\\\/82168acef85e03a9cc583e93f9ffa741a008bc3b16cb87c92df9936c8fc300d9?s=96&d=mm&r=g\",\"caption\":\"xonex\"},\"url\":\"https:\\\/\\\/www.article-marketing.eu\\\/comunicatistampa\\\/author\\\/xonex\\\/\"}]}<\/script>\n<!-- \/ Yoast SEO plugin. -->","yoast_head_json":{"title":"L\u2019estetica dei lampadari di design - Article Marketing","robots":{"index":"index","follow":"follow","max-snippet":"max-snippet:-1","max-image-preview":"max-image-preview:large","max-video-preview":"max-video-preview:-1"},"canonical":"https:\/\/www.article-marketing.eu\/comunicatistampa\/lestetica-dei-lampadari-di-design\/","og_locale":"it_IT","og_type":"article","og_title":"L\u2019estetica dei lampadari di design - Article Marketing","og_description":"L\u2019illuminazione \u00e8 fondamentale nella vita di tutti i giorni ed in particolare una buona illuminazione. Possiamo non accorgercene, o ancora meglio non pensarci, ma la giusta illuminazione pu\u00f2 trasformare completamente i locali o gli ambienti attorno a noi in modo che non solo siamo pi\u00f9 sereni e comodi, ma soprattutto per quanto riguarda la salute dei nostri occhi, ma non solo. Infatti il nostro benessere generale pu\u00f2 derivare dall\u2019uso diContinue reading...","og_url":"https:\/\/www.article-marketing.eu\/comunicatistampa\/lestetica-dei-lampadari-di-design\/","og_site_name":"Article Marketing","article_published_time":"2021-10-19T17:07:39+00:00","og_image":[{"url":"\/\/i.ibb.co\/m4rvgp4\/lampadari-di-design.jpg&quot; alt=&quot;lampadari-di-design&quot; border=&quot;0&quot;&gt;&lt;\/a&gt;","type":"","width":"","height":""}],"author":"xonex","twitter_card":"summary_large_image","twitter_misc":{"Scritto da":"xonex","Tempo di lettura stimato":"3 minuti"},"schema":{"@context":"https:\/\/schema.org","@graph":[{"@type":"Article","@id":"https:\/\/www.article-marketing.eu\/comunicatistampa\/lestetica-dei-lampadari-di-design\/#article","isPartOf":{"@id":"https:\/\/www.article-marketing.eu\/comunicatistampa\/lestetica-dei-lampadari-di-design\/"},"author":{"name":"xonex","@id":"https:\/\/www.article-marketing.eu\/comunicatistampa\/#\/schema\/person\/777be235e74de2fc633a126d858498ce"},"headline":"L\u2019estetica dei lampadari di design","datePublished":"2021-10-19T17:07:39+00:00","mainEntityOfPage":{"@id":"https:\/\/www.article-marketing.eu\/comunicatistampa\/lestetica-dei-lampadari-di-design\/"},"wordCount":601,"commentCount":0,"articleSection":["Casa"],"inLanguage":"it-IT","potentialAction":[{"@type":"CommentAction","name":"Comment","target":["https:\/\/www.article-marketing.eu\/comunicatistampa\/lestetica-dei-lampadari-di-design\/#respond"]}]},{"@type":"WebPage","@id":"https:\/\/www.article-marketing.eu\/comunicatistampa\/lestetica-dei-lampadari-di-design\/","url":"https:\/\/www.article-marketing.eu\/comunicatistampa\/lestetica-dei-lampadari-di-design\/","name":"L\u2019estetica dei lampadari di design - Article Marketing","isPartOf":{"@id":"https:\/\/www.article-marketing.eu\/comunicatistampa\/#website"},"datePublished":"2021-10-19T17:07:39+00:00","author":{"@id":"https:\/\/www.article-marketing.eu\/comunicatistampa\/#\/schema\/person\/777be235e74de2fc633a126d858498ce"},"breadcrumb":{"@id":"https:\/\/www.article-marketing.eu\/comunicatistampa\/lestetica-dei-lampadari-di-design\/#breadcrumb"},"inLanguage":"it-IT","potentialAction":[{"@type":"ReadAction","target":["https:\/\/www.article-marketing.eu\/comunicatistampa\/lestetica-dei-lampadari-di-design\/"]}]},{"@type":"BreadcrumbList","@id":"https:\/\/www.article-marketing.eu\/comunicatistampa\/lestetica-dei-lampadari-di-design\/#breadcrumb","itemListElement":[{"@type":"ListItem","position":1,"name":"Home","item":"https:\/\/www.article-marketing.eu\/comunicatistampa\/"},{"@type":"ListItem","position":2,"name":"L\u2019estetica dei lampadari di design"}]},{"@type":"WebSite","@id":"https:\/\/www.article-marketing.eu\/comunicatistampa\/#website","url":"https:\/\/www.article-marketing.eu\/comunicatistampa\/","name":"Article Marketing","description":"article marketing &amp; press release","potentialAction":[{"@type":"SearchAction","target":{"@type":"EntryPoint","urlTemplate":"https:\/\/www.article-marketing.eu\/comunicatistampa\/?s={search_term_string}"},"query-input":{"@type":"PropertyValueSpecification","valueRequired":true,"valueName":"search_term_string"}}],"inLanguage":"it-IT"},{"@type":"Person","@id":"https:\/\/www.article-marketing.eu\/comunicatistampa\/#\/schema\/person\/777be235e74de2fc633a126d858498ce","name":"xonex","image":{"@type":"ImageObject","inLanguage":"it-IT","@id":"https:\/\/secure.gravatar.com\/avatar\/82168acef85e03a9cc583e93f9ffa741a008bc3b16cb87c92df9936c8fc300d9?s=96&d=mm&r=g","url":"https:\/\/secure.gravatar.com\/avatar\/82168acef85e03a9cc583e93f9ffa741a008bc3b16cb87c92df9936c8fc300d9?s=96&d=mm&r=g","contentUrl":"https:\/\/secure.gravatar.com\/avatar\/82168acef85e03a9cc583e93f9ffa741a008bc3b16cb87c92df9936c8fc300d9?s=96&d=mm&r=g","caption":"xonex"},"url":"https:\/\/www.article-marketing.eu\/comunicatistampa\/author\/xonex\/"}]}},"_links":{"self":[{"href":"https:\/\/www.article-marketing.eu\/comunicatistampa\/wp-json\/wp\/v2\/posts\/20708","targetHints":{"allow":["GET"]}}],"collection":[{"href":"https:\/\/www.article-marketing.eu\/comunicatistampa\/wp-json\/wp\/v2\/posts"}],"about":[{"href":"https:\/\/www.article-marketing.eu\/comunicatistampa\/wp-json\/wp\/v2\/types\/post"}],"author":[{"embeddable":true,"href":"https:\/\/www.article-marketing.eu\/comunicatistampa\/wp-json\/wp\/v2\/users\/17"}],"replies":[{"embeddable":true,"href":"https:\/\/www.article-marketing.eu\/comunicatistampa\/wp-json\/wp\/v2\/comments?post=20708"}],"version-history":[{"count":5,"href":"https:\/\/www.article-marketing.eu\/comunicatistampa\/wp-json\/wp\/v2\/posts\/20708\/revisions"}],"predecessor-version":[{"id":20741,"href":"https:\/\/www.article-marketing.eu\/comunicatistampa\/wp-json\/wp\/v2\/posts\/20708\/revisions\/20741"}],"wp:attachment":[{"href":"https:\/\/www.article-marketing.eu\/comunicatistampa\/wp-json\/wp\/v2\/media?parent=20708"}],"wp:term":[{"taxonomy":"category","embeddable":true,"href":"https:\/\/www.article-marketing.eu\/comunicatistampa\/wp-json\/wp\/v2\/categories?post=20708"},{"taxonomy":"post_tag","embeddable":true,"href":"https:\/\/www.article-marketing.eu\/comunicatistampa\/wp-json\/wp\/v2\/tags?post=20708"}],"curies":[{"name":"wp","href":"https:\/\/api.w.org\/{rel}","templated":true}]}}