{"id":20734,"date":"2021-10-19T19:07:48","date_gmt":"2021-10-19T17:07:48","guid":{"rendered":"https:\/\/www.article-marketing.eu\/comunicatistampa\/?p=20734"},"modified":"2021-10-19T19:07:48","modified_gmt":"2021-10-19T17:07:48","slug":"avis-comunale-bergamo-celebra-l85esimo-compleanno","status":"publish","type":"post","link":"https:\/\/www.article-marketing.eu\/comunicatistampa\/avis-comunale-bergamo-celebra-l85esimo-compleanno\/","title":{"rendered":"Avis comunale Bergamo celebra l\u201985esimo compleanno"},"content":{"rendered":"<p><strong><em>\u201cBergamo dona sangue da 85 anni\u2026 continuiamo a donare insieme\u201d<\/em><\/strong>. \u00c8 questo il messaggio lanciato da <strong>Avis Comunale Bergamo<\/strong>, che si appresta a celebrare il raggiungimento di un importante traguardo: l\u2019<strong>85\u00b0 anniversario della sua fondazione<\/strong>, che quest\u2019anno si celebrer\u00e0 nelle giornate di <strong>sabato 30 e domenica 31 ottobre<\/strong>.<\/p>\n<p>Il programma dei festeggiamenti \u00e8 stato presentato oggi, marted\u00ec 19 ottobre, presso la Sala Convegni della sede avisina di via L. Da Vinci, 4, Bergamo, dal presidente di Avis Comunale Bergamo<strong> Paolo Comana<\/strong> e dall\u2019assessore alle Politiche sociali del Comune di Bergamo<strong> Marcella Messina<\/strong>. A conclusione dell\u2019incontro, sono state trasmesse delle brevi <strong>video-interviste<\/strong> a <strong>quattro donatori<\/strong> iscritti ad Avis Comunale Bergamo: Elena Massoletti, Andrea Menghini, Riccardo Brena e Alessia Valerio hanno raccontato <strong>cosa significa donare<\/strong> per loro, cosa li ha avvicinati a questo importante gesto e cosa \u00e8 cambiato dalla loro prima donazione ad oggi.<\/p>\n<p>Un anniversario attesissimo, l\u201985\u00b0 dell\u2019Associazione orobica, che vedr\u00e0, <strong>sabato 30 ottobre<\/strong> alle ore 11:30, un primo momento di raccoglimento in memoria dei donatori deceduti durante la pandemia e non, presso il cimitero di Bergamo, con benedizione, omaggio floreale e recita della Preghiera del Donatore. La ricorrenza vera e propria prender\u00e0 il via <strong>domenica 31 ottobre<\/strong>. Il programma prevede la Santa Messa presso la Chiesa Prepositurale di Santa Maria Immacolata delle Grazie alle ore 8:30 e, a seguire, presso la \u201cSala Oggioni\u201d del Centro Congressi Papa Giovanni XXIII alle 10:00, l\u2019intervento delle autorit\u00e0, la presentazione dell\u2019edizione anastatica del libro <em>\u201cLa trasfusione e i volontari del sangue\u201d<\/em> (a cura del Dott. Vittorio Formentano), volume che ripercorre il primo decennio (1928-1938) della storia dell\u2019Associazione di volontariato pi\u00f9 numerosa d\u2019Italia, e la consegna delle benemerenze associative meritate nel 2020 e nel 2021.<\/p>\n<p>L\u2019evento di domenica presso il Centro Congressi Papa Giovanni XXIII sar\u00e0 trasmesso anche <strong>in diretta streaming sul canale YouTube di Avis Comunale Bergamo (a questo link: <\/strong><a href=\"https:\/\/www.youtube.com\/channel\/UCXJxafc8tgZ4sbk8OLE4mlg\"><strong>https:\/\/www.youtube.com\/channel\/UCXJxafc8tgZ4sbk8OLE4mlg<\/strong><\/a><strong>)<\/strong>, per permettere di partecipare a un pubblico pi\u00f9 ampio, oltre che a tutti i famigliari dei donatori premiati. Infatti, la consegna delle benemerenze associative vedr\u00e0 la partecipazione di <strong>56 donatori<\/strong>, con un accompagnatore ciascuno.<\/p>\n<p><em>\u201cIl messaggio, \u2013<\/em> afferma il <strong>presidente di Avis Comunale Bergamo, Paolo Comana<\/strong> <em>\u2013 che abbiamo scelto di lanciare in occasione di questo importante traguardo raggiunto dalla nostra Associazione, riassume il passato e prospetta il futuro di Avis Comunale Bergamo. La nostra sezione \u00e8 stata costituita il 26 febbraio 1936 e, da allora, molto \u00e8 cambiato grazie ai volontari e all\u2019evoluzione della medicina trasfusionale:<\/em> <em>Avis Bergamo \u00e8 stata tra le prime in Italia a realizzare l\u2019unit\u00e0 di raccolta extra-ospedaliera, ha istituito e mantenuto il Centro di ricerche, ha contribuito alla stesura del Primo Piano Sangue Nazionale, ha integrato anche la raccolta per aferesi e cos\u00ec ha affermato e mantiene il proprio ruolo di primo piano nel sistema nazionale di raccolta del sangue e dei suoi componenti ma non soltanto per apporto quantitativo. Rivolgo a tutti l\u2019invito ad aderire all\u2019Avis e a dedicarsi all\u2019Associazione, per confermare e rafforzare ulteriormente l\u2019andamento positivo delle donazioni registrato ad oggi in rapporto al 2020 (\u201cAnnus horribilis\u201d) ma, e soprattutto, al 2019. Questo andamento certifica la generosit\u00e0 dei bergamaschi, che ha saputo resistere e superare anche la pandemia\u201d.<\/em><\/p>\n<p>In totale, per gli anni <strong>2020 e 2021<\/strong>, l\u2019<strong>Avis Comunale di Bergamo<\/strong> ha attribuito ai suoi iscritti <strong>750 benemerenze<\/strong>, di cui: <strong>303 in rame<\/strong> (3 anni e almeno 6 donazioni oppure 8 donazioni), <strong>225 in argento<\/strong> (5 anni e almeno 12 donazioni oppure 16 donazioni), <strong>97 in argento dorato<\/strong> (10 anni e almeno 24 donazioni oppure 36 donazioni), <strong>77 in oro<\/strong> (20 anni e almeno 40 donazioni oppure 50 donazioni), <strong>31 rubino<\/strong> (30 anni e almeno 60 donazioni oppure 75 donazioni), <strong>15 smeraldo<\/strong> (40 anni e almeno 80 donazioni oppure 100 donazioni) e <strong>2 diamante<\/strong> (cessazione donazioni per raggiunti limiti di et\u00e0 o per motivi di salute e almeno 120 donazioni).<\/p>\n<p>Numeri importanti, che confermano <strong>l\u2019andamento positivo<\/strong> <strong>delle donazioni<\/strong> nella sezione avisina del Comune orobico e dei gruppi rionali: i dati aggiornati a settembre 2021 mostrano un <strong>aumento di 628 donazioni <\/strong>rispetto a settembre dello scorso anno (dato che, in riferimento all\u2019anno 2019-2020, aveva visto un aumento di <strong>229 donazioni<\/strong>). Infatti, a settembre 2019 le donazioni totali (da gennaio 2019) ammontavano a 4441, nel periodo di gennaio-settembre 2020 si contavano 4042 donazioni mentre ad oggi, i dati di settembre 2021 registrano 4670 donazioni da inizio anno.<\/p>\n","protected":false},"excerpt":{"rendered":"<p>\u201cBergamo dona sangue da 85 anni\u2026 continuiamo a donare insieme\u201d. \u00c8 questo il messaggio lanciato da Avis Comunale Bergamo, che si appresta a celebrare il raggiungimento di un importante traguardo: l\u201985\u00b0 anniversario della sua fondazione, che quest\u2019anno si celebrer\u00e0 nelle giornate di sabato 30 e domenica 31 ottobre. Il programma dei festeggiamenti \u00e8 stato presentato oggi, marted\u00ec 19 ottobre, presso la Sala Convegni della sede avisina di via L. Da<\/p>\n<p><a class=\"continue-reading\" href=\"https:\/\/www.article-marketing.eu\/comunicatistampa\/avis-comunale-bergamo-celebra-l85esimo-compleanno\/\">Continue reading&#8230;<\/a><\/p>\n","protected":false},"author":1855,"featured_media":0,"comment_status":"open","ping_status":"open","sticky":false,"template":"","format":"standard","meta":{"_monsterinsights_skip_tracking":false,"_monsterinsights_sitenote_active":false,"_monsterinsights_sitenote_note":"","_monsterinsights_sitenote_category":0,"footnotes":""},"categories":[392],"tags":[8708,6514],"class_list":["post-20734","post","type-post","status-publish","format-standard","hentry","category-eventi","tag-85anni","tag-aviscomunalebergamo"],"yoast_head":"<!-- This site is optimized with the Yoast SEO plugin v27.3 - https:\/\/yoast.com\/product\/yoast-seo-wordpress\/ -->\n<title>Avis comunale Bergamo celebra l\u201985esimo compleanno - Article Marketing<\/title>\n<meta name=\"robots\" content=\"index, follow, max-snippet:-1, max-image-preview:large, max-video-preview:-1\" \/>\n<link rel=\"canonical\" href=\"https:\/\/www.article-marketing.eu\/comunicatistampa\/avis-comunale-bergamo-celebra-l85esimo-compleanno\/\" \/>\n<meta property=\"og:locale\" content=\"it_IT\" \/>\n<meta property=\"og:type\" content=\"article\" \/>\n<meta property=\"og:title\" content=\"Avis comunale Bergamo celebra l\u201985esimo compleanno - Article Marketing\" \/>\n<meta property=\"og:description\" content=\"\u201cBergamo dona sangue da 85 anni\u2026 continuiamo a donare insieme\u201d. \u00c8 questo il messaggio lanciato da Avis Comunale Bergamo, che si appresta a celebrare il raggiungimento di un importante traguardo: l\u201985\u00b0 anniversario della sua fondazione, che quest\u2019anno si celebrer\u00e0 nelle giornate di sabato 30 e domenica 31 ottobre. Il programma dei festeggiamenti \u00e8 stato presentato oggi, marted\u00ec 19 ottobre, presso la Sala Convegni della sede avisina di via L. DaContinue reading...\" \/>\n<meta property=\"og:url\" content=\"https:\/\/www.article-marketing.eu\/comunicatistampa\/avis-comunale-bergamo-celebra-l85esimo-compleanno\/\" \/>\n<meta property=\"og:site_name\" content=\"Article Marketing\" \/>\n<meta property=\"article:published_time\" content=\"2021-10-19T17:07:48+00:00\" \/>\n<meta name=\"author\" content=\"Redaclem\" \/>\n<meta name=\"twitter:card\" content=\"summary_large_image\" \/>\n<meta name=\"twitter:label1\" content=\"Scritto da\" \/>\n\t<meta name=\"twitter:data1\" content=\"Redaclem\" \/>\n\t<meta name=\"twitter:label2\" content=\"Tempo di lettura stimato\" \/>\n\t<meta name=\"twitter:data2\" content=\"4 minuti\" \/>\n<script type=\"application\/ld+json\" class=\"yoast-schema-graph\">{\"@context\":\"https:\\\/\\\/schema.org\",\"@graph\":[{\"@type\":\"Article\",\"@id\":\"https:\\\/\\\/www.article-marketing.eu\\\/comunicatistampa\\\/avis-comunale-bergamo-celebra-l85esimo-compleanno\\\/#article\",\"isPartOf\":{\"@id\":\"https:\\\/\\\/www.article-marketing.eu\\\/comunicatistampa\\\/avis-comunale-bergamo-celebra-l85esimo-compleanno\\\/\"},\"author\":{\"name\":\"Redaclem\",\"@id\":\"https:\\\/\\\/www.article-marketing.eu\\\/comunicatistampa\\\/#\\\/schema\\\/person\\\/c0aa725eee5df8460e0adf901fde0c88\"},\"headline\":\"Avis comunale Bergamo celebra l\u201985esimo compleanno\",\"datePublished\":\"2021-10-19T17:07:48+00:00\",\"mainEntityOfPage\":{\"@id\":\"https:\\\/\\\/www.article-marketing.eu\\\/comunicatistampa\\\/avis-comunale-bergamo-celebra-l85esimo-compleanno\\\/\"},\"wordCount\":689,\"commentCount\":0,\"keywords\":[\"#85anni\",\"#aviscomunalebergamo\"],\"articleSection\":[\"Eventi\"],\"inLanguage\":\"it-IT\",\"potentialAction\":[{\"@type\":\"CommentAction\",\"name\":\"Comment\",\"target\":[\"https:\\\/\\\/www.article-marketing.eu\\\/comunicatistampa\\\/avis-comunale-bergamo-celebra-l85esimo-compleanno\\\/#respond\"]}]},{\"@type\":\"WebPage\",\"@id\":\"https:\\\/\\\/www.article-marketing.eu\\\/comunicatistampa\\\/avis-comunale-bergamo-celebra-l85esimo-compleanno\\\/\",\"url\":\"https:\\\/\\\/www.article-marketing.eu\\\/comunicatistampa\\\/avis-comunale-bergamo-celebra-l85esimo-compleanno\\\/\",\"name\":\"Avis comunale Bergamo celebra l\u201985esimo compleanno - Article Marketing\",\"isPartOf\":{\"@id\":\"https:\\\/\\\/www.article-marketing.eu\\\/comunicatistampa\\\/#website\"},\"datePublished\":\"2021-10-19T17:07:48+00:00\",\"author\":{\"@id\":\"https:\\\/\\\/www.article-marketing.eu\\\/comunicatistampa\\\/#\\\/schema\\\/person\\\/c0aa725eee5df8460e0adf901fde0c88\"},\"breadcrumb\":{\"@id\":\"https:\\\/\\\/www.article-marketing.eu\\\/comunicatistampa\\\/avis-comunale-bergamo-celebra-l85esimo-compleanno\\\/#breadcrumb\"},\"inLanguage\":\"it-IT\",\"potentialAction\":[{\"@type\":\"ReadAction\",\"target\":[\"https:\\\/\\\/www.article-marketing.eu\\\/comunicatistampa\\\/avis-comunale-bergamo-celebra-l85esimo-compleanno\\\/\"]}]},{\"@type\":\"BreadcrumbList\",\"@id\":\"https:\\\/\\\/www.article-marketing.eu\\\/comunicatistampa\\\/avis-comunale-bergamo-celebra-l85esimo-compleanno\\\/#breadcrumb\",\"itemListElement\":[{\"@type\":\"ListItem\",\"position\":1,\"name\":\"Home\",\"item\":\"https:\\\/\\\/www.article-marketing.eu\\\/comunicatistampa\\\/\"},{\"@type\":\"ListItem\",\"position\":2,\"name\":\"Avis comunale Bergamo celebra l\u201985esimo compleanno\"}]},{\"@type\":\"WebSite\",\"@id\":\"https:\\\/\\\/www.article-marketing.eu\\\/comunicatistampa\\\/#website\",\"url\":\"https:\\\/\\\/www.article-marketing.eu\\\/comunicatistampa\\\/\",\"name\":\"Article Marketing\",\"description\":\"article marketing &amp; press release\",\"potentialAction\":[{\"@type\":\"SearchAction\",\"target\":{\"@type\":\"EntryPoint\",\"urlTemplate\":\"https:\\\/\\\/www.article-marketing.eu\\\/comunicatistampa\\\/?s={search_term_string}\"},\"query-input\":{\"@type\":\"PropertyValueSpecification\",\"valueRequired\":true,\"valueName\":\"search_term_string\"}}],\"inLanguage\":\"it-IT\"},{\"@type\":\"Person\",\"@id\":\"https:\\\/\\\/www.article-marketing.eu\\\/comunicatistampa\\\/#\\\/schema\\\/person\\\/c0aa725eee5df8460e0adf901fde0c88\",\"name\":\"Redaclem\",\"image\":{\"@type\":\"ImageObject\",\"inLanguage\":\"it-IT\",\"@id\":\"https:\\\/\\\/secure.gravatar.com\\\/avatar\\\/4c7e41f332a0583344a91d7d39723533da9b2d0df7737c2d8c69553168c2191e?s=96&d=mm&r=g\",\"url\":\"https:\\\/\\\/secure.gravatar.com\\\/avatar\\\/4c7e41f332a0583344a91d7d39723533da9b2d0df7737c2d8c69553168c2191e?s=96&d=mm&r=g\",\"contentUrl\":\"https:\\\/\\\/secure.gravatar.com\\\/avatar\\\/4c7e41f332a0583344a91d7d39723533da9b2d0df7737c2d8c69553168c2191e?s=96&d=mm&r=g\",\"caption\":\"Redaclem\"},\"url\":\"https:\\\/\\\/www.article-marketing.eu\\\/comunicatistampa\\\/author\\\/redaclem\\\/\"}]}<\/script>\n<!-- \/ Yoast SEO plugin. -->","yoast_head_json":{"title":"Avis comunale Bergamo celebra l\u201985esimo compleanno - Article Marketing","robots":{"index":"index","follow":"follow","max-snippet":"max-snippet:-1","max-image-preview":"max-image-preview:large","max-video-preview":"max-video-preview:-1"},"canonical":"https:\/\/www.article-marketing.eu\/comunicatistampa\/avis-comunale-bergamo-celebra-l85esimo-compleanno\/","og_locale":"it_IT","og_type":"article","og_title":"Avis comunale Bergamo celebra l\u201985esimo compleanno - Article Marketing","og_description":"\u201cBergamo dona sangue da 85 anni\u2026 continuiamo a donare insieme\u201d. \u00c8 questo il messaggio lanciato da Avis Comunale Bergamo, che si appresta a celebrare il raggiungimento di un importante traguardo: l\u201985\u00b0 anniversario della sua fondazione, che quest\u2019anno si celebrer\u00e0 nelle giornate di sabato 30 e domenica 31 ottobre. Il programma dei festeggiamenti \u00e8 stato presentato oggi, marted\u00ec 19 ottobre, presso la Sala Convegni della sede avisina di via L. DaContinue reading...","og_url":"https:\/\/www.article-marketing.eu\/comunicatistampa\/avis-comunale-bergamo-celebra-l85esimo-compleanno\/","og_site_name":"Article Marketing","article_published_time":"2021-10-19T17:07:48+00:00","author":"Redaclem","twitter_card":"summary_large_image","twitter_misc":{"Scritto da":"Redaclem","Tempo di lettura stimato":"4 minuti"},"schema":{"@context":"https:\/\/schema.org","@graph":[{"@type":"Article","@id":"https:\/\/www.article-marketing.eu\/comunicatistampa\/avis-comunale-bergamo-celebra-l85esimo-compleanno\/#article","isPartOf":{"@id":"https:\/\/www.article-marketing.eu\/comunicatistampa\/avis-comunale-bergamo-celebra-l85esimo-compleanno\/"},"author":{"name":"Redaclem","@id":"https:\/\/www.article-marketing.eu\/comunicatistampa\/#\/schema\/person\/c0aa725eee5df8460e0adf901fde0c88"},"headline":"Avis comunale Bergamo celebra l\u201985esimo compleanno","datePublished":"2021-10-19T17:07:48+00:00","mainEntityOfPage":{"@id":"https:\/\/www.article-marketing.eu\/comunicatistampa\/avis-comunale-bergamo-celebra-l85esimo-compleanno\/"},"wordCount":689,"commentCount":0,"keywords":["#85anni","#aviscomunalebergamo"],"articleSection":["Eventi"],"inLanguage":"it-IT","potentialAction":[{"@type":"CommentAction","name":"Comment","target":["https:\/\/www.article-marketing.eu\/comunicatistampa\/avis-comunale-bergamo-celebra-l85esimo-compleanno\/#respond"]}]},{"@type":"WebPage","@id":"https:\/\/www.article-marketing.eu\/comunicatistampa\/avis-comunale-bergamo-celebra-l85esimo-compleanno\/","url":"https:\/\/www.article-marketing.eu\/comunicatistampa\/avis-comunale-bergamo-celebra-l85esimo-compleanno\/","name":"Avis comunale Bergamo celebra l\u201985esimo compleanno - Article Marketing","isPartOf":{"@id":"https:\/\/www.article-marketing.eu\/comunicatistampa\/#website"},"datePublished":"2021-10-19T17:07:48+00:00","author":{"@id":"https:\/\/www.article-marketing.eu\/comunicatistampa\/#\/schema\/person\/c0aa725eee5df8460e0adf901fde0c88"},"breadcrumb":{"@id":"https:\/\/www.article-marketing.eu\/comunicatistampa\/avis-comunale-bergamo-celebra-l85esimo-compleanno\/#breadcrumb"},"inLanguage":"it-IT","potentialAction":[{"@type":"ReadAction","target":["https:\/\/www.article-marketing.eu\/comunicatistampa\/avis-comunale-bergamo-celebra-l85esimo-compleanno\/"]}]},{"@type":"BreadcrumbList","@id":"https:\/\/www.article-marketing.eu\/comunicatistampa\/avis-comunale-bergamo-celebra-l85esimo-compleanno\/#breadcrumb","itemListElement":[{"@type":"ListItem","position":1,"name":"Home","item":"https:\/\/www.article-marketing.eu\/comunicatistampa\/"},{"@type":"ListItem","position":2,"name":"Avis comunale Bergamo celebra l\u201985esimo compleanno"}]},{"@type":"WebSite","@id":"https:\/\/www.article-marketing.eu\/comunicatistampa\/#website","url":"https:\/\/www.article-marketing.eu\/comunicatistampa\/","name":"Article Marketing","description":"article marketing &amp; press release","potentialAction":[{"@type":"SearchAction","target":{"@type":"EntryPoint","urlTemplate":"https:\/\/www.article-marketing.eu\/comunicatistampa\/?s={search_term_string}"},"query-input":{"@type":"PropertyValueSpecification","valueRequired":true,"valueName":"search_term_string"}}],"inLanguage":"it-IT"},{"@type":"Person","@id":"https:\/\/www.article-marketing.eu\/comunicatistampa\/#\/schema\/person\/c0aa725eee5df8460e0adf901fde0c88","name":"Redaclem","image":{"@type":"ImageObject","inLanguage":"it-IT","@id":"https:\/\/secure.gravatar.com\/avatar\/4c7e41f332a0583344a91d7d39723533da9b2d0df7737c2d8c69553168c2191e?s=96&d=mm&r=g","url":"https:\/\/secure.gravatar.com\/avatar\/4c7e41f332a0583344a91d7d39723533da9b2d0df7737c2d8c69553168c2191e?s=96&d=mm&r=g","contentUrl":"https:\/\/secure.gravatar.com\/avatar\/4c7e41f332a0583344a91d7d39723533da9b2d0df7737c2d8c69553168c2191e?s=96&d=mm&r=g","caption":"Redaclem"},"url":"https:\/\/www.article-marketing.eu\/comunicatistampa\/author\/redaclem\/"}]}},"_links":{"self":[{"href":"https:\/\/www.article-marketing.eu\/comunicatistampa\/wp-json\/wp\/v2\/posts\/20734","targetHints":{"allow":["GET"]}}],"collection":[{"href":"https:\/\/www.article-marketing.eu\/comunicatistampa\/wp-json\/wp\/v2\/posts"}],"about":[{"href":"https:\/\/www.article-marketing.eu\/comunicatistampa\/wp-json\/wp\/v2\/types\/post"}],"author":[{"embeddable":true,"href":"https:\/\/www.article-marketing.eu\/comunicatistampa\/wp-json\/wp\/v2\/users\/1855"}],"replies":[{"embeddable":true,"href":"https:\/\/www.article-marketing.eu\/comunicatistampa\/wp-json\/wp\/v2\/comments?post=20734"}],"version-history":[{"count":2,"href":"https:\/\/www.article-marketing.eu\/comunicatistampa\/wp-json\/wp\/v2\/posts\/20734\/revisions"}],"predecessor-version":[{"id":20742,"href":"https:\/\/www.article-marketing.eu\/comunicatistampa\/wp-json\/wp\/v2\/posts\/20734\/revisions\/20742"}],"wp:attachment":[{"href":"https:\/\/www.article-marketing.eu\/comunicatistampa\/wp-json\/wp\/v2\/media?parent=20734"}],"wp:term":[{"taxonomy":"category","embeddable":true,"href":"https:\/\/www.article-marketing.eu\/comunicatistampa\/wp-json\/wp\/v2\/categories?post=20734"},{"taxonomy":"post_tag","embeddable":true,"href":"https:\/\/www.article-marketing.eu\/comunicatistampa\/wp-json\/wp\/v2\/tags?post=20734"}],"curies":[{"name":"wp","href":"https:\/\/api.w.org\/{rel}","templated":true}]}}