{"id":20769,"date":"2021-10-22T00:47:03","date_gmt":"2021-10-21T22:47:03","guid":{"rendered":"https:\/\/www.article-marketing.eu\/comunicatistampa\/?p=20769"},"modified":"2021-10-22T00:47:03","modified_gmt":"2021-10-21T22:47:03","slug":"antincendio-e-formazione-competenze-e-novita-normative","status":"publish","type":"post","link":"https:\/\/www.article-marketing.eu\/comunicatistampa\/antincendio-e-formazione-competenze-e-novita-normative\/","title":{"rendered":"Antincendio e formazione: competenze e novit\u00e0 normative"},"content":{"rendered":"<h1>Comunicato Stampa<\/h1>\n<h1>Antincendio e formazione: competenze e novit\u00e0 normative<\/h1>\n<h1><\/h1>\n<p><strong><em>Un corso in presenza a Brescia il 25 e 26 novembre 2021 fornir\u00e0 gli strumenti per comprendere i contenuti relativi all\u2019erogazione di corsi di formazione in materia antincendio<\/em><\/strong> <strong><em>con riferimento anche alle novit\u00e0 normative.<\/em><\/strong><\/p>\n<p>&nbsp;<\/p>\n<p>Il <strong>Decreto Legislativo n. 81 del 9 aprile 2008<\/strong> (Testo Unico in materia di tutela della salute e della sicurezza nei luoghi di lavoro) all\u2019<strong>articolo 46<\/strong> segnala che la <strong>prevenzione incendi<\/strong> \u00e8 una \u201c<em>funzione di preminente interesse pubblico, di esclusiva competenza statuale, diretta a conseguire, secondo criteri applicativi uniformi sul territorio nazionale, gli obiettivi di sicurezza della vita umana, di incolumit\u00e0 delle persone e di tutela dei beni e dell\u2019ambiente<\/em>\u201d.<\/p>\n<p>&nbsp;<\/p>\n<p>Nello stesso articolo si indica poi che, in relazione ai fattori di rischio, devono essere adottati decreti concernenti la definizione, tra l&#8217;altro, di vari aspetti rilevanti in materia antincendio. E nelle scorse settimane sono stati pubblicati due di questi <strong>decreti ministeriali<\/strong> molto importanti sia per la gestione in esercizio ed in emergenza della sicurezza antincendio che per la formazione del personale e degli addetti al servizio antincendio.<\/p>\n<p>&nbsp;<\/p>\n<p><strong>Ci sono corsi in presenza che affrontano il tema delle competenze e della formazione in materia antincendio? Ci sono percorsi formativi che forniscono informazioni anche sui recenti decreti attuativi dell\u2019articolo 46 del Testo Unico?<\/strong><\/p>\n<p>&nbsp;<\/p>\n<p><strong>Corso in presenza in materia di formazione antincendio<\/strong><\/p>\n<p>Partendo dalla necessit\u00e0 di conoscere le rilevanti novit\u00e0 normative in materia di formazione, l\u2019<strong>Associazione Italiana Formatori ed Operatori della Sicurezza sul Lavoro<\/strong> (AiFOS) organizza a Brescia il <strong>25 e 26 novembre 2021 <\/strong>un corso di 16 ore in presenza dal titolo \u201c<strong>Antincendio e Formazione: competenze e normativa<\/strong><strong>\u200b<\/strong>\u201d.<\/p>\n<p>&nbsp;<\/p>\n<p>Il corso, rivolto a RSPP, ASPP, Formatori della sicurezza, Coordinatori, HSE Manager e Consulenti, ha l\u2019<strong>obiettivo<\/strong> di fornire le nozioni, le competenze e gli strumenti utili all\u2019erogazione di corsi in materia antincendio rivolti ai lavoratori cos\u00ec come richiesto dall\u2019allegato IX del <strong>D.M. 10 marzo 1998<\/strong> e dalla <strong>normativa antincendio di recente applicazione<\/strong> in relazione all\u2019evoluzione, presente e futura della figura e delle competenze del <strong>Formatore Antincendio<\/strong>.<\/p>\n<p>&nbsp;<\/p>\n<p>Durante il corso una sessione verr\u00e0 dedicata alla trattazione delle novit\u00e0 introdotte dal nuovo decreto <strong>D.M. 2 settembre 2021<\/strong>.<\/p>\n<p>&nbsp;<\/p>\n<p>Il docente \u00e8 <strong>Roberto Marasi<\/strong>: HSE Manager, formatore con esperienza pluriennale in ambito salute e sicurezza e nello specifico di corsi per addetti antincendio dal rischio basso al rischio elevato, valutazione ed elaborazione di piani di emergenza.<\/p>\n<p>&nbsp;<\/p>\n<p><strong>Prevenzione incendi: le novit\u00e0 del decreto del 2 settembre 2021<\/strong><\/p>\n<p>Il <strong>4 ottobre 2021<\/strong> \u00e8 stato pubblicato in Gazzetta Ufficiale il <strong>Decreto del Ministro dell&#8217;Interno 2 settembre 2021 <\/strong>recante \u201c<em>Criteri per la gestione dei luoghi di lavoro in esercizio ed in emergenza e caratteristiche dello specifico servizio di prevenzione e protezione antincendio, ai sensi dell&#8217;articolo 46, comma 3, lettera a), punto 4 e lettera b) del decreto legislativo 9 aprile 2008, n. 81\u201d. <\/em><\/p>\n<p>&nbsp;<\/p>\n<p>Il decreto stabilisce i criteri per la <strong>gestione in esercizio ed in emergenza della sicurezza antincendio<\/strong>, in attuazione dell&#8217;art. 46 del decreto legislativo 9 aprile 2008, n. 81.<\/p>\n<p>Inoltre la normativa:<\/p>\n<ul>\n<li>segnala gli obblighi correlati all\u2019informazione e formazione dei lavoratori<\/li>\n<li>riporta indicazioni per la formazione degli addetti al servizio antincendio<\/li>\n<li>specifica i requisiti dei docenti<\/li>\n<li>affronta gli aspetti transitori relativi all\u2019aggiornamento pregresso.<\/li>\n<\/ul>\n<p>&nbsp;<\/p>\n<p>Il decreto entrer\u00e0 in vigore un <strong>anno dopo la pubblicazione<\/strong> in Gazzetta Ufficiale.<\/p>\n<p>&nbsp;<\/p>\n<p><strong>Informazioni, percorso didattico e iscrizione al nuovo corso <\/strong><\/p>\n<p>Il corso di 16 ore in presenza \u201c<strong>Antincendio e Formazione: competenze e normativa<\/strong>\u201d si svolger\u00e0, dunque, il <strong>25 <\/strong>e<strong> 26 novembre 2021 <\/strong>\u2013 dalle 9.00 alle 13.00 e dalle 14.00 alle 18.00 &#8211; a Brescia presso la sede di AiFOS Service in Via Branze, 45, c\/o CSMT, Universit\u00e0 degli studi di Brescia.<\/p>\n<p>&nbsp;<\/p>\n<p>Il corso, che <strong>non \u00e8 da intendersi quale abilitazione del docente\/formatore ai sensi dell\u2019allegato V del nuovo D.M. 2 settembre 2021<\/strong>, vuole dunque fornire gli strumenti di base per la comprensione dei <strong>contenuti minimi relativi all\u2019erogazione di un corso di formazione<\/strong> di basso, medio ed elevato rischio e dei relativi aggiornamenti anche in considerazione delle esigenze e dei documenti forniti dall\u2019azienda relativi alla lotta antincendio. Permetter\u00e0 di interpretare in modo corretto la documentazione aziendale con l\u2019obiettivo di progettare un\u2019adeguata formazione utile a definire gli scenari possibili nelle simulazioni in linea con la nuova normativa Antincendio.<\/p>\n<p>&nbsp;<\/p>\n<p>Il <strong>percorso didattico<\/strong> sar\u00e0 costituito da una prima parte teorica di introduzione con riferimenti normativi ed operativi richiesti dal programma dei VV.F. e da una seconda parte riguardante l\u2019addestramento pratico a utilizzo dei D.P.I. di terza categoria per la lotta antincendio.<\/p>\n<p>&nbsp;<\/p>\n<p>Il corso \u00e8 valido come <strong>16 ore<\/strong> <strong>di aggiornamento<\/strong> per RSPP\/ASPP, coordinatori alla sicurezza, formatori qualificati seconda area tematica, HSE (area tecnica in materia di sicurezza sul lavoro), Consulenti AiFOS (ambito sicurezza sul lavoro).<\/p>\n<p>&nbsp;<\/p>\n<p>Per avere ulteriori dettagli sul corso e iscriversi, \u00e8 possibile utilizzare questo link: <a href=\"https:\/\/aifos.org\/home\/formazione\/corsi\/corsi-in-programma\/corsi-in-programma\/antincendio_e_formazione_competenze_e_normativa\">https:\/\/aifos.org\/home\/formazione\/corsi\/corsi-in-programma\/corsi-in-programma\/antincendio_e_formazione_competenze_e_normativa<\/a><\/p>\n<p>&nbsp;<\/p>\n<p>&nbsp;<\/p>\n<p>Per informazioni e iscrizioni:<\/p>\n<p><strong>Sede nazionale AiFOS<\/strong> &#8211; via Branze, 45 &#8211; 25123 Brescia c\/o CSMT, Universit\u00e0 degli Studi di Brescia &#8211; tel.030.6595035 &#8211; fax 030.6595040 <a href=\"http:\/\/www.aifos.it\">www.aifos.it<\/a> &#8211; formarsi@aifos.it<\/p>\n<p><em>\u00a0<\/em><\/p>\n<p><em>\u00a0<\/em><\/p>\n<p><em>21 ottobre 2021<\/em><\/p>\n<p>&nbsp;<\/p>\n<p>&nbsp;<\/p>\n<p>Ufficio Stampa di AiFOS<\/p>\n<p>ufficiostampa@aifos.it<\/p>\n<p>http:\/\/www.aifos.it\/<\/p>\n","protected":false},"excerpt":{"rendered":"<p>Comunicato Stampa Antincendio e formazione: competenze e novit\u00e0 normative Un corso in presenza a Brescia il 25 e 26 novembre 2021 fornir\u00e0 gli strumenti per comprendere i contenuti relativi all\u2019erogazione di corsi di formazione in materia antincendio con riferimento anche alle novit\u00e0 normative. &nbsp; Il Decreto Legislativo n. 81 del 9 aprile 2008 (Testo Unico in materia di tutela della salute e della sicurezza nei luoghi di lavoro) all\u2019articolo 46<\/p>\n<p><a class=\"continue-reading\" href=\"https:\/\/www.article-marketing.eu\/comunicatistampa\/antincendio-e-formazione-competenze-e-novita-normative\/\">Continue reading&#8230;<\/a><\/p>\n","protected":false},"author":881,"featured_media":0,"comment_status":"open","ping_status":"open","sticky":false,"template":"","format":"standard","meta":{"_monsterinsights_skip_tracking":false,"_monsterinsights_sitenote_active":false,"_monsterinsights_sitenote_note":"","_monsterinsights_sitenote_category":0,"footnotes":""},"categories":[78,379,378],"tags":[3301,8711,3235,791,8712,8713,8714,6625,8715,8717,1538,8716],"class_list":["post-20769","post","type-post","status-publish","format-standard","hentry","category-comunicati-stampa","category-corsi","category-istruzione","tag-aifos","tag-antincendio-e-formazione-competenze-e-normativa","tag-brescia","tag-corso","tag-d-m-10-marzo-1998","tag-d-m-2-settembre-2021","tag-decreto-del-ministro-dellinterno-2-settembre-2021","tag-formazione-in-presenza","tag-gestione-in-esercizio-ed-in-emergenza-della-sicurezza-antincendio","tag-lotta-antincendio","tag-sicurezza-sul-lavoro","tag-vv-f"],"yoast_head":"<!-- This site is optimized with the Yoast SEO plugin v27.3 - https:\/\/yoast.com\/product\/yoast-seo-wordpress\/ -->\n<title>Antincendio e formazione: competenze e novit\u00e0 normative<\/title>\n<meta name=\"robots\" content=\"index, follow, max-snippet:-1, max-image-preview:large, max-video-preview:-1\" \/>\n<link rel=\"canonical\" href=\"https:\/\/www.article-marketing.eu\/comunicatistampa\/antincendio-e-formazione-competenze-e-novita-normative\/\" \/>\n<meta property=\"og:locale\" content=\"it_IT\" \/>\n<meta property=\"og:type\" content=\"article\" \/>\n<meta property=\"og:title\" content=\"Antincendio e formazione: competenze e novit\u00e0 normative\" \/>\n<meta property=\"og:description\" content=\"Comunicato Stampa Antincendio e formazione: competenze e novit\u00e0 normative Un corso in presenza a Brescia il 25 e 26 novembre 2021 fornir\u00e0 gli strumenti per comprendere i contenuti relativi all\u2019erogazione di corsi di formazione in materia antincendio con riferimento anche alle novit\u00e0 normative. &nbsp; Il Decreto Legislativo n. 81 del 9 aprile 2008 (Testo Unico in materia di tutela della salute e della sicurezza nei luoghi di lavoro) all\u2019articolo 46Continue reading...\" \/>\n<meta property=\"og:url\" content=\"https:\/\/www.article-marketing.eu\/comunicatistampa\/antincendio-e-formazione-competenze-e-novita-normative\/\" \/>\n<meta property=\"og:site_name\" content=\"Article Marketing\" \/>\n<meta property=\"article:published_time\" content=\"2021-10-21T22:47:03+00:00\" \/>\n<meta name=\"author\" content=\"AIFUS\" \/>\n<meta name=\"twitter:card\" content=\"summary_large_image\" \/>\n<meta name=\"twitter:label1\" content=\"Scritto da\" \/>\n\t<meta name=\"twitter:data1\" content=\"AIFUS\" \/>\n\t<meta name=\"twitter:label2\" content=\"Tempo di lettura stimato\" \/>\n\t<meta name=\"twitter:data2\" content=\"4 minuti\" \/>\n<script type=\"application\/ld+json\" class=\"yoast-schema-graph\">{\"@context\":\"https:\\\/\\\/schema.org\",\"@graph\":[{\"@type\":\"Article\",\"@id\":\"https:\\\/\\\/www.article-marketing.eu\\\/comunicatistampa\\\/antincendio-e-formazione-competenze-e-novita-normative\\\/#article\",\"isPartOf\":{\"@id\":\"https:\\\/\\\/www.article-marketing.eu\\\/comunicatistampa\\\/antincendio-e-formazione-competenze-e-novita-normative\\\/\"},\"author\":{\"name\":\"AIFUS\",\"@id\":\"https:\\\/\\\/www.article-marketing.eu\\\/comunicatistampa\\\/#\\\/schema\\\/person\\\/d1985c4955ff71a05f49d68e3034b3cd\"},\"headline\":\"Antincendio e formazione: competenze e novit\u00e0 normative\",\"datePublished\":\"2021-10-21T22:47:03+00:00\",\"mainEntityOfPage\":{\"@id\":\"https:\\\/\\\/www.article-marketing.eu\\\/comunicatistampa\\\/antincendio-e-formazione-competenze-e-novita-normative\\\/\"},\"wordCount\":840,\"commentCount\":0,\"keywords\":[\"Aifos\",\"Antincendio e Formazione: competenze e normativa\",\"Brescia\",\"corso\",\"D.M. 10 marzo 1998\",\"D.M. 2 settembre 2021\",\"Decreto del Ministro dell'Interno 2 settembre 2021\",\"formazione in presenza\",\"gestione in esercizio ed in emergenza della sicurezza antincendio\",\"lotta antincendio\",\"sicurezza sul lavoro\",\"VV.F.\"],\"articleSection\":[\"Comunicati stampa\",\"Corsi\",\"Istruzione\"],\"inLanguage\":\"it-IT\",\"potentialAction\":[{\"@type\":\"CommentAction\",\"name\":\"Comment\",\"target\":[\"https:\\\/\\\/www.article-marketing.eu\\\/comunicatistampa\\\/antincendio-e-formazione-competenze-e-novita-normative\\\/#respond\"]}]},{\"@type\":\"WebPage\",\"@id\":\"https:\\\/\\\/www.article-marketing.eu\\\/comunicatistampa\\\/antincendio-e-formazione-competenze-e-novita-normative\\\/\",\"url\":\"https:\\\/\\\/www.article-marketing.eu\\\/comunicatistampa\\\/antincendio-e-formazione-competenze-e-novita-normative\\\/\",\"name\":\"Antincendio e formazione: competenze e novit\u00e0 normative\",\"isPartOf\":{\"@id\":\"https:\\\/\\\/www.article-marketing.eu\\\/comunicatistampa\\\/#website\"},\"datePublished\":\"2021-10-21T22:47:03+00:00\",\"author\":{\"@id\":\"https:\\\/\\\/www.article-marketing.eu\\\/comunicatistampa\\\/#\\\/schema\\\/person\\\/d1985c4955ff71a05f49d68e3034b3cd\"},\"breadcrumb\":{\"@id\":\"https:\\\/\\\/www.article-marketing.eu\\\/comunicatistampa\\\/antincendio-e-formazione-competenze-e-novita-normative\\\/#breadcrumb\"},\"inLanguage\":\"it-IT\",\"potentialAction\":[{\"@type\":\"ReadAction\",\"target\":[\"https:\\\/\\\/www.article-marketing.eu\\\/comunicatistampa\\\/antincendio-e-formazione-competenze-e-novita-normative\\\/\"]}]},{\"@type\":\"BreadcrumbList\",\"@id\":\"https:\\\/\\\/www.article-marketing.eu\\\/comunicatistampa\\\/antincendio-e-formazione-competenze-e-novita-normative\\\/#breadcrumb\",\"itemListElement\":[{\"@type\":\"ListItem\",\"position\":1,\"name\":\"Home\",\"item\":\"https:\\\/\\\/www.article-marketing.eu\\\/comunicatistampa\\\/\"},{\"@type\":\"ListItem\",\"position\":2,\"name\":\"Antincendio e formazione: competenze e novit\u00e0 normative\"}]},{\"@type\":\"WebSite\",\"@id\":\"https:\\\/\\\/www.article-marketing.eu\\\/comunicatistampa\\\/#website\",\"url\":\"https:\\\/\\\/www.article-marketing.eu\\\/comunicatistampa\\\/\",\"name\":\"Article Marketing\",\"description\":\"article marketing &amp; press release\",\"potentialAction\":[{\"@type\":\"SearchAction\",\"target\":{\"@type\":\"EntryPoint\",\"urlTemplate\":\"https:\\\/\\\/www.article-marketing.eu\\\/comunicatistampa\\\/?s={search_term_string}\"},\"query-input\":{\"@type\":\"PropertyValueSpecification\",\"valueRequired\":true,\"valueName\":\"search_term_string\"}}],\"inLanguage\":\"it-IT\"},{\"@type\":\"Person\",\"@id\":\"https:\\\/\\\/www.article-marketing.eu\\\/comunicatistampa\\\/#\\\/schema\\\/person\\\/d1985c4955ff71a05f49d68e3034b3cd\",\"name\":\"AIFUS\",\"image\":{\"@type\":\"ImageObject\",\"inLanguage\":\"it-IT\",\"@id\":\"https:\\\/\\\/secure.gravatar.com\\\/avatar\\\/05cf2a2ba057667571308b94c84f00ff48766ffac95710a87491a9b3ddcee484?s=96&d=mm&r=g\",\"url\":\"https:\\\/\\\/secure.gravatar.com\\\/avatar\\\/05cf2a2ba057667571308b94c84f00ff48766ffac95710a87491a9b3ddcee484?s=96&d=mm&r=g\",\"contentUrl\":\"https:\\\/\\\/secure.gravatar.com\\\/avatar\\\/05cf2a2ba057667571308b94c84f00ff48766ffac95710a87491a9b3ddcee484?s=96&d=mm&r=g\",\"caption\":\"AIFUS\"},\"url\":\"https:\\\/\\\/www.article-marketing.eu\\\/comunicatistampa\\\/author\\\/aifus\\\/\"}]}<\/script>\n<!-- \/ Yoast SEO plugin. -->","yoast_head_json":{"title":"Antincendio e formazione: competenze e novit\u00e0 normative","robots":{"index":"index","follow":"follow","max-snippet":"max-snippet:-1","max-image-preview":"max-image-preview:large","max-video-preview":"max-video-preview:-1"},"canonical":"https:\/\/www.article-marketing.eu\/comunicatistampa\/antincendio-e-formazione-competenze-e-novita-normative\/","og_locale":"it_IT","og_type":"article","og_title":"Antincendio e formazione: competenze e novit\u00e0 normative","og_description":"Comunicato Stampa Antincendio e formazione: competenze e novit\u00e0 normative Un corso in presenza a Brescia il 25 e 26 novembre 2021 fornir\u00e0 gli strumenti per comprendere i contenuti relativi all\u2019erogazione di corsi di formazione in materia antincendio con riferimento anche alle novit\u00e0 normative. &nbsp; Il Decreto Legislativo n. 81 del 9 aprile 2008 (Testo Unico in materia di tutela della salute e della sicurezza nei luoghi di lavoro) all\u2019articolo 46Continue reading...","og_url":"https:\/\/www.article-marketing.eu\/comunicatistampa\/antincendio-e-formazione-competenze-e-novita-normative\/","og_site_name":"Article Marketing","article_published_time":"2021-10-21T22:47:03+00:00","author":"AIFUS","twitter_card":"summary_large_image","twitter_misc":{"Scritto da":"AIFUS","Tempo di lettura stimato":"4 minuti"},"schema":{"@context":"https:\/\/schema.org","@graph":[{"@type":"Article","@id":"https:\/\/www.article-marketing.eu\/comunicatistampa\/antincendio-e-formazione-competenze-e-novita-normative\/#article","isPartOf":{"@id":"https:\/\/www.article-marketing.eu\/comunicatistampa\/antincendio-e-formazione-competenze-e-novita-normative\/"},"author":{"name":"AIFUS","@id":"https:\/\/www.article-marketing.eu\/comunicatistampa\/#\/schema\/person\/d1985c4955ff71a05f49d68e3034b3cd"},"headline":"Antincendio e formazione: competenze e novit\u00e0 normative","datePublished":"2021-10-21T22:47:03+00:00","mainEntityOfPage":{"@id":"https:\/\/www.article-marketing.eu\/comunicatistampa\/antincendio-e-formazione-competenze-e-novita-normative\/"},"wordCount":840,"commentCount":0,"keywords":["Aifos","Antincendio e Formazione: competenze e normativa","Brescia","corso","D.M. 10 marzo 1998","D.M. 2 settembre 2021","Decreto del Ministro dell'Interno 2 settembre 2021","formazione in presenza","gestione in esercizio ed in emergenza della sicurezza antincendio","lotta antincendio","sicurezza sul lavoro","VV.F."],"articleSection":["Comunicati stampa","Corsi","Istruzione"],"inLanguage":"it-IT","potentialAction":[{"@type":"CommentAction","name":"Comment","target":["https:\/\/www.article-marketing.eu\/comunicatistampa\/antincendio-e-formazione-competenze-e-novita-normative\/#respond"]}]},{"@type":"WebPage","@id":"https:\/\/www.article-marketing.eu\/comunicatistampa\/antincendio-e-formazione-competenze-e-novita-normative\/","url":"https:\/\/www.article-marketing.eu\/comunicatistampa\/antincendio-e-formazione-competenze-e-novita-normative\/","name":"Antincendio e formazione: competenze e novit\u00e0 normative","isPartOf":{"@id":"https:\/\/www.article-marketing.eu\/comunicatistampa\/#website"},"datePublished":"2021-10-21T22:47:03+00:00","author":{"@id":"https:\/\/www.article-marketing.eu\/comunicatistampa\/#\/schema\/person\/d1985c4955ff71a05f49d68e3034b3cd"},"breadcrumb":{"@id":"https:\/\/www.article-marketing.eu\/comunicatistampa\/antincendio-e-formazione-competenze-e-novita-normative\/#breadcrumb"},"inLanguage":"it-IT","potentialAction":[{"@type":"ReadAction","target":["https:\/\/www.article-marketing.eu\/comunicatistampa\/antincendio-e-formazione-competenze-e-novita-normative\/"]}]},{"@type":"BreadcrumbList","@id":"https:\/\/www.article-marketing.eu\/comunicatistampa\/antincendio-e-formazione-competenze-e-novita-normative\/#breadcrumb","itemListElement":[{"@type":"ListItem","position":1,"name":"Home","item":"https:\/\/www.article-marketing.eu\/comunicatistampa\/"},{"@type":"ListItem","position":2,"name":"Antincendio e formazione: competenze e novit\u00e0 normative"}]},{"@type":"WebSite","@id":"https:\/\/www.article-marketing.eu\/comunicatistampa\/#website","url":"https:\/\/www.article-marketing.eu\/comunicatistampa\/","name":"Article Marketing","description":"article marketing &amp; press release","potentialAction":[{"@type":"SearchAction","target":{"@type":"EntryPoint","urlTemplate":"https:\/\/www.article-marketing.eu\/comunicatistampa\/?s={search_term_string}"},"query-input":{"@type":"PropertyValueSpecification","valueRequired":true,"valueName":"search_term_string"}}],"inLanguage":"it-IT"},{"@type":"Person","@id":"https:\/\/www.article-marketing.eu\/comunicatistampa\/#\/schema\/person\/d1985c4955ff71a05f49d68e3034b3cd","name":"AIFUS","image":{"@type":"ImageObject","inLanguage":"it-IT","@id":"https:\/\/secure.gravatar.com\/avatar\/05cf2a2ba057667571308b94c84f00ff48766ffac95710a87491a9b3ddcee484?s=96&d=mm&r=g","url":"https:\/\/secure.gravatar.com\/avatar\/05cf2a2ba057667571308b94c84f00ff48766ffac95710a87491a9b3ddcee484?s=96&d=mm&r=g","contentUrl":"https:\/\/secure.gravatar.com\/avatar\/05cf2a2ba057667571308b94c84f00ff48766ffac95710a87491a9b3ddcee484?s=96&d=mm&r=g","caption":"AIFUS"},"url":"https:\/\/www.article-marketing.eu\/comunicatistampa\/author\/aifus\/"}]}},"_links":{"self":[{"href":"https:\/\/www.article-marketing.eu\/comunicatistampa\/wp-json\/wp\/v2\/posts\/20769","targetHints":{"allow":["GET"]}}],"collection":[{"href":"https:\/\/www.article-marketing.eu\/comunicatistampa\/wp-json\/wp\/v2\/posts"}],"about":[{"href":"https:\/\/www.article-marketing.eu\/comunicatistampa\/wp-json\/wp\/v2\/types\/post"}],"author":[{"embeddable":true,"href":"https:\/\/www.article-marketing.eu\/comunicatistampa\/wp-json\/wp\/v2\/users\/881"}],"replies":[{"embeddable":true,"href":"https:\/\/www.article-marketing.eu\/comunicatistampa\/wp-json\/wp\/v2\/comments?post=20769"}],"version-history":[{"count":3,"href":"https:\/\/www.article-marketing.eu\/comunicatistampa\/wp-json\/wp\/v2\/posts\/20769\/revisions"}],"predecessor-version":[{"id":20793,"href":"https:\/\/www.article-marketing.eu\/comunicatistampa\/wp-json\/wp\/v2\/posts\/20769\/revisions\/20793"}],"wp:attachment":[{"href":"https:\/\/www.article-marketing.eu\/comunicatistampa\/wp-json\/wp\/v2\/media?parent=20769"}],"wp:term":[{"taxonomy":"category","embeddable":true,"href":"https:\/\/www.article-marketing.eu\/comunicatistampa\/wp-json\/wp\/v2\/categories?post=20769"},{"taxonomy":"post_tag","embeddable":true,"href":"https:\/\/www.article-marketing.eu\/comunicatistampa\/wp-json\/wp\/v2\/tags?post=20769"}],"curies":[{"name":"wp","href":"https:\/\/api.w.org\/{rel}","templated":true}]}}