{"id":2080,"date":"2017-04-20T16:21:23","date_gmt":"2017-04-20T14:21:23","guid":{"rendered":"http:\/\/www.article-marketing.eu\/comunicatistampa\/?p=2080"},"modified":"2017-04-20T16:21:23","modified_gmt":"2017-04-20T14:21:23","slug":"tuttocasa-torna-la-grande-kermesse-di-primavera","status":"publish","type":"post","link":"https:\/\/www.article-marketing.eu\/comunicatistampa\/tuttocasa-torna-la-grande-kermesse-di-primavera\/","title":{"rendered":"TUTTOCASA, TORNA LA GRANDE KERMESSE DI PRIMAVERA"},"content":{"rendered":"<p>Edizione numero 35 per questa storica manifestazione, come sempre nel complesso fieristico di Carrara. Arredamento, complementi di arredo, tecnologie per la casa, arredo per esterni i settori principali. Non mancano le occasioni per fare buoni acquisti. Arte e antiquariato completano l\u2019offerta della Fiera. Anche quest\u2019anno l\u2019ingresso sar\u00e0 gratuito tutti i giorni.<\/p>\n<p>Carrara, 18.04.2017                                                                                                                     c.s. 02<br \/>\nTuttocasa aprir\u00e0 le porte al suo grande pubblico dal 22 aprile al 1\u00b0 maggio, nel complesso fieristico di Car-rara. L\u2019edizione di quest\u2019anno, la numero 35, sar\u00e0 ancora una volta accompagnata da due grandi eventi col-laterali: Antiquamente, mostra di antiquariato e modernariato, sulla scena per l\u2019undicesima volta, e Giorni d\u2019Arte, che festeggia l\u2019ottavo compleanno.<\/p>\n<p>I settori merceologici. Queste le principali tematiche presenti: mobili e arredamenti, complementi d\u2019arredo, arredobagno, tappeti e tendaggi, oggettistica per la casa, sistemi di illuminazione, infissi e serramenti per in-terni ed esterni, sistemi di sicurezza attiva e passiva, arredo giardino, vita all\u2019aperto, fiori e piante. Non man-cano ancora una volta stand dedicati all\u2019automobile, al tempo libero, ai prodotti tipici: l\u2019esposizione \u00e8 dedi-cata veramente a tutta la famiglia.<\/p>\n<p>Antiquamente e Giorni d\u2019Arte. Ma se tutto questo non bastasse, gli incontentabili troveranno anche queste due iniziative, dedicate agli amanti dell\u2019antico e del bello. In esposizione ci saranno \u201cpezzi\u201d realizzati in tutti gli stili e nei numerosi stand sar\u00e0 veramente difficile che qualcuno non riesca a trovare di che essere soddi-sfatto.<\/p>\n<p>Le prospettive. Quest\u2019anno si apre all\u2019insegna dell\u2019ottimismo: le previsioni commerciali si annunciano sod-disfacenti. Dopo un lungo periodo di stagnazione del comparto dell\u2019arredamento, gi\u00e0 dalla passata edizione si sono notati segni di ripresa e il trend positivo pare destinato a proseguire, a beneficio non solo degli espo-sitori, ma anche dei visitatori e dei potenziali acquirenti, che troveranno prodotti di qualit\u00e0 e argomenti per realizzare buoni affari.<\/p>\n<p>Non solo commercio. Tuttocasa, Giorni d\u2019Arte e Antiquamente saranno, come da tradizione, accompagnati da alcuni importanti eventi culturali. Tra questi spiccano in particolare due iniziative, dedicate entrambe all\u2019arte: \u201cScultura Emergente\u201d e il \u201cPremio di Scultura Sergio Dati\u201d.<br \/>\nLa prima, che si ripete oramai da 11 anni, \u00e8 una grande mostra collettiva che ospita scultori, giovani e meno giovani, che si affacciano in maniera decisa  sul grande panorama dell\u2019arte figurativa.<br \/>\nIl premio \u201cSergio Dati\u201d nato l\u2019anno scorso in ricordo del creatore della Tuttocasa, scomparso due anni fa, sa-r\u00e0 assegnato da una giuria altamente qualificata, che sceglier\u00e0 l\u2019opera pi\u00f9 meritevole tra una selezione di sculture. Al vincitore sar\u00e0 assegnata una borsa di studio.<\/p>\n<p>Area Garden. Se tutto questo non dovesse bastare, all\u2019interno della manifestazione ci saranno momenti an-cora diversi: primo fra tutti un\u2019Area Garden, realizzata con l\u2019apporto di vivaisti e paesaggisti, dove si potran-no rilevare preziosi spunti e idee per la sistemazione e l\u2019arredamento dei propri giardini.<\/p>\n<p>Show Coocking. Sulla scorta dell\u2019esperienza dell\u2019anno passato, che \u00e8 stata accolta con entusiasmo soprat-tutto dal pubblico femminile (ma non solo), verr\u00e0 proposta nuovamente un\u2019area Show Cooking, dove presti-giosi chef , sia del territorio che di altre Regioni, sveleranno pubblicamente i loro segreti per una cucina non solo eccellente, ma anche sana e adatta allo stile di vita contemporaneo.<\/p>\n<p>Baby Parking e animazione. A completamento di tutto questo, per la gioia dei bambini ( e per dare alle mamme qualche attimo di relax!), sar\u00e0 realizzata una zona Baby Parking, dove personale qualificato intrat-terr\u00e0 nel migliore dei modi i piccoli visitatori, consentendo cos\u00ec agli adulti una visita pi\u00f9 agevole agli stand.<\/p>\n<p>Gli Eventi in cifre. La Fiera si sviluppa su oltre 35.000 mq. di superficie e occupa 3 padiglioni, oltre a una vasta area all\u2019aperto. Sono presenti complessivamente circa 300 espositori, provenienti da tutta l\u2019Italia, in rappresentanza di pi\u00f9 di 600 marchi commerciali dei vari settori. Il numero dei visitatori, per lo pi\u00f9 giunti dal Centro e Nord del Paese, ha segnato, nella passata edizione, quota 72.000.<\/p>\n<p>Orari. La Fiera sar\u00e0 aperta dal 22 aprile al 1\u00b0 maggio con i seguenti orari: domenica e festivi dalle ore 10 alle 20, sabato e feriali dalle ore 15 alle 20.<br \/>\nIngresso. L\u2019ingresso alla Fiera \u00e8 gratuito.<br \/>\nParcheggi. Nelle immediate adiacenze della Fiera sono disponibili ampi parcheggi gratuiti.<\/p>\n","protected":false},"excerpt":{"rendered":"<p>Edizione numero 35 per questa storica manifestazione, come sempre nel complesso fieristico di Carrara. Arredamento, complementi di arredo, tecnologie per la casa, arredo per esterni i settori principali. Non mancano le occasioni per fare buoni acquisti. Arte e antiquariato completano l\u2019offerta della Fiera. Anche quest\u2019anno l\u2019ingresso sar\u00e0 gratuito tutti i giorni. Carrara, 18.04.2017 c.s. 02 Tuttocasa aprir\u00e0 le porte al suo grande pubblico dal 22 aprile al 1\u00b0 maggio, nel<\/p>\n<p><a class=\"continue-reading\" href=\"https:\/\/www.article-marketing.eu\/comunicatistampa\/tuttocasa-torna-la-grande-kermesse-di-primavera\/\">Continue reading&#8230;<\/a><\/p>\n","protected":false},"author":277,"featured_media":0,"comment_status":"open","ping_status":"open","sticky":false,"template":"","format":"standard","meta":{"_monsterinsights_skip_tracking":false,"_monsterinsights_sitenote_active":false,"_monsterinsights_sitenote_note":"","_monsterinsights_sitenote_category":0,"footnotes":""},"categories":[78],"tags":[],"class_list":["post-2080","post","type-post","status-publish","format-standard","hentry","category-comunicati-stampa"],"yoast_head":"<!-- This site is optimized with the Yoast SEO plugin v27.3 - https:\/\/yoast.com\/product\/yoast-seo-wordpress\/ -->\n<title>TUTTOCASA, TORNA LA GRANDE KERMESSE DI PRIMAVERA - Article Marketing<\/title>\n<meta name=\"robots\" content=\"index, follow, max-snippet:-1, max-image-preview:large, max-video-preview:-1\" \/>\n<link rel=\"canonical\" href=\"https:\/\/www.article-marketing.eu\/comunicatistampa\/tuttocasa-torna-la-grande-kermesse-di-primavera\/\" \/>\n<meta property=\"og:locale\" content=\"it_IT\" \/>\n<meta property=\"og:type\" content=\"article\" \/>\n<meta property=\"og:title\" content=\"TUTTOCASA, TORNA LA GRANDE KERMESSE DI PRIMAVERA - Article Marketing\" \/>\n<meta property=\"og:description\" content=\"Edizione numero 35 per questa storica manifestazione, come sempre nel complesso fieristico di Carrara. Arredamento, complementi di arredo, tecnologie per la casa, arredo per esterni i settori principali. Non mancano le occasioni per fare buoni acquisti. Arte e antiquariato completano l\u2019offerta della Fiera. Anche quest\u2019anno l\u2019ingresso sar\u00e0 gratuito tutti i giorni. Carrara, 18.04.2017 c.s. 02 Tuttocasa aprir\u00e0 le porte al suo grande pubblico dal 22 aprile al 1\u00b0 maggio, nelContinue reading...\" \/>\n<meta property=\"og:url\" content=\"https:\/\/www.article-marketing.eu\/comunicatistampa\/tuttocasa-torna-la-grande-kermesse-di-primavera\/\" \/>\n<meta property=\"og:site_name\" content=\"Article Marketing\" \/>\n<meta property=\"article:published_time\" content=\"2017-04-20T14:21:23+00:00\" \/>\n<meta name=\"author\" content=\"tuttocasa\" \/>\n<meta name=\"twitter:card\" content=\"summary_large_image\" \/>\n<meta name=\"twitter:label1\" content=\"Scritto da\" \/>\n\t<meta name=\"twitter:data1\" content=\"tuttocasa\" \/>\n\t<meta name=\"twitter:label2\" content=\"Tempo di lettura stimato\" \/>\n\t<meta name=\"twitter:data2\" content=\"3 minuti\" \/>\n<script type=\"application\/ld+json\" class=\"yoast-schema-graph\">{\"@context\":\"https:\\\/\\\/schema.org\",\"@graph\":[{\"@type\":\"Article\",\"@id\":\"https:\\\/\\\/www.article-marketing.eu\\\/comunicatistampa\\\/tuttocasa-torna-la-grande-kermesse-di-primavera\\\/#article\",\"isPartOf\":{\"@id\":\"https:\\\/\\\/www.article-marketing.eu\\\/comunicatistampa\\\/tuttocasa-torna-la-grande-kermesse-di-primavera\\\/\"},\"author\":{\"name\":\"tuttocasa\",\"@id\":\"https:\\\/\\\/www.article-marketing.eu\\\/comunicatistampa\\\/#\\\/schema\\\/person\\\/1a4e25586929a78a1c5715b95972ff48\"},\"headline\":\"TUTTOCASA, TORNA LA GRANDE KERMESSE DI PRIMAVERA\",\"datePublished\":\"2017-04-20T14:21:23+00:00\",\"mainEntityOfPage\":{\"@id\":\"https:\\\/\\\/www.article-marketing.eu\\\/comunicatistampa\\\/tuttocasa-torna-la-grande-kermesse-di-primavera\\\/\"},\"wordCount\":685,\"commentCount\":0,\"articleSection\":[\"Comunicati stampa\"],\"inLanguage\":\"it-IT\",\"potentialAction\":[{\"@type\":\"CommentAction\",\"name\":\"Comment\",\"target\":[\"https:\\\/\\\/www.article-marketing.eu\\\/comunicatistampa\\\/tuttocasa-torna-la-grande-kermesse-di-primavera\\\/#respond\"]}]},{\"@type\":\"WebPage\",\"@id\":\"https:\\\/\\\/www.article-marketing.eu\\\/comunicatistampa\\\/tuttocasa-torna-la-grande-kermesse-di-primavera\\\/\",\"url\":\"https:\\\/\\\/www.article-marketing.eu\\\/comunicatistampa\\\/tuttocasa-torna-la-grande-kermesse-di-primavera\\\/\",\"name\":\"TUTTOCASA, TORNA LA GRANDE KERMESSE DI PRIMAVERA - Article Marketing\",\"isPartOf\":{\"@id\":\"https:\\\/\\\/www.article-marketing.eu\\\/comunicatistampa\\\/#website\"},\"datePublished\":\"2017-04-20T14:21:23+00:00\",\"author\":{\"@id\":\"https:\\\/\\\/www.article-marketing.eu\\\/comunicatistampa\\\/#\\\/schema\\\/person\\\/1a4e25586929a78a1c5715b95972ff48\"},\"breadcrumb\":{\"@id\":\"https:\\\/\\\/www.article-marketing.eu\\\/comunicatistampa\\\/tuttocasa-torna-la-grande-kermesse-di-primavera\\\/#breadcrumb\"},\"inLanguage\":\"it-IT\",\"potentialAction\":[{\"@type\":\"ReadAction\",\"target\":[\"https:\\\/\\\/www.article-marketing.eu\\\/comunicatistampa\\\/tuttocasa-torna-la-grande-kermesse-di-primavera\\\/\"]}]},{\"@type\":\"BreadcrumbList\",\"@id\":\"https:\\\/\\\/www.article-marketing.eu\\\/comunicatistampa\\\/tuttocasa-torna-la-grande-kermesse-di-primavera\\\/#breadcrumb\",\"itemListElement\":[{\"@type\":\"ListItem\",\"position\":1,\"name\":\"Home\",\"item\":\"https:\\\/\\\/www.article-marketing.eu\\\/comunicatistampa\\\/\"},{\"@type\":\"ListItem\",\"position\":2,\"name\":\"TUTTOCASA, TORNA LA GRANDE KERMESSE DI PRIMAVERA\"}]},{\"@type\":\"WebSite\",\"@id\":\"https:\\\/\\\/www.article-marketing.eu\\\/comunicatistampa\\\/#website\",\"url\":\"https:\\\/\\\/www.article-marketing.eu\\\/comunicatistampa\\\/\",\"name\":\"Article Marketing\",\"description\":\"article marketing &amp; press release\",\"potentialAction\":[{\"@type\":\"SearchAction\",\"target\":{\"@type\":\"EntryPoint\",\"urlTemplate\":\"https:\\\/\\\/www.article-marketing.eu\\\/comunicatistampa\\\/?s={search_term_string}\"},\"query-input\":{\"@type\":\"PropertyValueSpecification\",\"valueRequired\":true,\"valueName\":\"search_term_string\"}}],\"inLanguage\":\"it-IT\"},{\"@type\":\"Person\",\"@id\":\"https:\\\/\\\/www.article-marketing.eu\\\/comunicatistampa\\\/#\\\/schema\\\/person\\\/1a4e25586929a78a1c5715b95972ff48\",\"name\":\"tuttocasa\",\"image\":{\"@type\":\"ImageObject\",\"inLanguage\":\"it-IT\",\"@id\":\"https:\\\/\\\/secure.gravatar.com\\\/avatar\\\/4bf14f0c86dd375f02c4133738b3a48b69f10d923392f7cac16009fcfeaa3af2?s=96&d=mm&r=g\",\"url\":\"https:\\\/\\\/secure.gravatar.com\\\/avatar\\\/4bf14f0c86dd375f02c4133738b3a48b69f10d923392f7cac16009fcfeaa3af2?s=96&d=mm&r=g\",\"contentUrl\":\"https:\\\/\\\/secure.gravatar.com\\\/avatar\\\/4bf14f0c86dd375f02c4133738b3a48b69f10d923392f7cac16009fcfeaa3af2?s=96&d=mm&r=g\",\"caption\":\"tuttocasa\"},\"url\":\"https:\\\/\\\/www.article-marketing.eu\\\/comunicatistampa\\\/author\\\/tuttocasa\\\/\"}]}<\/script>\n<!-- \/ Yoast SEO plugin. -->","yoast_head_json":{"title":"TUTTOCASA, TORNA LA GRANDE KERMESSE DI PRIMAVERA - Article Marketing","robots":{"index":"index","follow":"follow","max-snippet":"max-snippet:-1","max-image-preview":"max-image-preview:large","max-video-preview":"max-video-preview:-1"},"canonical":"https:\/\/www.article-marketing.eu\/comunicatistampa\/tuttocasa-torna-la-grande-kermesse-di-primavera\/","og_locale":"it_IT","og_type":"article","og_title":"TUTTOCASA, TORNA LA GRANDE KERMESSE DI PRIMAVERA - Article Marketing","og_description":"Edizione numero 35 per questa storica manifestazione, come sempre nel complesso fieristico di Carrara. Arredamento, complementi di arredo, tecnologie per la casa, arredo per esterni i settori principali. Non mancano le occasioni per fare buoni acquisti. Arte e antiquariato completano l\u2019offerta della Fiera. Anche quest\u2019anno l\u2019ingresso sar\u00e0 gratuito tutti i giorni. Carrara, 18.04.2017 c.s. 02 Tuttocasa aprir\u00e0 le porte al suo grande pubblico dal 22 aprile al 1\u00b0 maggio, nelContinue reading...","og_url":"https:\/\/www.article-marketing.eu\/comunicatistampa\/tuttocasa-torna-la-grande-kermesse-di-primavera\/","og_site_name":"Article Marketing","article_published_time":"2017-04-20T14:21:23+00:00","author":"tuttocasa","twitter_card":"summary_large_image","twitter_misc":{"Scritto da":"tuttocasa","Tempo di lettura stimato":"3 minuti"},"schema":{"@context":"https:\/\/schema.org","@graph":[{"@type":"Article","@id":"https:\/\/www.article-marketing.eu\/comunicatistampa\/tuttocasa-torna-la-grande-kermesse-di-primavera\/#article","isPartOf":{"@id":"https:\/\/www.article-marketing.eu\/comunicatistampa\/tuttocasa-torna-la-grande-kermesse-di-primavera\/"},"author":{"name":"tuttocasa","@id":"https:\/\/www.article-marketing.eu\/comunicatistampa\/#\/schema\/person\/1a4e25586929a78a1c5715b95972ff48"},"headline":"TUTTOCASA, TORNA LA GRANDE KERMESSE DI PRIMAVERA","datePublished":"2017-04-20T14:21:23+00:00","mainEntityOfPage":{"@id":"https:\/\/www.article-marketing.eu\/comunicatistampa\/tuttocasa-torna-la-grande-kermesse-di-primavera\/"},"wordCount":685,"commentCount":0,"articleSection":["Comunicati stampa"],"inLanguage":"it-IT","potentialAction":[{"@type":"CommentAction","name":"Comment","target":["https:\/\/www.article-marketing.eu\/comunicatistampa\/tuttocasa-torna-la-grande-kermesse-di-primavera\/#respond"]}]},{"@type":"WebPage","@id":"https:\/\/www.article-marketing.eu\/comunicatistampa\/tuttocasa-torna-la-grande-kermesse-di-primavera\/","url":"https:\/\/www.article-marketing.eu\/comunicatistampa\/tuttocasa-torna-la-grande-kermesse-di-primavera\/","name":"TUTTOCASA, TORNA LA GRANDE KERMESSE DI PRIMAVERA - Article Marketing","isPartOf":{"@id":"https:\/\/www.article-marketing.eu\/comunicatistampa\/#website"},"datePublished":"2017-04-20T14:21:23+00:00","author":{"@id":"https:\/\/www.article-marketing.eu\/comunicatistampa\/#\/schema\/person\/1a4e25586929a78a1c5715b95972ff48"},"breadcrumb":{"@id":"https:\/\/www.article-marketing.eu\/comunicatistampa\/tuttocasa-torna-la-grande-kermesse-di-primavera\/#breadcrumb"},"inLanguage":"it-IT","potentialAction":[{"@type":"ReadAction","target":["https:\/\/www.article-marketing.eu\/comunicatistampa\/tuttocasa-torna-la-grande-kermesse-di-primavera\/"]}]},{"@type":"BreadcrumbList","@id":"https:\/\/www.article-marketing.eu\/comunicatistampa\/tuttocasa-torna-la-grande-kermesse-di-primavera\/#breadcrumb","itemListElement":[{"@type":"ListItem","position":1,"name":"Home","item":"https:\/\/www.article-marketing.eu\/comunicatistampa\/"},{"@type":"ListItem","position":2,"name":"TUTTOCASA, TORNA LA GRANDE KERMESSE DI PRIMAVERA"}]},{"@type":"WebSite","@id":"https:\/\/www.article-marketing.eu\/comunicatistampa\/#website","url":"https:\/\/www.article-marketing.eu\/comunicatistampa\/","name":"Article Marketing","description":"article marketing &amp; press release","potentialAction":[{"@type":"SearchAction","target":{"@type":"EntryPoint","urlTemplate":"https:\/\/www.article-marketing.eu\/comunicatistampa\/?s={search_term_string}"},"query-input":{"@type":"PropertyValueSpecification","valueRequired":true,"valueName":"search_term_string"}}],"inLanguage":"it-IT"},{"@type":"Person","@id":"https:\/\/www.article-marketing.eu\/comunicatistampa\/#\/schema\/person\/1a4e25586929a78a1c5715b95972ff48","name":"tuttocasa","image":{"@type":"ImageObject","inLanguage":"it-IT","@id":"https:\/\/secure.gravatar.com\/avatar\/4bf14f0c86dd375f02c4133738b3a48b69f10d923392f7cac16009fcfeaa3af2?s=96&d=mm&r=g","url":"https:\/\/secure.gravatar.com\/avatar\/4bf14f0c86dd375f02c4133738b3a48b69f10d923392f7cac16009fcfeaa3af2?s=96&d=mm&r=g","contentUrl":"https:\/\/secure.gravatar.com\/avatar\/4bf14f0c86dd375f02c4133738b3a48b69f10d923392f7cac16009fcfeaa3af2?s=96&d=mm&r=g","caption":"tuttocasa"},"url":"https:\/\/www.article-marketing.eu\/comunicatistampa\/author\/tuttocasa\/"}]}},"_links":{"self":[{"href":"https:\/\/www.article-marketing.eu\/comunicatistampa\/wp-json\/wp\/v2\/posts\/2080","targetHints":{"allow":["GET"]}}],"collection":[{"href":"https:\/\/www.article-marketing.eu\/comunicatistampa\/wp-json\/wp\/v2\/posts"}],"about":[{"href":"https:\/\/www.article-marketing.eu\/comunicatistampa\/wp-json\/wp\/v2\/types\/post"}],"author":[{"embeddable":true,"href":"https:\/\/www.article-marketing.eu\/comunicatistampa\/wp-json\/wp\/v2\/users\/277"}],"replies":[{"embeddable":true,"href":"https:\/\/www.article-marketing.eu\/comunicatistampa\/wp-json\/wp\/v2\/comments?post=2080"}],"version-history":[{"count":1,"href":"https:\/\/www.article-marketing.eu\/comunicatistampa\/wp-json\/wp\/v2\/posts\/2080\/revisions"}],"predecessor-version":[{"id":2081,"href":"https:\/\/www.article-marketing.eu\/comunicatistampa\/wp-json\/wp\/v2\/posts\/2080\/revisions\/2081"}],"wp:attachment":[{"href":"https:\/\/www.article-marketing.eu\/comunicatistampa\/wp-json\/wp\/v2\/media?parent=2080"}],"wp:term":[{"taxonomy":"category","embeddable":true,"href":"https:\/\/www.article-marketing.eu\/comunicatistampa\/wp-json\/wp\/v2\/categories?post=2080"},{"taxonomy":"post_tag","embeddable":true,"href":"https:\/\/www.article-marketing.eu\/comunicatistampa\/wp-json\/wp\/v2\/tags?post=2080"}],"curies":[{"name":"wp","href":"https:\/\/api.w.org\/{rel}","templated":true}]}}