{"id":20807,"date":"2021-10-22T18:31:07","date_gmt":"2021-10-22T16:31:07","guid":{"rendered":"https:\/\/www.article-marketing.eu\/comunicatistampa\/?p=20807"},"modified":"2021-10-22T18:31:07","modified_gmt":"2021-10-22T16:31:07","slug":"ultimi-giorni-per-visitare-gli-orti-botanici-lombardi-prima-della-pausa-invernale-le-attivita-didattiche-non-si-fermeranno","status":"publish","type":"post","link":"https:\/\/www.article-marketing.eu\/comunicatistampa\/ultimi-giorni-per-visitare-gli-orti-botanici-lombardi-prima-della-pausa-invernale-le-attivita-didattiche-non-si-fermeranno\/","title":{"rendered":"Ultimi giorni per visitare gli Orti Botanici Lombardi prima della pausa invernale. Le attivit\u00e0 didattiche non si fermeranno"},"content":{"rendered":"<p><strong>Con l\u2019arrivo della stagione invernale le oasi verdi della Rete degli orti botanici della Lombardia si apprestano a chiudere al pubblico<\/strong><strong>,<\/strong><strong> ma con la chiusura non cesseranno le attivit\u00e0 didattiche rivolte alle scuole. Iniziative per tutte le et\u00e0 per far avvicinare bambini e ragazzi al mondo vegetale.<\/strong><\/p>\n<p>&nbsp;<\/p>\n<p>Anche per gli spazi naturali della <strong>Rete degli orti botanici della Lombardia <\/strong>\u00e8 arrivato il momento di tingersi dei <strong>caldi colori autunnali<\/strong>. Tonalit\u00e0 che, dal marrone all\u2019arancione in tutte le loro sfumature, fanno di orti e giardini dei<strong> luoghi suggestivi<\/strong>, se non <strong>magici<\/strong>, da visitare prima che arrivi il momento della consueta<strong> chiusura invernale<\/strong>. <strong>Ultimi giorni<\/strong> quindi per visitare gli Orti milanesi di Brera e Citt\u00e0 Studi e l\u2019Orto botanico \u201cLorenzo Rota\u201d di Bergamo, mentre il Giardino botanico \u201cG.E. Ghirardi\u201d di Toscolano Maderno, l\u2019Orto botanico di Pavia e il Giardino botanico alpino \u201cRezia\u201d di Bormio sono gi\u00e0 chiusi, ma visitabili su richiesta o per le scuole.<\/p>\n<p>L\u2019<strong>Orto botanico di Bergamo<\/strong>, che chiuder\u00e0 al pubblico dal 1\u00b0 novembre, osserva questi orari di apertura: Sezione di Citt\u00e0 Alta \u2013 tutti i giorni 10:00\/17:00, Sezione di Astino \u2013 tutti i giorni 10:00-12:00\/14:00-17:00; l\u2019<strong>Orto botanico di Brera<\/strong> sar\u00e0 aperto, dal luned\u00ec al sabato (non festivi), dalle 10:00 alle 18:00 fino al 31 ottobre e dalle 9:30 alle 16:30 dal 1\u00b0 novembre; l\u2019<strong>Orto botanico di Citt\u00e0 Studi<\/strong>, che chiuder\u00e0 dal 1\u00b0 novembre, in questi ultimi giorni di apertura accoglie i visitatori (nei giorni non festivi) dal marted\u00ec al gioved\u00ec, dalle 10:00 alle 17:00, e il venerd\u00ec dalle 10:00 alle 16:00; l\u2019<strong>Orto botanico di Pavia<\/strong> \u00e8 chiuso al pubblico e aperto solo per le scuole, gli studenti universitari e gli \u201cAmici dell\u2019Orto\u201d; il <strong>Giardino botanico di Toscolano Maderno<\/strong> \u00e8 visitabile esclusivamente su prenotazione (scrivendo un\u2019e-mail a orto.ghirardi@unimi.it); il <strong>Giardino botanico alpino di Bormio<\/strong> \u00e8 chiuso.<\/p>\n<p>Nonostante lo \u201cstop invernale\u201d, non si fermeranno le <strong>attivit\u00e0 didattiche<\/strong> e le <strong>iniziative rivolte alle scuole lombarde di ogni ordine e grado<\/strong>: l\u2019offerta formativa prevede <strong>visite <\/strong>\u2013 interattive e non \u2013 agli Orti, <strong>incontri di formazione<\/strong> a scuola a cura degli educatori della Rete, opportunit\u00e0 di <strong>alternanza scuola-lavoro<\/strong> rivolte agli studenti delle scuole superiori. Continua poi il progetto <strong>\u201cBotanica a distanza\u201d<\/strong>, nato durante il periodo di lockdown per supplire all\u2019impossibilit\u00e0 di incontrarsi di persona, ora riproposto come integrazione dei percorsi educativi in presenza.<\/p>\n<p>Tutte proposte, queste della Rete degli orti botanici della Lombardia, che aspirano ad avvicinare i pi\u00f9 giovani a temi di attualit\u00e0 di importanza primaria quali il <strong>cambiamento climatico<\/strong> e la <strong>tutela dell\u2019ambiente, degli ecosistemi e <\/strong><strong>degli habitat<\/strong>.<\/p>\n<p>Per raggiungere questo obiettivo, l\u2019Associazione invita a partecipare agli <strong>Open Day<\/strong>: <strong>sabato 23 ottobre<\/strong>, dalle 9:45 alle 12:15 presso la Valle della Biodiversit\u00e0 &#8211; Sezione di Astino dell\u2019<strong>Orto botanico \u201cLorenzo Rota\u201d di Bergamo<\/strong>, si terr\u00e0 una giornata \u201cporte aperte\u201d per insegnanti, dirigenti scolastici e genitori, durante la quale verranno presentate le proposte formative dell\u2019orto bergamasco per le scuole dell\u2019infanzia e primaria. L\u2019evento sar\u00e0 riproposto <strong>luned\u00ec 25 ottobre<\/strong>, dalle 15:00 alle 17:00 presso la Sala Viscontea &#8211; Piazza Cittadella di Bergamo Alta, stavolta per\u00f2 per le\u00a0scuole secondarie di I e II grado. (Per partecipare agli Open Day dell\u2019Orto di Bergamo \u00e8 necessario compilare il modulo al seguente link <a href=\"https:\/\/forms.gle\/xpKUP58jiaTwCejdA%2520\" rel=\"nofollow\">https:\/\/forms.gle\/xpKUP58jiaTwCejdA<\/a>).<\/p>\n<p>Prevista per <strong>mercoled\u00ec 10 novembre<\/strong> un\u2019ulteriore opportunit\u00e0 per conoscere le offerte didattiche della Rete, presso l\u2019<strong>Orto botanico di Pavia<\/strong>, dalle 16:30 alle 18:00. (Per partecipare \u00e8 necessario compilare il modulo di iscrizione al seguente link: <a href=\"https:\/\/docs.google.com\/forms\/d\/e\/1FAIpQLSeWJfK6F9Q5NJBB6dtpT0yz6aO12DxoV5tiTgbo7id837u3hA\/viewform?usp=pp_url\" rel=\"nofollow\">https:\/\/docs.google.com\/forms\/d\/e\/1FAIpQLSeWJfK6F9Q5NJBB6dtpT0yz6aO12D<br \/>\nxoV5tiTgbo7id837u3hA\/viewform?usp=pp_url<\/a>).<\/p>\n<p><em>\u201cSiamo molto soddisfatti della sinergia alla base dei progetti didattici e formativi che i nostri Orti stanno avviando con le scuole del territorio. \u2013 <\/em>spiega la <strong>Presidente della Rete degli orti botanici della Lombardia, Daniela Praolini<\/strong> \u2013 <em>La collaborazione con il mondo scolastico \u00e8 fondamentale nell\u2019educazione ambientale di coloro che saranno i \u201cdecisori\u201d di domani. <\/em><em>Infatti, \u00e8 importante che ciascuno di noi capisca, fin dalla giovane et\u00e0, l\u2019importanza della tutela della natura, delle sue meraviglie e della biodiversit\u00e0 che la contraddistingue in tutte le specie botaniche esistenti. La salvaguardia della biodiversit\u00e0 ambientale dovrebbe diventare il compito e la missione di ognuno di noi\u201d.<\/em><\/p>\n<p><em>\u00a0<\/em><\/p>\n<p>La Rete degli orti botanici della Lombardia \u00e8 una Associazione non profit, che opera per favorire e promuovere le azioni degli orti botanici aderenti. Ne fanno parte: l\u2019Orto botanico di Bergamo \u201cLorenzo Rota\u201d; il Giardino botanico alpino \u201cRezia\u201d di Bormio; gli Orti botanici milanesi di Brera e Citt\u00e0 Studi; l\u2019Orto botanico di Pavia; il Giardino botanico \u201cG.E. Ghirardi\u201d di Toscolano Maderno (BS).<\/p>\n<p>La Rete, nata nel 2002 per valorizzare e mettere in comune le reciproche esperienze, e costituitasi in Associazione nel 2009, si occupa inoltre della\u00a0tutela, della conoscenza, della promozione e della valorizzazione del patrimonio culturale vegetale degli orti botanici, con particolare attenzione alla conservazione delle piante, alla divulgazione scientifica e alle attivit\u00e0 educative.<\/p>\n<p><a href=\"http:\/\/www.reteortibotanicilombardia.it\">www.reteortibotanicilombardia.it<\/a><\/p>\n<p>&nbsp;<\/p>\n","protected":false},"excerpt":{"rendered":"<p>Con l\u2019arrivo della stagione invernale le oasi verdi della Rete degli orti botanici della Lombardia si apprestano a chiudere al pubblico, ma con la chiusura non cesseranno le attivit\u00e0 didattiche rivolte alle scuole. Iniziative per tutte le et\u00e0 per far avvicinare bambini e ragazzi al mondo vegetale. &nbsp; Anche per gli spazi naturali della Rete degli orti botanici della Lombardia \u00e8 arrivato il momento di tingersi dei caldi colori autunnali.<\/p>\n<p><a class=\"continue-reading\" href=\"https:\/\/www.article-marketing.eu\/comunicatistampa\/ultimi-giorni-per-visitare-gli-orti-botanici-lombardi-prima-della-pausa-invernale-le-attivita-didattiche-non-si-fermeranno\/\">Continue reading&#8230;<\/a><\/p>\n","protected":false},"author":1855,"featured_media":0,"comment_status":"open","ping_status":"open","sticky":false,"template":"","format":"standard","meta":{"_monsterinsights_skip_tracking":false,"_monsterinsights_sitenote_active":false,"_monsterinsights_sitenote_note":"","_monsterinsights_sitenote_category":0,"footnotes":""},"categories":[416,418,419],"tags":[8756,8757,8755],"class_list":["post-20807","post","type-post","status-publish","format-standard","hentry","category-ambiente","category-natura","category-tutela-e-denunce","tag-attivitadidattiche","tag-chiusureinvernali","tag-retiortilombardia"],"yoast_head":"<!-- This site is optimized with the Yoast SEO plugin v27.3 - https:\/\/yoast.com\/product\/yoast-seo-wordpress\/ -->\n<title>Ultimi giorni per visitare gli Orti Botanici Lombardi prima della pausa invernale. Le attivit\u00e0 didattiche non si fermeranno<\/title>\n<meta name=\"robots\" content=\"index, follow, max-snippet:-1, max-image-preview:large, max-video-preview:-1\" \/>\n<link rel=\"canonical\" href=\"https:\/\/www.article-marketing.eu\/comunicatistampa\/ultimi-giorni-per-visitare-gli-orti-botanici-lombardi-prima-della-pausa-invernale-le-attivita-didattiche-non-si-fermeranno\/\" \/>\n<meta property=\"og:locale\" content=\"it_IT\" \/>\n<meta property=\"og:type\" content=\"article\" \/>\n<meta property=\"og:title\" content=\"Ultimi giorni per visitare gli Orti Botanici Lombardi prima della pausa invernale. Le attivit\u00e0 didattiche non si fermeranno\" \/>\n<meta property=\"og:description\" content=\"Con l\u2019arrivo della stagione invernale le oasi verdi della Rete degli orti botanici della Lombardia si apprestano a chiudere al pubblico, ma con la chiusura non cesseranno le attivit\u00e0 didattiche rivolte alle scuole. Iniziative per tutte le et\u00e0 per far avvicinare bambini e ragazzi al mondo vegetale. &nbsp; Anche per gli spazi naturali della Rete degli orti botanici della Lombardia \u00e8 arrivato il momento di tingersi dei caldi colori autunnali.Continue reading...\" \/>\n<meta property=\"og:url\" content=\"https:\/\/www.article-marketing.eu\/comunicatistampa\/ultimi-giorni-per-visitare-gli-orti-botanici-lombardi-prima-della-pausa-invernale-le-attivita-didattiche-non-si-fermeranno\/\" \/>\n<meta property=\"og:site_name\" content=\"Article Marketing\" \/>\n<meta property=\"article:published_time\" content=\"2021-10-22T16:31:07+00:00\" \/>\n<meta name=\"author\" content=\"Redaclem\" \/>\n<meta name=\"twitter:card\" content=\"summary_large_image\" \/>\n<meta name=\"twitter:label1\" content=\"Scritto da\" \/>\n\t<meta name=\"twitter:data1\" content=\"Redaclem\" \/>\n\t<meta name=\"twitter:label2\" content=\"Tempo di lettura stimato\" \/>\n\t<meta name=\"twitter:data2\" content=\"4 minuti\" \/>\n<script type=\"application\/ld+json\" class=\"yoast-schema-graph\">{\"@context\":\"https:\\\/\\\/schema.org\",\"@graph\":[{\"@type\":\"Article\",\"@id\":\"https:\\\/\\\/www.article-marketing.eu\\\/comunicatistampa\\\/ultimi-giorni-per-visitare-gli-orti-botanici-lombardi-prima-della-pausa-invernale-le-attivita-didattiche-non-si-fermeranno\\\/#article\",\"isPartOf\":{\"@id\":\"https:\\\/\\\/www.article-marketing.eu\\\/comunicatistampa\\\/ultimi-giorni-per-visitare-gli-orti-botanici-lombardi-prima-della-pausa-invernale-le-attivita-didattiche-non-si-fermeranno\\\/\"},\"author\":{\"name\":\"Redaclem\",\"@id\":\"https:\\\/\\\/www.article-marketing.eu\\\/comunicatistampa\\\/#\\\/schema\\\/person\\\/c0aa725eee5df8460e0adf901fde0c88\"},\"headline\":\"Ultimi giorni per visitare gli Orti Botanici Lombardi prima della pausa invernale. Le attivit\u00e0 didattiche non si fermeranno\",\"datePublished\":\"2021-10-22T16:31:07+00:00\",\"mainEntityOfPage\":{\"@id\":\"https:\\\/\\\/www.article-marketing.eu\\\/comunicatistampa\\\/ultimi-giorni-per-visitare-gli-orti-botanici-lombardi-prima-della-pausa-invernale-le-attivita-didattiche-non-si-fermeranno\\\/\"},\"wordCount\":821,\"commentCount\":0,\"keywords\":[\"#Attivit\u00e0Didattiche\",\"#ChiusureInvernali\",\"#RetiOrtiLombardia\"],\"articleSection\":[\"Ambiente\",\"Natura\",\"Tutela e denunce\"],\"inLanguage\":\"it-IT\",\"potentialAction\":[{\"@type\":\"CommentAction\",\"name\":\"Comment\",\"target\":[\"https:\\\/\\\/www.article-marketing.eu\\\/comunicatistampa\\\/ultimi-giorni-per-visitare-gli-orti-botanici-lombardi-prima-della-pausa-invernale-le-attivita-didattiche-non-si-fermeranno\\\/#respond\"]}]},{\"@type\":\"WebPage\",\"@id\":\"https:\\\/\\\/www.article-marketing.eu\\\/comunicatistampa\\\/ultimi-giorni-per-visitare-gli-orti-botanici-lombardi-prima-della-pausa-invernale-le-attivita-didattiche-non-si-fermeranno\\\/\",\"url\":\"https:\\\/\\\/www.article-marketing.eu\\\/comunicatistampa\\\/ultimi-giorni-per-visitare-gli-orti-botanici-lombardi-prima-della-pausa-invernale-le-attivita-didattiche-non-si-fermeranno\\\/\",\"name\":\"Ultimi giorni per visitare gli Orti Botanici Lombardi prima della pausa invernale. Le attivit\u00e0 didattiche non si fermeranno\",\"isPartOf\":{\"@id\":\"https:\\\/\\\/www.article-marketing.eu\\\/comunicatistampa\\\/#website\"},\"datePublished\":\"2021-10-22T16:31:07+00:00\",\"author\":{\"@id\":\"https:\\\/\\\/www.article-marketing.eu\\\/comunicatistampa\\\/#\\\/schema\\\/person\\\/c0aa725eee5df8460e0adf901fde0c88\"},\"breadcrumb\":{\"@id\":\"https:\\\/\\\/www.article-marketing.eu\\\/comunicatistampa\\\/ultimi-giorni-per-visitare-gli-orti-botanici-lombardi-prima-della-pausa-invernale-le-attivita-didattiche-non-si-fermeranno\\\/#breadcrumb\"},\"inLanguage\":\"it-IT\",\"potentialAction\":[{\"@type\":\"ReadAction\",\"target\":[\"https:\\\/\\\/www.article-marketing.eu\\\/comunicatistampa\\\/ultimi-giorni-per-visitare-gli-orti-botanici-lombardi-prima-della-pausa-invernale-le-attivita-didattiche-non-si-fermeranno\\\/\"]}]},{\"@type\":\"BreadcrumbList\",\"@id\":\"https:\\\/\\\/www.article-marketing.eu\\\/comunicatistampa\\\/ultimi-giorni-per-visitare-gli-orti-botanici-lombardi-prima-della-pausa-invernale-le-attivita-didattiche-non-si-fermeranno\\\/#breadcrumb\",\"itemListElement\":[{\"@type\":\"ListItem\",\"position\":1,\"name\":\"Home\",\"item\":\"https:\\\/\\\/www.article-marketing.eu\\\/comunicatistampa\\\/\"},{\"@type\":\"ListItem\",\"position\":2,\"name\":\"Ultimi giorni per visitare gli Orti Botanici Lombardi prima della pausa invernale. Le attivit\u00e0 didattiche non si fermeranno\"}]},{\"@type\":\"WebSite\",\"@id\":\"https:\\\/\\\/www.article-marketing.eu\\\/comunicatistampa\\\/#website\",\"url\":\"https:\\\/\\\/www.article-marketing.eu\\\/comunicatistampa\\\/\",\"name\":\"Article Marketing\",\"description\":\"article marketing &amp; press release\",\"potentialAction\":[{\"@type\":\"SearchAction\",\"target\":{\"@type\":\"EntryPoint\",\"urlTemplate\":\"https:\\\/\\\/www.article-marketing.eu\\\/comunicatistampa\\\/?s={search_term_string}\"},\"query-input\":{\"@type\":\"PropertyValueSpecification\",\"valueRequired\":true,\"valueName\":\"search_term_string\"}}],\"inLanguage\":\"it-IT\"},{\"@type\":\"Person\",\"@id\":\"https:\\\/\\\/www.article-marketing.eu\\\/comunicatistampa\\\/#\\\/schema\\\/person\\\/c0aa725eee5df8460e0adf901fde0c88\",\"name\":\"Redaclem\",\"image\":{\"@type\":\"ImageObject\",\"inLanguage\":\"it-IT\",\"@id\":\"https:\\\/\\\/secure.gravatar.com\\\/avatar\\\/4c7e41f332a0583344a91d7d39723533da9b2d0df7737c2d8c69553168c2191e?s=96&d=mm&r=g\",\"url\":\"https:\\\/\\\/secure.gravatar.com\\\/avatar\\\/4c7e41f332a0583344a91d7d39723533da9b2d0df7737c2d8c69553168c2191e?s=96&d=mm&r=g\",\"contentUrl\":\"https:\\\/\\\/secure.gravatar.com\\\/avatar\\\/4c7e41f332a0583344a91d7d39723533da9b2d0df7737c2d8c69553168c2191e?s=96&d=mm&r=g\",\"caption\":\"Redaclem\"},\"url\":\"https:\\\/\\\/www.article-marketing.eu\\\/comunicatistampa\\\/author\\\/redaclem\\\/\"}]}<\/script>\n<!-- \/ Yoast SEO plugin. -->","yoast_head_json":{"title":"Ultimi giorni per visitare gli Orti Botanici Lombardi prima della pausa invernale. Le attivit\u00e0 didattiche non si fermeranno","robots":{"index":"index","follow":"follow","max-snippet":"max-snippet:-1","max-image-preview":"max-image-preview:large","max-video-preview":"max-video-preview:-1"},"canonical":"https:\/\/www.article-marketing.eu\/comunicatistampa\/ultimi-giorni-per-visitare-gli-orti-botanici-lombardi-prima-della-pausa-invernale-le-attivita-didattiche-non-si-fermeranno\/","og_locale":"it_IT","og_type":"article","og_title":"Ultimi giorni per visitare gli Orti Botanici Lombardi prima della pausa invernale. Le attivit\u00e0 didattiche non si fermeranno","og_description":"Con l\u2019arrivo della stagione invernale le oasi verdi della Rete degli orti botanici della Lombardia si apprestano a chiudere al pubblico, ma con la chiusura non cesseranno le attivit\u00e0 didattiche rivolte alle scuole. Iniziative per tutte le et\u00e0 per far avvicinare bambini e ragazzi al mondo vegetale. &nbsp; Anche per gli spazi naturali della Rete degli orti botanici della Lombardia \u00e8 arrivato il momento di tingersi dei caldi colori autunnali.Continue reading...","og_url":"https:\/\/www.article-marketing.eu\/comunicatistampa\/ultimi-giorni-per-visitare-gli-orti-botanici-lombardi-prima-della-pausa-invernale-le-attivita-didattiche-non-si-fermeranno\/","og_site_name":"Article Marketing","article_published_time":"2021-10-22T16:31:07+00:00","author":"Redaclem","twitter_card":"summary_large_image","twitter_misc":{"Scritto da":"Redaclem","Tempo di lettura stimato":"4 minuti"},"schema":{"@context":"https:\/\/schema.org","@graph":[{"@type":"Article","@id":"https:\/\/www.article-marketing.eu\/comunicatistampa\/ultimi-giorni-per-visitare-gli-orti-botanici-lombardi-prima-della-pausa-invernale-le-attivita-didattiche-non-si-fermeranno\/#article","isPartOf":{"@id":"https:\/\/www.article-marketing.eu\/comunicatistampa\/ultimi-giorni-per-visitare-gli-orti-botanici-lombardi-prima-della-pausa-invernale-le-attivita-didattiche-non-si-fermeranno\/"},"author":{"name":"Redaclem","@id":"https:\/\/www.article-marketing.eu\/comunicatistampa\/#\/schema\/person\/c0aa725eee5df8460e0adf901fde0c88"},"headline":"Ultimi giorni per visitare gli Orti Botanici Lombardi prima della pausa invernale. Le attivit\u00e0 didattiche non si fermeranno","datePublished":"2021-10-22T16:31:07+00:00","mainEntityOfPage":{"@id":"https:\/\/www.article-marketing.eu\/comunicatistampa\/ultimi-giorni-per-visitare-gli-orti-botanici-lombardi-prima-della-pausa-invernale-le-attivita-didattiche-non-si-fermeranno\/"},"wordCount":821,"commentCount":0,"keywords":["#Attivit\u00e0Didattiche","#ChiusureInvernali","#RetiOrtiLombardia"],"articleSection":["Ambiente","Natura","Tutela e denunce"],"inLanguage":"it-IT","potentialAction":[{"@type":"CommentAction","name":"Comment","target":["https:\/\/www.article-marketing.eu\/comunicatistampa\/ultimi-giorni-per-visitare-gli-orti-botanici-lombardi-prima-della-pausa-invernale-le-attivita-didattiche-non-si-fermeranno\/#respond"]}]},{"@type":"WebPage","@id":"https:\/\/www.article-marketing.eu\/comunicatistampa\/ultimi-giorni-per-visitare-gli-orti-botanici-lombardi-prima-della-pausa-invernale-le-attivita-didattiche-non-si-fermeranno\/","url":"https:\/\/www.article-marketing.eu\/comunicatistampa\/ultimi-giorni-per-visitare-gli-orti-botanici-lombardi-prima-della-pausa-invernale-le-attivita-didattiche-non-si-fermeranno\/","name":"Ultimi giorni per visitare gli Orti Botanici Lombardi prima della pausa invernale. Le attivit\u00e0 didattiche non si fermeranno","isPartOf":{"@id":"https:\/\/www.article-marketing.eu\/comunicatistampa\/#website"},"datePublished":"2021-10-22T16:31:07+00:00","author":{"@id":"https:\/\/www.article-marketing.eu\/comunicatistampa\/#\/schema\/person\/c0aa725eee5df8460e0adf901fde0c88"},"breadcrumb":{"@id":"https:\/\/www.article-marketing.eu\/comunicatistampa\/ultimi-giorni-per-visitare-gli-orti-botanici-lombardi-prima-della-pausa-invernale-le-attivita-didattiche-non-si-fermeranno\/#breadcrumb"},"inLanguage":"it-IT","potentialAction":[{"@type":"ReadAction","target":["https:\/\/www.article-marketing.eu\/comunicatistampa\/ultimi-giorni-per-visitare-gli-orti-botanici-lombardi-prima-della-pausa-invernale-le-attivita-didattiche-non-si-fermeranno\/"]}]},{"@type":"BreadcrumbList","@id":"https:\/\/www.article-marketing.eu\/comunicatistampa\/ultimi-giorni-per-visitare-gli-orti-botanici-lombardi-prima-della-pausa-invernale-le-attivita-didattiche-non-si-fermeranno\/#breadcrumb","itemListElement":[{"@type":"ListItem","position":1,"name":"Home","item":"https:\/\/www.article-marketing.eu\/comunicatistampa\/"},{"@type":"ListItem","position":2,"name":"Ultimi giorni per visitare gli Orti Botanici Lombardi prima della pausa invernale. Le attivit\u00e0 didattiche non si fermeranno"}]},{"@type":"WebSite","@id":"https:\/\/www.article-marketing.eu\/comunicatistampa\/#website","url":"https:\/\/www.article-marketing.eu\/comunicatistampa\/","name":"Article Marketing","description":"article marketing &amp; press release","potentialAction":[{"@type":"SearchAction","target":{"@type":"EntryPoint","urlTemplate":"https:\/\/www.article-marketing.eu\/comunicatistampa\/?s={search_term_string}"},"query-input":{"@type":"PropertyValueSpecification","valueRequired":true,"valueName":"search_term_string"}}],"inLanguage":"it-IT"},{"@type":"Person","@id":"https:\/\/www.article-marketing.eu\/comunicatistampa\/#\/schema\/person\/c0aa725eee5df8460e0adf901fde0c88","name":"Redaclem","image":{"@type":"ImageObject","inLanguage":"it-IT","@id":"https:\/\/secure.gravatar.com\/avatar\/4c7e41f332a0583344a91d7d39723533da9b2d0df7737c2d8c69553168c2191e?s=96&d=mm&r=g","url":"https:\/\/secure.gravatar.com\/avatar\/4c7e41f332a0583344a91d7d39723533da9b2d0df7737c2d8c69553168c2191e?s=96&d=mm&r=g","contentUrl":"https:\/\/secure.gravatar.com\/avatar\/4c7e41f332a0583344a91d7d39723533da9b2d0df7737c2d8c69553168c2191e?s=96&d=mm&r=g","caption":"Redaclem"},"url":"https:\/\/www.article-marketing.eu\/comunicatistampa\/author\/redaclem\/"}]}},"_links":{"self":[{"href":"https:\/\/www.article-marketing.eu\/comunicatistampa\/wp-json\/wp\/v2\/posts\/20807","targetHints":{"allow":["GET"]}}],"collection":[{"href":"https:\/\/www.article-marketing.eu\/comunicatistampa\/wp-json\/wp\/v2\/posts"}],"about":[{"href":"https:\/\/www.article-marketing.eu\/comunicatistampa\/wp-json\/wp\/v2\/types\/post"}],"author":[{"embeddable":true,"href":"https:\/\/www.article-marketing.eu\/comunicatistampa\/wp-json\/wp\/v2\/users\/1855"}],"replies":[{"embeddable":true,"href":"https:\/\/www.article-marketing.eu\/comunicatistampa\/wp-json\/wp\/v2\/comments?post=20807"}],"version-history":[{"count":3,"href":"https:\/\/www.article-marketing.eu\/comunicatistampa\/wp-json\/wp\/v2\/posts\/20807\/revisions"}],"predecessor-version":[{"id":20810,"href":"https:\/\/www.article-marketing.eu\/comunicatistampa\/wp-json\/wp\/v2\/posts\/20807\/revisions\/20810"}],"wp:attachment":[{"href":"https:\/\/www.article-marketing.eu\/comunicatistampa\/wp-json\/wp\/v2\/media?parent=20807"}],"wp:term":[{"taxonomy":"category","embeddable":true,"href":"https:\/\/www.article-marketing.eu\/comunicatistampa\/wp-json\/wp\/v2\/categories?post=20807"},{"taxonomy":"post_tag","embeddable":true,"href":"https:\/\/www.article-marketing.eu\/comunicatistampa\/wp-json\/wp\/v2\/tags?post=20807"}],"curies":[{"name":"wp","href":"https:\/\/api.w.org\/{rel}","templated":true}]}}