{"id":20847,"date":"2021-10-26T19:03:28","date_gmt":"2021-10-26T17:03:28","guid":{"rendered":"https:\/\/www.article-marketing.eu\/comunicatistampa\/?p=20847"},"modified":"2021-10-26T19:03:28","modified_gmt":"2021-10-26T17:03:28","slug":"nuove-possibilita-di-reclutamento-di-personale-per-luniversita-di-bergamo","status":"publish","type":"post","link":"https:\/\/www.article-marketing.eu\/comunicatistampa\/nuove-possibilita-di-reclutamento-di-personale-per-luniversita-di-bergamo\/","title":{"rendered":"Nuove possibilit\u00e0 di reclutamento di personale per l\u2019Universit\u00e0 di Bergamo"},"content":{"rendered":"<p>Il Ministero dell\u2019Universit\u00e0 e della ricerca ha reso nota in data odierna l\u2019assegnazione dei punti organico (l\u2019unit\u00e0 di misura del reclutamento di personale nelle Universit\u00e0) per l\u2019anno 2021. Un\u2019altra conferma dei risultati raggiunti nel percorso di crescita dell\u2019Universit\u00e0 degli studi di Bergamo per il superamento della situazione di sottodimensionamento e sottofinanziamento che per anni l\u2019hanno caratterizzata.<\/p>\n<p>&nbsp;<\/p>\n<p>Sono stati assegnati ben <strong>21,82 punti organico<\/strong> riconoscendo un <strong>turn over pari al 216% (il dato tra i pi\u00f9 elevati tra le universit\u00e0 e coerente con l\u2019indice di solidit\u00e0 economica finanziaria anch\u2019esso il pi\u00f9 elevato del sistema: 1,53 vs 1,22 della media nazionale).<\/strong> Un risultato davvero eccezionale se si considera che circa la met\u00e0 degli atenei non sono riusciti ad ottenere punti sufficienti a coprire le uscite dell\u2019anno precedente.<\/p>\n<p>&nbsp;<\/p>\n<p>Questo risultato \u00e8 legato anche all\u2019aumento di FFO realizzato sul 2020 e alla situazione economica complessiva dell\u2019Ateneo. L\u2019assegnazione delle facolt\u00e0 assunzionali infatti dipende dall\u2019indicatore di spese di personale, che per il 2020 scende nonostante le nuove assunzioni e l\u2019indicatore di sostenibilit\u00e0 economico-finanziaria che conferma il trend positivo.<\/p>\n<p>&nbsp;<\/p>\n<p>\u201c<em>Un\u2019altra conferma dei risultati raggiunti<\/em>; \u2013 spiega il <strong>Rettore dell\u2019Universit\u00e0 degli studi di Bergamo, Prof. Remo Morzenti Pellegrini<\/strong> \u2013 <em>questi punti organico si aggiungono a quelli relativi all\u2019anno precedente, che gi\u00e0 sono stati un risultato eccezionale anche in considerazione della premialit\u00e0 riconosciuta, e che sono oggetto di una importante programmazione di assunzioni che interessa il personale docente, ricercatore e tecnico amministrativo a cui l\u2019ateneo sta lavorando da tempo, in modo puntuale, per costruire una struttura organizzativa in grado di rispondere alle prossime sfide che il sistema produttivo nazionale e comunitario chiede alle Universit\u00e0 quali propulsori dello sviluppo del Paese. Siamo ancora molto lontani dal limite dell\u201980% dell\u2019indicatore di spese di personale e questo \u00e8 una garanzia rispetto alla sostenibilit\u00e0 della capacit\u00e0 assunzionale dell\u2019Ateneo. Sono particolarmente contento di poter lasciare alla prossima governance la concreta possibilit\u00e0 di poter ulteriormente incrementare le capacit\u00e0 assunzionali e proseguire quindi nel riequilibrio gi\u00e0 in corso nel sottodimensionamento tra docenti\/personale\/studenti\u201d. <\/em><\/p>\n","protected":false},"excerpt":{"rendered":"<p>Il Ministero dell\u2019Universit\u00e0 e della ricerca ha reso nota in data odierna l\u2019assegnazione dei punti organico (l\u2019unit\u00e0 di misura del reclutamento di personale nelle Universit\u00e0) per l\u2019anno 2021. Un\u2019altra conferma dei risultati raggiunti nel percorso di crescita dell\u2019Universit\u00e0 degli studi di Bergamo per il superamento della situazione di sottodimensionamento e sottofinanziamento che per anni l\u2019hanno caratterizzata. &nbsp; Sono stati assegnati ben 21,82 punti organico riconoscendo un turn over pari al<\/p>\n<p><a class=\"continue-reading\" href=\"https:\/\/www.article-marketing.eu\/comunicatistampa\/nuove-possibilita-di-reclutamento-di-personale-per-luniversita-di-bergamo\/\">Continue reading&#8230;<\/a><\/p>\n","protected":false},"author":1855,"featured_media":0,"comment_status":"open","ping_status":"open","sticky":false,"template":"","format":"standard","meta":{"_monsterinsights_skip_tracking":false,"_monsterinsights_sitenote_active":false,"_monsterinsights_sitenote_note":"","_monsterinsights_sitenote_category":0,"footnotes":""},"categories":[386],"tags":[5988,4603],"class_list":["post-20847","post","type-post","status-publish","format-standard","hentry","category-economia-e-lavoro","tag-remomorzentipellegrini","tag-unibg"],"yoast_head":"<!-- This site is optimized with the Yoast SEO plugin v27.3 - https:\/\/yoast.com\/product\/yoast-seo-wordpress\/ -->\n<title>Nuove possibilit\u00e0 di reclutamento di personale per l\u2019Universit\u00e0 di Bergamo<\/title>\n<meta name=\"robots\" content=\"index, follow, max-snippet:-1, max-image-preview:large, max-video-preview:-1\" \/>\n<link rel=\"canonical\" href=\"https:\/\/www.article-marketing.eu\/comunicatistampa\/nuove-possibilita-di-reclutamento-di-personale-per-luniversita-di-bergamo\/\" \/>\n<meta property=\"og:locale\" content=\"it_IT\" \/>\n<meta property=\"og:type\" content=\"article\" \/>\n<meta property=\"og:title\" content=\"Nuove possibilit\u00e0 di reclutamento di personale per l\u2019Universit\u00e0 di Bergamo\" \/>\n<meta property=\"og:description\" content=\"Il Ministero dell\u2019Universit\u00e0 e della ricerca ha reso nota in data odierna l\u2019assegnazione dei punti organico (l\u2019unit\u00e0 di misura del reclutamento di personale nelle Universit\u00e0) per l\u2019anno 2021. Un\u2019altra conferma dei risultati raggiunti nel percorso di crescita dell\u2019Universit\u00e0 degli studi di Bergamo per il superamento della situazione di sottodimensionamento e sottofinanziamento che per anni l\u2019hanno caratterizzata. &nbsp; Sono stati assegnati ben 21,82 punti organico riconoscendo un turn over pari alContinue reading...\" \/>\n<meta property=\"og:url\" content=\"https:\/\/www.article-marketing.eu\/comunicatistampa\/nuove-possibilita-di-reclutamento-di-personale-per-luniversita-di-bergamo\/\" \/>\n<meta property=\"og:site_name\" content=\"Article Marketing\" \/>\n<meta property=\"article:published_time\" content=\"2021-10-26T17:03:28+00:00\" \/>\n<meta name=\"author\" content=\"Redaclem\" \/>\n<meta name=\"twitter:card\" content=\"summary_large_image\" \/>\n<meta name=\"twitter:label1\" content=\"Scritto da\" \/>\n\t<meta name=\"twitter:data1\" content=\"Redaclem\" \/>\n\t<meta name=\"twitter:label2\" content=\"Tempo di lettura stimato\" \/>\n\t<meta name=\"twitter:data2\" content=\"2 minuti\" \/>\n<script type=\"application\/ld+json\" class=\"yoast-schema-graph\">{\"@context\":\"https:\\\/\\\/schema.org\",\"@graph\":[{\"@type\":\"Article\",\"@id\":\"https:\\\/\\\/www.article-marketing.eu\\\/comunicatistampa\\\/nuove-possibilita-di-reclutamento-di-personale-per-luniversita-di-bergamo\\\/#article\",\"isPartOf\":{\"@id\":\"https:\\\/\\\/www.article-marketing.eu\\\/comunicatistampa\\\/nuove-possibilita-di-reclutamento-di-personale-per-luniversita-di-bergamo\\\/\"},\"author\":{\"name\":\"Redaclem\",\"@id\":\"https:\\\/\\\/www.article-marketing.eu\\\/comunicatistampa\\\/#\\\/schema\\\/person\\\/c0aa725eee5df8460e0adf901fde0c88\"},\"headline\":\"Nuove possibilit\u00e0 di reclutamento di personale per l\u2019Universit\u00e0 di Bergamo\",\"datePublished\":\"2021-10-26T17:03:28+00:00\",\"mainEntityOfPage\":{\"@id\":\"https:\\\/\\\/www.article-marketing.eu\\\/comunicatistampa\\\/nuove-possibilita-di-reclutamento-di-personale-per-luniversita-di-bergamo\\\/\"},\"wordCount\":352,\"commentCount\":0,\"keywords\":[\"#remomorzentipellegrini\",\"#unibg\"],\"articleSection\":[\"Economia e lavoro\"],\"inLanguage\":\"it-IT\",\"potentialAction\":[{\"@type\":\"CommentAction\",\"name\":\"Comment\",\"target\":[\"https:\\\/\\\/www.article-marketing.eu\\\/comunicatistampa\\\/nuove-possibilita-di-reclutamento-di-personale-per-luniversita-di-bergamo\\\/#respond\"]}]},{\"@type\":\"WebPage\",\"@id\":\"https:\\\/\\\/www.article-marketing.eu\\\/comunicatistampa\\\/nuove-possibilita-di-reclutamento-di-personale-per-luniversita-di-bergamo\\\/\",\"url\":\"https:\\\/\\\/www.article-marketing.eu\\\/comunicatistampa\\\/nuove-possibilita-di-reclutamento-di-personale-per-luniversita-di-bergamo\\\/\",\"name\":\"Nuove possibilit\u00e0 di reclutamento di personale per l\u2019Universit\u00e0 di Bergamo\",\"isPartOf\":{\"@id\":\"https:\\\/\\\/www.article-marketing.eu\\\/comunicatistampa\\\/#website\"},\"datePublished\":\"2021-10-26T17:03:28+00:00\",\"author\":{\"@id\":\"https:\\\/\\\/www.article-marketing.eu\\\/comunicatistampa\\\/#\\\/schema\\\/person\\\/c0aa725eee5df8460e0adf901fde0c88\"},\"breadcrumb\":{\"@id\":\"https:\\\/\\\/www.article-marketing.eu\\\/comunicatistampa\\\/nuove-possibilita-di-reclutamento-di-personale-per-luniversita-di-bergamo\\\/#breadcrumb\"},\"inLanguage\":\"it-IT\",\"potentialAction\":[{\"@type\":\"ReadAction\",\"target\":[\"https:\\\/\\\/www.article-marketing.eu\\\/comunicatistampa\\\/nuove-possibilita-di-reclutamento-di-personale-per-luniversita-di-bergamo\\\/\"]}]},{\"@type\":\"BreadcrumbList\",\"@id\":\"https:\\\/\\\/www.article-marketing.eu\\\/comunicatistampa\\\/nuove-possibilita-di-reclutamento-di-personale-per-luniversita-di-bergamo\\\/#breadcrumb\",\"itemListElement\":[{\"@type\":\"ListItem\",\"position\":1,\"name\":\"Home\",\"item\":\"https:\\\/\\\/www.article-marketing.eu\\\/comunicatistampa\\\/\"},{\"@type\":\"ListItem\",\"position\":2,\"name\":\"Nuove possibilit\u00e0 di reclutamento di personale per l\u2019Universit\u00e0 di Bergamo\"}]},{\"@type\":\"WebSite\",\"@id\":\"https:\\\/\\\/www.article-marketing.eu\\\/comunicatistampa\\\/#website\",\"url\":\"https:\\\/\\\/www.article-marketing.eu\\\/comunicatistampa\\\/\",\"name\":\"Article Marketing\",\"description\":\"article marketing &amp; press release\",\"potentialAction\":[{\"@type\":\"SearchAction\",\"target\":{\"@type\":\"EntryPoint\",\"urlTemplate\":\"https:\\\/\\\/www.article-marketing.eu\\\/comunicatistampa\\\/?s={search_term_string}\"},\"query-input\":{\"@type\":\"PropertyValueSpecification\",\"valueRequired\":true,\"valueName\":\"search_term_string\"}}],\"inLanguage\":\"it-IT\"},{\"@type\":\"Person\",\"@id\":\"https:\\\/\\\/www.article-marketing.eu\\\/comunicatistampa\\\/#\\\/schema\\\/person\\\/c0aa725eee5df8460e0adf901fde0c88\",\"name\":\"Redaclem\",\"image\":{\"@type\":\"ImageObject\",\"inLanguage\":\"it-IT\",\"@id\":\"https:\\\/\\\/secure.gravatar.com\\\/avatar\\\/4c7e41f332a0583344a91d7d39723533da9b2d0df7737c2d8c69553168c2191e?s=96&d=mm&r=g\",\"url\":\"https:\\\/\\\/secure.gravatar.com\\\/avatar\\\/4c7e41f332a0583344a91d7d39723533da9b2d0df7737c2d8c69553168c2191e?s=96&d=mm&r=g\",\"contentUrl\":\"https:\\\/\\\/secure.gravatar.com\\\/avatar\\\/4c7e41f332a0583344a91d7d39723533da9b2d0df7737c2d8c69553168c2191e?s=96&d=mm&r=g\",\"caption\":\"Redaclem\"},\"url\":\"https:\\\/\\\/www.article-marketing.eu\\\/comunicatistampa\\\/author\\\/redaclem\\\/\"}]}<\/script>\n<!-- \/ Yoast SEO plugin. -->","yoast_head_json":{"title":"Nuove possibilit\u00e0 di reclutamento di personale per l\u2019Universit\u00e0 di Bergamo","robots":{"index":"index","follow":"follow","max-snippet":"max-snippet:-1","max-image-preview":"max-image-preview:large","max-video-preview":"max-video-preview:-1"},"canonical":"https:\/\/www.article-marketing.eu\/comunicatistampa\/nuove-possibilita-di-reclutamento-di-personale-per-luniversita-di-bergamo\/","og_locale":"it_IT","og_type":"article","og_title":"Nuove possibilit\u00e0 di reclutamento di personale per l\u2019Universit\u00e0 di Bergamo","og_description":"Il Ministero dell\u2019Universit\u00e0 e della ricerca ha reso nota in data odierna l\u2019assegnazione dei punti organico (l\u2019unit\u00e0 di misura del reclutamento di personale nelle Universit\u00e0) per l\u2019anno 2021. Un\u2019altra conferma dei risultati raggiunti nel percorso di crescita dell\u2019Universit\u00e0 degli studi di Bergamo per il superamento della situazione di sottodimensionamento e sottofinanziamento che per anni l\u2019hanno caratterizzata. &nbsp; Sono stati assegnati ben 21,82 punti organico riconoscendo un turn over pari alContinue reading...","og_url":"https:\/\/www.article-marketing.eu\/comunicatistampa\/nuove-possibilita-di-reclutamento-di-personale-per-luniversita-di-bergamo\/","og_site_name":"Article Marketing","article_published_time":"2021-10-26T17:03:28+00:00","author":"Redaclem","twitter_card":"summary_large_image","twitter_misc":{"Scritto da":"Redaclem","Tempo di lettura stimato":"2 minuti"},"schema":{"@context":"https:\/\/schema.org","@graph":[{"@type":"Article","@id":"https:\/\/www.article-marketing.eu\/comunicatistampa\/nuove-possibilita-di-reclutamento-di-personale-per-luniversita-di-bergamo\/#article","isPartOf":{"@id":"https:\/\/www.article-marketing.eu\/comunicatistampa\/nuove-possibilita-di-reclutamento-di-personale-per-luniversita-di-bergamo\/"},"author":{"name":"Redaclem","@id":"https:\/\/www.article-marketing.eu\/comunicatistampa\/#\/schema\/person\/c0aa725eee5df8460e0adf901fde0c88"},"headline":"Nuove possibilit\u00e0 di reclutamento di personale per l\u2019Universit\u00e0 di Bergamo","datePublished":"2021-10-26T17:03:28+00:00","mainEntityOfPage":{"@id":"https:\/\/www.article-marketing.eu\/comunicatistampa\/nuove-possibilita-di-reclutamento-di-personale-per-luniversita-di-bergamo\/"},"wordCount":352,"commentCount":0,"keywords":["#remomorzentipellegrini","#unibg"],"articleSection":["Economia e lavoro"],"inLanguage":"it-IT","potentialAction":[{"@type":"CommentAction","name":"Comment","target":["https:\/\/www.article-marketing.eu\/comunicatistampa\/nuove-possibilita-di-reclutamento-di-personale-per-luniversita-di-bergamo\/#respond"]}]},{"@type":"WebPage","@id":"https:\/\/www.article-marketing.eu\/comunicatistampa\/nuove-possibilita-di-reclutamento-di-personale-per-luniversita-di-bergamo\/","url":"https:\/\/www.article-marketing.eu\/comunicatistampa\/nuove-possibilita-di-reclutamento-di-personale-per-luniversita-di-bergamo\/","name":"Nuove possibilit\u00e0 di reclutamento di personale per l\u2019Universit\u00e0 di Bergamo","isPartOf":{"@id":"https:\/\/www.article-marketing.eu\/comunicatistampa\/#website"},"datePublished":"2021-10-26T17:03:28+00:00","author":{"@id":"https:\/\/www.article-marketing.eu\/comunicatistampa\/#\/schema\/person\/c0aa725eee5df8460e0adf901fde0c88"},"breadcrumb":{"@id":"https:\/\/www.article-marketing.eu\/comunicatistampa\/nuove-possibilita-di-reclutamento-di-personale-per-luniversita-di-bergamo\/#breadcrumb"},"inLanguage":"it-IT","potentialAction":[{"@type":"ReadAction","target":["https:\/\/www.article-marketing.eu\/comunicatistampa\/nuove-possibilita-di-reclutamento-di-personale-per-luniversita-di-bergamo\/"]}]},{"@type":"BreadcrumbList","@id":"https:\/\/www.article-marketing.eu\/comunicatistampa\/nuove-possibilita-di-reclutamento-di-personale-per-luniversita-di-bergamo\/#breadcrumb","itemListElement":[{"@type":"ListItem","position":1,"name":"Home","item":"https:\/\/www.article-marketing.eu\/comunicatistampa\/"},{"@type":"ListItem","position":2,"name":"Nuove possibilit\u00e0 di reclutamento di personale per l\u2019Universit\u00e0 di Bergamo"}]},{"@type":"WebSite","@id":"https:\/\/www.article-marketing.eu\/comunicatistampa\/#website","url":"https:\/\/www.article-marketing.eu\/comunicatistampa\/","name":"Article Marketing","description":"article marketing &amp; press release","potentialAction":[{"@type":"SearchAction","target":{"@type":"EntryPoint","urlTemplate":"https:\/\/www.article-marketing.eu\/comunicatistampa\/?s={search_term_string}"},"query-input":{"@type":"PropertyValueSpecification","valueRequired":true,"valueName":"search_term_string"}}],"inLanguage":"it-IT"},{"@type":"Person","@id":"https:\/\/www.article-marketing.eu\/comunicatistampa\/#\/schema\/person\/c0aa725eee5df8460e0adf901fde0c88","name":"Redaclem","image":{"@type":"ImageObject","inLanguage":"it-IT","@id":"https:\/\/secure.gravatar.com\/avatar\/4c7e41f332a0583344a91d7d39723533da9b2d0df7737c2d8c69553168c2191e?s=96&d=mm&r=g","url":"https:\/\/secure.gravatar.com\/avatar\/4c7e41f332a0583344a91d7d39723533da9b2d0df7737c2d8c69553168c2191e?s=96&d=mm&r=g","contentUrl":"https:\/\/secure.gravatar.com\/avatar\/4c7e41f332a0583344a91d7d39723533da9b2d0df7737c2d8c69553168c2191e?s=96&d=mm&r=g","caption":"Redaclem"},"url":"https:\/\/www.article-marketing.eu\/comunicatistampa\/author\/redaclem\/"}]}},"_links":{"self":[{"href":"https:\/\/www.article-marketing.eu\/comunicatistampa\/wp-json\/wp\/v2\/posts\/20847","targetHints":{"allow":["GET"]}}],"collection":[{"href":"https:\/\/www.article-marketing.eu\/comunicatistampa\/wp-json\/wp\/v2\/posts"}],"about":[{"href":"https:\/\/www.article-marketing.eu\/comunicatistampa\/wp-json\/wp\/v2\/types\/post"}],"author":[{"embeddable":true,"href":"https:\/\/www.article-marketing.eu\/comunicatistampa\/wp-json\/wp\/v2\/users\/1855"}],"replies":[{"embeddable":true,"href":"https:\/\/www.article-marketing.eu\/comunicatistampa\/wp-json\/wp\/v2\/comments?post=20847"}],"version-history":[{"count":2,"href":"https:\/\/www.article-marketing.eu\/comunicatistampa\/wp-json\/wp\/v2\/posts\/20847\/revisions"}],"predecessor-version":[{"id":20849,"href":"https:\/\/www.article-marketing.eu\/comunicatistampa\/wp-json\/wp\/v2\/posts\/20847\/revisions\/20849"}],"wp:attachment":[{"href":"https:\/\/www.article-marketing.eu\/comunicatistampa\/wp-json\/wp\/v2\/media?parent=20847"}],"wp:term":[{"taxonomy":"category","embeddable":true,"href":"https:\/\/www.article-marketing.eu\/comunicatistampa\/wp-json\/wp\/v2\/categories?post=20847"},{"taxonomy":"post_tag","embeddable":true,"href":"https:\/\/www.article-marketing.eu\/comunicatistampa\/wp-json\/wp\/v2\/tags?post=20847"}],"curies":[{"name":"wp","href":"https:\/\/api.w.org\/{rel}","templated":true}]}}