{"id":20851,"date":"2021-10-31T13:02:54","date_gmt":"2021-10-31T12:02:54","guid":{"rendered":"https:\/\/www.article-marketing.eu\/comunicatistampa\/?p=20851"},"modified":"2021-10-31T13:02:54","modified_gmt":"2021-10-31T12:02:54","slug":"il-trattamento-della-pelle-in-autunno-qualche-suggerimento","status":"publish","type":"post","link":"https:\/\/www.article-marketing.eu\/comunicatistampa\/il-trattamento-della-pelle-in-autunno-qualche-suggerimento\/","title":{"rendered":"Il trattamento della pelle in autunno: qualche suggerimento"},"content":{"rendered":"<p><em>Freddo, vento e continui sbalzi termici sono i principali elementi critici che pregiudicano la salute e la bellezza della nostra pelle nel periodo invernale. Come gestirli? Ecco i consigli di Dea Luxury Cosmetics e dell\u2019estetista Graziella Moioli, da tempo impegnata nello studio e nella pratica di prodotti naturali per preservare le strutture del derma<\/em><\/p>\n<p><strong><em>\u00a0<\/em><\/strong><\/p>\n<p><strong><em>\u00a0<\/em><\/strong><\/p>\n<p><strong>Escursioni termiche e cambiamenti repentini<\/strong> tra tepori che ricordano l\u2019estate appena trascorsa e geli che anticipano l\u2019inverno. <strong>L\u2019autunno \u00e8 la stagione dell\u2019incertezza<\/strong>, dei primi raffreddori e dei primi malanni. <strong>Un periodo capace di mettere a dura prova anche la nostra pelle<\/strong>. \u201c<em>Le condizioni meteorologiche mutevoli espongono la pelle agli agenti atmosferici contribuendo alla formazione di inestetismi\u201d,<\/em> spiega Graziella Moioli, estetista con anni di esperienza nella ricerca e nella pratica di prodotti naturali studiati per preservare strutture del derma come collagene, estina e fibronectina.<\/p>\n<p>\u201c<em>Freddo e vento accentuano una disidratazione gi\u00e0 iniziata nel periodo estivo a causa dell\u2019esposizione al sole, a ci\u00f2 si aggiunge l\u2019invecchiamento cutaneo essenzialmente dovuto all\u2019inquinamento in-door causato principalmente dal riscaldamento e da ricambi d\u2019aria spesso scadenti<\/em>\u201d. Una serie di criticit\u00e0 e problematiche<strong> che Graziella ha studiato e imparato a trattare con l\u2019ausilio di prodotti naturali<\/strong> e la collaborazione di aziende di cosmesi impegnate in un\u2019attivit\u00e0 di costante ricerca scientifica. Tra queste spicca <strong>Dea Luxury Cosmetics<\/strong>, giovane e raffinata boutique, fondata recentemente dalla fiorentina doc Antonella Dei in Toscana sullo sfondo della meravigliosa campagna del Mugello. Uno scenario bucolico che \u00e8 costante fonte d\u2019ispirazione e dialogo per il brand specializzato in <strong>prodotti anti-age a base di vitamine pure A, E, C,<\/strong> tra i migliori antiossidanti presenti in natura.<\/p>\n<p>&nbsp;<\/p>\n<p><strong>Il trattamento per l\u2019autunno<\/strong><\/p>\n<p>Dopo la scorpacciata di salsedine e vento, <strong>l\u2019autunno<\/strong> \u00e8 la stagione dell\u2019anno in cui si riprende a utilizzare con maggiore frequenza il make up e <strong>rappresenta il momento giusto per ricominciare a prendersi cura della propria pelle<\/strong> preparandola all\u2019arrivo dell\u2019inverno. Per Graziella Moioli occorre affrontare questo delicato momento di passaggio con i giusti accorgimenti: <strong>la strada \u00e8 nell\u2019utilizzo di ingredienti naturali selezionati come le vitamine A, E e C<\/strong>, in grado di contrastare lo stress ossidativo causato dai radicali liberi che danneggiano in diversa misura e forma la pelle.<strong> Altro importante alleato \u00e8 l\u2019acido ialuronico<\/strong>. \u201cS<em>i tratta di una sostanza naturalmente prodotta dall\u2019organismo. \u00c8 una componente importantissima della pelle e dei tessuti connettivi del nostro corpo<\/em>\u201d. <strong>A livello cutaneo, la sua presenza garantisce elasticit\u00e0, morbidezza, luminosit\u00e0 e idratazione alla pelle del viso e del corpo, e la protegge dai danni provocati da fattori esterni e dallo stress fisico<\/strong>. Contribuendo a contrastare le reazioni ossidative responsabili della degradazione dei tessuti, l\u2019acido ialuronico puro aiuta a ottenere, giorno dopo giorno, una pelle pi\u00f9 turgida, elastica e luminosa.<\/p>\n<p>\u201c<em>La formulazione proposta da Dea Luxury Cosmetics \u00e8 innovativa perch\u00e9 combina la sostanza nei tre pesi molecolari: basso, medio e alto. <\/em><em>Grazie alla loro diversa struttura, le tre molecole penetrano a livelli differenti della cute assicurando un\u2019idratazione completa e profonda<\/em>\u201d.<\/p>\n<p><strong>L\u2019epidermide<\/strong> rappresenta l\u2019organo pi\u00f9 grande del corpo e uno dei pi\u00f9 importanti poich\u00e9 protegge l\u2019organismo dall\u2019aggressione di elementi esterni. Spesso per\u00f2 <strong>rischia di rovinarsi e spegnersi prima del tempo<\/strong> a causa di fattori come stress e inquinamento ambientale. <strong>Criticit\u00e0 che Dea Luxury Cosmetics ha deciso di affrontare attraverso una cosmesi sana, sostenibile e trasparente<\/strong>, basata su tre principi fondamentali: prevenire, nutrire e proteggere. Un insieme di azioni che contribuiscono a migliorare e a mantenere giovane la pelle e che consentono di raggiungere risultati anti \u2013 invecchiamento ottimali.<\/p>\n<p>&nbsp;<\/p>\n<p>&nbsp;<\/p>\n<p><a href=\"https:\/\/dealuxurycosmetics.com\/\"><strong>Dea Luxury Cosmetics <\/strong><\/a>\u00e8 una raffinata boutique di cosmesi naturale fondata da Antonella Dei, fiorentina doc con la passione del bello nel DNA. L\u2019azienda, con sede a Barberino del Mugello, propone una cosmesisostenibile e trasparente specializzandosi in prodotti anti-age a base di vitamina A, E, C, i migliori antiossidanti topici presenti in natura. La mission \u00e8 preservare il benessere, la salute e la bellezza di ogni donna a partire da una pelle sana, fresca e radiosa.<\/p>\n","protected":false},"excerpt":{"rendered":"<p>Freddo, vento e continui sbalzi termici sono i principali elementi critici che pregiudicano la salute e la bellezza della nostra pelle nel periodo invernale. Come gestirli? Ecco i consigli di Dea Luxury Cosmetics e dell\u2019estetista Graziella Moioli, da tempo impegnata nello studio e nella pratica di prodotti naturali per preservare le strutture del derma \u00a0 \u00a0 Escursioni termiche e cambiamenti repentini tra tepori che ricordano l\u2019estate appena trascorsa e geli<\/p>\n<p><a class=\"continue-reading\" href=\"https:\/\/www.article-marketing.eu\/comunicatistampa\/il-trattamento-della-pelle-in-autunno-qualche-suggerimento\/\">Continue reading&#8230;<\/a><\/p>\n","protected":false},"author":397,"featured_media":0,"comment_status":"open","ping_status":"open","sticky":false,"template":"","format":"standard","meta":{"_monsterinsights_skip_tracking":false,"_monsterinsights_sitenote_active":false,"_monsterinsights_sitenote_note":"","_monsterinsights_sitenote_category":0,"footnotes":""},"categories":[78,393],"tags":[6691,6226,8579,8763,8764,8598,8766,8578,1699,8583,8765,1879,8591,8770,8585,8586,8577,8589,505,1141,8768,8769,8767,8599,1705,4365,8503,8580,8216,8581],"class_list":["post-20851","post","type-post","status-publish","format-standard","hentry","category-comunicati-stampa","category-prodotti","tag-autunno","tag-vitamina-e","tag-acido-ialuronico","tag-acido-ialuronico-puro","tag-acido-ialuronico-tre-pesi-molecolari","tag-antiage","tag-antiossidanti","tag-antonella-dei","tag-beauty","tag-beauty-routine","tag-bellezza-della-pelle","tag-cosmesi","tag-cosmesi-italiana","tag-cosmesi-sostenibile","tag-cura-del-viso","tag-cura-della-pelle","tag-dea-luxury-cosmetics","tag-derma","tag-firenze","tag-made-in-italy","tag-pelle-elastica","tag-pelle-idratata","tag-pelle-luminosa","tag-radicali-liberi","tag-skincare","tag-smog","tag-stress","tag-vitamina-a","tag-vitamina-c","tag-vitamine-pure"],"yoast_head":"<!-- This site is optimized with the Yoast SEO plugin v27.3 - https:\/\/yoast.com\/product\/yoast-seo-wordpress\/ -->\n<title>Il trattamento della pelle in autunno: qualche suggerimento<\/title>\n<meta name=\"robots\" content=\"index, follow, max-snippet:-1, max-image-preview:large, max-video-preview:-1\" \/>\n<link rel=\"canonical\" href=\"https:\/\/www.article-marketing.eu\/comunicatistampa\/il-trattamento-della-pelle-in-autunno-qualche-suggerimento\/\" \/>\n<meta property=\"og:locale\" content=\"it_IT\" \/>\n<meta property=\"og:type\" content=\"article\" \/>\n<meta property=\"og:title\" content=\"Il trattamento della pelle in autunno: qualche suggerimento\" \/>\n<meta property=\"og:description\" content=\"Freddo, vento e continui sbalzi termici sono i principali elementi critici che pregiudicano la salute e la bellezza della nostra pelle nel periodo invernale. Come gestirli? Ecco i consigli di Dea Luxury Cosmetics e dell\u2019estetista Graziella Moioli, da tempo impegnata nello studio e nella pratica di prodotti naturali per preservare le strutture del derma \u00a0 \u00a0 Escursioni termiche e cambiamenti repentini tra tepori che ricordano l\u2019estate appena trascorsa e geliContinue reading...\" \/>\n<meta property=\"og:url\" content=\"https:\/\/www.article-marketing.eu\/comunicatistampa\/il-trattamento-della-pelle-in-autunno-qualche-suggerimento\/\" \/>\n<meta property=\"og:site_name\" content=\"Article Marketing\" \/>\n<meta property=\"article:published_time\" content=\"2021-10-31T12:02:54+00:00\" \/>\n<meta name=\"author\" content=\"Borderline Agency\" \/>\n<meta name=\"twitter:card\" content=\"summary_large_image\" \/>\n<meta name=\"twitter:label1\" content=\"Scritto da\" \/>\n\t<meta name=\"twitter:data1\" content=\"Borderline Agency\" \/>\n\t<meta name=\"twitter:label2\" content=\"Tempo di lettura stimato\" \/>\n\t<meta name=\"twitter:data2\" content=\"3 minuti\" \/>\n<script type=\"application\/ld+json\" class=\"yoast-schema-graph\">{\"@context\":\"https:\\\/\\\/schema.org\",\"@graph\":[{\"@type\":\"Article\",\"@id\":\"https:\\\/\\\/www.article-marketing.eu\\\/comunicatistampa\\\/il-trattamento-della-pelle-in-autunno-qualche-suggerimento\\\/#article\",\"isPartOf\":{\"@id\":\"https:\\\/\\\/www.article-marketing.eu\\\/comunicatistampa\\\/il-trattamento-della-pelle-in-autunno-qualche-suggerimento\\\/\"},\"author\":{\"name\":\"Borderline Agency\",\"@id\":\"https:\\\/\\\/www.article-marketing.eu\\\/comunicatistampa\\\/#\\\/schema\\\/person\\\/1c4ab1c7aad84347e26e78235da6ff1b\"},\"headline\":\"Il trattamento della pelle in autunno: qualche suggerimento\",\"datePublished\":\"2021-10-31T12:02:54+00:00\",\"mainEntityOfPage\":{\"@id\":\"https:\\\/\\\/www.article-marketing.eu\\\/comunicatistampa\\\/il-trattamento-della-pelle-in-autunno-qualche-suggerimento\\\/\"},\"wordCount\":674,\"commentCount\":0,\"keywords\":[\"#autunno\",\"#Vitamina E\",\"acido ialuronico\",\"acido ialuronico puro\",\"acido ialuronico tre pesi molecolari\",\"antiage\",\"antiossidanti\",\"Antonella Dei\",\"beauty\",\"beauty routine\",\"bellezza della pelle\",\"cosmesi\",\"cosmesi italiana\",\"cosmesi sostenibile\",\"cura del viso\",\"cura della pelle\",\"Dea Luxury Cosmetics\",\"derma\",\"firenze\",\"made in Italy\",\"pelle elastica\",\"pelle idratata\",\"pelle luminosa\",\"radicali liberi\",\"skincare\",\"smog\",\"stress\",\"vitamina A\",\"vitamina C\",\"vitamine pure\"],\"articleSection\":[\"Comunicati stampa\",\"Prodotti\"],\"inLanguage\":\"it-IT\",\"potentialAction\":[{\"@type\":\"CommentAction\",\"name\":\"Comment\",\"target\":[\"https:\\\/\\\/www.article-marketing.eu\\\/comunicatistampa\\\/il-trattamento-della-pelle-in-autunno-qualche-suggerimento\\\/#respond\"]}]},{\"@type\":\"WebPage\",\"@id\":\"https:\\\/\\\/www.article-marketing.eu\\\/comunicatistampa\\\/il-trattamento-della-pelle-in-autunno-qualche-suggerimento\\\/\",\"url\":\"https:\\\/\\\/www.article-marketing.eu\\\/comunicatistampa\\\/il-trattamento-della-pelle-in-autunno-qualche-suggerimento\\\/\",\"name\":\"Il trattamento della pelle in autunno: qualche suggerimento\",\"isPartOf\":{\"@id\":\"https:\\\/\\\/www.article-marketing.eu\\\/comunicatistampa\\\/#website\"},\"datePublished\":\"2021-10-31T12:02:54+00:00\",\"author\":{\"@id\":\"https:\\\/\\\/www.article-marketing.eu\\\/comunicatistampa\\\/#\\\/schema\\\/person\\\/1c4ab1c7aad84347e26e78235da6ff1b\"},\"breadcrumb\":{\"@id\":\"https:\\\/\\\/www.article-marketing.eu\\\/comunicatistampa\\\/il-trattamento-della-pelle-in-autunno-qualche-suggerimento\\\/#breadcrumb\"},\"inLanguage\":\"it-IT\",\"potentialAction\":[{\"@type\":\"ReadAction\",\"target\":[\"https:\\\/\\\/www.article-marketing.eu\\\/comunicatistampa\\\/il-trattamento-della-pelle-in-autunno-qualche-suggerimento\\\/\"]}]},{\"@type\":\"BreadcrumbList\",\"@id\":\"https:\\\/\\\/www.article-marketing.eu\\\/comunicatistampa\\\/il-trattamento-della-pelle-in-autunno-qualche-suggerimento\\\/#breadcrumb\",\"itemListElement\":[{\"@type\":\"ListItem\",\"position\":1,\"name\":\"Home\",\"item\":\"https:\\\/\\\/www.article-marketing.eu\\\/comunicatistampa\\\/\"},{\"@type\":\"ListItem\",\"position\":2,\"name\":\"Il trattamento della pelle in autunno: qualche suggerimento\"}]},{\"@type\":\"WebSite\",\"@id\":\"https:\\\/\\\/www.article-marketing.eu\\\/comunicatistampa\\\/#website\",\"url\":\"https:\\\/\\\/www.article-marketing.eu\\\/comunicatistampa\\\/\",\"name\":\"Article Marketing\",\"description\":\"article marketing &amp; press release\",\"potentialAction\":[{\"@type\":\"SearchAction\",\"target\":{\"@type\":\"EntryPoint\",\"urlTemplate\":\"https:\\\/\\\/www.article-marketing.eu\\\/comunicatistampa\\\/?s={search_term_string}\"},\"query-input\":{\"@type\":\"PropertyValueSpecification\",\"valueRequired\":true,\"valueName\":\"search_term_string\"}}],\"inLanguage\":\"it-IT\"},{\"@type\":\"Person\",\"@id\":\"https:\\\/\\\/www.article-marketing.eu\\\/comunicatistampa\\\/#\\\/schema\\\/person\\\/1c4ab1c7aad84347e26e78235da6ff1b\",\"name\":\"Borderline Agency\",\"image\":{\"@type\":\"ImageObject\",\"inLanguage\":\"it-IT\",\"@id\":\"https:\\\/\\\/secure.gravatar.com\\\/avatar\\\/741fa053101610cb0be7dc835c116926549ae4ae2142ff35eac04d78fda61461?s=96&d=mm&r=g\",\"url\":\"https:\\\/\\\/secure.gravatar.com\\\/avatar\\\/741fa053101610cb0be7dc835c116926549ae4ae2142ff35eac04d78fda61461?s=96&d=mm&r=g\",\"contentUrl\":\"https:\\\/\\\/secure.gravatar.com\\\/avatar\\\/741fa053101610cb0be7dc835c116926549ae4ae2142ff35eac04d78fda61461?s=96&d=mm&r=g\",\"caption\":\"Borderline Agency\"},\"url\":\"https:\\\/\\\/www.article-marketing.eu\\\/comunicatistampa\\\/author\\\/borderline-agency\\\/\"}]}<\/script>\n<!-- \/ Yoast SEO plugin. -->","yoast_head_json":{"title":"Il trattamento della pelle in autunno: qualche suggerimento","robots":{"index":"index","follow":"follow","max-snippet":"max-snippet:-1","max-image-preview":"max-image-preview:large","max-video-preview":"max-video-preview:-1"},"canonical":"https:\/\/www.article-marketing.eu\/comunicatistampa\/il-trattamento-della-pelle-in-autunno-qualche-suggerimento\/","og_locale":"it_IT","og_type":"article","og_title":"Il trattamento della pelle in autunno: qualche suggerimento","og_description":"Freddo, vento e continui sbalzi termici sono i principali elementi critici che pregiudicano la salute e la bellezza della nostra pelle nel periodo invernale. Come gestirli? Ecco i consigli di Dea Luxury Cosmetics e dell\u2019estetista Graziella Moioli, da tempo impegnata nello studio e nella pratica di prodotti naturali per preservare le strutture del derma \u00a0 \u00a0 Escursioni termiche e cambiamenti repentini tra tepori che ricordano l\u2019estate appena trascorsa e geliContinue reading...","og_url":"https:\/\/www.article-marketing.eu\/comunicatistampa\/il-trattamento-della-pelle-in-autunno-qualche-suggerimento\/","og_site_name":"Article Marketing","article_published_time":"2021-10-31T12:02:54+00:00","author":"Borderline Agency","twitter_card":"summary_large_image","twitter_misc":{"Scritto da":"Borderline Agency","Tempo di lettura stimato":"3 minuti"},"schema":{"@context":"https:\/\/schema.org","@graph":[{"@type":"Article","@id":"https:\/\/www.article-marketing.eu\/comunicatistampa\/il-trattamento-della-pelle-in-autunno-qualche-suggerimento\/#article","isPartOf":{"@id":"https:\/\/www.article-marketing.eu\/comunicatistampa\/il-trattamento-della-pelle-in-autunno-qualche-suggerimento\/"},"author":{"name":"Borderline Agency","@id":"https:\/\/www.article-marketing.eu\/comunicatistampa\/#\/schema\/person\/1c4ab1c7aad84347e26e78235da6ff1b"},"headline":"Il trattamento della pelle in autunno: qualche suggerimento","datePublished":"2021-10-31T12:02:54+00:00","mainEntityOfPage":{"@id":"https:\/\/www.article-marketing.eu\/comunicatistampa\/il-trattamento-della-pelle-in-autunno-qualche-suggerimento\/"},"wordCount":674,"commentCount":0,"keywords":["#autunno","#Vitamina E","acido ialuronico","acido ialuronico puro","acido ialuronico tre pesi molecolari","antiage","antiossidanti","Antonella Dei","beauty","beauty routine","bellezza della pelle","cosmesi","cosmesi italiana","cosmesi sostenibile","cura del viso","cura della pelle","Dea Luxury Cosmetics","derma","firenze","made in Italy","pelle elastica","pelle idratata","pelle luminosa","radicali liberi","skincare","smog","stress","vitamina A","vitamina C","vitamine pure"],"articleSection":["Comunicati stampa","Prodotti"],"inLanguage":"it-IT","potentialAction":[{"@type":"CommentAction","name":"Comment","target":["https:\/\/www.article-marketing.eu\/comunicatistampa\/il-trattamento-della-pelle-in-autunno-qualche-suggerimento\/#respond"]}]},{"@type":"WebPage","@id":"https:\/\/www.article-marketing.eu\/comunicatistampa\/il-trattamento-della-pelle-in-autunno-qualche-suggerimento\/","url":"https:\/\/www.article-marketing.eu\/comunicatistampa\/il-trattamento-della-pelle-in-autunno-qualche-suggerimento\/","name":"Il trattamento della pelle in autunno: qualche suggerimento","isPartOf":{"@id":"https:\/\/www.article-marketing.eu\/comunicatistampa\/#website"},"datePublished":"2021-10-31T12:02:54+00:00","author":{"@id":"https:\/\/www.article-marketing.eu\/comunicatistampa\/#\/schema\/person\/1c4ab1c7aad84347e26e78235da6ff1b"},"breadcrumb":{"@id":"https:\/\/www.article-marketing.eu\/comunicatistampa\/il-trattamento-della-pelle-in-autunno-qualche-suggerimento\/#breadcrumb"},"inLanguage":"it-IT","potentialAction":[{"@type":"ReadAction","target":["https:\/\/www.article-marketing.eu\/comunicatistampa\/il-trattamento-della-pelle-in-autunno-qualche-suggerimento\/"]}]},{"@type":"BreadcrumbList","@id":"https:\/\/www.article-marketing.eu\/comunicatistampa\/il-trattamento-della-pelle-in-autunno-qualche-suggerimento\/#breadcrumb","itemListElement":[{"@type":"ListItem","position":1,"name":"Home","item":"https:\/\/www.article-marketing.eu\/comunicatistampa\/"},{"@type":"ListItem","position":2,"name":"Il trattamento della pelle in autunno: qualche suggerimento"}]},{"@type":"WebSite","@id":"https:\/\/www.article-marketing.eu\/comunicatistampa\/#website","url":"https:\/\/www.article-marketing.eu\/comunicatistampa\/","name":"Article Marketing","description":"article marketing &amp; press release","potentialAction":[{"@type":"SearchAction","target":{"@type":"EntryPoint","urlTemplate":"https:\/\/www.article-marketing.eu\/comunicatistampa\/?s={search_term_string}"},"query-input":{"@type":"PropertyValueSpecification","valueRequired":true,"valueName":"search_term_string"}}],"inLanguage":"it-IT"},{"@type":"Person","@id":"https:\/\/www.article-marketing.eu\/comunicatistampa\/#\/schema\/person\/1c4ab1c7aad84347e26e78235da6ff1b","name":"Borderline Agency","image":{"@type":"ImageObject","inLanguage":"it-IT","@id":"https:\/\/secure.gravatar.com\/avatar\/741fa053101610cb0be7dc835c116926549ae4ae2142ff35eac04d78fda61461?s=96&d=mm&r=g","url":"https:\/\/secure.gravatar.com\/avatar\/741fa053101610cb0be7dc835c116926549ae4ae2142ff35eac04d78fda61461?s=96&d=mm&r=g","contentUrl":"https:\/\/secure.gravatar.com\/avatar\/741fa053101610cb0be7dc835c116926549ae4ae2142ff35eac04d78fda61461?s=96&d=mm&r=g","caption":"Borderline Agency"},"url":"https:\/\/www.article-marketing.eu\/comunicatistampa\/author\/borderline-agency\/"}]}},"_links":{"self":[{"href":"https:\/\/www.article-marketing.eu\/comunicatistampa\/wp-json\/wp\/v2\/posts\/20851","targetHints":{"allow":["GET"]}}],"collection":[{"href":"https:\/\/www.article-marketing.eu\/comunicatistampa\/wp-json\/wp\/v2\/posts"}],"about":[{"href":"https:\/\/www.article-marketing.eu\/comunicatistampa\/wp-json\/wp\/v2\/types\/post"}],"author":[{"embeddable":true,"href":"https:\/\/www.article-marketing.eu\/comunicatistampa\/wp-json\/wp\/v2\/users\/397"}],"replies":[{"embeddable":true,"href":"https:\/\/www.article-marketing.eu\/comunicatistampa\/wp-json\/wp\/v2\/comments?post=20851"}],"version-history":[{"count":2,"href":"https:\/\/www.article-marketing.eu\/comunicatistampa\/wp-json\/wp\/v2\/posts\/20851\/revisions"}],"predecessor-version":[{"id":20907,"href":"https:\/\/www.article-marketing.eu\/comunicatistampa\/wp-json\/wp\/v2\/posts\/20851\/revisions\/20907"}],"wp:attachment":[{"href":"https:\/\/www.article-marketing.eu\/comunicatistampa\/wp-json\/wp\/v2\/media?parent=20851"}],"wp:term":[{"taxonomy":"category","embeddable":true,"href":"https:\/\/www.article-marketing.eu\/comunicatistampa\/wp-json\/wp\/v2\/categories?post=20851"},{"taxonomy":"post_tag","embeddable":true,"href":"https:\/\/www.article-marketing.eu\/comunicatistampa\/wp-json\/wp\/v2\/tags?post=20851"}],"curies":[{"name":"wp","href":"https:\/\/api.w.org\/{rel}","templated":true}]}}