{"id":20926,"date":"2021-11-02T18:30:22","date_gmt":"2021-11-02T17:30:22","guid":{"rendered":"https:\/\/www.article-marketing.eu\/comunicatistampa\/?p=20926"},"modified":"2021-11-02T18:30:22","modified_gmt":"2021-11-02T17:30:22","slug":"le-conserve-della-nonna-punta-sulla-pera-dellemilia-romagna-igp","status":"publish","type":"post","link":"https:\/\/www.article-marketing.eu\/comunicatistampa\/le-conserve-della-nonna-punta-sulla-pera-dellemilia-romagna-igp\/","title":{"rendered":"Le Conserve della Nonna punta sulla Pera dell\u2019Emilia Romagna IGP"},"content":{"rendered":"<p><em>Il brand modenese lancia sul mercato la Confettura con Pera dell\u2019Emilia Romagna IGP. La nuova referenza arricchisce ulteriormente la linea di confetture che ha saputo conquistare i consumatori di tutta Italia aggiudicandosi anche il prestigioso Quality Award per ben tre anni consecutivi <\/em><\/p>\n<p><em>\u00a0<\/em><\/p>\n<p>Quando l\u2019eccellenza incontra l\u2019eccellenza il risultato non pu\u00f2 che essere straordinario. <strong>Le Conserve della Nonna<\/strong>, storico brand modenese del Gruppo Fini, <strong>ha ampliato la gamma delle proprie Confetture lanciando<\/strong> per il circuito GDO e Normal Trade una nuova referenza: <strong>la Confettura con<\/strong> <strong>Pera dell\u2019Emilia Romagna IGP<\/strong>. Un prodotto pensato per esaltare uno dei frutti pi\u00f9 rappresentativi della regione attraverso la sapienza e l\u2019esperienza di un\u2019azienda leader di mercato, ambasciatrice del made in Italy sulle tavole di tutto il mondo.<\/p>\n<p>&nbsp;<\/p>\n<p><strong>La Confettura con<\/strong> <strong>Pera dell\u2019Emilia Romagna <em>IGP<\/em> \u00e8 pronta a rivoluzionare la colazione e la merenda di tutti consumatori<\/strong> grazie a una proposta dal contenuto genuino e dall\u2019alto valore aggiunto. La referenza vede l\u2019utilizzo della sola variet\u00e0 Williams, selezionata e raccolta nel momento migliore della maturazione, con una concentrazione di frutta elevata che arriva fino al 70% e l\u2019impiego di zucchero italiano certificato da agricoltura sostenibile. L\u2019insieme di tali propriet\u00e0 e caratteristiche contribuisce a regalare un gusto autentico che <strong>ricorda la fragranza indimenticabile delle confetture homemade<\/strong>, preparate con amore e perizia dentro le calde pareti domestiche.<\/p>\n<p><strong>\u00a0<\/strong><\/p>\n<p><strong>Negli ultimi 3 anni<\/strong> (2019-2020-2021) <strong>la linea di confetture de Le Conserve della Nonna ha vinto il prestigioso Quality Award<\/strong> e conquistato sempre di pi\u00f9 la fiducia dei consumatori attraverso referenze che per bont\u00e0 e cremosit\u00e0 ricordano le confetture fatte in casa. Tra queste ricordiamo le Confetture dell\u2019Emilia Romagna (Prugna, Amarene Brusche di Modena IGP, Ciliegia, Amarena, Cotogna) e quelle da frutta 100% italiana come Arancia, Albicocca, Pesca, Fragola e Fichi. <strong>Per ogni referenza il segreto consiste in una lavorazione accurata e che punta dritto alla qualit\u00e0<\/strong>. Nello stabilimento produttivo di Ravarino (MO) infatti <strong>le confetture nascono attraverso il tradizionale procedimento della concentrazione per evaporazione termica<\/strong>: una lunga cottura del frutto che consente di eliminare l\u2019acqua, ottenendo confetture con altissima percentuale di frutta ed una consistenza naturalmente ricca e cremosa, non gelificata.<\/p>\n<p>&nbsp;<\/p>\n<p>&nbsp;<\/p>\n<p>Il <a href=\"https:\/\/gruppofini.it\/\"><strong>Gruppo Fini SpA<\/strong><\/a>, societ\u00e0 100% italiana di propriet\u00e0 di Holding Carisma, \u00e8 una storica realt\u00e0 produttiva dell\u2019alimentare nel nostro Paese. La societ\u00e0 \u00e8 titolare dei marchi Fini, nato nel 1912 ad opera di Telesforo Fini nel cuore dell\u2019Emilia, e Le Conserve della Nonna, tradizionale realt\u00e0 di Ravarino (MO). FINI \u00e8 un marchio di pasta fresca che rappresenta in Italia e nel mondo tutto il gusto della tradizione emiliana in cucina. Le Conserve della Nonna, nell\u2019ampia gamma di referenze tipiche di tutte le regioni italiane, offre passate, sughi, condimenti e confetture preparate secondo metodi tradizionali, con la sicurezza di un grande gruppo industriale.<\/p>\n","protected":false},"excerpt":{"rendered":"<p>Il brand modenese lancia sul mercato la Confettura con Pera dell\u2019Emilia Romagna IGP. La nuova referenza arricchisce ulteriormente la linea di confetture che ha saputo conquistare i consumatori di tutta Italia aggiudicandosi anche il prestigioso Quality Award per ben tre anni consecutivi \u00a0 Quando l\u2019eccellenza incontra l\u2019eccellenza il risultato non pu\u00f2 che essere straordinario. Le Conserve della Nonna, storico brand modenese del Gruppo Fini, ha ampliato la gamma delle proprie<\/p>\n<p><a class=\"continue-reading\" href=\"https:\/\/www.article-marketing.eu\/comunicatistampa\/le-conserve-della-nonna-punta-sulla-pera-dellemilia-romagna-igp\/\">Continue reading&#8230;<\/a><\/p>\n","protected":false},"author":397,"featured_media":0,"comment_status":"open","ping_status":"open","sticky":false,"template":"","format":"standard","meta":{"_monsterinsights_skip_tracking":false,"_monsterinsights_sitenote_active":false,"_monsterinsights_sitenote_note":"","_monsterinsights_sitenote_category":0,"footnotes":""},"categories":[78,404,393],"tags":[8845,8842,8838,5491,8846,3574,3213,3821,8844,8843,8841,8839,8840],"class_list":["post-20926","post","type-post","status-publish","format-standard","hentry","category-comunicati-stampa","category-cucina","category-prodotti","tag-aziende-emiliane","tag-colazione","tag-confettura-con-pera-dellemilia-romagna","tag-confetture","tag-frutta-italiana","tag-gdo","tag-gruppo-fini","tag-le-conserve-della-nonna","tag-lunga-cottura","tag-merenda","tag-normal-trade","tag-pera","tag-pera-dellemilia-romagna-igp"],"yoast_head":"<!-- This site is optimized with the Yoast SEO plugin v27.3 - https:\/\/yoast.com\/product\/yoast-seo-wordpress\/ -->\n<title>Le Conserve della Nonna punta sulla Pera dell\u2019Emilia Romagna IGP<\/title>\n<meta name=\"robots\" content=\"index, follow, max-snippet:-1, max-image-preview:large, max-video-preview:-1\" \/>\n<link rel=\"canonical\" href=\"https:\/\/www.article-marketing.eu\/comunicatistampa\/le-conserve-della-nonna-punta-sulla-pera-dellemilia-romagna-igp\/\" \/>\n<meta property=\"og:locale\" content=\"it_IT\" \/>\n<meta property=\"og:type\" content=\"article\" \/>\n<meta property=\"og:title\" content=\"Le Conserve della Nonna punta sulla Pera dell\u2019Emilia Romagna IGP\" \/>\n<meta property=\"og:description\" content=\"Il brand modenese lancia sul mercato la Confettura con Pera dell\u2019Emilia Romagna IGP. La nuova referenza arricchisce ulteriormente la linea di confetture che ha saputo conquistare i consumatori di tutta Italia aggiudicandosi anche il prestigioso Quality Award per ben tre anni consecutivi \u00a0 Quando l\u2019eccellenza incontra l\u2019eccellenza il risultato non pu\u00f2 che essere straordinario. Le Conserve della Nonna, storico brand modenese del Gruppo Fini, ha ampliato la gamma delle proprieContinue reading...\" \/>\n<meta property=\"og:url\" content=\"https:\/\/www.article-marketing.eu\/comunicatistampa\/le-conserve-della-nonna-punta-sulla-pera-dellemilia-romagna-igp\/\" \/>\n<meta property=\"og:site_name\" content=\"Article Marketing\" \/>\n<meta property=\"article:published_time\" content=\"2021-11-02T17:30:22+00:00\" \/>\n<meta name=\"author\" content=\"Borderline Agency\" \/>\n<meta name=\"twitter:card\" content=\"summary_large_image\" \/>\n<meta name=\"twitter:label1\" content=\"Scritto da\" \/>\n\t<meta name=\"twitter:data1\" content=\"Borderline Agency\" \/>\n\t<meta name=\"twitter:label2\" content=\"Tempo di lettura stimato\" \/>\n\t<meta name=\"twitter:data2\" content=\"2 minuti\" \/>\n<script type=\"application\/ld+json\" class=\"yoast-schema-graph\">{\"@context\":\"https:\\\/\\\/schema.org\",\"@graph\":[{\"@type\":\"Article\",\"@id\":\"https:\\\/\\\/www.article-marketing.eu\\\/comunicatistampa\\\/le-conserve-della-nonna-punta-sulla-pera-dellemilia-romagna-igp\\\/#article\",\"isPartOf\":{\"@id\":\"https:\\\/\\\/www.article-marketing.eu\\\/comunicatistampa\\\/le-conserve-della-nonna-punta-sulla-pera-dellemilia-romagna-igp\\\/\"},\"author\":{\"name\":\"Borderline Agency\",\"@id\":\"https:\\\/\\\/www.article-marketing.eu\\\/comunicatistampa\\\/#\\\/schema\\\/person\\\/1c4ab1c7aad84347e26e78235da6ff1b\"},\"headline\":\"Le Conserve della Nonna punta sulla Pera dell\u2019Emilia Romagna IGP\",\"datePublished\":\"2021-11-02T17:30:22+00:00\",\"mainEntityOfPage\":{\"@id\":\"https:\\\/\\\/www.article-marketing.eu\\\/comunicatistampa\\\/le-conserve-della-nonna-punta-sulla-pera-dellemilia-romagna-igp\\\/\"},\"wordCount\":474,\"commentCount\":0,\"keywords\":[\"aziende emiliane\",\"colazione\",\"Confettura con Pera dell\u2019Emilia Romagna\",\"confetture\",\"frutta italiana\",\"Gdo\",\"Gruppo Fini\",\"Le Conserve della Nonna\",\"lunga cottura\",\"merenda\",\"Normal Trade\",\"pera\",\"pera dell\u2019Emilia-Romagna IGP\"],\"articleSection\":[\"Comunicati stampa\",\"Cucina\",\"Prodotti\"],\"inLanguage\":\"it-IT\",\"potentialAction\":[{\"@type\":\"CommentAction\",\"name\":\"Comment\",\"target\":[\"https:\\\/\\\/www.article-marketing.eu\\\/comunicatistampa\\\/le-conserve-della-nonna-punta-sulla-pera-dellemilia-romagna-igp\\\/#respond\"]}]},{\"@type\":\"WebPage\",\"@id\":\"https:\\\/\\\/www.article-marketing.eu\\\/comunicatistampa\\\/le-conserve-della-nonna-punta-sulla-pera-dellemilia-romagna-igp\\\/\",\"url\":\"https:\\\/\\\/www.article-marketing.eu\\\/comunicatistampa\\\/le-conserve-della-nonna-punta-sulla-pera-dellemilia-romagna-igp\\\/\",\"name\":\"Le Conserve della Nonna punta sulla Pera dell\u2019Emilia Romagna IGP\",\"isPartOf\":{\"@id\":\"https:\\\/\\\/www.article-marketing.eu\\\/comunicatistampa\\\/#website\"},\"datePublished\":\"2021-11-02T17:30:22+00:00\",\"author\":{\"@id\":\"https:\\\/\\\/www.article-marketing.eu\\\/comunicatistampa\\\/#\\\/schema\\\/person\\\/1c4ab1c7aad84347e26e78235da6ff1b\"},\"breadcrumb\":{\"@id\":\"https:\\\/\\\/www.article-marketing.eu\\\/comunicatistampa\\\/le-conserve-della-nonna-punta-sulla-pera-dellemilia-romagna-igp\\\/#breadcrumb\"},\"inLanguage\":\"it-IT\",\"potentialAction\":[{\"@type\":\"ReadAction\",\"target\":[\"https:\\\/\\\/www.article-marketing.eu\\\/comunicatistampa\\\/le-conserve-della-nonna-punta-sulla-pera-dellemilia-romagna-igp\\\/\"]}]},{\"@type\":\"BreadcrumbList\",\"@id\":\"https:\\\/\\\/www.article-marketing.eu\\\/comunicatistampa\\\/le-conserve-della-nonna-punta-sulla-pera-dellemilia-romagna-igp\\\/#breadcrumb\",\"itemListElement\":[{\"@type\":\"ListItem\",\"position\":1,\"name\":\"Home\",\"item\":\"https:\\\/\\\/www.article-marketing.eu\\\/comunicatistampa\\\/\"},{\"@type\":\"ListItem\",\"position\":2,\"name\":\"Le Conserve della Nonna punta sulla Pera dell\u2019Emilia Romagna IGP\"}]},{\"@type\":\"WebSite\",\"@id\":\"https:\\\/\\\/www.article-marketing.eu\\\/comunicatistampa\\\/#website\",\"url\":\"https:\\\/\\\/www.article-marketing.eu\\\/comunicatistampa\\\/\",\"name\":\"Article Marketing\",\"description\":\"article marketing &amp; press release\",\"potentialAction\":[{\"@type\":\"SearchAction\",\"target\":{\"@type\":\"EntryPoint\",\"urlTemplate\":\"https:\\\/\\\/www.article-marketing.eu\\\/comunicatistampa\\\/?s={search_term_string}\"},\"query-input\":{\"@type\":\"PropertyValueSpecification\",\"valueRequired\":true,\"valueName\":\"search_term_string\"}}],\"inLanguage\":\"it-IT\"},{\"@type\":\"Person\",\"@id\":\"https:\\\/\\\/www.article-marketing.eu\\\/comunicatistampa\\\/#\\\/schema\\\/person\\\/1c4ab1c7aad84347e26e78235da6ff1b\",\"name\":\"Borderline Agency\",\"image\":{\"@type\":\"ImageObject\",\"inLanguage\":\"it-IT\",\"@id\":\"https:\\\/\\\/secure.gravatar.com\\\/avatar\\\/741fa053101610cb0be7dc835c116926549ae4ae2142ff35eac04d78fda61461?s=96&d=mm&r=g\",\"url\":\"https:\\\/\\\/secure.gravatar.com\\\/avatar\\\/741fa053101610cb0be7dc835c116926549ae4ae2142ff35eac04d78fda61461?s=96&d=mm&r=g\",\"contentUrl\":\"https:\\\/\\\/secure.gravatar.com\\\/avatar\\\/741fa053101610cb0be7dc835c116926549ae4ae2142ff35eac04d78fda61461?s=96&d=mm&r=g\",\"caption\":\"Borderline Agency\"},\"url\":\"https:\\\/\\\/www.article-marketing.eu\\\/comunicatistampa\\\/author\\\/borderline-agency\\\/\"}]}<\/script>\n<!-- \/ Yoast SEO plugin. -->","yoast_head_json":{"title":"Le Conserve della Nonna punta sulla Pera dell\u2019Emilia Romagna IGP","robots":{"index":"index","follow":"follow","max-snippet":"max-snippet:-1","max-image-preview":"max-image-preview:large","max-video-preview":"max-video-preview:-1"},"canonical":"https:\/\/www.article-marketing.eu\/comunicatistampa\/le-conserve-della-nonna-punta-sulla-pera-dellemilia-romagna-igp\/","og_locale":"it_IT","og_type":"article","og_title":"Le Conserve della Nonna punta sulla Pera dell\u2019Emilia Romagna IGP","og_description":"Il brand modenese lancia sul mercato la Confettura con Pera dell\u2019Emilia Romagna IGP. La nuova referenza arricchisce ulteriormente la linea di confetture che ha saputo conquistare i consumatori di tutta Italia aggiudicandosi anche il prestigioso Quality Award per ben tre anni consecutivi \u00a0 Quando l\u2019eccellenza incontra l\u2019eccellenza il risultato non pu\u00f2 che essere straordinario. Le Conserve della Nonna, storico brand modenese del Gruppo Fini, ha ampliato la gamma delle proprieContinue reading...","og_url":"https:\/\/www.article-marketing.eu\/comunicatistampa\/le-conserve-della-nonna-punta-sulla-pera-dellemilia-romagna-igp\/","og_site_name":"Article Marketing","article_published_time":"2021-11-02T17:30:22+00:00","author":"Borderline Agency","twitter_card":"summary_large_image","twitter_misc":{"Scritto da":"Borderline Agency","Tempo di lettura stimato":"2 minuti"},"schema":{"@context":"https:\/\/schema.org","@graph":[{"@type":"Article","@id":"https:\/\/www.article-marketing.eu\/comunicatistampa\/le-conserve-della-nonna-punta-sulla-pera-dellemilia-romagna-igp\/#article","isPartOf":{"@id":"https:\/\/www.article-marketing.eu\/comunicatistampa\/le-conserve-della-nonna-punta-sulla-pera-dellemilia-romagna-igp\/"},"author":{"name":"Borderline Agency","@id":"https:\/\/www.article-marketing.eu\/comunicatistampa\/#\/schema\/person\/1c4ab1c7aad84347e26e78235da6ff1b"},"headline":"Le Conserve della Nonna punta sulla Pera dell\u2019Emilia Romagna IGP","datePublished":"2021-11-02T17:30:22+00:00","mainEntityOfPage":{"@id":"https:\/\/www.article-marketing.eu\/comunicatistampa\/le-conserve-della-nonna-punta-sulla-pera-dellemilia-romagna-igp\/"},"wordCount":474,"commentCount":0,"keywords":["aziende emiliane","colazione","Confettura con Pera dell\u2019Emilia Romagna","confetture","frutta italiana","Gdo","Gruppo Fini","Le Conserve della Nonna","lunga cottura","merenda","Normal Trade","pera","pera dell\u2019Emilia-Romagna IGP"],"articleSection":["Comunicati stampa","Cucina","Prodotti"],"inLanguage":"it-IT","potentialAction":[{"@type":"CommentAction","name":"Comment","target":["https:\/\/www.article-marketing.eu\/comunicatistampa\/le-conserve-della-nonna-punta-sulla-pera-dellemilia-romagna-igp\/#respond"]}]},{"@type":"WebPage","@id":"https:\/\/www.article-marketing.eu\/comunicatistampa\/le-conserve-della-nonna-punta-sulla-pera-dellemilia-romagna-igp\/","url":"https:\/\/www.article-marketing.eu\/comunicatistampa\/le-conserve-della-nonna-punta-sulla-pera-dellemilia-romagna-igp\/","name":"Le Conserve della Nonna punta sulla Pera dell\u2019Emilia Romagna IGP","isPartOf":{"@id":"https:\/\/www.article-marketing.eu\/comunicatistampa\/#website"},"datePublished":"2021-11-02T17:30:22+00:00","author":{"@id":"https:\/\/www.article-marketing.eu\/comunicatistampa\/#\/schema\/person\/1c4ab1c7aad84347e26e78235da6ff1b"},"breadcrumb":{"@id":"https:\/\/www.article-marketing.eu\/comunicatistampa\/le-conserve-della-nonna-punta-sulla-pera-dellemilia-romagna-igp\/#breadcrumb"},"inLanguage":"it-IT","potentialAction":[{"@type":"ReadAction","target":["https:\/\/www.article-marketing.eu\/comunicatistampa\/le-conserve-della-nonna-punta-sulla-pera-dellemilia-romagna-igp\/"]}]},{"@type":"BreadcrumbList","@id":"https:\/\/www.article-marketing.eu\/comunicatistampa\/le-conserve-della-nonna-punta-sulla-pera-dellemilia-romagna-igp\/#breadcrumb","itemListElement":[{"@type":"ListItem","position":1,"name":"Home","item":"https:\/\/www.article-marketing.eu\/comunicatistampa\/"},{"@type":"ListItem","position":2,"name":"Le Conserve della Nonna punta sulla Pera dell\u2019Emilia Romagna IGP"}]},{"@type":"WebSite","@id":"https:\/\/www.article-marketing.eu\/comunicatistampa\/#website","url":"https:\/\/www.article-marketing.eu\/comunicatistampa\/","name":"Article Marketing","description":"article marketing &amp; press release","potentialAction":[{"@type":"SearchAction","target":{"@type":"EntryPoint","urlTemplate":"https:\/\/www.article-marketing.eu\/comunicatistampa\/?s={search_term_string}"},"query-input":{"@type":"PropertyValueSpecification","valueRequired":true,"valueName":"search_term_string"}}],"inLanguage":"it-IT"},{"@type":"Person","@id":"https:\/\/www.article-marketing.eu\/comunicatistampa\/#\/schema\/person\/1c4ab1c7aad84347e26e78235da6ff1b","name":"Borderline Agency","image":{"@type":"ImageObject","inLanguage":"it-IT","@id":"https:\/\/secure.gravatar.com\/avatar\/741fa053101610cb0be7dc835c116926549ae4ae2142ff35eac04d78fda61461?s=96&d=mm&r=g","url":"https:\/\/secure.gravatar.com\/avatar\/741fa053101610cb0be7dc835c116926549ae4ae2142ff35eac04d78fda61461?s=96&d=mm&r=g","contentUrl":"https:\/\/secure.gravatar.com\/avatar\/741fa053101610cb0be7dc835c116926549ae4ae2142ff35eac04d78fda61461?s=96&d=mm&r=g","caption":"Borderline Agency"},"url":"https:\/\/www.article-marketing.eu\/comunicatistampa\/author\/borderline-agency\/"}]}},"_links":{"self":[{"href":"https:\/\/www.article-marketing.eu\/comunicatistampa\/wp-json\/wp\/v2\/posts\/20926","targetHints":{"allow":["GET"]}}],"collection":[{"href":"https:\/\/www.article-marketing.eu\/comunicatistampa\/wp-json\/wp\/v2\/posts"}],"about":[{"href":"https:\/\/www.article-marketing.eu\/comunicatistampa\/wp-json\/wp\/v2\/types\/post"}],"author":[{"embeddable":true,"href":"https:\/\/www.article-marketing.eu\/comunicatistampa\/wp-json\/wp\/v2\/users\/397"}],"replies":[{"embeddable":true,"href":"https:\/\/www.article-marketing.eu\/comunicatistampa\/wp-json\/wp\/v2\/comments?post=20926"}],"version-history":[{"count":2,"href":"https:\/\/www.article-marketing.eu\/comunicatistampa\/wp-json\/wp\/v2\/posts\/20926\/revisions"}],"predecessor-version":[{"id":20933,"href":"https:\/\/www.article-marketing.eu\/comunicatistampa\/wp-json\/wp\/v2\/posts\/20926\/revisions\/20933"}],"wp:attachment":[{"href":"https:\/\/www.article-marketing.eu\/comunicatistampa\/wp-json\/wp\/v2\/media?parent=20926"}],"wp:term":[{"taxonomy":"category","embeddable":true,"href":"https:\/\/www.article-marketing.eu\/comunicatistampa\/wp-json\/wp\/v2\/categories?post=20926"},{"taxonomy":"post_tag","embeddable":true,"href":"https:\/\/www.article-marketing.eu\/comunicatistampa\/wp-json\/wp\/v2\/tags?post=20926"}],"curies":[{"name":"wp","href":"https:\/\/api.w.org\/{rel}","templated":true}]}}