{"id":20999,"date":"2021-11-10T18:20:52","date_gmt":"2021-11-10T17:20:52","guid":{"rendered":"https:\/\/www.article-marketing.eu\/comunicatistampa\/?p=20999"},"modified":"2021-11-10T18:20:52","modified_gmt":"2021-11-10T17:20:52","slug":"knauf-e-warhol-affinita-elettiva-per-linnovazione","status":"publish","type":"post","link":"https:\/\/www.article-marketing.eu\/comunicatistampa\/knauf-e-warhol-affinita-elettiva-per-linnovazione\/","title":{"rendered":"Knauf e Warhol, affinit\u00e0 elettiva per l\u2019innovazione"},"content":{"rendered":"<p align=\"center\"><em><b>Nuova tappa per il percorso di Knauf a supporto dell\u2019arte e della cultura\u00a0con la mostra sulle opere dell\u2019innovatore Andy Warhol<\/b><\/em><\/p>\n<p><em>Castellina Marittima, 9 novembre 2021.<\/em><strong>\u00a0<\/strong>A Pontedera, la citt\u00e0 della Vespa che da tempo si fa notare per la sua attenzione alla cultura e all\u2019arte, \u00e8 imminente l\u2019inaugurazione della nuova mostra di Andy Warhol (PALP, Palazzo Pretorio, dal 10 novembre 2021 al 20 marzo 2022) con oltre 140 opere del poliedrico interprete della societ\u00e0 americana.<br aria-hidden=\"true\" \/><br aria-hidden=\"true\" \/><img decoding=\"async\" src=\"https:\/\/mcusercontent.com\/4bc585995706d17b21946b3da\/_compresseds\/22fdc42c-b2ad-be6a-05b5-1fb53e14f8b6.jpg\" align=\"left\" data-imagetype=\"External\" \/>L\u2019importante operazione culturale \u00e8 stata\u00a0<strong>resa possibile grazie all\u2019impegno di Knauf<\/strong>, che aggiunge cos\u00ec una nuova tappa al suo lungo percorso di mecenatico supporto all\u2019arte moderna in ogni sua forma e declinazione, dalle torri del Progetto Vara (Biennale di Venezia, 2016) alle opere multidimensionali di Boetti del Maximum Minimum di Boetti (Isola di San Giorgio, 2017), dall\u2019omaggio al futurismo del FuturDome Liberty Palace (Milano, 2017) ai paesaggi oniricamente danteschi di Divina Sezione (Reggia di Caserta, 2018), fino al complesso psicodelico di luci e colori di Bosch, Brueghel e Arcimboldo (Arsenali Repubblicani di Pisa, 2018\/19) solo per citare alcuni dei tanti eventi che Knauf ha supportato.<br aria-hidden=\"true\" \/><br aria-hidden=\"true\" \/><strong>Knauf e l\u2019arte<\/strong>\u00a0&#8211; Arte e cultura, per loro stessa natura intangibili e frutto del sentimento, sembrano lontane dalla materialit\u00e0 e dalla razionalit\u00e0 dell\u2019edilizia, cuore del business di Knauf. L\u2019apparente distanza per\u00f2 di annulla pensando che la sua missione impone a Knauf di essere all\u2019avanguardia nel finalizzare innovazione e tecnologia al benessere, al comfort, alla sicurezza e all\u2019appagamento dell\u2019uomo. Quindi poich\u00e9 l\u2019uomo e il suo benessere sono al centro della visione e della missione di Knauf, e poich\u00e9 Knauf mira a creare soluzioni abitative sempre pi\u00f9 performanti e attente al benessere e alla salute, \u00e8 naturale che Knauf si impegni anche per l\u2019arte e per la cultura che sono aspetti importanti per la crescita del benessere intellettuale ed emotivo dell\u2019uomo che quelle case abita.<br aria-hidden=\"true\" \/><br aria-hidden=\"true\" \/>L\u2019attenzione di Knauf per l\u2019uomo si inquadra inoltre in un contesto ancor pi\u00f9 ampio e trova profondo e solido supporto nell\u2019attenzione alla sostenibilit\u00e0 che si sintetizza nell\u2019acronimo ESG (environment, social, governance) e di cui questa attivit\u00e0 coglie appunto l\u2019aspetto social. Promuovere, supportare e rendere possibili fiere ed eventi culturali particolarmente rilevanti, in altre parole, \u00e8 totalmente e perfettamente coerente con le moltissime altre attivit\u00e0 che Knauf svolge a sostegno della sostenibilit\u00e0<br aria-hidden=\"true\" \/><br aria-hidden=\"true\" \/><img decoding=\"async\" src=\"https:\/\/gallery.mailchimp.com\/4bc585995706d17b21946b3da\/images\/05a73de9-94a1-447c-b917-dbc05c818b63.jpg\" align=\"left\" data-imagetype=\"External\" \/><em>\u201cKnauf ha un solido legame con l\u2019arte di qualit\u00e0 ed \u00e8 sempre in prima fila quando ci sono iniziative di altissimo livello come questa mostra di Warhol che per di pi\u00f9 si svolge a Pontedera, nel nostro territorio, a cui Knauf presta sempre grandissima attenzione e per il quale c\u2019\u00e8 un legame speciale, visto che Knauf \u00e8 anche partner del recupero degli storici locali del teatro Roma per la creazione dell\u2019Accademia della Musica.\u201d<\/em>\u00a0spiega\u00a0<strong>Damiano Spagnuolo<\/strong>, Product &amp; Marketing manager Knauf.<br aria-hidden=\"true\" \/><br aria-hidden=\"true\" \/><strong>Knauf e Warhol<\/strong>\u00a0\u2013 Il rapporto tra Knauf e Warhol per\u00f2 va addirittura oltre e arriva a incardinarsi su un livello di affinit\u00e0 di ispirazione. Warhol \u00e8 stato un innovatore, ha plasmato e trasformato la materia e la sua immagine, ha intuito che si poteva guardare alla realt\u00e0 con filtri inediti e mostrarla da punti di vista nuovi, evidenziandone aspetti sorprendenti. Questo approccio \u00e8 esattamente identico a quello di Knauf che plasma la materia grezza, gli d\u00e0 nuova vita trasformandola in cartongesso e a sua volta offre materia plasmabile e modi nuovi per agire e dare forma e concretezza alle proprie ispirazioni ad altri artisti, gli architetti, che cos\u00ec possono immaginare e costruire forme e strutture nuove, inedite e parimenti sorprendenti. Insomma, allo stesso modo in cui Wharol prendeva la foto di Mao o di un barattolo di zuppa e nel fissarlo sulla tela lo trasformava in qualcosa che permetteva al pubblico di farsi protagonista dell\u2019arte interpretandola a suo modo, cos\u00ec Knauf con le sue avanzate soluzioni in gesso permette a ogni artista delle costruzioni di dare forma, colore e materia al proprio pensiero e lo mette in grado di farlo ogni volta in modo innovativo, creando realt\u00e0 diverse, nuove e originali.<br aria-hidden=\"true\" \/><br aria-hidden=\"true\" \/><em>\u201cArriviamo cos\u00ec al punto focale del parallelismo ideale tra Warhol e Knauf, il concetto di innovazione. Warhol ha cambiato i concetti e le definizioni dell\u2019estetica nell\u2019ambito dell\u2019arte ricercando l\u2019innovazione rispetto agli schemi contemporanei; allo stesso modo Knauf, nel suo campo, ogni giorno reinventa, cambia e ridefinisce gli schemi e gli standard di riferimento nell\u2019ambito dell\u2019edilizia come la nuova linea di soluzioni Advanced, totalmente innovative e alternative rispetto agli standard correnti, dimostra chiaramente.\u201d<\/em>\u00a0conclude Damiano Spagnuolo.<\/p>\n","protected":false},"excerpt":{"rendered":"<p>Nuova tappa per il percorso di Knauf a supporto dell\u2019arte e della cultura\u00a0con la mostra sulle opere dell\u2019innovatore Andy Warhol Castellina Marittima, 9 novembre 2021.\u00a0A Pontedera, la citt\u00e0 della Vespa che da tempo si fa notare per la sua attenzione alla cultura e all\u2019arte, \u00e8 imminente l\u2019inaugurazione della nuova mostra di Andy Warhol (PALP, Palazzo Pretorio, dal 10 novembre 2021 al 20 marzo 2022) con oltre 140 opere del poliedrico<\/p>\n<p><a class=\"continue-reading\" href=\"https:\/\/www.article-marketing.eu\/comunicatistampa\/knauf-e-warhol-affinita-elettiva-per-linnovazione\/\">Continue reading&#8230;<\/a><\/p>\n","protected":false},"author":1112,"featured_media":0,"comment_status":"open","ping_status":"open","sticky":false,"template":"","format":"standard","meta":{"_monsterinsights_skip_tracking":false,"_monsterinsights_sitenote_active":false,"_monsterinsights_sitenote_note":"","_monsterinsights_sitenote_category":0,"footnotes":""},"categories":[407,78,392],"tags":[1321,1950,248,633,8891,529,1995],"class_list":["post-20999","post","type-post","status-publish","format-standard","hentry","category-arte-e-cultura","category-comunicati-stampa","category-eventi","tag-architettura","tag-arte-contemporanea","tag-design","tag-edilizia","tag-edilizia-a-secco","tag-innovazione","tag-sostenibilita"],"yoast_head":"<!-- This site is optimized with the Yoast SEO plugin v27.3 - https:\/\/yoast.com\/product\/yoast-seo-wordpress\/ -->\n<title>Knauf e Warhol, affinit\u00e0 elettiva per l\u2019innovazione - Article Marketing<\/title>\n<meta name=\"description\" content=\"Nuova tappa per il percorso di Knauf a supporto dell\u2019arte e della cultura\u00a0con la mostra sulle opere dell\u2019innovatore Andy Warhol\" \/>\n<meta name=\"robots\" content=\"index, follow, max-snippet:-1, max-image-preview:large, max-video-preview:-1\" \/>\n<link rel=\"canonical\" href=\"https:\/\/www.article-marketing.eu\/comunicatistampa\/knauf-e-warhol-affinita-elettiva-per-linnovazione\/\" \/>\n<meta property=\"og:locale\" content=\"it_IT\" \/>\n<meta property=\"og:type\" content=\"article\" \/>\n<meta property=\"og:title\" content=\"Knauf e Warhol, affinit\u00e0 elettiva per l\u2019innovazione - Article Marketing\" \/>\n<meta property=\"og:description\" content=\"Nuova tappa per il percorso di Knauf a supporto dell\u2019arte e della cultura\u00a0con la mostra sulle opere dell\u2019innovatore Andy Warhol\" \/>\n<meta property=\"og:url\" content=\"https:\/\/www.article-marketing.eu\/comunicatistampa\/knauf-e-warhol-affinita-elettiva-per-linnovazione\/\" \/>\n<meta property=\"og:site_name\" content=\"Article Marketing\" \/>\n<meta property=\"article:published_time\" content=\"2021-11-10T17:20:52+00:00\" \/>\n<meta property=\"og:image\" content=\"https:\/\/mcusercontent.com\/4bc585995706d17b21946b3da\/_compresseds\/22fdc42c-b2ad-be6a-05b5-1fb53e14f8b6.jpg\" \/>\n<meta name=\"author\" content=\"RGR Comunicazione\" \/>\n<meta name=\"twitter:card\" content=\"summary_large_image\" \/>\n<meta name=\"twitter:label1\" content=\"Scritto da\" \/>\n\t<meta name=\"twitter:data1\" content=\"RGR Comunicazione\" \/>\n\t<meta name=\"twitter:label2\" content=\"Tempo di lettura stimato\" \/>\n\t<meta name=\"twitter:data2\" content=\"4 minuti\" \/>\n<script type=\"application\/ld+json\" class=\"yoast-schema-graph\">{\"@context\":\"https:\\\/\\\/schema.org\",\"@graph\":[{\"@type\":\"Article\",\"@id\":\"https:\\\/\\\/www.article-marketing.eu\\\/comunicatistampa\\\/knauf-e-warhol-affinita-elettiva-per-linnovazione\\\/#article\",\"isPartOf\":{\"@id\":\"https:\\\/\\\/www.article-marketing.eu\\\/comunicatistampa\\\/knauf-e-warhol-affinita-elettiva-per-linnovazione\\\/\"},\"author\":{\"name\":\"RGR Comunicazione\",\"@id\":\"https:\\\/\\\/www.article-marketing.eu\\\/comunicatistampa\\\/#\\\/schema\\\/person\\\/76367e3093e2d092ab725eb726737838\"},\"headline\":\"Knauf e Warhol, affinit\u00e0 elettiva per l\u2019innovazione\",\"datePublished\":\"2021-11-10T17:20:52+00:00\",\"mainEntityOfPage\":{\"@id\":\"https:\\\/\\\/www.article-marketing.eu\\\/comunicatistampa\\\/knauf-e-warhol-affinita-elettiva-per-linnovazione\\\/\"},\"wordCount\":752,\"commentCount\":0,\"image\":{\"@id\":\"https:\\\/\\\/www.article-marketing.eu\\\/comunicatistampa\\\/knauf-e-warhol-affinita-elettiva-per-linnovazione\\\/#primaryimage\"},\"thumbnailUrl\":\"https:\\\/\\\/mcusercontent.com\\\/4bc585995706d17b21946b3da\\\/_compresseds\\\/22fdc42c-b2ad-be6a-05b5-1fb53e14f8b6.jpg\",\"keywords\":[\"Architettura\",\"arte contemporanea\",\"design\",\"edilizia\",\"edilizia a secco\",\"innovazione\",\"sostenibilit\u00e0\"],\"articleSection\":[\"Arte e cultura\",\"Comunicati stampa\",\"Eventi\"],\"inLanguage\":\"it-IT\",\"potentialAction\":[{\"@type\":\"CommentAction\",\"name\":\"Comment\",\"target\":[\"https:\\\/\\\/www.article-marketing.eu\\\/comunicatistampa\\\/knauf-e-warhol-affinita-elettiva-per-linnovazione\\\/#respond\"]}]},{\"@type\":\"WebPage\",\"@id\":\"https:\\\/\\\/www.article-marketing.eu\\\/comunicatistampa\\\/knauf-e-warhol-affinita-elettiva-per-linnovazione\\\/\",\"url\":\"https:\\\/\\\/www.article-marketing.eu\\\/comunicatistampa\\\/knauf-e-warhol-affinita-elettiva-per-linnovazione\\\/\",\"name\":\"Knauf e Warhol, affinit\u00e0 elettiva per l\u2019innovazione - Article Marketing\",\"isPartOf\":{\"@id\":\"https:\\\/\\\/www.article-marketing.eu\\\/comunicatistampa\\\/#website\"},\"primaryImageOfPage\":{\"@id\":\"https:\\\/\\\/www.article-marketing.eu\\\/comunicatistampa\\\/knauf-e-warhol-affinita-elettiva-per-linnovazione\\\/#primaryimage\"},\"image\":{\"@id\":\"https:\\\/\\\/www.article-marketing.eu\\\/comunicatistampa\\\/knauf-e-warhol-affinita-elettiva-per-linnovazione\\\/#primaryimage\"},\"thumbnailUrl\":\"https:\\\/\\\/mcusercontent.com\\\/4bc585995706d17b21946b3da\\\/_compresseds\\\/22fdc42c-b2ad-be6a-05b5-1fb53e14f8b6.jpg\",\"datePublished\":\"2021-11-10T17:20:52+00:00\",\"author\":{\"@id\":\"https:\\\/\\\/www.article-marketing.eu\\\/comunicatistampa\\\/#\\\/schema\\\/person\\\/76367e3093e2d092ab725eb726737838\"},\"description\":\"Nuova tappa per il percorso di Knauf a supporto dell\u2019arte e della cultura\u00a0con la mostra sulle opere dell\u2019innovatore Andy Warhol\",\"breadcrumb\":{\"@id\":\"https:\\\/\\\/www.article-marketing.eu\\\/comunicatistampa\\\/knauf-e-warhol-affinita-elettiva-per-linnovazione\\\/#breadcrumb\"},\"inLanguage\":\"it-IT\",\"potentialAction\":[{\"@type\":\"ReadAction\",\"target\":[\"https:\\\/\\\/www.article-marketing.eu\\\/comunicatistampa\\\/knauf-e-warhol-affinita-elettiva-per-linnovazione\\\/\"]}]},{\"@type\":\"ImageObject\",\"inLanguage\":\"it-IT\",\"@id\":\"https:\\\/\\\/www.article-marketing.eu\\\/comunicatistampa\\\/knauf-e-warhol-affinita-elettiva-per-linnovazione\\\/#primaryimage\",\"url\":\"https:\\\/\\\/mcusercontent.com\\\/4bc585995706d17b21946b3da\\\/_compresseds\\\/22fdc42c-b2ad-be6a-05b5-1fb53e14f8b6.jpg\",\"contentUrl\":\"https:\\\/\\\/mcusercontent.com\\\/4bc585995706d17b21946b3da\\\/_compresseds\\\/22fdc42c-b2ad-be6a-05b5-1fb53e14f8b6.jpg\"},{\"@type\":\"BreadcrumbList\",\"@id\":\"https:\\\/\\\/www.article-marketing.eu\\\/comunicatistampa\\\/knauf-e-warhol-affinita-elettiva-per-linnovazione\\\/#breadcrumb\",\"itemListElement\":[{\"@type\":\"ListItem\",\"position\":1,\"name\":\"Home\",\"item\":\"https:\\\/\\\/www.article-marketing.eu\\\/comunicatistampa\\\/\"},{\"@type\":\"ListItem\",\"position\":2,\"name\":\"Knauf e Warhol, affinit\u00e0 elettiva per l\u2019innovazione\"}]},{\"@type\":\"WebSite\",\"@id\":\"https:\\\/\\\/www.article-marketing.eu\\\/comunicatistampa\\\/#website\",\"url\":\"https:\\\/\\\/www.article-marketing.eu\\\/comunicatistampa\\\/\",\"name\":\"Article Marketing\",\"description\":\"article marketing &amp; press release\",\"potentialAction\":[{\"@type\":\"SearchAction\",\"target\":{\"@type\":\"EntryPoint\",\"urlTemplate\":\"https:\\\/\\\/www.article-marketing.eu\\\/comunicatistampa\\\/?s={search_term_string}\"},\"query-input\":{\"@type\":\"PropertyValueSpecification\",\"valueRequired\":true,\"valueName\":\"search_term_string\"}}],\"inLanguage\":\"it-IT\"},{\"@type\":\"Person\",\"@id\":\"https:\\\/\\\/www.article-marketing.eu\\\/comunicatistampa\\\/#\\\/schema\\\/person\\\/76367e3093e2d092ab725eb726737838\",\"name\":\"RGR Comunicazione\",\"image\":{\"@type\":\"ImageObject\",\"inLanguage\":\"it-IT\",\"@id\":\"https:\\\/\\\/secure.gravatar.com\\\/avatar\\\/ede9863dffa1dd4d938132da0a252a3ccea8941d92fcb0abedb060c3e79f35ce?s=96&d=mm&r=g\",\"url\":\"https:\\\/\\\/secure.gravatar.com\\\/avatar\\\/ede9863dffa1dd4d938132da0a252a3ccea8941d92fcb0abedb060c3e79f35ce?s=96&d=mm&r=g\",\"contentUrl\":\"https:\\\/\\\/secure.gravatar.com\\\/avatar\\\/ede9863dffa1dd4d938132da0a252a3ccea8941d92fcb0abedb060c3e79f35ce?s=96&d=mm&r=g\",\"caption\":\"RGR Comunicazione\"},\"description\":\"RGR \u00e8 un\u2019agenzia di comunicazione integrata e ufficio stampa, che supporta le aziende nell\u2019esaltare la propria immagine e le proprie eccellenze attraverso il mix pi\u00f9 opportuno di canali di comunicazione.\",\"sameAs\":[\"https:\\\/\\\/www.rgrcomunicazionemarketing.it\\\/\"],\"url\":\"https:\\\/\\\/www.article-marketing.eu\\\/comunicatistampa\\\/author\\\/rgr-comunicazione\\\/\"}]}<\/script>\n<!-- \/ Yoast SEO plugin. -->","yoast_head_json":{"title":"Knauf e Warhol, affinit\u00e0 elettiva per l\u2019innovazione - Article Marketing","description":"Nuova tappa per il percorso di Knauf a supporto dell\u2019arte e della cultura\u00a0con la mostra sulle opere dell\u2019innovatore Andy Warhol","robots":{"index":"index","follow":"follow","max-snippet":"max-snippet:-1","max-image-preview":"max-image-preview:large","max-video-preview":"max-video-preview:-1"},"canonical":"https:\/\/www.article-marketing.eu\/comunicatistampa\/knauf-e-warhol-affinita-elettiva-per-linnovazione\/","og_locale":"it_IT","og_type":"article","og_title":"Knauf e Warhol, affinit\u00e0 elettiva per l\u2019innovazione - Article Marketing","og_description":"Nuova tappa per il percorso di Knauf a supporto dell\u2019arte e della cultura\u00a0con la mostra sulle opere dell\u2019innovatore Andy Warhol","og_url":"https:\/\/www.article-marketing.eu\/comunicatistampa\/knauf-e-warhol-affinita-elettiva-per-linnovazione\/","og_site_name":"Article Marketing","article_published_time":"2021-11-10T17:20:52+00:00","og_image":[{"url":"https:\/\/mcusercontent.com\/4bc585995706d17b21946b3da\/_compresseds\/22fdc42c-b2ad-be6a-05b5-1fb53e14f8b6.jpg","type":"","width":"","height":""}],"author":"RGR Comunicazione","twitter_card":"summary_large_image","twitter_misc":{"Scritto da":"RGR Comunicazione","Tempo di lettura stimato":"4 minuti"},"schema":{"@context":"https:\/\/schema.org","@graph":[{"@type":"Article","@id":"https:\/\/www.article-marketing.eu\/comunicatistampa\/knauf-e-warhol-affinita-elettiva-per-linnovazione\/#article","isPartOf":{"@id":"https:\/\/www.article-marketing.eu\/comunicatistampa\/knauf-e-warhol-affinita-elettiva-per-linnovazione\/"},"author":{"name":"RGR Comunicazione","@id":"https:\/\/www.article-marketing.eu\/comunicatistampa\/#\/schema\/person\/76367e3093e2d092ab725eb726737838"},"headline":"Knauf e Warhol, affinit\u00e0 elettiva per l\u2019innovazione","datePublished":"2021-11-10T17:20:52+00:00","mainEntityOfPage":{"@id":"https:\/\/www.article-marketing.eu\/comunicatistampa\/knauf-e-warhol-affinita-elettiva-per-linnovazione\/"},"wordCount":752,"commentCount":0,"image":{"@id":"https:\/\/www.article-marketing.eu\/comunicatistampa\/knauf-e-warhol-affinita-elettiva-per-linnovazione\/#primaryimage"},"thumbnailUrl":"https:\/\/mcusercontent.com\/4bc585995706d17b21946b3da\/_compresseds\/22fdc42c-b2ad-be6a-05b5-1fb53e14f8b6.jpg","keywords":["Architettura","arte contemporanea","design","edilizia","edilizia a secco","innovazione","sostenibilit\u00e0"],"articleSection":["Arte e cultura","Comunicati stampa","Eventi"],"inLanguage":"it-IT","potentialAction":[{"@type":"CommentAction","name":"Comment","target":["https:\/\/www.article-marketing.eu\/comunicatistampa\/knauf-e-warhol-affinita-elettiva-per-linnovazione\/#respond"]}]},{"@type":"WebPage","@id":"https:\/\/www.article-marketing.eu\/comunicatistampa\/knauf-e-warhol-affinita-elettiva-per-linnovazione\/","url":"https:\/\/www.article-marketing.eu\/comunicatistampa\/knauf-e-warhol-affinita-elettiva-per-linnovazione\/","name":"Knauf e Warhol, affinit\u00e0 elettiva per l\u2019innovazione - Article Marketing","isPartOf":{"@id":"https:\/\/www.article-marketing.eu\/comunicatistampa\/#website"},"primaryImageOfPage":{"@id":"https:\/\/www.article-marketing.eu\/comunicatistampa\/knauf-e-warhol-affinita-elettiva-per-linnovazione\/#primaryimage"},"image":{"@id":"https:\/\/www.article-marketing.eu\/comunicatistampa\/knauf-e-warhol-affinita-elettiva-per-linnovazione\/#primaryimage"},"thumbnailUrl":"https:\/\/mcusercontent.com\/4bc585995706d17b21946b3da\/_compresseds\/22fdc42c-b2ad-be6a-05b5-1fb53e14f8b6.jpg","datePublished":"2021-11-10T17:20:52+00:00","author":{"@id":"https:\/\/www.article-marketing.eu\/comunicatistampa\/#\/schema\/person\/76367e3093e2d092ab725eb726737838"},"description":"Nuova tappa per il percorso di Knauf a supporto dell\u2019arte e della cultura\u00a0con la mostra sulle opere dell\u2019innovatore Andy Warhol","breadcrumb":{"@id":"https:\/\/www.article-marketing.eu\/comunicatistampa\/knauf-e-warhol-affinita-elettiva-per-linnovazione\/#breadcrumb"},"inLanguage":"it-IT","potentialAction":[{"@type":"ReadAction","target":["https:\/\/www.article-marketing.eu\/comunicatistampa\/knauf-e-warhol-affinita-elettiva-per-linnovazione\/"]}]},{"@type":"ImageObject","inLanguage":"it-IT","@id":"https:\/\/www.article-marketing.eu\/comunicatistampa\/knauf-e-warhol-affinita-elettiva-per-linnovazione\/#primaryimage","url":"https:\/\/mcusercontent.com\/4bc585995706d17b21946b3da\/_compresseds\/22fdc42c-b2ad-be6a-05b5-1fb53e14f8b6.jpg","contentUrl":"https:\/\/mcusercontent.com\/4bc585995706d17b21946b3da\/_compresseds\/22fdc42c-b2ad-be6a-05b5-1fb53e14f8b6.jpg"},{"@type":"BreadcrumbList","@id":"https:\/\/www.article-marketing.eu\/comunicatistampa\/knauf-e-warhol-affinita-elettiva-per-linnovazione\/#breadcrumb","itemListElement":[{"@type":"ListItem","position":1,"name":"Home","item":"https:\/\/www.article-marketing.eu\/comunicatistampa\/"},{"@type":"ListItem","position":2,"name":"Knauf e Warhol, affinit\u00e0 elettiva per l\u2019innovazione"}]},{"@type":"WebSite","@id":"https:\/\/www.article-marketing.eu\/comunicatistampa\/#website","url":"https:\/\/www.article-marketing.eu\/comunicatistampa\/","name":"Article Marketing","description":"article marketing &amp; press release","potentialAction":[{"@type":"SearchAction","target":{"@type":"EntryPoint","urlTemplate":"https:\/\/www.article-marketing.eu\/comunicatistampa\/?s={search_term_string}"},"query-input":{"@type":"PropertyValueSpecification","valueRequired":true,"valueName":"search_term_string"}}],"inLanguage":"it-IT"},{"@type":"Person","@id":"https:\/\/www.article-marketing.eu\/comunicatistampa\/#\/schema\/person\/76367e3093e2d092ab725eb726737838","name":"RGR Comunicazione","image":{"@type":"ImageObject","inLanguage":"it-IT","@id":"https:\/\/secure.gravatar.com\/avatar\/ede9863dffa1dd4d938132da0a252a3ccea8941d92fcb0abedb060c3e79f35ce?s=96&d=mm&r=g","url":"https:\/\/secure.gravatar.com\/avatar\/ede9863dffa1dd4d938132da0a252a3ccea8941d92fcb0abedb060c3e79f35ce?s=96&d=mm&r=g","contentUrl":"https:\/\/secure.gravatar.com\/avatar\/ede9863dffa1dd4d938132da0a252a3ccea8941d92fcb0abedb060c3e79f35ce?s=96&d=mm&r=g","caption":"RGR Comunicazione"},"description":"RGR \u00e8 un\u2019agenzia di comunicazione integrata e ufficio stampa, che supporta le aziende nell\u2019esaltare la propria immagine e le proprie eccellenze attraverso il mix pi\u00f9 opportuno di canali di comunicazione.","sameAs":["https:\/\/www.rgrcomunicazionemarketing.it\/"],"url":"https:\/\/www.article-marketing.eu\/comunicatistampa\/author\/rgr-comunicazione\/"}]}},"_links":{"self":[{"href":"https:\/\/www.article-marketing.eu\/comunicatistampa\/wp-json\/wp\/v2\/posts\/20999","targetHints":{"allow":["GET"]}}],"collection":[{"href":"https:\/\/www.article-marketing.eu\/comunicatistampa\/wp-json\/wp\/v2\/posts"}],"about":[{"href":"https:\/\/www.article-marketing.eu\/comunicatistampa\/wp-json\/wp\/v2\/types\/post"}],"author":[{"embeddable":true,"href":"https:\/\/www.article-marketing.eu\/comunicatistampa\/wp-json\/wp\/v2\/users\/1112"}],"replies":[{"embeddable":true,"href":"https:\/\/www.article-marketing.eu\/comunicatistampa\/wp-json\/wp\/v2\/comments?post=20999"}],"version-history":[{"count":2,"href":"https:\/\/www.article-marketing.eu\/comunicatistampa\/wp-json\/wp\/v2\/posts\/20999\/revisions"}],"predecessor-version":[{"id":21013,"href":"https:\/\/www.article-marketing.eu\/comunicatistampa\/wp-json\/wp\/v2\/posts\/20999\/revisions\/21013"}],"wp:attachment":[{"href":"https:\/\/www.article-marketing.eu\/comunicatistampa\/wp-json\/wp\/v2\/media?parent=20999"}],"wp:term":[{"taxonomy":"category","embeddable":true,"href":"https:\/\/www.article-marketing.eu\/comunicatistampa\/wp-json\/wp\/v2\/categories?post=20999"},{"taxonomy":"post_tag","embeddable":true,"href":"https:\/\/www.article-marketing.eu\/comunicatistampa\/wp-json\/wp\/v2\/tags?post=20999"}],"curies":[{"name":"wp","href":"https:\/\/api.w.org\/{rel}","templated":true}]}}