{"id":21051,"date":"2021-11-14T16:59:40","date_gmt":"2021-11-14T15:59:40","guid":{"rendered":"https:\/\/www.article-marketing.eu\/comunicatistampa\/?p=21051"},"modified":"2021-11-14T16:59:40","modified_gmt":"2021-11-14T15:59:40","slug":"vredestein-premiato-da-auto-bild-produttore-di-pneumatici-dellanno","status":"publish","type":"post","link":"https:\/\/www.article-marketing.eu\/comunicatistampa\/vredestein-premiato-da-auto-bild-produttore-di-pneumatici-dellanno\/","title":{"rendered":"Vredestein: premiato da Auto Bild &#8220;Produttore di pneumatici dell&#8217;anno&#8221;"},"content":{"rendered":"<p class=\"text-justify\">Apollo Tyres sale sul podio nelle categorie &#8220;All-season&#8221; e &#8220;Winter&#8221; della classifica annuale &#8220;Produttore di pneumatici dell&#8217;anno&#8221; di <i>Auto Bild<\/i>. La rivista tedesca leader nel settore automobilistico ha assegnato a Vredestein il secondo posto ex aequo nella categoria degli pneumatici invernali e il terzo posto ex aequo nella categoria all-season.<\/p>\n<p class=\"text-justify\">I riconoscimenti sono frutto dell&#8217;espansione delle gamme di pneumatici invernali e per tutte le stagioni di Vredestein, che ora raggiungono un totale di 417 prodotti. Gli pneumatici Wintrac, Wintrac Pro e Quatrac Pro hanno ottenuto prestazioni eccellenti in tutti i test di gruppo di <i>Auto Bild<\/i> del 2021, evidenziando il continuo lavoro di sviluppo di Apollo Tyres e le prestazioni dei prodotti Vredestein in condizioni estreme.<\/p>\n<p class=\"text-justify\">Nell&#8217;assegnare i premi &#8220;Produttore di pneumatici dell&#8217;anno&#8221;, <i>Auto Bild <\/i>ha tenuto conto di tutti i test condotti nel 2021, in cui ogni prodotto \u00e8 stato valutato in pi\u00f9 scenari su fondo stradale bagnato, asciutto, ghiaccio e neve per identificare gli pneumatici migliori sul mercato. Sono stati coinvolti 50 candidati, ma solo alcuni hanno ottenuto lo status di &#8220;esemplare&#8221; di <i>Auto Bild<\/i>.<\/p>\n<p class=\"text-justify\">Montato su veicoli diversi in condizioni difficili, Wintrac Pro ha surclassato gli altri pneumatici, ricevendo la valutazione &#8220;buono&#8221; quando utilizzato su veicoli a trazione integrale, come i SUV, e la valutazione &#8220;esemplare&#8221; quando utilizzato su vetture sportive su ghiaccio, neve e fondo bagnato. Oltre al successo di Wintrac Pro, lo pneumatico all-season Quatrac Pro \u00e8 stato consigliato come modello 4 stagioni di qualit\u00e0 superiore, con capacit\u00e0 eccellenti in condizioni di asciutto e bagnato.<\/p>\n<p><a href=\"https:\/\/www.anicecommunication.com\/it\/wp-content\/uploads\/sites\/3\/2021\/11\/Wintrac-Pro.jpg\"><img loading=\"lazy\" decoding=\"async\" class=\"aligncenter wp-image-18530 size-full\" title=\"Vredestein Wintrac Pro\" src=\"https:\/\/www.anicecommunication.com\/it\/wp-content\/uploads\/sites\/3\/2021\/11\/Wintrac-Pro.jpg\" alt=\"Vredestein Wintrac Pro\" width=\"1080\" height=\"1080\" \/><\/a><\/p>\n<p class=\"text-justify\">Daniele Lorenzetti, Chief Technology Officer di Apollo Tyres, ha dichiarato: &#8220;<i>Auto Bild<\/i> conduce alcuni dei test pi\u00f9 rigorosi ed estremi del settore, per noi quindi essere nominati tra i migliori produttori di pneumatici dell&#8217;anno \u00e8 motivo di grande orgoglio. Manterremo questo slancio anche nel 2022, realizzando prodotti nuovi e sviluppando gli esistenti per continuare a offrire ai nostri clienti europei prestazioni eccezionali ed efficienza ai massimi livelli.&#8221;<\/p>\n<p class=\"text-justify\">Nella pi\u00f9 <em>ampia\u00a0<\/em>recensione di <i>Auto Bild<\/i> dedicata agli pneumatici invernali, Wintrac ha ottenuto il terzo posto e la valutazione complessiva &#8220;molto buono&#8221;; \u00e8 stato elogiato per il suo &#8220;talento convincente a tutto tondo con caratteristiche di guida dinamiche su fondi bagnati e asciutti, risposta precisa dello sterzo e bassa resistenza al rotolamento&#8221;.<\/p>\n<p class=\"text-justify\">Wintrac Pro ha inoltre ottenuto il terzo posto complessivo nel recente test di <i>Auto Bild Sportscars<\/i> dedicato agli pneumatici invernali, ottenendo il giudizio &#8220;esemplare&#8221; per il &#8220;talento convincente a tutto tondo con ottime qualit\u00e0 invernali e di guida sul bagnato, maneggevolezza sul bagnato e sull&#8217;asciutto e fascia di prezzo bassa&#8221;.<\/p>\n<p class=\"text-justify\">Wintrac Pro si \u00e8 anche piazzato al quarto posto complessivo nel corso del recente test di <i>Auto Bild Allrad<\/i> dedicato agli pneumatici invernali per SUV, in cui \u00e8 stato apprezzato come &#8220;specialista invernale con buone prestazioni su bagnato e su fondi innevati&#8221; e per i suoi &#8220;brevi spazi di frenata sulla neve e sul bagnato, l&#8217;elevata sicurezza in caso di aquaplaning e il prezzo [basso]&#8221;.<\/p>\n<p class=\"text-justify\">Nel test sugli pneumatici all-season di Auto Bild, l&#8217;offerta premium per tutte le stagioni di Vredestein, Quatrac Pro, si \u00e8 posizionata al quarto posto.<\/p>\n<p class=\"text-justify\">Per ulteriori informazioni sulle gamme di pneumatici Vredestein invernali e all-season, <a href=\"https:\/\/www.vredestein.it\/car-suv-van\/tyre-finder\/tyres\/?season=winter\">visitare questa pagina<\/a>.<\/p>\n","protected":false},"excerpt":{"rendered":"<p>Apollo Tyres sale sul podio nelle categorie &#8220;All-season&#8221; e &#8220;Winter&#8221; della classifica annuale &#8220;Produttore di pneumatici dell&#8217;anno&#8221; di Auto Bild. La rivista tedesca leader nel settore automobilistico ha assegnato a Vredestein il secondo posto ex aequo nella categoria degli pneumatici invernali e il terzo posto ex aequo nella categoria all-season. I riconoscimenti sono frutto dell&#8217;espansione delle gamme di pneumatici invernali e per tutte le stagioni di Vredestein, che ora raggiungono<\/p>\n<p><a class=\"continue-reading\" href=\"https:\/\/www.article-marketing.eu\/comunicatistampa\/vredestein-premiato-da-auto-bild-produttore-di-pneumatici-dellanno\/\">Continue reading&#8230;<\/a><\/p>\n","protected":false},"author":5485,"featured_media":0,"comment_status":"open","ping_status":"open","sticky":false,"template":"","format":"standard","meta":{"_monsterinsights_skip_tracking":false,"_monsterinsights_sitenote_active":false,"_monsterinsights_sitenote_note":"","_monsterinsights_sitenote_category":0,"footnotes":""},"categories":[375,374],"tags":[8910,8909,7803],"class_list":["post-21051","post","type-post","status-publish","format-standard","hentry","category-auto","category-motori","tag-pneumatici-all-season-vredestein","tag-pneumatici-invernali-vredestein","tag-pneumatici-vredestein"],"yoast_head":"<!-- This site is optimized with the Yoast SEO plugin v27.3 - https:\/\/yoast.com\/product\/yoast-seo-wordpress\/ -->\n<title>Vredestein premiato da Auto Bild - Article Marketing<\/title>\n<meta name=\"description\" content=\"Auto Bild ha assegnato a Vredestein il secondo posto ex aequo nella categoria degli pneumatici invernali e il terzo posto ex aequo nella categoria all-season nella classifica annuale &quot;Produttore di pneumatici dell&#039;anno&quot;\" \/>\n<meta name=\"robots\" content=\"index, follow, max-snippet:-1, max-image-preview:large, max-video-preview:-1\" \/>\n<link rel=\"canonical\" href=\"https:\/\/www.article-marketing.eu\/comunicatistampa\/vredestein-premiato-da-auto-bild-produttore-di-pneumatici-dellanno\/\" \/>\n<meta property=\"og:locale\" content=\"it_IT\" \/>\n<meta property=\"og:type\" content=\"article\" \/>\n<meta property=\"og:title\" content=\"Vredestein premiato da Auto Bild - Article Marketing\" \/>\n<meta property=\"og:description\" content=\"Auto Bild ha assegnato a Vredestein il secondo posto ex aequo nella categoria degli pneumatici invernali e il terzo posto ex aequo nella categoria all-season nella classifica annuale &quot;Produttore di pneumatici dell&#039;anno&quot;\" \/>\n<meta property=\"og:url\" content=\"https:\/\/www.article-marketing.eu\/comunicatistampa\/vredestein-premiato-da-auto-bild-produttore-di-pneumatici-dellanno\/\" \/>\n<meta property=\"og:site_name\" content=\"Article Marketing\" \/>\n<meta property=\"article:published_time\" content=\"2021-11-14T15:59:40+00:00\" \/>\n<meta property=\"og:image\" content=\"https:\/\/www.anicecommunication.com\/it\/wp-content\/uploads\/sites\/3\/2021\/11\/Wintrac-Pro.jpg\" \/>\n<meta name=\"author\" content=\"Patrizia Tontini\" \/>\n<meta name=\"twitter:card\" content=\"summary_large_image\" \/>\n<meta name=\"twitter:label1\" content=\"Scritto da\" \/>\n\t<meta name=\"twitter:data1\" content=\"Patrizia Tontini\" \/>\n\t<meta name=\"twitter:label2\" content=\"Tempo di lettura stimato\" \/>\n\t<meta name=\"twitter:data2\" content=\"3 minuti\" \/>\n<script type=\"application\/ld+json\" class=\"yoast-schema-graph\">{\"@context\":\"https:\\\/\\\/schema.org\",\"@graph\":[{\"@type\":\"Article\",\"@id\":\"https:\\\/\\\/www.article-marketing.eu\\\/comunicatistampa\\\/vredestein-premiato-da-auto-bild-produttore-di-pneumatici-dellanno\\\/#article\",\"isPartOf\":{\"@id\":\"https:\\\/\\\/www.article-marketing.eu\\\/comunicatistampa\\\/vredestein-premiato-da-auto-bild-produttore-di-pneumatici-dellanno\\\/\"},\"author\":{\"name\":\"Patrizia Tontini\",\"@id\":\"https:\\\/\\\/www.article-marketing.eu\\\/comunicatistampa\\\/#\\\/schema\\\/person\\\/da07eb58e55a08f85c593a53177d1bda\"},\"headline\":\"Vredestein: premiato da Auto Bild &#8220;Produttore di pneumatici dell&#8217;anno&#8221;\",\"datePublished\":\"2021-11-14T15:59:40+00:00\",\"mainEntityOfPage\":{\"@id\":\"https:\\\/\\\/www.article-marketing.eu\\\/comunicatistampa\\\/vredestein-premiato-da-auto-bild-produttore-di-pneumatici-dellanno\\\/\"},\"wordCount\":519,\"commentCount\":0,\"image\":{\"@id\":\"https:\\\/\\\/www.article-marketing.eu\\\/comunicatistampa\\\/vredestein-premiato-da-auto-bild-produttore-di-pneumatici-dellanno\\\/#primaryimage\"},\"thumbnailUrl\":\"https:\\\/\\\/www.anicecommunication.com\\\/it\\\/wp-content\\\/uploads\\\/sites\\\/3\\\/2021\\\/11\\\/Wintrac-Pro.jpg\",\"keywords\":[\"Pneumatici all season Vredestein\",\"Pneumatici invernali Vredestein\",\"pneumatici Vredestein\"],\"articleSection\":[\"Auto\",\"Motori\"],\"inLanguage\":\"it-IT\",\"potentialAction\":[{\"@type\":\"CommentAction\",\"name\":\"Comment\",\"target\":[\"https:\\\/\\\/www.article-marketing.eu\\\/comunicatistampa\\\/vredestein-premiato-da-auto-bild-produttore-di-pneumatici-dellanno\\\/#respond\"]}]},{\"@type\":\"WebPage\",\"@id\":\"https:\\\/\\\/www.article-marketing.eu\\\/comunicatistampa\\\/vredestein-premiato-da-auto-bild-produttore-di-pneumatici-dellanno\\\/\",\"url\":\"https:\\\/\\\/www.article-marketing.eu\\\/comunicatistampa\\\/vredestein-premiato-da-auto-bild-produttore-di-pneumatici-dellanno\\\/\",\"name\":\"Vredestein premiato da Auto Bild - Article Marketing\",\"isPartOf\":{\"@id\":\"https:\\\/\\\/www.article-marketing.eu\\\/comunicatistampa\\\/#website\"},\"primaryImageOfPage\":{\"@id\":\"https:\\\/\\\/www.article-marketing.eu\\\/comunicatistampa\\\/vredestein-premiato-da-auto-bild-produttore-di-pneumatici-dellanno\\\/#primaryimage\"},\"image\":{\"@id\":\"https:\\\/\\\/www.article-marketing.eu\\\/comunicatistampa\\\/vredestein-premiato-da-auto-bild-produttore-di-pneumatici-dellanno\\\/#primaryimage\"},\"thumbnailUrl\":\"https:\\\/\\\/www.anicecommunication.com\\\/it\\\/wp-content\\\/uploads\\\/sites\\\/3\\\/2021\\\/11\\\/Wintrac-Pro.jpg\",\"datePublished\":\"2021-11-14T15:59:40+00:00\",\"author\":{\"@id\":\"https:\\\/\\\/www.article-marketing.eu\\\/comunicatistampa\\\/#\\\/schema\\\/person\\\/da07eb58e55a08f85c593a53177d1bda\"},\"description\":\"Auto Bild ha assegnato a Vredestein il secondo posto ex aequo nella categoria degli pneumatici invernali e il terzo posto ex aequo nella categoria all-season nella classifica annuale \\\"Produttore di pneumatici dell'anno\\\"\",\"breadcrumb\":{\"@id\":\"https:\\\/\\\/www.article-marketing.eu\\\/comunicatistampa\\\/vredestein-premiato-da-auto-bild-produttore-di-pneumatici-dellanno\\\/#breadcrumb\"},\"inLanguage\":\"it-IT\",\"potentialAction\":[{\"@type\":\"ReadAction\",\"target\":[\"https:\\\/\\\/www.article-marketing.eu\\\/comunicatistampa\\\/vredestein-premiato-da-auto-bild-produttore-di-pneumatici-dellanno\\\/\"]}]},{\"@type\":\"ImageObject\",\"inLanguage\":\"it-IT\",\"@id\":\"https:\\\/\\\/www.article-marketing.eu\\\/comunicatistampa\\\/vredestein-premiato-da-auto-bild-produttore-di-pneumatici-dellanno\\\/#primaryimage\",\"url\":\"https:\\\/\\\/www.anicecommunication.com\\\/it\\\/wp-content\\\/uploads\\\/sites\\\/3\\\/2021\\\/11\\\/Wintrac-Pro.jpg\",\"contentUrl\":\"https:\\\/\\\/www.anicecommunication.com\\\/it\\\/wp-content\\\/uploads\\\/sites\\\/3\\\/2021\\\/11\\\/Wintrac-Pro.jpg\"},{\"@type\":\"BreadcrumbList\",\"@id\":\"https:\\\/\\\/www.article-marketing.eu\\\/comunicatistampa\\\/vredestein-premiato-da-auto-bild-produttore-di-pneumatici-dellanno\\\/#breadcrumb\",\"itemListElement\":[{\"@type\":\"ListItem\",\"position\":1,\"name\":\"Home\",\"item\":\"https:\\\/\\\/www.article-marketing.eu\\\/comunicatistampa\\\/\"},{\"@type\":\"ListItem\",\"position\":2,\"name\":\"Vredestein: premiato da Auto Bild &#8220;Produttore di pneumatici dell&#8217;anno&#8221;\"}]},{\"@type\":\"WebSite\",\"@id\":\"https:\\\/\\\/www.article-marketing.eu\\\/comunicatistampa\\\/#website\",\"url\":\"https:\\\/\\\/www.article-marketing.eu\\\/comunicatistampa\\\/\",\"name\":\"Article Marketing\",\"description\":\"article marketing &amp; press release\",\"potentialAction\":[{\"@type\":\"SearchAction\",\"target\":{\"@type\":\"EntryPoint\",\"urlTemplate\":\"https:\\\/\\\/www.article-marketing.eu\\\/comunicatistampa\\\/?s={search_term_string}\"},\"query-input\":{\"@type\":\"PropertyValueSpecification\",\"valueRequired\":true,\"valueName\":\"search_term_string\"}}],\"inLanguage\":\"it-IT\"},{\"@type\":\"Person\",\"@id\":\"https:\\\/\\\/www.article-marketing.eu\\\/comunicatistampa\\\/#\\\/schema\\\/person\\\/da07eb58e55a08f85c593a53177d1bda\",\"name\":\"Patrizia Tontini\",\"image\":{\"@type\":\"ImageObject\",\"inLanguage\":\"it-IT\",\"@id\":\"https:\\\/\\\/secure.gravatar.com\\\/avatar\\\/950c747b3a97b7bf677cf6013fbf1047b03f9249efcf399e8301ebbae88347a9?s=96&d=mm&r=g\",\"url\":\"https:\\\/\\\/secure.gravatar.com\\\/avatar\\\/950c747b3a97b7bf677cf6013fbf1047b03f9249efcf399e8301ebbae88347a9?s=96&d=mm&r=g\",\"contentUrl\":\"https:\\\/\\\/secure.gravatar.com\\\/avatar\\\/950c747b3a97b7bf677cf6013fbf1047b03f9249efcf399e8301ebbae88347a9?s=96&d=mm&r=g\",\"caption\":\"Patrizia Tontini\"},\"url\":\"https:\\\/\\\/www.article-marketing.eu\\\/comunicatistampa\\\/author\\\/patrizia-tontini\\\/\"}]}<\/script>\n<!-- \/ Yoast SEO plugin. -->","yoast_head_json":{"title":"Vredestein premiato da Auto Bild - Article Marketing","description":"Auto Bild ha assegnato a Vredestein il secondo posto ex aequo nella categoria degli pneumatici invernali e il terzo posto ex aequo nella categoria all-season nella classifica annuale \"Produttore di pneumatici dell'anno\"","robots":{"index":"index","follow":"follow","max-snippet":"max-snippet:-1","max-image-preview":"max-image-preview:large","max-video-preview":"max-video-preview:-1"},"canonical":"https:\/\/www.article-marketing.eu\/comunicatistampa\/vredestein-premiato-da-auto-bild-produttore-di-pneumatici-dellanno\/","og_locale":"it_IT","og_type":"article","og_title":"Vredestein premiato da Auto Bild - Article Marketing","og_description":"Auto Bild ha assegnato a Vredestein il secondo posto ex aequo nella categoria degli pneumatici invernali e il terzo posto ex aequo nella categoria all-season nella classifica annuale \"Produttore di pneumatici dell'anno\"","og_url":"https:\/\/www.article-marketing.eu\/comunicatistampa\/vredestein-premiato-da-auto-bild-produttore-di-pneumatici-dellanno\/","og_site_name":"Article Marketing","article_published_time":"2021-11-14T15:59:40+00:00","og_image":[{"url":"https:\/\/www.anicecommunication.com\/it\/wp-content\/uploads\/sites\/3\/2021\/11\/Wintrac-Pro.jpg","type":"","width":"","height":""}],"author":"Patrizia Tontini","twitter_card":"summary_large_image","twitter_misc":{"Scritto da":"Patrizia Tontini","Tempo di lettura stimato":"3 minuti"},"schema":{"@context":"https:\/\/schema.org","@graph":[{"@type":"Article","@id":"https:\/\/www.article-marketing.eu\/comunicatistampa\/vredestein-premiato-da-auto-bild-produttore-di-pneumatici-dellanno\/#article","isPartOf":{"@id":"https:\/\/www.article-marketing.eu\/comunicatistampa\/vredestein-premiato-da-auto-bild-produttore-di-pneumatici-dellanno\/"},"author":{"name":"Patrizia Tontini","@id":"https:\/\/www.article-marketing.eu\/comunicatistampa\/#\/schema\/person\/da07eb58e55a08f85c593a53177d1bda"},"headline":"Vredestein: premiato da Auto Bild &#8220;Produttore di pneumatici dell&#8217;anno&#8221;","datePublished":"2021-11-14T15:59:40+00:00","mainEntityOfPage":{"@id":"https:\/\/www.article-marketing.eu\/comunicatistampa\/vredestein-premiato-da-auto-bild-produttore-di-pneumatici-dellanno\/"},"wordCount":519,"commentCount":0,"image":{"@id":"https:\/\/www.article-marketing.eu\/comunicatistampa\/vredestein-premiato-da-auto-bild-produttore-di-pneumatici-dellanno\/#primaryimage"},"thumbnailUrl":"https:\/\/www.anicecommunication.com\/it\/wp-content\/uploads\/sites\/3\/2021\/11\/Wintrac-Pro.jpg","keywords":["Pneumatici all season Vredestein","Pneumatici invernali Vredestein","pneumatici Vredestein"],"articleSection":["Auto","Motori"],"inLanguage":"it-IT","potentialAction":[{"@type":"CommentAction","name":"Comment","target":["https:\/\/www.article-marketing.eu\/comunicatistampa\/vredestein-premiato-da-auto-bild-produttore-di-pneumatici-dellanno\/#respond"]}]},{"@type":"WebPage","@id":"https:\/\/www.article-marketing.eu\/comunicatistampa\/vredestein-premiato-da-auto-bild-produttore-di-pneumatici-dellanno\/","url":"https:\/\/www.article-marketing.eu\/comunicatistampa\/vredestein-premiato-da-auto-bild-produttore-di-pneumatici-dellanno\/","name":"Vredestein premiato da Auto Bild - Article Marketing","isPartOf":{"@id":"https:\/\/www.article-marketing.eu\/comunicatistampa\/#website"},"primaryImageOfPage":{"@id":"https:\/\/www.article-marketing.eu\/comunicatistampa\/vredestein-premiato-da-auto-bild-produttore-di-pneumatici-dellanno\/#primaryimage"},"image":{"@id":"https:\/\/www.article-marketing.eu\/comunicatistampa\/vredestein-premiato-da-auto-bild-produttore-di-pneumatici-dellanno\/#primaryimage"},"thumbnailUrl":"https:\/\/www.anicecommunication.com\/it\/wp-content\/uploads\/sites\/3\/2021\/11\/Wintrac-Pro.jpg","datePublished":"2021-11-14T15:59:40+00:00","author":{"@id":"https:\/\/www.article-marketing.eu\/comunicatistampa\/#\/schema\/person\/da07eb58e55a08f85c593a53177d1bda"},"description":"Auto Bild ha assegnato a Vredestein il secondo posto ex aequo nella categoria degli pneumatici invernali e il terzo posto ex aequo nella categoria all-season nella classifica annuale \"Produttore di pneumatici dell'anno\"","breadcrumb":{"@id":"https:\/\/www.article-marketing.eu\/comunicatistampa\/vredestein-premiato-da-auto-bild-produttore-di-pneumatici-dellanno\/#breadcrumb"},"inLanguage":"it-IT","potentialAction":[{"@type":"ReadAction","target":["https:\/\/www.article-marketing.eu\/comunicatistampa\/vredestein-premiato-da-auto-bild-produttore-di-pneumatici-dellanno\/"]}]},{"@type":"ImageObject","inLanguage":"it-IT","@id":"https:\/\/www.article-marketing.eu\/comunicatistampa\/vredestein-premiato-da-auto-bild-produttore-di-pneumatici-dellanno\/#primaryimage","url":"https:\/\/www.anicecommunication.com\/it\/wp-content\/uploads\/sites\/3\/2021\/11\/Wintrac-Pro.jpg","contentUrl":"https:\/\/www.anicecommunication.com\/it\/wp-content\/uploads\/sites\/3\/2021\/11\/Wintrac-Pro.jpg"},{"@type":"BreadcrumbList","@id":"https:\/\/www.article-marketing.eu\/comunicatistampa\/vredestein-premiato-da-auto-bild-produttore-di-pneumatici-dellanno\/#breadcrumb","itemListElement":[{"@type":"ListItem","position":1,"name":"Home","item":"https:\/\/www.article-marketing.eu\/comunicatistampa\/"},{"@type":"ListItem","position":2,"name":"Vredestein: premiato da Auto Bild &#8220;Produttore di pneumatici dell&#8217;anno&#8221;"}]},{"@type":"WebSite","@id":"https:\/\/www.article-marketing.eu\/comunicatistampa\/#website","url":"https:\/\/www.article-marketing.eu\/comunicatistampa\/","name":"Article Marketing","description":"article marketing &amp; press release","potentialAction":[{"@type":"SearchAction","target":{"@type":"EntryPoint","urlTemplate":"https:\/\/www.article-marketing.eu\/comunicatistampa\/?s={search_term_string}"},"query-input":{"@type":"PropertyValueSpecification","valueRequired":true,"valueName":"search_term_string"}}],"inLanguage":"it-IT"},{"@type":"Person","@id":"https:\/\/www.article-marketing.eu\/comunicatistampa\/#\/schema\/person\/da07eb58e55a08f85c593a53177d1bda","name":"Patrizia Tontini","image":{"@type":"ImageObject","inLanguage":"it-IT","@id":"https:\/\/secure.gravatar.com\/avatar\/950c747b3a97b7bf677cf6013fbf1047b03f9249efcf399e8301ebbae88347a9?s=96&d=mm&r=g","url":"https:\/\/secure.gravatar.com\/avatar\/950c747b3a97b7bf677cf6013fbf1047b03f9249efcf399e8301ebbae88347a9?s=96&d=mm&r=g","contentUrl":"https:\/\/secure.gravatar.com\/avatar\/950c747b3a97b7bf677cf6013fbf1047b03f9249efcf399e8301ebbae88347a9?s=96&d=mm&r=g","caption":"Patrizia Tontini"},"url":"https:\/\/www.article-marketing.eu\/comunicatistampa\/author\/patrizia-tontini\/"}]}},"_links":{"self":[{"href":"https:\/\/www.article-marketing.eu\/comunicatistampa\/wp-json\/wp\/v2\/posts\/21051","targetHints":{"allow":["GET"]}}],"collection":[{"href":"https:\/\/www.article-marketing.eu\/comunicatistampa\/wp-json\/wp\/v2\/posts"}],"about":[{"href":"https:\/\/www.article-marketing.eu\/comunicatistampa\/wp-json\/wp\/v2\/types\/post"}],"author":[{"embeddable":true,"href":"https:\/\/www.article-marketing.eu\/comunicatistampa\/wp-json\/wp\/v2\/users\/5485"}],"replies":[{"embeddable":true,"href":"https:\/\/www.article-marketing.eu\/comunicatistampa\/wp-json\/wp\/v2\/comments?post=21051"}],"version-history":[{"count":2,"href":"https:\/\/www.article-marketing.eu\/comunicatistampa\/wp-json\/wp\/v2\/posts\/21051\/revisions"}],"predecessor-version":[{"id":21065,"href":"https:\/\/www.article-marketing.eu\/comunicatistampa\/wp-json\/wp\/v2\/posts\/21051\/revisions\/21065"}],"wp:attachment":[{"href":"https:\/\/www.article-marketing.eu\/comunicatistampa\/wp-json\/wp\/v2\/media?parent=21051"}],"wp:term":[{"taxonomy":"category","embeddable":true,"href":"https:\/\/www.article-marketing.eu\/comunicatistampa\/wp-json\/wp\/v2\/categories?post=21051"},{"taxonomy":"post_tag","embeddable":true,"href":"https:\/\/www.article-marketing.eu\/comunicatistampa\/wp-json\/wp\/v2\/tags?post=21051"}],"curies":[{"name":"wp","href":"https:\/\/api.w.org\/{rel}","templated":true}]}}