{"id":21255,"date":"2021-12-01T00:40:01","date_gmt":"2021-11-30T23:40:01","guid":{"rendered":"https:\/\/www.article-marketing.eu\/comunicatistampa\/?p=21255"},"modified":"2022-01-22T19:35:57","modified_gmt":"2022-01-22T18:35:57","slug":"ami-la-maschera-%e2%80%a8","status":"publish","type":"post","link":"https:\/\/www.article-marketing.eu\/comunicatistampa\/ami-la-maschera-%e2%80%a8\/","title":{"rendered":"\u00a0Ami, La Maschera \u2028"},"content":{"rendered":"<p style=\"text-align: center;\">\u00e8 in rotazione radiofonica il nuovo singolo della cantante<\/p>\n<p><img loading=\"lazy\" decoding=\"async\" class=\"aligncenter\" src=\"https:\/\/www.joyfreepress.com\/wp-content\/uploads\/2021\/11\/copertina-ami.jpg\" width=\"283\" height=\"283\" \/><\/p>\n<p>\u201cLa maschera\u201d \u00e8 il nuovo singolo della cantante Ami, dal 26 Novembre sui principali digital store e in rotazione radiofonica. Ami \u00e8 una giovane artista romana, la cui passione per la musica la accompagna fin da piccola, da quando faceva parte di un coro, che poi per\u00f2 crescendo ha abbandonato. Per lei il canto \u00e8 liberatorio, un&#8217;esigenza forte di espressione di qualsiasi stato d&#8217;animo e situazione di vita. Ami infatti canta (anzi mormora) a lavoro, in macchina, quando cammina. Ma lo fa pure quando \u00e8 fortemente arrabbiata o ansiosa, sia in situazioni brutte che in giornate piacevoli. Insomma una costante di vita che si \u00e8 scontrata ad un certo punto del suo percorso con una persona che le ha fatto perdere la fiducia in se stessa, minando la sua voglia di cantare e crescere attraverso la musica. Per questo motivo ha ripreso nel 2016 quasi in punta di piedi , ma da l\u00ec in poi non si \u00e8 pi\u00f9 fermata sostenendo che \u201cquesta cosa da oggi in poi nessuno me la toglier\u00e0\u201d! Il brano nasce da una collaborazione casuale con il maestro Mario Zannini Quirini (Lead Records) e l\u2019autrice Paola Angeli, che hanno saputo interpretare con la stesura e composizione del brano lo stato d&#8217;animo vissuto da Ami, intrappolata dietro una maschera dopo una relazione tossica fino a che non ha incontrato la persona che l&#8217;ha disarmata da tutto. Il testo parla di una storia d&#8217;amore incentrata metaforicamente su La Maschera che spesso ognuno di noi indossa, maschera che riusciamo ad asportare grazie all&#8217;incontro con quell&#8217;amore che sa guardare oltre e ci accetta semplicemente per quelli che siamo.<\/p>\n<p>Ami ama tantissimo questo brano in modo particolare per l&#8217;incrocio di due stili a lei molto cari: un testo classico in contrasto con un sound elettro-pop ricco di bassi che danno un bel tempo ritmato e grintoso mixato con un suono di archi che lasciano l&#8217;ascoltatore a bocca aperta per la loro soave leggerezza.<\/p>\n<p>Isabel Zolli Promotion Agency<br \/>\nSede Operativa: via Simone De Saint Bon 47 \u2013 Roma<\/p>\n","protected":false},"excerpt":{"rendered":"<p>\u00e8 in rotazione radiofonica il nuovo singolo della cantante \u201cLa maschera\u201d \u00e8 il nuovo singolo della cantante Ami, dal 26 Novembre sui principali digital store e in rotazione radiofonica. Ami \u00e8 una giovane artista romana, la cui passione per la musica la accompagna fin da piccola, da quando faceva parte di un coro, che poi per\u00f2 crescendo ha abbandonato. Per lei il canto \u00e8 liberatorio, un&#8217;esigenza forte di espressione di<\/p>\n<p><a class=\"continue-reading\" href=\"https:\/\/www.article-marketing.eu\/comunicatistampa\/ami-la-maschera-%e2%80%a8\/\">Continue reading&#8230;<\/a><\/p>\n","protected":false},"author":1680,"featured_media":0,"comment_status":"open","ping_status":"open","sticky":false,"template":"","format":"standard","meta":{"_monsterinsights_skip_tracking":false,"_monsterinsights_sitenote_active":false,"_monsterinsights_sitenote_note":"","_monsterinsights_sitenote_category":0,"footnotes":""},"categories":[411],"tags":[9001,9002,6963,3522],"class_list":["post-21255","post","type-post","status-publish","format-standard","hentry","category-musica","tag-ami","tag-la-maschera","tag-new","tag-singolo"],"yoast_head":"<!-- This site is optimized with the Yoast SEO plugin v27.3 - https:\/\/yoast.com\/product\/yoast-seo-wordpress\/ -->\n<title>\u00a0Ami, La Maschera \u2028 - Article Marketing<\/title>\n<meta name=\"robots\" content=\"index, follow, max-snippet:-1, max-image-preview:large, max-video-preview:-1\" \/>\n<link rel=\"canonical\" href=\"https:\/\/www.article-marketing.eu\/comunicatistampa\/ami-la-maschera-\u2028\/\" \/>\n<meta property=\"og:locale\" content=\"it_IT\" \/>\n<meta property=\"og:type\" content=\"article\" \/>\n<meta property=\"og:title\" content=\"\u00a0Ami, La Maschera \u2028 - Article Marketing\" \/>\n<meta property=\"og:description\" content=\"\u00e8 in rotazione radiofonica il nuovo singolo della cantante \u201cLa maschera\u201d \u00e8 il nuovo singolo della cantante Ami, dal 26 Novembre sui principali digital store e in rotazione radiofonica. Ami \u00e8 una giovane artista romana, la cui passione per la musica la accompagna fin da piccola, da quando faceva parte di un coro, che poi per\u00f2 crescendo ha abbandonato. Per lei il canto \u00e8 liberatorio, un&#8217;esigenza forte di espressione diContinue reading...\" \/>\n<meta property=\"og:url\" content=\"https:\/\/www.article-marketing.eu\/comunicatistampa\/ami-la-maschera-\u2028\/\" \/>\n<meta property=\"og:site_name\" content=\"Article Marketing\" \/>\n<meta property=\"article:published_time\" content=\"2021-11-30T23:40:01+00:00\" \/>\n<meta property=\"article:modified_time\" content=\"2022-01-22T18:35:57+00:00\" \/>\n<meta property=\"og:image\" content=\"https:\/\/www.joyfreepress.com\/wp-content\/uploads\/2021\/11\/copertina-ami.jpg\" \/>\n<meta name=\"author\" content=\"Micro961\" \/>\n<meta name=\"twitter:card\" content=\"summary_large_image\" \/>\n<meta name=\"twitter:label1\" content=\"Scritto da\" \/>\n\t<meta name=\"twitter:data1\" content=\"Micro961\" \/>\n\t<meta name=\"twitter:label2\" content=\"Tempo di lettura stimato\" \/>\n\t<meta name=\"twitter:data2\" content=\"2 minuti\" \/>\n<script type=\"application\/ld+json\" class=\"yoast-schema-graph\">{\"@context\":\"https:\\\/\\\/schema.org\",\"@graph\":[{\"@type\":\"Article\",\"@id\":\"https:\\\/\\\/www.article-marketing.eu\\\/comunicatistampa\\\/ami-la-maschera-%e2%80%a8\\\/#article\",\"isPartOf\":{\"@id\":\"https:\\\/\\\/www.article-marketing.eu\\\/comunicatistampa\\\/ami-la-maschera-%e2%80%a8\\\/\"},\"author\":{\"name\":\"Micro961\",\"@id\":\"https:\\\/\\\/www.article-marketing.eu\\\/comunicatistampa\\\/#\\\/schema\\\/person\\\/9beeb909be59832a9bcbec84cb3786f5\"},\"headline\":\"\u00a0Ami, La Maschera \\u2028\",\"datePublished\":\"2021-11-30T23:40:01+00:00\",\"dateModified\":\"2022-01-22T18:35:57+00:00\",\"mainEntityOfPage\":{\"@id\":\"https:\\\/\\\/www.article-marketing.eu\\\/comunicatistampa\\\/ami-la-maschera-%e2%80%a8\\\/\"},\"wordCount\":337,\"commentCount\":0,\"image\":{\"@id\":\"https:\\\/\\\/www.article-marketing.eu\\\/comunicatistampa\\\/ami-la-maschera-%e2%80%a8\\\/#primaryimage\"},\"thumbnailUrl\":\"https:\\\/\\\/www.joyfreepress.com\\\/wp-content\\\/uploads\\\/2021\\\/11\\\/copertina-ami.jpg\",\"keywords\":[\"Ami\",\"La Maschera\",\"New\",\"Singolo\"],\"articleSection\":[\"Musica\"],\"inLanguage\":\"it-IT\",\"potentialAction\":[{\"@type\":\"CommentAction\",\"name\":\"Comment\",\"target\":[\"https:\\\/\\\/www.article-marketing.eu\\\/comunicatistampa\\\/ami-la-maschera-%e2%80%a8\\\/#respond\"]}]},{\"@type\":\"WebPage\",\"@id\":\"https:\\\/\\\/www.article-marketing.eu\\\/comunicatistampa\\\/ami-la-maschera-%e2%80%a8\\\/\",\"url\":\"https:\\\/\\\/www.article-marketing.eu\\\/comunicatistampa\\\/ami-la-maschera-%e2%80%a8\\\/\",\"name\":\"\u00a0Ami, La Maschera \\u2028 - Article Marketing\",\"isPartOf\":{\"@id\":\"https:\\\/\\\/www.article-marketing.eu\\\/comunicatistampa\\\/#website\"},\"primaryImageOfPage\":{\"@id\":\"https:\\\/\\\/www.article-marketing.eu\\\/comunicatistampa\\\/ami-la-maschera-%e2%80%a8\\\/#primaryimage\"},\"image\":{\"@id\":\"https:\\\/\\\/www.article-marketing.eu\\\/comunicatistampa\\\/ami-la-maschera-%e2%80%a8\\\/#primaryimage\"},\"thumbnailUrl\":\"https:\\\/\\\/www.joyfreepress.com\\\/wp-content\\\/uploads\\\/2021\\\/11\\\/copertina-ami.jpg\",\"datePublished\":\"2021-11-30T23:40:01+00:00\",\"dateModified\":\"2022-01-22T18:35:57+00:00\",\"author\":{\"@id\":\"https:\\\/\\\/www.article-marketing.eu\\\/comunicatistampa\\\/#\\\/schema\\\/person\\\/9beeb909be59832a9bcbec84cb3786f5\"},\"breadcrumb\":{\"@id\":\"https:\\\/\\\/www.article-marketing.eu\\\/comunicatistampa\\\/ami-la-maschera-%e2%80%a8\\\/#breadcrumb\"},\"inLanguage\":\"it-IT\",\"potentialAction\":[{\"@type\":\"ReadAction\",\"target\":[\"https:\\\/\\\/www.article-marketing.eu\\\/comunicatistampa\\\/ami-la-maschera-%e2%80%a8\\\/\"]}]},{\"@type\":\"ImageObject\",\"inLanguage\":\"it-IT\",\"@id\":\"https:\\\/\\\/www.article-marketing.eu\\\/comunicatistampa\\\/ami-la-maschera-%e2%80%a8\\\/#primaryimage\",\"url\":\"https:\\\/\\\/www.joyfreepress.com\\\/wp-content\\\/uploads\\\/2021\\\/11\\\/copertina-ami.jpg\",\"contentUrl\":\"https:\\\/\\\/www.joyfreepress.com\\\/wp-content\\\/uploads\\\/2021\\\/11\\\/copertina-ami.jpg\"},{\"@type\":\"BreadcrumbList\",\"@id\":\"https:\\\/\\\/www.article-marketing.eu\\\/comunicatistampa\\\/ami-la-maschera-%e2%80%a8\\\/#breadcrumb\",\"itemListElement\":[{\"@type\":\"ListItem\",\"position\":1,\"name\":\"Home\",\"item\":\"https:\\\/\\\/www.article-marketing.eu\\\/comunicatistampa\\\/\"},{\"@type\":\"ListItem\",\"position\":2,\"name\":\"\u00a0Ami, La Maschera \\u2028\"}]},{\"@type\":\"WebSite\",\"@id\":\"https:\\\/\\\/www.article-marketing.eu\\\/comunicatistampa\\\/#website\",\"url\":\"https:\\\/\\\/www.article-marketing.eu\\\/comunicatistampa\\\/\",\"name\":\"Article Marketing\",\"description\":\"article marketing &amp; press release\",\"potentialAction\":[{\"@type\":\"SearchAction\",\"target\":{\"@type\":\"EntryPoint\",\"urlTemplate\":\"https:\\\/\\\/www.article-marketing.eu\\\/comunicatistampa\\\/?s={search_term_string}\"},\"query-input\":{\"@type\":\"PropertyValueSpecification\",\"valueRequired\":true,\"valueName\":\"search_term_string\"}}],\"inLanguage\":\"it-IT\"},{\"@type\":\"Person\",\"@id\":\"https:\\\/\\\/www.article-marketing.eu\\\/comunicatistampa\\\/#\\\/schema\\\/person\\\/9beeb909be59832a9bcbec84cb3786f5\",\"name\":\"Micro961\",\"image\":{\"@type\":\"ImageObject\",\"inLanguage\":\"it-IT\",\"@id\":\"https:\\\/\\\/secure.gravatar.com\\\/avatar\\\/cd6f5864b85cc3687c05b2965bb186afcd70a2a89789a156c92a4f1d66e87827?s=96&d=mm&r=g\",\"url\":\"https:\\\/\\\/secure.gravatar.com\\\/avatar\\\/cd6f5864b85cc3687c05b2965bb186afcd70a2a89789a156c92a4f1d66e87827?s=96&d=mm&r=g\",\"contentUrl\":\"https:\\\/\\\/secure.gravatar.com\\\/avatar\\\/cd6f5864b85cc3687c05b2965bb186afcd70a2a89789a156c92a4f1d66e87827?s=96&d=mm&r=g\",\"caption\":\"Micro961\"},\"url\":\"https:\\\/\\\/www.article-marketing.eu\\\/comunicatistampa\\\/author\\\/micro961\\\/\"}]}<\/script>\n<!-- \/ Yoast SEO plugin. -->","yoast_head_json":{"title":"\u00a0Ami, La Maschera \u2028 - Article Marketing","robots":{"index":"index","follow":"follow","max-snippet":"max-snippet:-1","max-image-preview":"max-image-preview:large","max-video-preview":"max-video-preview:-1"},"canonical":"https:\/\/www.article-marketing.eu\/comunicatistampa\/ami-la-maschera-\u2028\/","og_locale":"it_IT","og_type":"article","og_title":"\u00a0Ami, La Maschera \u2028 - Article Marketing","og_description":"\u00e8 in rotazione radiofonica il nuovo singolo della cantante \u201cLa maschera\u201d \u00e8 il nuovo singolo della cantante Ami, dal 26 Novembre sui principali digital store e in rotazione radiofonica. Ami \u00e8 una giovane artista romana, la cui passione per la musica la accompagna fin da piccola, da quando faceva parte di un coro, che poi per\u00f2 crescendo ha abbandonato. Per lei il canto \u00e8 liberatorio, un&#8217;esigenza forte di espressione diContinue reading...","og_url":"https:\/\/www.article-marketing.eu\/comunicatistampa\/ami-la-maschera-\u2028\/","og_site_name":"Article Marketing","article_published_time":"2021-11-30T23:40:01+00:00","article_modified_time":"2022-01-22T18:35:57+00:00","og_image":[{"url":"https:\/\/www.joyfreepress.com\/wp-content\/uploads\/2021\/11\/copertina-ami.jpg","type":"","width":"","height":""}],"author":"Micro961","twitter_card":"summary_large_image","twitter_misc":{"Scritto da":"Micro961","Tempo di lettura stimato":"2 minuti"},"schema":{"@context":"https:\/\/schema.org","@graph":[{"@type":"Article","@id":"https:\/\/www.article-marketing.eu\/comunicatistampa\/ami-la-maschera-%e2%80%a8\/#article","isPartOf":{"@id":"https:\/\/www.article-marketing.eu\/comunicatistampa\/ami-la-maschera-%e2%80%a8\/"},"author":{"name":"Micro961","@id":"https:\/\/www.article-marketing.eu\/comunicatistampa\/#\/schema\/person\/9beeb909be59832a9bcbec84cb3786f5"},"headline":"\u00a0Ami, La Maschera \u2028","datePublished":"2021-11-30T23:40:01+00:00","dateModified":"2022-01-22T18:35:57+00:00","mainEntityOfPage":{"@id":"https:\/\/www.article-marketing.eu\/comunicatistampa\/ami-la-maschera-%e2%80%a8\/"},"wordCount":337,"commentCount":0,"image":{"@id":"https:\/\/www.article-marketing.eu\/comunicatistampa\/ami-la-maschera-%e2%80%a8\/#primaryimage"},"thumbnailUrl":"https:\/\/www.joyfreepress.com\/wp-content\/uploads\/2021\/11\/copertina-ami.jpg","keywords":["Ami","La Maschera","New","Singolo"],"articleSection":["Musica"],"inLanguage":"it-IT","potentialAction":[{"@type":"CommentAction","name":"Comment","target":["https:\/\/www.article-marketing.eu\/comunicatistampa\/ami-la-maschera-%e2%80%a8\/#respond"]}]},{"@type":"WebPage","@id":"https:\/\/www.article-marketing.eu\/comunicatistampa\/ami-la-maschera-%e2%80%a8\/","url":"https:\/\/www.article-marketing.eu\/comunicatistampa\/ami-la-maschera-%e2%80%a8\/","name":"\u00a0Ami, La Maschera \u2028 - Article Marketing","isPartOf":{"@id":"https:\/\/www.article-marketing.eu\/comunicatistampa\/#website"},"primaryImageOfPage":{"@id":"https:\/\/www.article-marketing.eu\/comunicatistampa\/ami-la-maschera-%e2%80%a8\/#primaryimage"},"image":{"@id":"https:\/\/www.article-marketing.eu\/comunicatistampa\/ami-la-maschera-%e2%80%a8\/#primaryimage"},"thumbnailUrl":"https:\/\/www.joyfreepress.com\/wp-content\/uploads\/2021\/11\/copertina-ami.jpg","datePublished":"2021-11-30T23:40:01+00:00","dateModified":"2022-01-22T18:35:57+00:00","author":{"@id":"https:\/\/www.article-marketing.eu\/comunicatistampa\/#\/schema\/person\/9beeb909be59832a9bcbec84cb3786f5"},"breadcrumb":{"@id":"https:\/\/www.article-marketing.eu\/comunicatistampa\/ami-la-maschera-%e2%80%a8\/#breadcrumb"},"inLanguage":"it-IT","potentialAction":[{"@type":"ReadAction","target":["https:\/\/www.article-marketing.eu\/comunicatistampa\/ami-la-maschera-%e2%80%a8\/"]}]},{"@type":"ImageObject","inLanguage":"it-IT","@id":"https:\/\/www.article-marketing.eu\/comunicatistampa\/ami-la-maschera-%e2%80%a8\/#primaryimage","url":"https:\/\/www.joyfreepress.com\/wp-content\/uploads\/2021\/11\/copertina-ami.jpg","contentUrl":"https:\/\/www.joyfreepress.com\/wp-content\/uploads\/2021\/11\/copertina-ami.jpg"},{"@type":"BreadcrumbList","@id":"https:\/\/www.article-marketing.eu\/comunicatistampa\/ami-la-maschera-%e2%80%a8\/#breadcrumb","itemListElement":[{"@type":"ListItem","position":1,"name":"Home","item":"https:\/\/www.article-marketing.eu\/comunicatistampa\/"},{"@type":"ListItem","position":2,"name":"\u00a0Ami, La Maschera \u2028"}]},{"@type":"WebSite","@id":"https:\/\/www.article-marketing.eu\/comunicatistampa\/#website","url":"https:\/\/www.article-marketing.eu\/comunicatistampa\/","name":"Article Marketing","description":"article marketing &amp; press release","potentialAction":[{"@type":"SearchAction","target":{"@type":"EntryPoint","urlTemplate":"https:\/\/www.article-marketing.eu\/comunicatistampa\/?s={search_term_string}"},"query-input":{"@type":"PropertyValueSpecification","valueRequired":true,"valueName":"search_term_string"}}],"inLanguage":"it-IT"},{"@type":"Person","@id":"https:\/\/www.article-marketing.eu\/comunicatistampa\/#\/schema\/person\/9beeb909be59832a9bcbec84cb3786f5","name":"Micro961","image":{"@type":"ImageObject","inLanguage":"it-IT","@id":"https:\/\/secure.gravatar.com\/avatar\/cd6f5864b85cc3687c05b2965bb186afcd70a2a89789a156c92a4f1d66e87827?s=96&d=mm&r=g","url":"https:\/\/secure.gravatar.com\/avatar\/cd6f5864b85cc3687c05b2965bb186afcd70a2a89789a156c92a4f1d66e87827?s=96&d=mm&r=g","contentUrl":"https:\/\/secure.gravatar.com\/avatar\/cd6f5864b85cc3687c05b2965bb186afcd70a2a89789a156c92a4f1d66e87827?s=96&d=mm&r=g","caption":"Micro961"},"url":"https:\/\/www.article-marketing.eu\/comunicatistampa\/author\/micro961\/"}]}},"_links":{"self":[{"href":"https:\/\/www.article-marketing.eu\/comunicatistampa\/wp-json\/wp\/v2\/posts\/21255","targetHints":{"allow":["GET"]}}],"collection":[{"href":"https:\/\/www.article-marketing.eu\/comunicatistampa\/wp-json\/wp\/v2\/posts"}],"about":[{"href":"https:\/\/www.article-marketing.eu\/comunicatistampa\/wp-json\/wp\/v2\/types\/post"}],"author":[{"embeddable":true,"href":"https:\/\/www.article-marketing.eu\/comunicatistampa\/wp-json\/wp\/v2\/users\/1680"}],"replies":[{"embeddable":true,"href":"https:\/\/www.article-marketing.eu\/comunicatistampa\/wp-json\/wp\/v2\/comments?post=21255"}],"version-history":[{"count":3,"href":"https:\/\/www.article-marketing.eu\/comunicatistampa\/wp-json\/wp\/v2\/posts\/21255\/revisions"}],"predecessor-version":[{"id":21276,"href":"https:\/\/www.article-marketing.eu\/comunicatistampa\/wp-json\/wp\/v2\/posts\/21255\/revisions\/21276"}],"wp:attachment":[{"href":"https:\/\/www.article-marketing.eu\/comunicatistampa\/wp-json\/wp\/v2\/media?parent=21255"}],"wp:term":[{"taxonomy":"category","embeddable":true,"href":"https:\/\/www.article-marketing.eu\/comunicatistampa\/wp-json\/wp\/v2\/categories?post=21255"},{"taxonomy":"post_tag","embeddable":true,"href":"https:\/\/www.article-marketing.eu\/comunicatistampa\/wp-json\/wp\/v2\/tags?post=21255"}],"curies":[{"name":"wp","href":"https:\/\/api.w.org\/{rel}","templated":true}]}}