{"id":21306,"date":"2021-12-07T19:22:36","date_gmt":"2021-12-07T18:22:36","guid":{"rendered":"https:\/\/www.article-marketing.eu\/comunicatistampa\/?p=21306"},"modified":"2021-12-07T19:22:36","modified_gmt":"2021-12-07T18:22:36","slug":"minio-minardi-ti-sorprendera","status":"publish","type":"post","link":"https:\/\/www.article-marketing.eu\/comunicatistampa\/minio-minardi-ti-sorprendera\/","title":{"rendered":"Minio Minardi , Ti sorprender\u00e0"},"content":{"rendered":"<p style=\"text-align: center;\">Il nuovo singolo del cantautore emiliano in tutte le radio<\/p>\n<p><img loading=\"lazy\" decoding=\"async\" class=\"aligncenter\" src=\"https:\/\/www.joyfreepress.com\/wp-content\/uploads\/2021\/12\/IMG_7502.jpg\" width=\"356\" height=\"356\" \/><\/p>\n<p>Mino\u00a0Minardi\u00a0nasce a Montecchio Emilia il 21\/2\/1995. Studia chitarra fin da quando \u00e8 piccolo. A dieci anni suo padre gli regaler\u00e0 una chitarra, instradandolo in quello che sar\u00e0 il suo futuro. Il padre lo segue ancora a tal punto da suonare con lui nella band: the Astral donuts come chitarrista.<br \/>\nMino\u00a0cresce e a vent&#8217;anni scrive la sua prima canzone.<br \/>\n\u00c8 un susseguirsi di scritture. Una canzone dopo l&#8217;altra fanno in modo di fargli prendere coraggio, per arrivare ad affrontare il pubblico e fargli sentire la propria musica.<br \/>\nLa prima uscita sar\u00e0 il singolo \u00a0&#8220;estate&#8221; uscito proprio nel estate del 2019.<\/p>\n<p>Dopo di che nel duemila e venti, quando scopre di aspettare suo figlio Nicol\u00f2,\u00a0Mino\u00a0\u00a0pubblica &#8220;profumo di caff\u00e8&#8221; canzone che parla proprio del sapore della vita, dell&#8217; attesa anche spensierata di due giovani che decidono di dire s\u00ec a questo dono che \u00e8 un figlio. La &#8220;hit&#8221; uscir\u00e0 in radio con una splendida radio date.<br \/>\nMino\u00a0porter\u00e0 la canzone a je so pazzo ai casting nazionali. Nel autunno successivo,\u00a0Mino\u00a0esce con un EP composto da quattro canzoni, gabbiano: canzone di tema politico, e culturale la quale invita a non cadere nella paura e di poter pensare e vivere senza preconcetti.<br \/>\nTi dar\u00f2 : canzone dedicata al figlio, &#8220;questa sera abbiamo chiesto a Dio una risposta per il tuo domani!&#8221;<br \/>\nNon c&#8217;\u00e8 cosa pi\u00f9 bella di te : Struggente canzone d&#8217;amore (dedica alla moglie Elena)e infine il cielo \u00e8 stellato,\u00a0 Canzone di protesta.<br \/>\nIl 21 febbraio del 2021, nello stesso giorno del 26 esimo compleanno di\u00a0Mino, esce la bella e la bestia, hit invernale, che parla di come bisogna assolutamente amarsi e accettarsi nonostante le diversit\u00e0 che possono nascere da persona a persona, il cui ritornello sar\u00e0 &#8220;come nei Dreams&#8221;.<br \/>\nMino\u00a0porter\u00e0 a marzo, il singolo a Sanremo new talent, lo presenter\u00e0 in finale.<br \/>\nE in TV con il videoclip si boom TV.<\/p>\n<p>Da qui la decisione di fare un album, composto da otto canzoni, in associazione con l&#8217;arrangiatore, chitarrista, e cantautore Alessandro Peretto.<br \/>\nQui nasce come prima canzone &#8220;fai sentire la tua voce&#8221; che andr\u00e0 in radio.<br \/>\nDalla quale prende vita e struttura tutto il CD, tra fede amore e politica.<br \/>\nSar\u00e0 il CD un mix di queste tre cose.<br \/>\nCi saranno canzoni pi\u00f9 forti e movimentate e anche lenti, il CD seguir\u00e0 la crescita del cantautore , dalle prime canzoni fino ad arrivare alle ultime scritte.<br \/>\nSar\u00e0 il viaggio artistico di\u00a0Mino.<br \/>\nCon un unico filo conduttore e slogan:\u00a0Dipingete un sogno. E poi fategli prendere realt\u00e0.<br \/>\nIl CD sar\u00e0 intriso di momenti della vita di\u00a0Mino\u00a0anche tristi per poi passare a canzoni pi\u00f9 felici, ma comunque autentiche.<\/p>\n<p>Tutto \u00e8 realt\u00e0.<br \/>\nTi sorprender\u00e0: potenzialmente una hit dalle sfumature indie.<br \/>\nParla e riassume i momenti della crescita di\u00a0Mino, dagli schiaffi presi alla felicit\u00e0 trovata.<br \/>\nDal momento pi\u00f9 buio alla fatidica giornata delle nozze con Elena, &#8220;chiss\u00e0 che effetto fa, cadere in un racconto esibirsi sopra un palco, cercare nel confronto ricadere in alto mare, guardale dritti gli occhi e poi portarla sull altare.<\/p>\n<p>Isabel Zolli Promotion Agency<br \/>\nSede Operativa: via Simone De Saint Bon 47 \u2013 Roma<\/p>\n","protected":false},"excerpt":{"rendered":"<p>Il nuovo singolo del cantautore emiliano in tutte le radio Mino\u00a0Minardi\u00a0nasce a Montecchio Emilia il 21\/2\/1995. Studia chitarra fin da quando \u00e8 piccolo. A dieci anni suo padre gli regaler\u00e0 una chitarra, instradandolo in quello che sar\u00e0 il suo futuro. Il padre lo segue ancora a tal punto da suonare con lui nella band: the Astral donuts come chitarrista. Mino\u00a0cresce e a vent&#8217;anni scrive la sua prima canzone. \u00c8 un<\/p>\n<p><a class=\"continue-reading\" href=\"https:\/\/www.article-marketing.eu\/comunicatistampa\/minio-minardi-ti-sorprendera\/\">Continue reading&#8230;<\/a><\/p>\n","protected":false},"author":1680,"featured_media":0,"comment_status":"open","ping_status":"open","sticky":false,"template":"","format":"standard","meta":{"_monsterinsights_skip_tracking":false,"_monsterinsights_sitenote_active":false,"_monsterinsights_sitenote_note":"","_monsterinsights_sitenote_category":0,"footnotes":""},"categories":[411],"tags":[9023,4172,2874,3522],"class_list":["post-21306","post","type-post","status-publish","format-standard","hentry","category-musica","tag-mino-minardi","tag-news","tag-radio","tag-singolo"],"yoast_head":"<!-- This site is optimized with the Yoast SEO plugin v27.3 - https:\/\/yoast.com\/product\/yoast-seo-wordpress\/ -->\n<title>Minio Minardi , Ti sorprender\u00e0 - Article Marketing<\/title>\n<meta name=\"robots\" content=\"index, follow, max-snippet:-1, max-image-preview:large, max-video-preview:-1\" \/>\n<link rel=\"canonical\" href=\"https:\/\/www.article-marketing.eu\/comunicatistampa\/minio-minardi-ti-sorprendera\/\" \/>\n<meta property=\"og:locale\" content=\"it_IT\" \/>\n<meta property=\"og:type\" content=\"article\" \/>\n<meta property=\"og:title\" content=\"Minio Minardi , Ti sorprender\u00e0 - Article Marketing\" \/>\n<meta property=\"og:description\" content=\"Il nuovo singolo del cantautore emiliano in tutte le radio Mino\u00a0Minardi\u00a0nasce a Montecchio Emilia il 21\/2\/1995. Studia chitarra fin da quando \u00e8 piccolo. A dieci anni suo padre gli regaler\u00e0 una chitarra, instradandolo in quello che sar\u00e0 il suo futuro. Il padre lo segue ancora a tal punto da suonare con lui nella band: the Astral donuts come chitarrista. Mino\u00a0cresce e a vent&#8217;anni scrive la sua prima canzone. \u00c8 unContinue reading...\" \/>\n<meta property=\"og:url\" content=\"https:\/\/www.article-marketing.eu\/comunicatistampa\/minio-minardi-ti-sorprendera\/\" \/>\n<meta property=\"og:site_name\" content=\"Article Marketing\" \/>\n<meta property=\"article:published_time\" content=\"2021-12-07T18:22:36+00:00\" \/>\n<meta property=\"og:image\" content=\"https:\/\/www.joyfreepress.com\/wp-content\/uploads\/2021\/12\/IMG_7502.jpg\" \/>\n<meta name=\"author\" content=\"Micro961\" \/>\n<meta name=\"twitter:card\" content=\"summary_large_image\" \/>\n<meta name=\"twitter:label1\" content=\"Scritto da\" \/>\n\t<meta name=\"twitter:data1\" content=\"Micro961\" \/>\n\t<meta name=\"twitter:label2\" content=\"Tempo di lettura stimato\" \/>\n\t<meta name=\"twitter:data2\" content=\"3 minuti\" \/>\n<script type=\"application\/ld+json\" class=\"yoast-schema-graph\">{\"@context\":\"https:\\\/\\\/schema.org\",\"@graph\":[{\"@type\":\"Article\",\"@id\":\"https:\\\/\\\/www.article-marketing.eu\\\/comunicatistampa\\\/minio-minardi-ti-sorprendera\\\/#article\",\"isPartOf\":{\"@id\":\"https:\\\/\\\/www.article-marketing.eu\\\/comunicatistampa\\\/minio-minardi-ti-sorprendera\\\/\"},\"author\":{\"name\":\"Micro961\",\"@id\":\"https:\\\/\\\/www.article-marketing.eu\\\/comunicatistampa\\\/#\\\/schema\\\/person\\\/9beeb909be59832a9bcbec84cb3786f5\"},\"headline\":\"Minio Minardi , Ti sorprender\u00e0\",\"datePublished\":\"2021-12-07T18:22:36+00:00\",\"mainEntityOfPage\":{\"@id\":\"https:\\\/\\\/www.article-marketing.eu\\\/comunicatistampa\\\/minio-minardi-ti-sorprendera\\\/\"},\"wordCount\":524,\"commentCount\":0,\"image\":{\"@id\":\"https:\\\/\\\/www.article-marketing.eu\\\/comunicatistampa\\\/minio-minardi-ti-sorprendera\\\/#primaryimage\"},\"thumbnailUrl\":\"https:\\\/\\\/www.joyfreepress.com\\\/wp-content\\\/uploads\\\/2021\\\/12\\\/IMG_7502.jpg\",\"keywords\":[\"Mino Minardi\",\"News\",\"radio\",\"Singolo\"],\"articleSection\":[\"Musica\"],\"inLanguage\":\"it-IT\",\"potentialAction\":[{\"@type\":\"CommentAction\",\"name\":\"Comment\",\"target\":[\"https:\\\/\\\/www.article-marketing.eu\\\/comunicatistampa\\\/minio-minardi-ti-sorprendera\\\/#respond\"]}]},{\"@type\":\"WebPage\",\"@id\":\"https:\\\/\\\/www.article-marketing.eu\\\/comunicatistampa\\\/minio-minardi-ti-sorprendera\\\/\",\"url\":\"https:\\\/\\\/www.article-marketing.eu\\\/comunicatistampa\\\/minio-minardi-ti-sorprendera\\\/\",\"name\":\"Minio Minardi , Ti sorprender\u00e0 - Article Marketing\",\"isPartOf\":{\"@id\":\"https:\\\/\\\/www.article-marketing.eu\\\/comunicatistampa\\\/#website\"},\"primaryImageOfPage\":{\"@id\":\"https:\\\/\\\/www.article-marketing.eu\\\/comunicatistampa\\\/minio-minardi-ti-sorprendera\\\/#primaryimage\"},\"image\":{\"@id\":\"https:\\\/\\\/www.article-marketing.eu\\\/comunicatistampa\\\/minio-minardi-ti-sorprendera\\\/#primaryimage\"},\"thumbnailUrl\":\"https:\\\/\\\/www.joyfreepress.com\\\/wp-content\\\/uploads\\\/2021\\\/12\\\/IMG_7502.jpg\",\"datePublished\":\"2021-12-07T18:22:36+00:00\",\"author\":{\"@id\":\"https:\\\/\\\/www.article-marketing.eu\\\/comunicatistampa\\\/#\\\/schema\\\/person\\\/9beeb909be59832a9bcbec84cb3786f5\"},\"breadcrumb\":{\"@id\":\"https:\\\/\\\/www.article-marketing.eu\\\/comunicatistampa\\\/minio-minardi-ti-sorprendera\\\/#breadcrumb\"},\"inLanguage\":\"it-IT\",\"potentialAction\":[{\"@type\":\"ReadAction\",\"target\":[\"https:\\\/\\\/www.article-marketing.eu\\\/comunicatistampa\\\/minio-minardi-ti-sorprendera\\\/\"]}]},{\"@type\":\"ImageObject\",\"inLanguage\":\"it-IT\",\"@id\":\"https:\\\/\\\/www.article-marketing.eu\\\/comunicatistampa\\\/minio-minardi-ti-sorprendera\\\/#primaryimage\",\"url\":\"https:\\\/\\\/www.joyfreepress.com\\\/wp-content\\\/uploads\\\/2021\\\/12\\\/IMG_7502.jpg\",\"contentUrl\":\"https:\\\/\\\/www.joyfreepress.com\\\/wp-content\\\/uploads\\\/2021\\\/12\\\/IMG_7502.jpg\"},{\"@type\":\"BreadcrumbList\",\"@id\":\"https:\\\/\\\/www.article-marketing.eu\\\/comunicatistampa\\\/minio-minardi-ti-sorprendera\\\/#breadcrumb\",\"itemListElement\":[{\"@type\":\"ListItem\",\"position\":1,\"name\":\"Home\",\"item\":\"https:\\\/\\\/www.article-marketing.eu\\\/comunicatistampa\\\/\"},{\"@type\":\"ListItem\",\"position\":2,\"name\":\"Minio Minardi , Ti sorprender\u00e0\"}]},{\"@type\":\"WebSite\",\"@id\":\"https:\\\/\\\/www.article-marketing.eu\\\/comunicatistampa\\\/#website\",\"url\":\"https:\\\/\\\/www.article-marketing.eu\\\/comunicatistampa\\\/\",\"name\":\"Article Marketing\",\"description\":\"article marketing &amp; press release\",\"potentialAction\":[{\"@type\":\"SearchAction\",\"target\":{\"@type\":\"EntryPoint\",\"urlTemplate\":\"https:\\\/\\\/www.article-marketing.eu\\\/comunicatistampa\\\/?s={search_term_string}\"},\"query-input\":{\"@type\":\"PropertyValueSpecification\",\"valueRequired\":true,\"valueName\":\"search_term_string\"}}],\"inLanguage\":\"it-IT\"},{\"@type\":\"Person\",\"@id\":\"https:\\\/\\\/www.article-marketing.eu\\\/comunicatistampa\\\/#\\\/schema\\\/person\\\/9beeb909be59832a9bcbec84cb3786f5\",\"name\":\"Micro961\",\"image\":{\"@type\":\"ImageObject\",\"inLanguage\":\"it-IT\",\"@id\":\"https:\\\/\\\/secure.gravatar.com\\\/avatar\\\/cd6f5864b85cc3687c05b2965bb186afcd70a2a89789a156c92a4f1d66e87827?s=96&d=mm&r=g\",\"url\":\"https:\\\/\\\/secure.gravatar.com\\\/avatar\\\/cd6f5864b85cc3687c05b2965bb186afcd70a2a89789a156c92a4f1d66e87827?s=96&d=mm&r=g\",\"contentUrl\":\"https:\\\/\\\/secure.gravatar.com\\\/avatar\\\/cd6f5864b85cc3687c05b2965bb186afcd70a2a89789a156c92a4f1d66e87827?s=96&d=mm&r=g\",\"caption\":\"Micro961\"},\"url\":\"https:\\\/\\\/www.article-marketing.eu\\\/comunicatistampa\\\/author\\\/micro961\\\/\"}]}<\/script>\n<!-- \/ Yoast SEO plugin. -->","yoast_head_json":{"title":"Minio Minardi , Ti sorprender\u00e0 - Article Marketing","robots":{"index":"index","follow":"follow","max-snippet":"max-snippet:-1","max-image-preview":"max-image-preview:large","max-video-preview":"max-video-preview:-1"},"canonical":"https:\/\/www.article-marketing.eu\/comunicatistampa\/minio-minardi-ti-sorprendera\/","og_locale":"it_IT","og_type":"article","og_title":"Minio Minardi , Ti sorprender\u00e0 - Article Marketing","og_description":"Il nuovo singolo del cantautore emiliano in tutte le radio Mino\u00a0Minardi\u00a0nasce a Montecchio Emilia il 21\/2\/1995. Studia chitarra fin da quando \u00e8 piccolo. A dieci anni suo padre gli regaler\u00e0 una chitarra, instradandolo in quello che sar\u00e0 il suo futuro. Il padre lo segue ancora a tal punto da suonare con lui nella band: the Astral donuts come chitarrista. Mino\u00a0cresce e a vent&#8217;anni scrive la sua prima canzone. \u00c8 unContinue reading...","og_url":"https:\/\/www.article-marketing.eu\/comunicatistampa\/minio-minardi-ti-sorprendera\/","og_site_name":"Article Marketing","article_published_time":"2021-12-07T18:22:36+00:00","og_image":[{"url":"https:\/\/www.joyfreepress.com\/wp-content\/uploads\/2021\/12\/IMG_7502.jpg","type":"","width":"","height":""}],"author":"Micro961","twitter_card":"summary_large_image","twitter_misc":{"Scritto da":"Micro961","Tempo di lettura stimato":"3 minuti"},"schema":{"@context":"https:\/\/schema.org","@graph":[{"@type":"Article","@id":"https:\/\/www.article-marketing.eu\/comunicatistampa\/minio-minardi-ti-sorprendera\/#article","isPartOf":{"@id":"https:\/\/www.article-marketing.eu\/comunicatistampa\/minio-minardi-ti-sorprendera\/"},"author":{"name":"Micro961","@id":"https:\/\/www.article-marketing.eu\/comunicatistampa\/#\/schema\/person\/9beeb909be59832a9bcbec84cb3786f5"},"headline":"Minio Minardi , Ti sorprender\u00e0","datePublished":"2021-12-07T18:22:36+00:00","mainEntityOfPage":{"@id":"https:\/\/www.article-marketing.eu\/comunicatistampa\/minio-minardi-ti-sorprendera\/"},"wordCount":524,"commentCount":0,"image":{"@id":"https:\/\/www.article-marketing.eu\/comunicatistampa\/minio-minardi-ti-sorprendera\/#primaryimage"},"thumbnailUrl":"https:\/\/www.joyfreepress.com\/wp-content\/uploads\/2021\/12\/IMG_7502.jpg","keywords":["Mino Minardi","News","radio","Singolo"],"articleSection":["Musica"],"inLanguage":"it-IT","potentialAction":[{"@type":"CommentAction","name":"Comment","target":["https:\/\/www.article-marketing.eu\/comunicatistampa\/minio-minardi-ti-sorprendera\/#respond"]}]},{"@type":"WebPage","@id":"https:\/\/www.article-marketing.eu\/comunicatistampa\/minio-minardi-ti-sorprendera\/","url":"https:\/\/www.article-marketing.eu\/comunicatistampa\/minio-minardi-ti-sorprendera\/","name":"Minio Minardi , Ti sorprender\u00e0 - Article Marketing","isPartOf":{"@id":"https:\/\/www.article-marketing.eu\/comunicatistampa\/#website"},"primaryImageOfPage":{"@id":"https:\/\/www.article-marketing.eu\/comunicatistampa\/minio-minardi-ti-sorprendera\/#primaryimage"},"image":{"@id":"https:\/\/www.article-marketing.eu\/comunicatistampa\/minio-minardi-ti-sorprendera\/#primaryimage"},"thumbnailUrl":"https:\/\/www.joyfreepress.com\/wp-content\/uploads\/2021\/12\/IMG_7502.jpg","datePublished":"2021-12-07T18:22:36+00:00","author":{"@id":"https:\/\/www.article-marketing.eu\/comunicatistampa\/#\/schema\/person\/9beeb909be59832a9bcbec84cb3786f5"},"breadcrumb":{"@id":"https:\/\/www.article-marketing.eu\/comunicatistampa\/minio-minardi-ti-sorprendera\/#breadcrumb"},"inLanguage":"it-IT","potentialAction":[{"@type":"ReadAction","target":["https:\/\/www.article-marketing.eu\/comunicatistampa\/minio-minardi-ti-sorprendera\/"]}]},{"@type":"ImageObject","inLanguage":"it-IT","@id":"https:\/\/www.article-marketing.eu\/comunicatistampa\/minio-minardi-ti-sorprendera\/#primaryimage","url":"https:\/\/www.joyfreepress.com\/wp-content\/uploads\/2021\/12\/IMG_7502.jpg","contentUrl":"https:\/\/www.joyfreepress.com\/wp-content\/uploads\/2021\/12\/IMG_7502.jpg"},{"@type":"BreadcrumbList","@id":"https:\/\/www.article-marketing.eu\/comunicatistampa\/minio-minardi-ti-sorprendera\/#breadcrumb","itemListElement":[{"@type":"ListItem","position":1,"name":"Home","item":"https:\/\/www.article-marketing.eu\/comunicatistampa\/"},{"@type":"ListItem","position":2,"name":"Minio Minardi , Ti sorprender\u00e0"}]},{"@type":"WebSite","@id":"https:\/\/www.article-marketing.eu\/comunicatistampa\/#website","url":"https:\/\/www.article-marketing.eu\/comunicatistampa\/","name":"Article Marketing","description":"article marketing &amp; press release","potentialAction":[{"@type":"SearchAction","target":{"@type":"EntryPoint","urlTemplate":"https:\/\/www.article-marketing.eu\/comunicatistampa\/?s={search_term_string}"},"query-input":{"@type":"PropertyValueSpecification","valueRequired":true,"valueName":"search_term_string"}}],"inLanguage":"it-IT"},{"@type":"Person","@id":"https:\/\/www.article-marketing.eu\/comunicatistampa\/#\/schema\/person\/9beeb909be59832a9bcbec84cb3786f5","name":"Micro961","image":{"@type":"ImageObject","inLanguage":"it-IT","@id":"https:\/\/secure.gravatar.com\/avatar\/cd6f5864b85cc3687c05b2965bb186afcd70a2a89789a156c92a4f1d66e87827?s=96&d=mm&r=g","url":"https:\/\/secure.gravatar.com\/avatar\/cd6f5864b85cc3687c05b2965bb186afcd70a2a89789a156c92a4f1d66e87827?s=96&d=mm&r=g","contentUrl":"https:\/\/secure.gravatar.com\/avatar\/cd6f5864b85cc3687c05b2965bb186afcd70a2a89789a156c92a4f1d66e87827?s=96&d=mm&r=g","caption":"Micro961"},"url":"https:\/\/www.article-marketing.eu\/comunicatistampa\/author\/micro961\/"}]}},"_links":{"self":[{"href":"https:\/\/www.article-marketing.eu\/comunicatistampa\/wp-json\/wp\/v2\/posts\/21306","targetHints":{"allow":["GET"]}}],"collection":[{"href":"https:\/\/www.article-marketing.eu\/comunicatistampa\/wp-json\/wp\/v2\/posts"}],"about":[{"href":"https:\/\/www.article-marketing.eu\/comunicatistampa\/wp-json\/wp\/v2\/types\/post"}],"author":[{"embeddable":true,"href":"https:\/\/www.article-marketing.eu\/comunicatistampa\/wp-json\/wp\/v2\/users\/1680"}],"replies":[{"embeddable":true,"href":"https:\/\/www.article-marketing.eu\/comunicatistampa\/wp-json\/wp\/v2\/comments?post=21306"}],"version-history":[{"count":2,"href":"https:\/\/www.article-marketing.eu\/comunicatistampa\/wp-json\/wp\/v2\/posts\/21306\/revisions"}],"predecessor-version":[{"id":21320,"href":"https:\/\/www.article-marketing.eu\/comunicatistampa\/wp-json\/wp\/v2\/posts\/21306\/revisions\/21320"}],"wp:attachment":[{"href":"https:\/\/www.article-marketing.eu\/comunicatistampa\/wp-json\/wp\/v2\/media?parent=21306"}],"wp:term":[{"taxonomy":"category","embeddable":true,"href":"https:\/\/www.article-marketing.eu\/comunicatistampa\/wp-json\/wp\/v2\/categories?post=21306"},{"taxonomy":"post_tag","embeddable":true,"href":"https:\/\/www.article-marketing.eu\/comunicatistampa\/wp-json\/wp\/v2\/tags?post=21306"}],"curies":[{"name":"wp","href":"https:\/\/api.w.org\/{rel}","templated":true}]}}