{"id":21340,"date":"2021-12-10T16:48:44","date_gmt":"2021-12-10T15:48:44","guid":{"rendered":"https:\/\/www.article-marketing.eu\/comunicatistampa\/?p=21340"},"modified":"2021-12-10T16:48:44","modified_gmt":"2021-12-10T15:48:44","slug":"vesper-canta-the-show-must-go-on","status":"publish","type":"post","link":"https:\/\/www.article-marketing.eu\/comunicatistampa\/vesper-canta-the-show-must-go-on\/","title":{"rendered":"Vesper canta The Show Must Go On"},"content":{"rendered":"<p style=\"text-align: center;\">\u00e8 la canzone che l\u2019ha scelta e le ha dato la forza di togliersi la maschera.<br \/>\nNonostante le avversit\u00e0 lo spettacolo della vita deve continuare<\/p>\n<p><img loading=\"lazy\" decoding=\"async\" class=\"aligncenter\" src=\"https:\/\/www.joyfreepress.com\/wp-content\/uploads\/2021\/12\/Cover-Vesper-.jpg\" width=\"382\" height=\"382\" \/><\/p>\n<p>Che ogni giorno si indossi una maschera non \u00e8 una novit\u00e0.<br \/>\nCorriamo incessantemente a lavoro a scuola, le giornate sono piene le amicizie vere poche e spesso di vecchia data .<br \/>\nLa differenza \u00e8 che la maschera che indossiamo oggi non si toglie come quella pirandelliana di una volta, slegando l\u2019elastico dietro la testa .<br \/>\nSembra che molte ideologie oggi siano state sdoganate.<br \/>\nIn realt\u00e0 quello che rimane sotto la maschera \u00e8 cos\u00ec profondo e doloroso e ha fatto parte della vita di ognuno di noi, che toglierla brucerebbe il volto cos\u00ec come rivelare cosa si prova o si \u00e8 provato veramente, cosa cambia il nostro stato emotivo e lo destabilizza anche solo a causa di un odore o di rumore o di un sapore anche solo per due secondi .<br \/>\nQuel sentimento, sebbene duri quanto un lampo, viene immediatamente scacciato di nuovo da noi in un angolino dove a nessuno \u00e8 permesso entrare, a volte nemmeno a noi stessi .<\/p>\n<p>Dice Vesper :<em> \u201d Non credo di aver scelto di cantare The Show Must Go On.\u00a0<\/em><br \/>\n<em>Non ho mai preso lezioni di canto, non sono mai stata una cantante ho sofferto perdite come tutti nella vita e esperienze che mi hanno segnata .<\/em><br \/>\n<em>Quando per\u00f2 un anno e mezzo fa ho subito un errore importante in un\u2019intervento che doveva essere semplicissimo ma che mi ha portata a altre 5 operazioni, a rischiare di perdere la vista, la vita, che mi ha tolto la libert\u00e0 di uscire mangiare bere e che mi ha portata tra la vita e la morte le cose sono cambiate .<\/em><br \/>\n<em>Non parlo e non mangio e non bevo se non con tre otturatori palatali e comunque rischio sempre che la comunicazione col naso mi faccia fare figure davanti al mondo , quel mondo, quella societ\u00e0 che porta quella dolorosa maschera con disinvoltura ogni giorno \u201c<\/em>.<\/p>\n<p>Ha sempre amato cantare . La vita non le pareva pi\u00f9 cos\u00ec lunga e\u00a0 prevedibile come le era sempre apparsa . Ha detto basta . Doveva fare quello che le piaceva o almeno provarci .<\/p>\n<p>Continua Vesper: <em>\u201d Non mi sarei mai permessa di paragonarmi a Freddy Mercury, uomo e idolo assoluto, e ho scelto di cantare The show must go on .\u00a0 Ma la cantavo, non parlavo e la cantavo come nessun\u2019altra canzone .\u00a0<\/em><br \/>\n<em>The Show Must Go On mi ha fatta accettare dal mondo della musica a 40 anni e dato in pochi mesi, dopo tanto dolore, la possibilit\u00e0 di dire al mondo che togliersi quella maschera e mostrarla brucia a tutti, che non c\u2019\u00e8 vergogna o colpa in quello che si \u00e8 passato e che se lo spettacolo deve e voglio che continui per me, sono altrettanto sicura che la forza per farlo andare avanti si trovi, magari in un altro angolino cos\u00ec potente ma dove non abbiamo mai guardato, in tutti noi\u201d.<\/em><\/p>\n<p>La Storia<br \/>\n<a href=\"https:\/\/www.dcodcommunication.com\/vesper\">https:\/\/www.dcodcommunication.com\/vesper<\/a><\/p>\n<p>&nbsp;<\/p>\n","protected":false},"excerpt":{"rendered":"<p>\u00e8 la canzone che l\u2019ha scelta e le ha dato la forza di togliersi la maschera. Nonostante le avversit\u00e0 lo spettacolo della vita deve continuare Che ogni giorno si indossi una maschera non \u00e8 una novit\u00e0. Corriamo incessantemente a lavoro a scuola, le giornate sono piene le amicizie vere poche e spesso di vecchia data . La differenza \u00e8 che la maschera che indossiamo oggi non si toglie come quella<\/p>\n<p><a class=\"continue-reading\" href=\"https:\/\/www.article-marketing.eu\/comunicatistampa\/vesper-canta-the-show-must-go-on\/\">Continue reading&#8230;<\/a><\/p>\n","protected":false},"author":1680,"featured_media":0,"comment_status":"open","ping_status":"open","sticky":false,"template":"","format":"standard","meta":{"_monsterinsights_skip_tracking":false,"_monsterinsights_sitenote_active":false,"_monsterinsights_sitenote_note":"","_monsterinsights_sitenote_category":0,"footnotes":""},"categories":[411],"tags":[9038,9040,4383,9039],"class_list":["post-21340","post","type-post","status-publish","format-standard","hentry","category-musica","tag-brano","tag-maschera","tag-spettacolo","tag-vesper"],"yoast_head":"<!-- This site is optimized with the Yoast SEO plugin v27.3 - https:\/\/yoast.com\/product\/yoast-seo-wordpress\/ -->\n<title>Vesper canta The Show Must Go On - Article Marketing<\/title>\n<meta name=\"robots\" content=\"index, follow, max-snippet:-1, max-image-preview:large, max-video-preview:-1\" \/>\n<link rel=\"canonical\" href=\"https:\/\/www.article-marketing.eu\/comunicatistampa\/vesper-canta-the-show-must-go-on\/\" \/>\n<meta property=\"og:locale\" content=\"it_IT\" \/>\n<meta property=\"og:type\" content=\"article\" \/>\n<meta property=\"og:title\" content=\"Vesper canta The Show Must Go On - Article Marketing\" \/>\n<meta property=\"og:description\" content=\"\u00e8 la canzone che l\u2019ha scelta e le ha dato la forza di togliersi la maschera. Nonostante le avversit\u00e0 lo spettacolo della vita deve continuare Che ogni giorno si indossi una maschera non \u00e8 una novit\u00e0. Corriamo incessantemente a lavoro a scuola, le giornate sono piene le amicizie vere poche e spesso di vecchia data . La differenza \u00e8 che la maschera che indossiamo oggi non si toglie come quellaContinue reading...\" \/>\n<meta property=\"og:url\" content=\"https:\/\/www.article-marketing.eu\/comunicatistampa\/vesper-canta-the-show-must-go-on\/\" \/>\n<meta property=\"og:site_name\" content=\"Article Marketing\" \/>\n<meta property=\"article:published_time\" content=\"2021-12-10T15:48:44+00:00\" \/>\n<meta property=\"og:image\" content=\"https:\/\/www.joyfreepress.com\/wp-content\/uploads\/2021\/12\/Cover-Vesper-.jpg\" \/>\n<meta name=\"author\" content=\"Micro961\" \/>\n<meta name=\"twitter:card\" content=\"summary_large_image\" \/>\n<meta name=\"twitter:label1\" content=\"Scritto da\" \/>\n\t<meta name=\"twitter:data1\" content=\"Micro961\" \/>\n\t<meta name=\"twitter:label2\" content=\"Tempo di lettura stimato\" \/>\n\t<meta name=\"twitter:data2\" content=\"2 minuti\" \/>\n<script type=\"application\/ld+json\" class=\"yoast-schema-graph\">{\"@context\":\"https:\\\/\\\/schema.org\",\"@graph\":[{\"@type\":\"Article\",\"@id\":\"https:\\\/\\\/www.article-marketing.eu\\\/comunicatistampa\\\/vesper-canta-the-show-must-go-on\\\/#article\",\"isPartOf\":{\"@id\":\"https:\\\/\\\/www.article-marketing.eu\\\/comunicatistampa\\\/vesper-canta-the-show-must-go-on\\\/\"},\"author\":{\"name\":\"Micro961\",\"@id\":\"https:\\\/\\\/www.article-marketing.eu\\\/comunicatistampa\\\/#\\\/schema\\\/person\\\/9beeb909be59832a9bcbec84cb3786f5\"},\"headline\":\"Vesper canta The Show Must Go On\",\"datePublished\":\"2021-12-10T15:48:44+00:00\",\"mainEntityOfPage\":{\"@id\":\"https:\\\/\\\/www.article-marketing.eu\\\/comunicatistampa\\\/vesper-canta-the-show-must-go-on\\\/\"},\"wordCount\":494,\"commentCount\":0,\"image\":{\"@id\":\"https:\\\/\\\/www.article-marketing.eu\\\/comunicatistampa\\\/vesper-canta-the-show-must-go-on\\\/#primaryimage\"},\"thumbnailUrl\":\"https:\\\/\\\/www.joyfreepress.com\\\/wp-content\\\/uploads\\\/2021\\\/12\\\/Cover-Vesper-.jpg\",\"keywords\":[\"Brano\",\"Maschera\",\"spettacolo\",\"Vesper\"],\"articleSection\":[\"Musica\"],\"inLanguage\":\"it-IT\",\"potentialAction\":[{\"@type\":\"CommentAction\",\"name\":\"Comment\",\"target\":[\"https:\\\/\\\/www.article-marketing.eu\\\/comunicatistampa\\\/vesper-canta-the-show-must-go-on\\\/#respond\"]}]},{\"@type\":\"WebPage\",\"@id\":\"https:\\\/\\\/www.article-marketing.eu\\\/comunicatistampa\\\/vesper-canta-the-show-must-go-on\\\/\",\"url\":\"https:\\\/\\\/www.article-marketing.eu\\\/comunicatistampa\\\/vesper-canta-the-show-must-go-on\\\/\",\"name\":\"Vesper canta The Show Must Go On - Article Marketing\",\"isPartOf\":{\"@id\":\"https:\\\/\\\/www.article-marketing.eu\\\/comunicatistampa\\\/#website\"},\"primaryImageOfPage\":{\"@id\":\"https:\\\/\\\/www.article-marketing.eu\\\/comunicatistampa\\\/vesper-canta-the-show-must-go-on\\\/#primaryimage\"},\"image\":{\"@id\":\"https:\\\/\\\/www.article-marketing.eu\\\/comunicatistampa\\\/vesper-canta-the-show-must-go-on\\\/#primaryimage\"},\"thumbnailUrl\":\"https:\\\/\\\/www.joyfreepress.com\\\/wp-content\\\/uploads\\\/2021\\\/12\\\/Cover-Vesper-.jpg\",\"datePublished\":\"2021-12-10T15:48:44+00:00\",\"author\":{\"@id\":\"https:\\\/\\\/www.article-marketing.eu\\\/comunicatistampa\\\/#\\\/schema\\\/person\\\/9beeb909be59832a9bcbec84cb3786f5\"},\"breadcrumb\":{\"@id\":\"https:\\\/\\\/www.article-marketing.eu\\\/comunicatistampa\\\/vesper-canta-the-show-must-go-on\\\/#breadcrumb\"},\"inLanguage\":\"it-IT\",\"potentialAction\":[{\"@type\":\"ReadAction\",\"target\":[\"https:\\\/\\\/www.article-marketing.eu\\\/comunicatistampa\\\/vesper-canta-the-show-must-go-on\\\/\"]}]},{\"@type\":\"ImageObject\",\"inLanguage\":\"it-IT\",\"@id\":\"https:\\\/\\\/www.article-marketing.eu\\\/comunicatistampa\\\/vesper-canta-the-show-must-go-on\\\/#primaryimage\",\"url\":\"https:\\\/\\\/www.joyfreepress.com\\\/wp-content\\\/uploads\\\/2021\\\/12\\\/Cover-Vesper-.jpg\",\"contentUrl\":\"https:\\\/\\\/www.joyfreepress.com\\\/wp-content\\\/uploads\\\/2021\\\/12\\\/Cover-Vesper-.jpg\"},{\"@type\":\"BreadcrumbList\",\"@id\":\"https:\\\/\\\/www.article-marketing.eu\\\/comunicatistampa\\\/vesper-canta-the-show-must-go-on\\\/#breadcrumb\",\"itemListElement\":[{\"@type\":\"ListItem\",\"position\":1,\"name\":\"Home\",\"item\":\"https:\\\/\\\/www.article-marketing.eu\\\/comunicatistampa\\\/\"},{\"@type\":\"ListItem\",\"position\":2,\"name\":\"Vesper canta The Show Must Go On\"}]},{\"@type\":\"WebSite\",\"@id\":\"https:\\\/\\\/www.article-marketing.eu\\\/comunicatistampa\\\/#website\",\"url\":\"https:\\\/\\\/www.article-marketing.eu\\\/comunicatistampa\\\/\",\"name\":\"Article Marketing\",\"description\":\"article marketing &amp; press release\",\"potentialAction\":[{\"@type\":\"SearchAction\",\"target\":{\"@type\":\"EntryPoint\",\"urlTemplate\":\"https:\\\/\\\/www.article-marketing.eu\\\/comunicatistampa\\\/?s={search_term_string}\"},\"query-input\":{\"@type\":\"PropertyValueSpecification\",\"valueRequired\":true,\"valueName\":\"search_term_string\"}}],\"inLanguage\":\"it-IT\"},{\"@type\":\"Person\",\"@id\":\"https:\\\/\\\/www.article-marketing.eu\\\/comunicatistampa\\\/#\\\/schema\\\/person\\\/9beeb909be59832a9bcbec84cb3786f5\",\"name\":\"Micro961\",\"image\":{\"@type\":\"ImageObject\",\"inLanguage\":\"it-IT\",\"@id\":\"https:\\\/\\\/secure.gravatar.com\\\/avatar\\\/cd6f5864b85cc3687c05b2965bb186afcd70a2a89789a156c92a4f1d66e87827?s=96&d=mm&r=g\",\"url\":\"https:\\\/\\\/secure.gravatar.com\\\/avatar\\\/cd6f5864b85cc3687c05b2965bb186afcd70a2a89789a156c92a4f1d66e87827?s=96&d=mm&r=g\",\"contentUrl\":\"https:\\\/\\\/secure.gravatar.com\\\/avatar\\\/cd6f5864b85cc3687c05b2965bb186afcd70a2a89789a156c92a4f1d66e87827?s=96&d=mm&r=g\",\"caption\":\"Micro961\"},\"url\":\"https:\\\/\\\/www.article-marketing.eu\\\/comunicatistampa\\\/author\\\/micro961\\\/\"}]}<\/script>\n<!-- \/ Yoast SEO plugin. -->","yoast_head_json":{"title":"Vesper canta The Show Must Go On - Article Marketing","robots":{"index":"index","follow":"follow","max-snippet":"max-snippet:-1","max-image-preview":"max-image-preview:large","max-video-preview":"max-video-preview:-1"},"canonical":"https:\/\/www.article-marketing.eu\/comunicatistampa\/vesper-canta-the-show-must-go-on\/","og_locale":"it_IT","og_type":"article","og_title":"Vesper canta The Show Must Go On - Article Marketing","og_description":"\u00e8 la canzone che l\u2019ha scelta e le ha dato la forza di togliersi la maschera. Nonostante le avversit\u00e0 lo spettacolo della vita deve continuare Che ogni giorno si indossi una maschera non \u00e8 una novit\u00e0. Corriamo incessantemente a lavoro a scuola, le giornate sono piene le amicizie vere poche e spesso di vecchia data . La differenza \u00e8 che la maschera che indossiamo oggi non si toglie come quellaContinue reading...","og_url":"https:\/\/www.article-marketing.eu\/comunicatistampa\/vesper-canta-the-show-must-go-on\/","og_site_name":"Article Marketing","article_published_time":"2021-12-10T15:48:44+00:00","og_image":[{"url":"https:\/\/www.joyfreepress.com\/wp-content\/uploads\/2021\/12\/Cover-Vesper-.jpg","type":"","width":"","height":""}],"author":"Micro961","twitter_card":"summary_large_image","twitter_misc":{"Scritto da":"Micro961","Tempo di lettura stimato":"2 minuti"},"schema":{"@context":"https:\/\/schema.org","@graph":[{"@type":"Article","@id":"https:\/\/www.article-marketing.eu\/comunicatistampa\/vesper-canta-the-show-must-go-on\/#article","isPartOf":{"@id":"https:\/\/www.article-marketing.eu\/comunicatistampa\/vesper-canta-the-show-must-go-on\/"},"author":{"name":"Micro961","@id":"https:\/\/www.article-marketing.eu\/comunicatistampa\/#\/schema\/person\/9beeb909be59832a9bcbec84cb3786f5"},"headline":"Vesper canta The Show Must Go On","datePublished":"2021-12-10T15:48:44+00:00","mainEntityOfPage":{"@id":"https:\/\/www.article-marketing.eu\/comunicatistampa\/vesper-canta-the-show-must-go-on\/"},"wordCount":494,"commentCount":0,"image":{"@id":"https:\/\/www.article-marketing.eu\/comunicatistampa\/vesper-canta-the-show-must-go-on\/#primaryimage"},"thumbnailUrl":"https:\/\/www.joyfreepress.com\/wp-content\/uploads\/2021\/12\/Cover-Vesper-.jpg","keywords":["Brano","Maschera","spettacolo","Vesper"],"articleSection":["Musica"],"inLanguage":"it-IT","potentialAction":[{"@type":"CommentAction","name":"Comment","target":["https:\/\/www.article-marketing.eu\/comunicatistampa\/vesper-canta-the-show-must-go-on\/#respond"]}]},{"@type":"WebPage","@id":"https:\/\/www.article-marketing.eu\/comunicatistampa\/vesper-canta-the-show-must-go-on\/","url":"https:\/\/www.article-marketing.eu\/comunicatistampa\/vesper-canta-the-show-must-go-on\/","name":"Vesper canta The Show Must Go On - Article Marketing","isPartOf":{"@id":"https:\/\/www.article-marketing.eu\/comunicatistampa\/#website"},"primaryImageOfPage":{"@id":"https:\/\/www.article-marketing.eu\/comunicatistampa\/vesper-canta-the-show-must-go-on\/#primaryimage"},"image":{"@id":"https:\/\/www.article-marketing.eu\/comunicatistampa\/vesper-canta-the-show-must-go-on\/#primaryimage"},"thumbnailUrl":"https:\/\/www.joyfreepress.com\/wp-content\/uploads\/2021\/12\/Cover-Vesper-.jpg","datePublished":"2021-12-10T15:48:44+00:00","author":{"@id":"https:\/\/www.article-marketing.eu\/comunicatistampa\/#\/schema\/person\/9beeb909be59832a9bcbec84cb3786f5"},"breadcrumb":{"@id":"https:\/\/www.article-marketing.eu\/comunicatistampa\/vesper-canta-the-show-must-go-on\/#breadcrumb"},"inLanguage":"it-IT","potentialAction":[{"@type":"ReadAction","target":["https:\/\/www.article-marketing.eu\/comunicatistampa\/vesper-canta-the-show-must-go-on\/"]}]},{"@type":"ImageObject","inLanguage":"it-IT","@id":"https:\/\/www.article-marketing.eu\/comunicatistampa\/vesper-canta-the-show-must-go-on\/#primaryimage","url":"https:\/\/www.joyfreepress.com\/wp-content\/uploads\/2021\/12\/Cover-Vesper-.jpg","contentUrl":"https:\/\/www.joyfreepress.com\/wp-content\/uploads\/2021\/12\/Cover-Vesper-.jpg"},{"@type":"BreadcrumbList","@id":"https:\/\/www.article-marketing.eu\/comunicatistampa\/vesper-canta-the-show-must-go-on\/#breadcrumb","itemListElement":[{"@type":"ListItem","position":1,"name":"Home","item":"https:\/\/www.article-marketing.eu\/comunicatistampa\/"},{"@type":"ListItem","position":2,"name":"Vesper canta The Show Must Go On"}]},{"@type":"WebSite","@id":"https:\/\/www.article-marketing.eu\/comunicatistampa\/#website","url":"https:\/\/www.article-marketing.eu\/comunicatistampa\/","name":"Article Marketing","description":"article marketing &amp; press release","potentialAction":[{"@type":"SearchAction","target":{"@type":"EntryPoint","urlTemplate":"https:\/\/www.article-marketing.eu\/comunicatistampa\/?s={search_term_string}"},"query-input":{"@type":"PropertyValueSpecification","valueRequired":true,"valueName":"search_term_string"}}],"inLanguage":"it-IT"},{"@type":"Person","@id":"https:\/\/www.article-marketing.eu\/comunicatistampa\/#\/schema\/person\/9beeb909be59832a9bcbec84cb3786f5","name":"Micro961","image":{"@type":"ImageObject","inLanguage":"it-IT","@id":"https:\/\/secure.gravatar.com\/avatar\/cd6f5864b85cc3687c05b2965bb186afcd70a2a89789a156c92a4f1d66e87827?s=96&d=mm&r=g","url":"https:\/\/secure.gravatar.com\/avatar\/cd6f5864b85cc3687c05b2965bb186afcd70a2a89789a156c92a4f1d66e87827?s=96&d=mm&r=g","contentUrl":"https:\/\/secure.gravatar.com\/avatar\/cd6f5864b85cc3687c05b2965bb186afcd70a2a89789a156c92a4f1d66e87827?s=96&d=mm&r=g","caption":"Micro961"},"url":"https:\/\/www.article-marketing.eu\/comunicatistampa\/author\/micro961\/"}]}},"_links":{"self":[{"href":"https:\/\/www.article-marketing.eu\/comunicatistampa\/wp-json\/wp\/v2\/posts\/21340","targetHints":{"allow":["GET"]}}],"collection":[{"href":"https:\/\/www.article-marketing.eu\/comunicatistampa\/wp-json\/wp\/v2\/posts"}],"about":[{"href":"https:\/\/www.article-marketing.eu\/comunicatistampa\/wp-json\/wp\/v2\/types\/post"}],"author":[{"embeddable":true,"href":"https:\/\/www.article-marketing.eu\/comunicatistampa\/wp-json\/wp\/v2\/users\/1680"}],"replies":[{"embeddable":true,"href":"https:\/\/www.article-marketing.eu\/comunicatistampa\/wp-json\/wp\/v2\/comments?post=21340"}],"version-history":[{"count":2,"href":"https:\/\/www.article-marketing.eu\/comunicatistampa\/wp-json\/wp\/v2\/posts\/21340\/revisions"}],"predecessor-version":[{"id":21364,"href":"https:\/\/www.article-marketing.eu\/comunicatistampa\/wp-json\/wp\/v2\/posts\/21340\/revisions\/21364"}],"wp:attachment":[{"href":"https:\/\/www.article-marketing.eu\/comunicatistampa\/wp-json\/wp\/v2\/media?parent=21340"}],"wp:term":[{"taxonomy":"category","embeddable":true,"href":"https:\/\/www.article-marketing.eu\/comunicatistampa\/wp-json\/wp\/v2\/categories?post=21340"},{"taxonomy":"post_tag","embeddable":true,"href":"https:\/\/www.article-marketing.eu\/comunicatistampa\/wp-json\/wp\/v2\/tags?post=21340"}],"curies":[{"name":"wp","href":"https:\/\/api.w.org\/{rel}","templated":true}]}}