{"id":21407,"date":"2021-12-17T03:26:53","date_gmt":"2021-12-17T02:26:53","guid":{"rendered":"https:\/\/www.article-marketing.eu\/comunicatistampa\/?p=21407"},"modified":"2021-12-17T03:26:53","modified_gmt":"2021-12-17T02:26:53","slug":"the-grenadier-is-coming-to-town-18-19-dicembre-a-milano","status":"publish","type":"post","link":"https:\/\/www.article-marketing.eu\/comunicatistampa\/the-grenadier-is-coming-to-town-18-19-dicembre-a-milano\/","title":{"rendered":"The Grenadier is coming to town: 18-19 dicembre a Milano"},"content":{"rendered":"<ul>\n<li><strong>Il 4X4 duro e puro sar\u00e0 esposto il 18 e 19 dicembre 2021 presso la Cascina Cuccagna<\/strong><\/li>\n<li><strong>Dall\u2019idea nata in un pub inglese al forte legame con l\u2019Italia: assali prodotti da Carraro Group, sistema frenante Brembo, tiranti sterzo Frap e inserimento\/disinserimento ridotte e blocco\/sblocco differenziali Cofle<\/strong><\/li>\n<li><strong>Prenotazione del Grenadier gi\u00e0 effettuabile online<\/strong><\/li>\n<li><strong>Grenadier sar\u00e0 commercializzato in Italia dall\u2019estate 2022<\/strong><\/li>\n<\/ul>\n<p class=\"text-justify\">Dopo l\u2019esibizione di ottobre alla Fiera Internazionale Fuoristrada di Viareggio, tappa italiana del 2B Tour globale, Grenadier, il 4X4 senza compromessi di INEOS, arriva nel cuore di Milano.<\/p>\n<p class=\"text-justify\">All\u2019insegna del claim \u201cThe Grenadier is coming to town\u201d, <strong>sabato 18 e domenica 19 dicembre 2021<\/strong>, il fuoristrada dal carattere essenziale e robusto sar\u00e0 esposto presso la Cascina Cuccagna, un avamposto agricolo\u00a0nel centro del capoluogo lombardo, in grado di far rivivere la relazione tra citt\u00e0 e campagna.<\/p>\n<p class=\"text-justify\"><a href=\"https:\/\/www.anicecommunication.com\/it\/wp-content\/uploads\/sites\/3\/2021\/12\/INEOS-Grenadier_ArcticTest2021-128-Edit_web-1.jpg\"><img loading=\"lazy\" decoding=\"async\" class=\"aligncenter size-full wp-image-18644\" src=\"https:\/\/www.anicecommunication.com\/it\/wp-content\/uploads\/sites\/3\/2021\/12\/INEOS-Grenadier_ArcticTest2021-128-Edit_web-1.jpg\" alt=\"INEOS GRENADIER is coming to town: 18-19 dicembre 2021 a Cascina Cuccagna\" width=\"1800\" height=\"1200\" \/><\/a><\/p>\n<p class=\"text-justify\">Una location che ben si addice alla personalit\u00e0 off-road del &#8220;granatiere&#8221;, cittadino del mondo progettato per superare ogni avversit\u00e0 e affrontare ogni condizione, garantendo resistenza e affidabilit\u00e0 anche a chi \u00e8 alla ricerca di un mezzo da utilizzare come strumento operativo.<\/p>\n<p class=\"text-justify\">La pop-up venue sar\u00e0 l\u2019occasione per apprezzare il Grenadier in prima persona e scoprirne gli aneddoti pi\u00f9 significativi. Il suo nome, infatti, \u00e8 un omaggio all\u2019omonimo pub londinese in cui \u00e8 nata l\u2019idea di progettare un fuoristrada duro e puro dedicato agli esploratori, agli agricoltori e agli appassionati di tutto il mondo, oltre naturalmente a chi \u00e8 impegnato in situazioni di soccorso nelle condizioni pi\u00f9 difficili.<\/p>\n<p><a href=\"https:\/\/www.anicecommunication.com\/it\/wp-content\/uploads\/sites\/3\/2021\/12\/INEOS-Grenadier_002-376_web-1.jpg\"><img loading=\"lazy\" decoding=\"async\" class=\"aligncenter size-full wp-image-18642\" src=\"https:\/\/www.anicecommunication.com\/it\/wp-content\/uploads\/sites\/3\/2021\/12\/INEOS-Grenadier_002-376_web-1.jpg\" alt=\"INEOS GRENADIER is coming to town: 18-19 dicembre 2021 a Cascina Cuccagna\" width=\"1800\" height=\"1200\" \/><\/a><\/p>\n<p class=\"text-justify\">Nel Grenadier, inoltre, c\u2019\u00e8 molta Italia: INEOS Automotive ha infatti scelto di affidarsi al grande know how del gruppo Carraro, per la fornitura degli assali anteriore e posteriore, di Brembo, per l\u2019impianto frenante, di Frap, per tiranti sterzo e puntoni assali e di Cofle per l\u2019inserimento e disinserimento delle marce ridotte e del blocco e sblocco differenziali.<\/p>\n<p><b>The Grenadier in coming to town:<\/b><\/p>\n<p><b>Data: 18 e 19 dicembre 2021 (h. 09:00-23:00)<\/b><\/p>\n<p><b>Dove: <\/b><a href=\"https:\/\/tracking.anicecommunication.com\/tracking\/click?d=5NfjMrMASA81MmgcfbJ16PrBxSxQVhyAJjYbNs5BvVLtXTLJqZa02gsOGdsgddjhbmQtNg2X20tGu0zp5OmwITspQDNGgYyQKFbldXAlncEWaNaSlgrPA7DyG8DnIaNy2dVYYynK_beDX7Vk2tqH3-Y1\"><b>Cascina Cuccagna<\/b><\/a><b>, via Privata Cuccagna 2\/4, Milano<\/b><\/p>\n","protected":false},"excerpt":{"rendered":"<p>Il 4X4 duro e puro sar\u00e0 esposto il 18 e 19 dicembre 2021 presso la Cascina Cuccagna Dall\u2019idea nata in un pub inglese al forte legame con l\u2019Italia: assali prodotti da Carraro Group, sistema frenante Brembo, tiranti sterzo Frap e inserimento\/disinserimento ridotte e blocco\/sblocco differenziali Cofle Prenotazione del Grenadier gi\u00e0 effettuabile online Grenadier sar\u00e0 commercializzato in Italia dall\u2019estate 2022 Dopo l\u2019esibizione di ottobre alla Fiera Internazionale Fuoristrada di Viareggio, tappa<\/p>\n<p><a class=\"continue-reading\" href=\"https:\/\/www.article-marketing.eu\/comunicatistampa\/the-grenadier-is-coming-to-town-18-19-dicembre-a-milano\/\">Continue reading&#8230;<\/a><\/p>\n","protected":false},"author":5485,"featured_media":0,"comment_status":"open","ping_status":"open","sticky":false,"template":"","format":"standard","meta":{"_monsterinsights_skip_tracking":false,"_monsterinsights_sitenote_active":false,"_monsterinsights_sitenote_note":"","_monsterinsights_sitenote_category":0,"footnotes":""},"categories":[375,392,374],"tags":[8326,8562,9071,9072,8324],"class_list":["post-21407","post","type-post","status-publish","format-standard","hentry","category-auto","category-eventi","category-motori","tag-fuoristrada-grenadier","tag-fuoristrada-ineos-grenadier","tag-grenadier","tag-grenadier-milano","tag-ineos-grenadier"],"yoast_head":"<!-- This site is optimized with the Yoast SEO plugin v27.3 - https:\/\/yoast.com\/product\/yoast-seo-wordpress\/ -->\n<title>The Grenadier is coming to town: Milano, 18-19\/12\/2021 - Article Marketing<\/title>\n<meta name=\"description\" content=\"Il 4X4 duro e puro INEOS Grenadier sar\u00e0 esposto il 18 e 19 dicembre 2021 presso la Cascina Cuccagna a Milano. Vieni a vederlo!\" \/>\n<meta name=\"robots\" content=\"index, follow, max-snippet:-1, max-image-preview:large, max-video-preview:-1\" \/>\n<link rel=\"canonical\" href=\"https:\/\/www.article-marketing.eu\/comunicatistampa\/the-grenadier-is-coming-to-town-18-19-dicembre-a-milano\/\" \/>\n<meta property=\"og:locale\" content=\"it_IT\" \/>\n<meta property=\"og:type\" content=\"article\" \/>\n<meta property=\"og:title\" content=\"The Grenadier is coming to town: Milano, 18-19\/12\/2021 - Article Marketing\" \/>\n<meta property=\"og:description\" content=\"Il 4X4 duro e puro INEOS Grenadier sar\u00e0 esposto il 18 e 19 dicembre 2021 presso la Cascina Cuccagna a Milano. Vieni a vederlo!\" \/>\n<meta property=\"og:url\" content=\"https:\/\/www.article-marketing.eu\/comunicatistampa\/the-grenadier-is-coming-to-town-18-19-dicembre-a-milano\/\" \/>\n<meta property=\"og:site_name\" content=\"Article Marketing\" \/>\n<meta property=\"article:published_time\" content=\"2021-12-17T02:26:53+00:00\" \/>\n<meta property=\"og:image\" content=\"https:\/\/www.anicecommunication.com\/it\/wp-content\/uploads\/sites\/3\/2021\/12\/INEOS-Grenadier_ArcticTest2021-128-Edit_web-1.jpg\" \/>\n<meta name=\"author\" content=\"Patrizia Tontini\" \/>\n<meta name=\"twitter:card\" content=\"summary_large_image\" \/>\n<meta name=\"twitter:label1\" content=\"Scritto da\" \/>\n\t<meta name=\"twitter:data1\" content=\"Patrizia Tontini\" \/>\n\t<meta name=\"twitter:label2\" content=\"Tempo di lettura stimato\" \/>\n\t<meta name=\"twitter:data2\" content=\"3 minuti\" \/>\n<script type=\"application\/ld+json\" class=\"yoast-schema-graph\">{\"@context\":\"https:\\\/\\\/schema.org\",\"@graph\":[{\"@type\":\"Article\",\"@id\":\"https:\\\/\\\/www.article-marketing.eu\\\/comunicatistampa\\\/the-grenadier-is-coming-to-town-18-19-dicembre-a-milano\\\/#article\",\"isPartOf\":{\"@id\":\"https:\\\/\\\/www.article-marketing.eu\\\/comunicatistampa\\\/the-grenadier-is-coming-to-town-18-19-dicembre-a-milano\\\/\"},\"author\":{\"name\":\"Patrizia Tontini\",\"@id\":\"https:\\\/\\\/www.article-marketing.eu\\\/comunicatistampa\\\/#\\\/schema\\\/person\\\/da07eb58e55a08f85c593a53177d1bda\"},\"headline\":\"The Grenadier is coming to town: 18-19 dicembre a Milano\",\"datePublished\":\"2021-12-17T02:26:53+00:00\",\"mainEntityOfPage\":{\"@id\":\"https:\\\/\\\/www.article-marketing.eu\\\/comunicatistampa\\\/the-grenadier-is-coming-to-town-18-19-dicembre-a-milano\\\/\"},\"wordCount\":328,\"commentCount\":0,\"image\":{\"@id\":\"https:\\\/\\\/www.article-marketing.eu\\\/comunicatistampa\\\/the-grenadier-is-coming-to-town-18-19-dicembre-a-milano\\\/#primaryimage\"},\"thumbnailUrl\":\"https:\\\/\\\/www.anicecommunication.com\\\/it\\\/wp-content\\\/uploads\\\/sites\\\/3\\\/2021\\\/12\\\/INEOS-Grenadier_ArcticTest2021-128-Edit_web-1.jpg\",\"keywords\":[\"Fuoristrada Grenadier\",\"Fuoristrada INEOS Grenadier\",\"Grenadier\",\"Grenadier Milano\",\"INEOS Grenadier\"],\"articleSection\":[\"Auto\",\"Eventi\",\"Motori\"],\"inLanguage\":\"it-IT\",\"potentialAction\":[{\"@type\":\"CommentAction\",\"name\":\"Comment\",\"target\":[\"https:\\\/\\\/www.article-marketing.eu\\\/comunicatistampa\\\/the-grenadier-is-coming-to-town-18-19-dicembre-a-milano\\\/#respond\"]}]},{\"@type\":\"WebPage\",\"@id\":\"https:\\\/\\\/www.article-marketing.eu\\\/comunicatistampa\\\/the-grenadier-is-coming-to-town-18-19-dicembre-a-milano\\\/\",\"url\":\"https:\\\/\\\/www.article-marketing.eu\\\/comunicatistampa\\\/the-grenadier-is-coming-to-town-18-19-dicembre-a-milano\\\/\",\"name\":\"The Grenadier is coming to town: Milano, 18-19\\\/12\\\/2021 - Article Marketing\",\"isPartOf\":{\"@id\":\"https:\\\/\\\/www.article-marketing.eu\\\/comunicatistampa\\\/#website\"},\"primaryImageOfPage\":{\"@id\":\"https:\\\/\\\/www.article-marketing.eu\\\/comunicatistampa\\\/the-grenadier-is-coming-to-town-18-19-dicembre-a-milano\\\/#primaryimage\"},\"image\":{\"@id\":\"https:\\\/\\\/www.article-marketing.eu\\\/comunicatistampa\\\/the-grenadier-is-coming-to-town-18-19-dicembre-a-milano\\\/#primaryimage\"},\"thumbnailUrl\":\"https:\\\/\\\/www.anicecommunication.com\\\/it\\\/wp-content\\\/uploads\\\/sites\\\/3\\\/2021\\\/12\\\/INEOS-Grenadier_ArcticTest2021-128-Edit_web-1.jpg\",\"datePublished\":\"2021-12-17T02:26:53+00:00\",\"author\":{\"@id\":\"https:\\\/\\\/www.article-marketing.eu\\\/comunicatistampa\\\/#\\\/schema\\\/person\\\/da07eb58e55a08f85c593a53177d1bda\"},\"description\":\"Il 4X4 duro e puro INEOS Grenadier sar\u00e0 esposto il 18 e 19 dicembre 2021 presso la Cascina Cuccagna a Milano. Vieni a vederlo!\",\"breadcrumb\":{\"@id\":\"https:\\\/\\\/www.article-marketing.eu\\\/comunicatistampa\\\/the-grenadier-is-coming-to-town-18-19-dicembre-a-milano\\\/#breadcrumb\"},\"inLanguage\":\"it-IT\",\"potentialAction\":[{\"@type\":\"ReadAction\",\"target\":[\"https:\\\/\\\/www.article-marketing.eu\\\/comunicatistampa\\\/the-grenadier-is-coming-to-town-18-19-dicembre-a-milano\\\/\"]}]},{\"@type\":\"ImageObject\",\"inLanguage\":\"it-IT\",\"@id\":\"https:\\\/\\\/www.article-marketing.eu\\\/comunicatistampa\\\/the-grenadier-is-coming-to-town-18-19-dicembre-a-milano\\\/#primaryimage\",\"url\":\"https:\\\/\\\/www.anicecommunication.com\\\/it\\\/wp-content\\\/uploads\\\/sites\\\/3\\\/2021\\\/12\\\/INEOS-Grenadier_ArcticTest2021-128-Edit_web-1.jpg\",\"contentUrl\":\"https:\\\/\\\/www.anicecommunication.com\\\/it\\\/wp-content\\\/uploads\\\/sites\\\/3\\\/2021\\\/12\\\/INEOS-Grenadier_ArcticTest2021-128-Edit_web-1.jpg\"},{\"@type\":\"BreadcrumbList\",\"@id\":\"https:\\\/\\\/www.article-marketing.eu\\\/comunicatistampa\\\/the-grenadier-is-coming-to-town-18-19-dicembre-a-milano\\\/#breadcrumb\",\"itemListElement\":[{\"@type\":\"ListItem\",\"position\":1,\"name\":\"Home\",\"item\":\"https:\\\/\\\/www.article-marketing.eu\\\/comunicatistampa\\\/\"},{\"@type\":\"ListItem\",\"position\":2,\"name\":\"The Grenadier is coming to town: 18-19 dicembre a Milano\"}]},{\"@type\":\"WebSite\",\"@id\":\"https:\\\/\\\/www.article-marketing.eu\\\/comunicatistampa\\\/#website\",\"url\":\"https:\\\/\\\/www.article-marketing.eu\\\/comunicatistampa\\\/\",\"name\":\"Article Marketing\",\"description\":\"article marketing &amp; press release\",\"potentialAction\":[{\"@type\":\"SearchAction\",\"target\":{\"@type\":\"EntryPoint\",\"urlTemplate\":\"https:\\\/\\\/www.article-marketing.eu\\\/comunicatistampa\\\/?s={search_term_string}\"},\"query-input\":{\"@type\":\"PropertyValueSpecification\",\"valueRequired\":true,\"valueName\":\"search_term_string\"}}],\"inLanguage\":\"it-IT\"},{\"@type\":\"Person\",\"@id\":\"https:\\\/\\\/www.article-marketing.eu\\\/comunicatistampa\\\/#\\\/schema\\\/person\\\/da07eb58e55a08f85c593a53177d1bda\",\"name\":\"Patrizia Tontini\",\"image\":{\"@type\":\"ImageObject\",\"inLanguage\":\"it-IT\",\"@id\":\"https:\\\/\\\/secure.gravatar.com\\\/avatar\\\/950c747b3a97b7bf677cf6013fbf1047b03f9249efcf399e8301ebbae88347a9?s=96&d=mm&r=g\",\"url\":\"https:\\\/\\\/secure.gravatar.com\\\/avatar\\\/950c747b3a97b7bf677cf6013fbf1047b03f9249efcf399e8301ebbae88347a9?s=96&d=mm&r=g\",\"contentUrl\":\"https:\\\/\\\/secure.gravatar.com\\\/avatar\\\/950c747b3a97b7bf677cf6013fbf1047b03f9249efcf399e8301ebbae88347a9?s=96&d=mm&r=g\",\"caption\":\"Patrizia Tontini\"},\"url\":\"https:\\\/\\\/www.article-marketing.eu\\\/comunicatistampa\\\/author\\\/patrizia-tontini\\\/\"}]}<\/script>\n<!-- \/ Yoast SEO plugin. -->","yoast_head_json":{"title":"The Grenadier is coming to town: Milano, 18-19\/12\/2021 - Article Marketing","description":"Il 4X4 duro e puro INEOS Grenadier sar\u00e0 esposto il 18 e 19 dicembre 2021 presso la Cascina Cuccagna a Milano. Vieni a vederlo!","robots":{"index":"index","follow":"follow","max-snippet":"max-snippet:-1","max-image-preview":"max-image-preview:large","max-video-preview":"max-video-preview:-1"},"canonical":"https:\/\/www.article-marketing.eu\/comunicatistampa\/the-grenadier-is-coming-to-town-18-19-dicembre-a-milano\/","og_locale":"it_IT","og_type":"article","og_title":"The Grenadier is coming to town: Milano, 18-19\/12\/2021 - Article Marketing","og_description":"Il 4X4 duro e puro INEOS Grenadier sar\u00e0 esposto il 18 e 19 dicembre 2021 presso la Cascina Cuccagna a Milano. Vieni a vederlo!","og_url":"https:\/\/www.article-marketing.eu\/comunicatistampa\/the-grenadier-is-coming-to-town-18-19-dicembre-a-milano\/","og_site_name":"Article Marketing","article_published_time":"2021-12-17T02:26:53+00:00","og_image":[{"url":"https:\/\/www.anicecommunication.com\/it\/wp-content\/uploads\/sites\/3\/2021\/12\/INEOS-Grenadier_ArcticTest2021-128-Edit_web-1.jpg","type":"","width":"","height":""}],"author":"Patrizia Tontini","twitter_card":"summary_large_image","twitter_misc":{"Scritto da":"Patrizia Tontini","Tempo di lettura stimato":"3 minuti"},"schema":{"@context":"https:\/\/schema.org","@graph":[{"@type":"Article","@id":"https:\/\/www.article-marketing.eu\/comunicatistampa\/the-grenadier-is-coming-to-town-18-19-dicembre-a-milano\/#article","isPartOf":{"@id":"https:\/\/www.article-marketing.eu\/comunicatistampa\/the-grenadier-is-coming-to-town-18-19-dicembre-a-milano\/"},"author":{"name":"Patrizia Tontini","@id":"https:\/\/www.article-marketing.eu\/comunicatistampa\/#\/schema\/person\/da07eb58e55a08f85c593a53177d1bda"},"headline":"The Grenadier is coming to town: 18-19 dicembre a Milano","datePublished":"2021-12-17T02:26:53+00:00","mainEntityOfPage":{"@id":"https:\/\/www.article-marketing.eu\/comunicatistampa\/the-grenadier-is-coming-to-town-18-19-dicembre-a-milano\/"},"wordCount":328,"commentCount":0,"image":{"@id":"https:\/\/www.article-marketing.eu\/comunicatistampa\/the-grenadier-is-coming-to-town-18-19-dicembre-a-milano\/#primaryimage"},"thumbnailUrl":"https:\/\/www.anicecommunication.com\/it\/wp-content\/uploads\/sites\/3\/2021\/12\/INEOS-Grenadier_ArcticTest2021-128-Edit_web-1.jpg","keywords":["Fuoristrada Grenadier","Fuoristrada INEOS Grenadier","Grenadier","Grenadier Milano","INEOS Grenadier"],"articleSection":["Auto","Eventi","Motori"],"inLanguage":"it-IT","potentialAction":[{"@type":"CommentAction","name":"Comment","target":["https:\/\/www.article-marketing.eu\/comunicatistampa\/the-grenadier-is-coming-to-town-18-19-dicembre-a-milano\/#respond"]}]},{"@type":"WebPage","@id":"https:\/\/www.article-marketing.eu\/comunicatistampa\/the-grenadier-is-coming-to-town-18-19-dicembre-a-milano\/","url":"https:\/\/www.article-marketing.eu\/comunicatistampa\/the-grenadier-is-coming-to-town-18-19-dicembre-a-milano\/","name":"The Grenadier is coming to town: Milano, 18-19\/12\/2021 - Article Marketing","isPartOf":{"@id":"https:\/\/www.article-marketing.eu\/comunicatistampa\/#website"},"primaryImageOfPage":{"@id":"https:\/\/www.article-marketing.eu\/comunicatistampa\/the-grenadier-is-coming-to-town-18-19-dicembre-a-milano\/#primaryimage"},"image":{"@id":"https:\/\/www.article-marketing.eu\/comunicatistampa\/the-grenadier-is-coming-to-town-18-19-dicembre-a-milano\/#primaryimage"},"thumbnailUrl":"https:\/\/www.anicecommunication.com\/it\/wp-content\/uploads\/sites\/3\/2021\/12\/INEOS-Grenadier_ArcticTest2021-128-Edit_web-1.jpg","datePublished":"2021-12-17T02:26:53+00:00","author":{"@id":"https:\/\/www.article-marketing.eu\/comunicatistampa\/#\/schema\/person\/da07eb58e55a08f85c593a53177d1bda"},"description":"Il 4X4 duro e puro INEOS Grenadier sar\u00e0 esposto il 18 e 19 dicembre 2021 presso la Cascina Cuccagna a Milano. Vieni a vederlo!","breadcrumb":{"@id":"https:\/\/www.article-marketing.eu\/comunicatistampa\/the-grenadier-is-coming-to-town-18-19-dicembre-a-milano\/#breadcrumb"},"inLanguage":"it-IT","potentialAction":[{"@type":"ReadAction","target":["https:\/\/www.article-marketing.eu\/comunicatistampa\/the-grenadier-is-coming-to-town-18-19-dicembre-a-milano\/"]}]},{"@type":"ImageObject","inLanguage":"it-IT","@id":"https:\/\/www.article-marketing.eu\/comunicatistampa\/the-grenadier-is-coming-to-town-18-19-dicembre-a-milano\/#primaryimage","url":"https:\/\/www.anicecommunication.com\/it\/wp-content\/uploads\/sites\/3\/2021\/12\/INEOS-Grenadier_ArcticTest2021-128-Edit_web-1.jpg","contentUrl":"https:\/\/www.anicecommunication.com\/it\/wp-content\/uploads\/sites\/3\/2021\/12\/INEOS-Grenadier_ArcticTest2021-128-Edit_web-1.jpg"},{"@type":"BreadcrumbList","@id":"https:\/\/www.article-marketing.eu\/comunicatistampa\/the-grenadier-is-coming-to-town-18-19-dicembre-a-milano\/#breadcrumb","itemListElement":[{"@type":"ListItem","position":1,"name":"Home","item":"https:\/\/www.article-marketing.eu\/comunicatistampa\/"},{"@type":"ListItem","position":2,"name":"The Grenadier is coming to town: 18-19 dicembre a Milano"}]},{"@type":"WebSite","@id":"https:\/\/www.article-marketing.eu\/comunicatistampa\/#website","url":"https:\/\/www.article-marketing.eu\/comunicatistampa\/","name":"Article Marketing","description":"article marketing &amp; press release","potentialAction":[{"@type":"SearchAction","target":{"@type":"EntryPoint","urlTemplate":"https:\/\/www.article-marketing.eu\/comunicatistampa\/?s={search_term_string}"},"query-input":{"@type":"PropertyValueSpecification","valueRequired":true,"valueName":"search_term_string"}}],"inLanguage":"it-IT"},{"@type":"Person","@id":"https:\/\/www.article-marketing.eu\/comunicatistampa\/#\/schema\/person\/da07eb58e55a08f85c593a53177d1bda","name":"Patrizia Tontini","image":{"@type":"ImageObject","inLanguage":"it-IT","@id":"https:\/\/secure.gravatar.com\/avatar\/950c747b3a97b7bf677cf6013fbf1047b03f9249efcf399e8301ebbae88347a9?s=96&d=mm&r=g","url":"https:\/\/secure.gravatar.com\/avatar\/950c747b3a97b7bf677cf6013fbf1047b03f9249efcf399e8301ebbae88347a9?s=96&d=mm&r=g","contentUrl":"https:\/\/secure.gravatar.com\/avatar\/950c747b3a97b7bf677cf6013fbf1047b03f9249efcf399e8301ebbae88347a9?s=96&d=mm&r=g","caption":"Patrizia Tontini"},"url":"https:\/\/www.article-marketing.eu\/comunicatistampa\/author\/patrizia-tontini\/"}]}},"_links":{"self":[{"href":"https:\/\/www.article-marketing.eu\/comunicatistampa\/wp-json\/wp\/v2\/posts\/21407","targetHints":{"allow":["GET"]}}],"collection":[{"href":"https:\/\/www.article-marketing.eu\/comunicatistampa\/wp-json\/wp\/v2\/posts"}],"about":[{"href":"https:\/\/www.article-marketing.eu\/comunicatistampa\/wp-json\/wp\/v2\/types\/post"}],"author":[{"embeddable":true,"href":"https:\/\/www.article-marketing.eu\/comunicatistampa\/wp-json\/wp\/v2\/users\/5485"}],"replies":[{"embeddable":true,"href":"https:\/\/www.article-marketing.eu\/comunicatistampa\/wp-json\/wp\/v2\/comments?post=21407"}],"version-history":[{"count":2,"href":"https:\/\/www.article-marketing.eu\/comunicatistampa\/wp-json\/wp\/v2\/posts\/21407\/revisions"}],"predecessor-version":[{"id":21414,"href":"https:\/\/www.article-marketing.eu\/comunicatistampa\/wp-json\/wp\/v2\/posts\/21407\/revisions\/21414"}],"wp:attachment":[{"href":"https:\/\/www.article-marketing.eu\/comunicatistampa\/wp-json\/wp\/v2\/media?parent=21407"}],"wp:term":[{"taxonomy":"category","embeddable":true,"href":"https:\/\/www.article-marketing.eu\/comunicatistampa\/wp-json\/wp\/v2\/categories?post=21407"},{"taxonomy":"post_tag","embeddable":true,"href":"https:\/\/www.article-marketing.eu\/comunicatistampa\/wp-json\/wp\/v2\/tags?post=21407"}],"curies":[{"name":"wp","href":"https:\/\/api.w.org\/{rel}","templated":true}]}}