{"id":21422,"date":"2021-12-19T03:46:15","date_gmt":"2021-12-19T02:46:15","guid":{"rendered":"https:\/\/www.article-marketing.eu\/comunicatistampa\/?p=21422"},"modified":"2021-12-19T03:46:15","modified_gmt":"2021-12-19T02:46:15","slug":"siggi-e-il-valore-del-lavoro-le-novita-per-il-settore-ospitalita","status":"publish","type":"post","link":"https:\/\/www.article-marketing.eu\/comunicatistampa\/siggi-e-il-valore-del-lavoro-le-novita-per-il-settore-ospitalita\/","title":{"rendered":"Siggi e il valore del lavoro: le novit\u00e0 per il settore ospitalit\u00e0"},"content":{"rendered":"<p>In un mondo in cui l\u2019incertezza si impone come protagonista, <strong>Siggi<\/strong> mette al centro il lavoratore, qualsiasi sia la professione che svolge. La missione aziendale \u00e8 dare un abito professionale a chiunque ne abbia la necessit\u00e0, \u00e8 di vestire la voglia di fare di uomini e donne che con il proprio mestiere esprimono se stessi e dimostrano la dignit\u00e0 e la motivazione che li mantengono umani, in una societ\u00e0 e in un tempo in cui l\u2019umanit\u00e0 \u00e8 messa a dura prova.<\/p>\n<p>Siggi non si ferma mai e presenta le sue ultime novit\u00e0 per il settore dell\u2019<strong>ospitalit\u00e0<\/strong>: dallo chef agli operatori del benessere fino al personale di servizio, in una struttura dedicata all\u2019accoglienza sono tante e diverse le professionalit\u00e0. La collezione, presentata in anteprima a Host (Fiera Internazionale dell&#8217;Ospitalit\u00e0), \u00e8 ampia e risponde alle esigenze di tutti con nuovi modelli di giacche chef, casacche e scamiciati.<br \/>\nIl mood \u00e8 la voglia di fare, che mai come in questo periodo il brand trova sia adatto e che l&#8217;ha spinto a inserire molte novit\u00e0 in termini di numero articoli, ma non solo. In ogni modello comfort e praticit\u00e0 di manutenzione sono la base della qualit\u00e0 garantita ad ogni lavoratore, inoltre si unisce a questo una forte identit\u00e0 in un design italiano dal carattere semplice, ma deciso e inconfondibile. L\u2019identit\u00e0 di un professionista passa attraverso il suo lavoro e la divisa \u00e8 il suo biglietto da visita. In particolare nei capi femminili l\u2019Atelier Siggi pone da sempre grande cura nelle linee e nella scelta dei materiali, assicurandosi che risultino confortevoli in tutte le taglie, dalle pi\u00f9 piccole a quelle pi\u00f9 comode, senza rinunciare ad un look moderno e gradevole. Nasce per questo \u2018curvy approved\u2019, una dicitura che accompagna i capi Siggi che meglio si adattano ad ogni forma del corpo.<\/p>\n<p>Uno dei temi prioritari finalmente a livello mondiale, \u00e8 la sostenibilit\u00e0 e la sicurezza. Per rispondere a questa irrinunciabile esigenza, tutti i capi Siggi sono conformi a STANDARD 100 by OEKO-TEX\u00ae, un sistema di controllo e certificazione volontaria, indipendente e uniforme a livello internazionale per le materie prime, i semilavorati e i prodotti finiti del settore tessile ad ogni livello di lavorazione e ha lo scopo di garantire l\u2019assenza di sostanze pericolose per l\u2019uomo e per l\u2019ambiente.<br \/>\nInfine, c\u2019\u00e8 un tocco di poesia nei capi firmati Siggi: in occasione dei 700 anni dalla morte di Dante, sono stati ricamati due versi sulla manica di due giacche chef, parole che hanno attraversato i secoli e giungono a noi ancora intense e vive come appena uscite dalla penna di Dante. Un omaggio che richiama la forza dell\u2019amore, un sentimento che fa da guida anche nella professione.<\/p>\n<p>Siggi dedica le nuove creazioni a tutti coloro che non mollano, che nonostante le difficolt\u00e0 e con grande senso del dovere continuano a svolgere il proprio lavoro. Nulla \u00e8 scontato e tutto pu\u00f2 fermarsi da un momento all\u2019altro.<br \/>\nSiggi rivolge un pensiero anche a chi \u00e8 stato costretto a non lavorare per lunghi mesi.<br \/>\nQuando vivremo nuovamente liberi dal virus, che tanto condiziona ancora le nostre esistenze e le nostre attivit\u00e0 professionali, avremo vissuto un\u2019esperienza che ci ha resi pi\u00f9 consapevoli di quanto ogni attivit\u00e0 vada svolta al meglio perch\u00e9 collegata all\u2019attivit\u00e0 di qualcun altro in una catena che ci unisce tutti. Possiamo dire di aver maturato una sincera gratitudine per il lavoro che svolgiamo e abbiamo il dovere di rivalutarne largamente il valore non solo sotto l\u2019aspetto economico, ma anche umano e motivazionale.<\/p>\n","protected":false},"excerpt":{"rendered":"<p>In un mondo in cui l\u2019incertezza si impone come protagonista, Siggi mette al centro il lavoratore, qualsiasi sia la professione che svolge. La missione aziendale \u00e8 dare un abito professionale a chiunque ne abbia la necessit\u00e0, \u00e8 di vestire la voglia di fare di uomini e donne che con il proprio mestiere esprimono se stessi e dimostrano la dignit\u00e0 e la motivazione che li mantengono umani, in una societ\u00e0 e<\/p>\n<p><a class=\"continue-reading\" href=\"https:\/\/www.article-marketing.eu\/comunicatistampa\/siggi-e-il-valore-del-lavoro-le-novita-per-il-settore-ospitalita\/\">Continue reading&#8230;<\/a><\/p>\n","protected":false},"author":7046,"featured_media":0,"comment_status":"open","ping_status":"open","sticky":false,"template":"","format":"standard","meta":{"_monsterinsights_skip_tracking":false,"_monsterinsights_sitenote_active":false,"_monsterinsights_sitenote_note":"","_monsterinsights_sitenote_category":0,"footnotes":""},"categories":[78],"tags":[5675],"class_list":["post-21422","post","type-post","status-publish","format-standard","hentry","category-comunicati-stampa","tag-brand-abbigliamento-moda"],"yoast_head":"<!-- This site is optimized with the Yoast SEO plugin v27.3 - https:\/\/yoast.com\/product\/yoast-seo-wordpress\/ -->\n<title>Siggi e il valore del lavoro: le novit\u00e0 per il settore ospitalit\u00e0<\/title>\n<meta name=\"robots\" content=\"index, follow, max-snippet:-1, max-image-preview:large, max-video-preview:-1\" \/>\n<link rel=\"canonical\" href=\"https:\/\/www.article-marketing.eu\/comunicatistampa\/siggi-e-il-valore-del-lavoro-le-novita-per-il-settore-ospitalita\/\" \/>\n<meta property=\"og:locale\" content=\"it_IT\" \/>\n<meta property=\"og:type\" content=\"article\" \/>\n<meta property=\"og:title\" content=\"Siggi e il valore del lavoro: le novit\u00e0 per il settore ospitalit\u00e0\" \/>\n<meta property=\"og:description\" content=\"In un mondo in cui l\u2019incertezza si impone come protagonista, Siggi mette al centro il lavoratore, qualsiasi sia la professione che svolge. La missione aziendale \u00e8 dare un abito professionale a chiunque ne abbia la necessit\u00e0, \u00e8 di vestire la voglia di fare di uomini e donne che con il proprio mestiere esprimono se stessi e dimostrano la dignit\u00e0 e la motivazione che li mantengono umani, in una societ\u00e0 eContinue reading...\" \/>\n<meta property=\"og:url\" content=\"https:\/\/www.article-marketing.eu\/comunicatistampa\/siggi-e-il-valore-del-lavoro-le-novita-per-il-settore-ospitalita\/\" \/>\n<meta property=\"og:site_name\" content=\"Article Marketing\" \/>\n<meta property=\"article:published_time\" content=\"2021-12-19T02:46:15+00:00\" \/>\n<meta name=\"author\" content=\"Frigerio Press\" \/>\n<meta name=\"twitter:card\" content=\"summary_large_image\" \/>\n<meta name=\"twitter:label1\" content=\"Scritto da\" \/>\n\t<meta name=\"twitter:data1\" content=\"Frigerio Press\" \/>\n\t<meta name=\"twitter:label2\" content=\"Tempo di lettura stimato\" \/>\n\t<meta name=\"twitter:data2\" content=\"3 minuti\" \/>\n<script type=\"application\/ld+json\" class=\"yoast-schema-graph\">{\"@context\":\"https:\\\/\\\/schema.org\",\"@graph\":[{\"@type\":\"Article\",\"@id\":\"https:\\\/\\\/www.article-marketing.eu\\\/comunicatistampa\\\/siggi-e-il-valore-del-lavoro-le-novita-per-il-settore-ospitalita\\\/#article\",\"isPartOf\":{\"@id\":\"https:\\\/\\\/www.article-marketing.eu\\\/comunicatistampa\\\/siggi-e-il-valore-del-lavoro-le-novita-per-il-settore-ospitalita\\\/\"},\"author\":{\"name\":\"Frigerio Press\",\"@id\":\"https:\\\/\\\/www.article-marketing.eu\\\/comunicatistampa\\\/#\\\/schema\\\/person\\\/87be8e434582be2f78877cfb4325c9e8\"},\"headline\":\"Siggi e il valore del lavoro: le novit\u00e0 per il settore ospitalit\u00e0\",\"datePublished\":\"2021-12-19T02:46:15+00:00\",\"mainEntityOfPage\":{\"@id\":\"https:\\\/\\\/www.article-marketing.eu\\\/comunicatistampa\\\/siggi-e-il-valore-del-lavoro-le-novita-per-il-settore-ospitalita\\\/\"},\"wordCount\":589,\"commentCount\":0,\"keywords\":[\"Brand abbigliamento moda\"],\"articleSection\":[\"Comunicati stampa\"],\"inLanguage\":\"it-IT\",\"potentialAction\":[{\"@type\":\"CommentAction\",\"name\":\"Comment\",\"target\":[\"https:\\\/\\\/www.article-marketing.eu\\\/comunicatistampa\\\/siggi-e-il-valore-del-lavoro-le-novita-per-il-settore-ospitalita\\\/#respond\"]}]},{\"@type\":\"WebPage\",\"@id\":\"https:\\\/\\\/www.article-marketing.eu\\\/comunicatistampa\\\/siggi-e-il-valore-del-lavoro-le-novita-per-il-settore-ospitalita\\\/\",\"url\":\"https:\\\/\\\/www.article-marketing.eu\\\/comunicatistampa\\\/siggi-e-il-valore-del-lavoro-le-novita-per-il-settore-ospitalita\\\/\",\"name\":\"Siggi e il valore del lavoro: le novit\u00e0 per il settore ospitalit\u00e0\",\"isPartOf\":{\"@id\":\"https:\\\/\\\/www.article-marketing.eu\\\/comunicatistampa\\\/#website\"},\"datePublished\":\"2021-12-19T02:46:15+00:00\",\"author\":{\"@id\":\"https:\\\/\\\/www.article-marketing.eu\\\/comunicatistampa\\\/#\\\/schema\\\/person\\\/87be8e434582be2f78877cfb4325c9e8\"},\"breadcrumb\":{\"@id\":\"https:\\\/\\\/www.article-marketing.eu\\\/comunicatistampa\\\/siggi-e-il-valore-del-lavoro-le-novita-per-il-settore-ospitalita\\\/#breadcrumb\"},\"inLanguage\":\"it-IT\",\"potentialAction\":[{\"@type\":\"ReadAction\",\"target\":[\"https:\\\/\\\/www.article-marketing.eu\\\/comunicatistampa\\\/siggi-e-il-valore-del-lavoro-le-novita-per-il-settore-ospitalita\\\/\"]}]},{\"@type\":\"BreadcrumbList\",\"@id\":\"https:\\\/\\\/www.article-marketing.eu\\\/comunicatistampa\\\/siggi-e-il-valore-del-lavoro-le-novita-per-il-settore-ospitalita\\\/#breadcrumb\",\"itemListElement\":[{\"@type\":\"ListItem\",\"position\":1,\"name\":\"Home\",\"item\":\"https:\\\/\\\/www.article-marketing.eu\\\/comunicatistampa\\\/\"},{\"@type\":\"ListItem\",\"position\":2,\"name\":\"Siggi e il valore del lavoro: le novit\u00e0 per il settore ospitalit\u00e0\"}]},{\"@type\":\"WebSite\",\"@id\":\"https:\\\/\\\/www.article-marketing.eu\\\/comunicatistampa\\\/#website\",\"url\":\"https:\\\/\\\/www.article-marketing.eu\\\/comunicatistampa\\\/\",\"name\":\"Article Marketing\",\"description\":\"article marketing &amp; press release\",\"potentialAction\":[{\"@type\":\"SearchAction\",\"target\":{\"@type\":\"EntryPoint\",\"urlTemplate\":\"https:\\\/\\\/www.article-marketing.eu\\\/comunicatistampa\\\/?s={search_term_string}\"},\"query-input\":{\"@type\":\"PropertyValueSpecification\",\"valueRequired\":true,\"valueName\":\"search_term_string\"}}],\"inLanguage\":\"it-IT\"},{\"@type\":\"Person\",\"@id\":\"https:\\\/\\\/www.article-marketing.eu\\\/comunicatistampa\\\/#\\\/schema\\\/person\\\/87be8e434582be2f78877cfb4325c9e8\",\"name\":\"Frigerio Press\",\"image\":{\"@type\":\"ImageObject\",\"inLanguage\":\"it-IT\",\"@id\":\"https:\\\/\\\/secure.gravatar.com\\\/avatar\\\/038c5359580e32870790183e10270b10b8aaefcadcea43974f2bdd267576d303?s=96&d=mm&r=g\",\"url\":\"https:\\\/\\\/secure.gravatar.com\\\/avatar\\\/038c5359580e32870790183e10270b10b8aaefcadcea43974f2bdd267576d303?s=96&d=mm&r=g\",\"contentUrl\":\"https:\\\/\\\/secure.gravatar.com\\\/avatar\\\/038c5359580e32870790183e10270b10b8aaefcadcea43974f2bdd267576d303?s=96&d=mm&r=g\",\"caption\":\"Frigerio Press\"},\"url\":\"https:\\\/\\\/www.article-marketing.eu\\\/comunicatistampa\\\/author\\\/frigerio-press\\\/\"}]}<\/script>\n<!-- \/ Yoast SEO plugin. -->","yoast_head_json":{"title":"Siggi e il valore del lavoro: le novit\u00e0 per il settore ospitalit\u00e0","robots":{"index":"index","follow":"follow","max-snippet":"max-snippet:-1","max-image-preview":"max-image-preview:large","max-video-preview":"max-video-preview:-1"},"canonical":"https:\/\/www.article-marketing.eu\/comunicatistampa\/siggi-e-il-valore-del-lavoro-le-novita-per-il-settore-ospitalita\/","og_locale":"it_IT","og_type":"article","og_title":"Siggi e il valore del lavoro: le novit\u00e0 per il settore ospitalit\u00e0","og_description":"In un mondo in cui l\u2019incertezza si impone come protagonista, Siggi mette al centro il lavoratore, qualsiasi sia la professione che svolge. La missione aziendale \u00e8 dare un abito professionale a chiunque ne abbia la necessit\u00e0, \u00e8 di vestire la voglia di fare di uomini e donne che con il proprio mestiere esprimono se stessi e dimostrano la dignit\u00e0 e la motivazione che li mantengono umani, in una societ\u00e0 eContinue reading...","og_url":"https:\/\/www.article-marketing.eu\/comunicatistampa\/siggi-e-il-valore-del-lavoro-le-novita-per-il-settore-ospitalita\/","og_site_name":"Article Marketing","article_published_time":"2021-12-19T02:46:15+00:00","author":"Frigerio Press","twitter_card":"summary_large_image","twitter_misc":{"Scritto da":"Frigerio Press","Tempo di lettura stimato":"3 minuti"},"schema":{"@context":"https:\/\/schema.org","@graph":[{"@type":"Article","@id":"https:\/\/www.article-marketing.eu\/comunicatistampa\/siggi-e-il-valore-del-lavoro-le-novita-per-il-settore-ospitalita\/#article","isPartOf":{"@id":"https:\/\/www.article-marketing.eu\/comunicatistampa\/siggi-e-il-valore-del-lavoro-le-novita-per-il-settore-ospitalita\/"},"author":{"name":"Frigerio Press","@id":"https:\/\/www.article-marketing.eu\/comunicatistampa\/#\/schema\/person\/87be8e434582be2f78877cfb4325c9e8"},"headline":"Siggi e il valore del lavoro: le novit\u00e0 per il settore ospitalit\u00e0","datePublished":"2021-12-19T02:46:15+00:00","mainEntityOfPage":{"@id":"https:\/\/www.article-marketing.eu\/comunicatistampa\/siggi-e-il-valore-del-lavoro-le-novita-per-il-settore-ospitalita\/"},"wordCount":589,"commentCount":0,"keywords":["Brand abbigliamento moda"],"articleSection":["Comunicati stampa"],"inLanguage":"it-IT","potentialAction":[{"@type":"CommentAction","name":"Comment","target":["https:\/\/www.article-marketing.eu\/comunicatistampa\/siggi-e-il-valore-del-lavoro-le-novita-per-il-settore-ospitalita\/#respond"]}]},{"@type":"WebPage","@id":"https:\/\/www.article-marketing.eu\/comunicatistampa\/siggi-e-il-valore-del-lavoro-le-novita-per-il-settore-ospitalita\/","url":"https:\/\/www.article-marketing.eu\/comunicatistampa\/siggi-e-il-valore-del-lavoro-le-novita-per-il-settore-ospitalita\/","name":"Siggi e il valore del lavoro: le novit\u00e0 per il settore ospitalit\u00e0","isPartOf":{"@id":"https:\/\/www.article-marketing.eu\/comunicatistampa\/#website"},"datePublished":"2021-12-19T02:46:15+00:00","author":{"@id":"https:\/\/www.article-marketing.eu\/comunicatistampa\/#\/schema\/person\/87be8e434582be2f78877cfb4325c9e8"},"breadcrumb":{"@id":"https:\/\/www.article-marketing.eu\/comunicatistampa\/siggi-e-il-valore-del-lavoro-le-novita-per-il-settore-ospitalita\/#breadcrumb"},"inLanguage":"it-IT","potentialAction":[{"@type":"ReadAction","target":["https:\/\/www.article-marketing.eu\/comunicatistampa\/siggi-e-il-valore-del-lavoro-le-novita-per-il-settore-ospitalita\/"]}]},{"@type":"BreadcrumbList","@id":"https:\/\/www.article-marketing.eu\/comunicatistampa\/siggi-e-il-valore-del-lavoro-le-novita-per-il-settore-ospitalita\/#breadcrumb","itemListElement":[{"@type":"ListItem","position":1,"name":"Home","item":"https:\/\/www.article-marketing.eu\/comunicatistampa\/"},{"@type":"ListItem","position":2,"name":"Siggi e il valore del lavoro: le novit\u00e0 per il settore ospitalit\u00e0"}]},{"@type":"WebSite","@id":"https:\/\/www.article-marketing.eu\/comunicatistampa\/#website","url":"https:\/\/www.article-marketing.eu\/comunicatistampa\/","name":"Article Marketing","description":"article marketing &amp; press release","potentialAction":[{"@type":"SearchAction","target":{"@type":"EntryPoint","urlTemplate":"https:\/\/www.article-marketing.eu\/comunicatistampa\/?s={search_term_string}"},"query-input":{"@type":"PropertyValueSpecification","valueRequired":true,"valueName":"search_term_string"}}],"inLanguage":"it-IT"},{"@type":"Person","@id":"https:\/\/www.article-marketing.eu\/comunicatistampa\/#\/schema\/person\/87be8e434582be2f78877cfb4325c9e8","name":"Frigerio Press","image":{"@type":"ImageObject","inLanguage":"it-IT","@id":"https:\/\/secure.gravatar.com\/avatar\/038c5359580e32870790183e10270b10b8aaefcadcea43974f2bdd267576d303?s=96&d=mm&r=g","url":"https:\/\/secure.gravatar.com\/avatar\/038c5359580e32870790183e10270b10b8aaefcadcea43974f2bdd267576d303?s=96&d=mm&r=g","contentUrl":"https:\/\/secure.gravatar.com\/avatar\/038c5359580e32870790183e10270b10b8aaefcadcea43974f2bdd267576d303?s=96&d=mm&r=g","caption":"Frigerio Press"},"url":"https:\/\/www.article-marketing.eu\/comunicatistampa\/author\/frigerio-press\/"}]}},"_links":{"self":[{"href":"https:\/\/www.article-marketing.eu\/comunicatistampa\/wp-json\/wp\/v2\/posts\/21422","targetHints":{"allow":["GET"]}}],"collection":[{"href":"https:\/\/www.article-marketing.eu\/comunicatistampa\/wp-json\/wp\/v2\/posts"}],"about":[{"href":"https:\/\/www.article-marketing.eu\/comunicatistampa\/wp-json\/wp\/v2\/types\/post"}],"author":[{"embeddable":true,"href":"https:\/\/www.article-marketing.eu\/comunicatistampa\/wp-json\/wp\/v2\/users\/7046"}],"replies":[{"embeddable":true,"href":"https:\/\/www.article-marketing.eu\/comunicatistampa\/wp-json\/wp\/v2\/comments?post=21422"}],"version-history":[{"count":2,"href":"https:\/\/www.article-marketing.eu\/comunicatistampa\/wp-json\/wp\/v2\/posts\/21422\/revisions"}],"predecessor-version":[{"id":21424,"href":"https:\/\/www.article-marketing.eu\/comunicatistampa\/wp-json\/wp\/v2\/posts\/21422\/revisions\/21424"}],"wp:attachment":[{"href":"https:\/\/www.article-marketing.eu\/comunicatistampa\/wp-json\/wp\/v2\/media?parent=21422"}],"wp:term":[{"taxonomy":"category","embeddable":true,"href":"https:\/\/www.article-marketing.eu\/comunicatistampa\/wp-json\/wp\/v2\/categories?post=21422"},{"taxonomy":"post_tag","embeddable":true,"href":"https:\/\/www.article-marketing.eu\/comunicatistampa\/wp-json\/wp\/v2\/tags?post=21422"}],"curies":[{"name":"wp","href":"https:\/\/api.w.org\/{rel}","templated":true}]}}