{"id":21455,"date":"2021-12-29T03:48:45","date_gmt":"2021-12-29T02:48:45","guid":{"rendered":"https:\/\/www.article-marketing.eu\/comunicatistampa\/?p=21455"},"modified":"2021-12-29T03:48:45","modified_gmt":"2021-12-29T02:48:45","slug":"ami-il-videoclip-de-la-maschera","status":"publish","type":"post","link":"https:\/\/www.article-marketing.eu\/comunicatistampa\/ami-il-videoclip-de-la-maschera\/","title":{"rendered":"Ami, il videoclip de La Maschera"},"content":{"rendered":"<p style=\"text-align: center;\">\u00e8 online il video del nuovo singolo di\u00a0 Ami<\/p>\n<p><img loading=\"lazy\" decoding=\"async\" class=\"aligncenter\" src=\"https:\/\/www.joyfreepress.com\/wp-content\/uploads\/2021\/12\/Ami1.jpg\" width=\"491\" height=\"327\" \/><\/p>\n<p>Perfetta sintesi di immagini che accompagnano musica e testo. E\u2019 questo il risultato del videoclip del nuovo singolo \u201cLa maschera\u201d di Ami, giovane cantante romana, che ha pubblicato il brano lo scorso 26 Novembre. Girato dallo staff dell\u2019agenzia Savana Movies il video \u00e8 l&#8217;ultimo tassello di questo progetto che sta molto a cuore all&#8217;artista, realizzato grazie alla collaborazione con il maestro Mario Zannini Quirini (Lead Records) e l\u2019autrice Paola Angeli. Le riprese visive e la direzione artistica dello short \u2013 movie hanno saputo interpretare perfettamente le emozioni e le sfumature del messaggio di Ami, scaturite da ogni parola del testo in italiano, accompagnato dall\u2019intensit\u00e0 della voce.<\/p>\n<p>Un&#8217;interpretazione che riesce a far da spalla anche alla base musicale formata da un sound elettro &#8211; pop, dal richiamo internazionale, accompagnato da un arrangiamento con archi e bassi che strizza l&#8217;occhio al sound di artiste del calibro di Bjork e Billie Elish, molto amate dalla cantante. \u201cLa maschera\u201d descrive il passaggio tra un momento di debolezza e l&#8217;arrivo di quel tipo di amore che sa guardare oltre e accetta la persona semplicemente per quella che \u00e8.<br \/>\nLa vita pu\u00f2 farci indossare metaforicamente un volto di facciata, una maschera silenziosa che nasconde i momenti di fragilit\u00e0, di debolezza, quando non si \u00e8 accettati del tutto. Si finisce cos\u00ec per\u00a0indossarla sempre, giorno dopo giorno, senza che nessuno si accorga di niente.<\/p>\n<p>Nell\u2019indifferenza generale si pu\u00f2 per\u00f2 giungere alla libert\u00e0 da questa sorta di gabbia, grazie al percorso emotivo dato da un incontro speciale, da un \u201cvero amore\u201d che scioglie ogni riserva e ogni dubbio e ci fa abbandonare definitivamente quella brutta sensazione di dover apparire diverse per essere accettate. E dunque la maschera crolla, lasciando spazio solo alla vera personalit\u00e0, quella autentica che ci fa essere \u201cunici\u201d individui in tutto e per tutto.<\/p>\n<p>Il videoclip \u00e8 visibile al seguente link<br \/>\n<a href=\"https:\/\/youtu.be\/EtcqCwN0s2A\">https:\/\/youtu.be\/EtcqCwN0s2A\u00a0<\/a><\/p>\n<p>Isabel Zolli Promotion Agency<br \/>\nSede Operativa: via Simone De Saint Bon 47 \u2013 Roma<\/p>\n","protected":false},"excerpt":{"rendered":"<p>\u00e8 online il video del nuovo singolo di\u00a0 Ami Perfetta sintesi di immagini che accompagnano musica e testo. E\u2019 questo il risultato del videoclip del nuovo singolo \u201cLa maschera\u201d di Ami, giovane cantante romana, che ha pubblicato il brano lo scorso 26 Novembre. Girato dallo staff dell\u2019agenzia Savana Movies il video \u00e8 l&#8217;ultimo tassello di questo progetto che sta molto a cuore all&#8217;artista, realizzato grazie alla collaborazione con il maestro<\/p>\n<p><a class=\"continue-reading\" href=\"https:\/\/www.article-marketing.eu\/comunicatistampa\/ami-il-videoclip-de-la-maschera\/\">Continue reading&#8230;<\/a><\/p>\n","protected":false},"author":1680,"featured_media":0,"comment_status":"open","ping_status":"open","sticky":false,"template":"","format":"standard","meta":{"_monsterinsights_skip_tracking":false,"_monsterinsights_sitenote_active":false,"_monsterinsights_sitenote_note":"","_monsterinsights_sitenote_category":0,"footnotes":""},"categories":[411],"tags":[9001,9002,2826,7502],"class_list":["post-21455","post","type-post","status-publish","format-standard","hentry","category-musica","tag-ami","tag-la-maschera","tag-online","tag-videoclip"],"yoast_head":"<!-- This site is optimized with the Yoast SEO plugin v27.3 - https:\/\/yoast.com\/product\/yoast-seo-wordpress\/ -->\n<title>Ami, il videoclip de La Maschera - Article Marketing<\/title>\n<meta name=\"robots\" content=\"index, follow, max-snippet:-1, max-image-preview:large, max-video-preview:-1\" \/>\n<link rel=\"canonical\" href=\"https:\/\/www.article-marketing.eu\/comunicatistampa\/ami-il-videoclip-de-la-maschera\/\" \/>\n<meta property=\"og:locale\" content=\"it_IT\" \/>\n<meta property=\"og:type\" content=\"article\" \/>\n<meta property=\"og:title\" content=\"Ami, il videoclip de La Maschera - Article Marketing\" \/>\n<meta property=\"og:description\" content=\"\u00e8 online il video del nuovo singolo di\u00a0 Ami Perfetta sintesi di immagini che accompagnano musica e testo. E\u2019 questo il risultato del videoclip del nuovo singolo \u201cLa maschera\u201d di Ami, giovane cantante romana, che ha pubblicato il brano lo scorso 26 Novembre. Girato dallo staff dell\u2019agenzia Savana Movies il video \u00e8 l&#8217;ultimo tassello di questo progetto che sta molto a cuore all&#8217;artista, realizzato grazie alla collaborazione con il maestroContinue reading...\" \/>\n<meta property=\"og:url\" content=\"https:\/\/www.article-marketing.eu\/comunicatistampa\/ami-il-videoclip-de-la-maschera\/\" \/>\n<meta property=\"og:site_name\" content=\"Article Marketing\" \/>\n<meta property=\"article:published_time\" content=\"2021-12-29T02:48:45+00:00\" \/>\n<meta property=\"og:image\" content=\"https:\/\/www.joyfreepress.com\/wp-content\/uploads\/2021\/12\/Ami1.jpg\" \/>\n<meta name=\"author\" content=\"Micro961\" \/>\n<meta name=\"twitter:card\" content=\"summary_large_image\" \/>\n<meta name=\"twitter:label1\" content=\"Scritto da\" \/>\n\t<meta name=\"twitter:data1\" content=\"Micro961\" \/>\n\t<meta name=\"twitter:label2\" content=\"Tempo di lettura stimato\" \/>\n\t<meta name=\"twitter:data2\" content=\"2 minuti\" \/>\n<script type=\"application\/ld+json\" class=\"yoast-schema-graph\">{\"@context\":\"https:\\\/\\\/schema.org\",\"@graph\":[{\"@type\":\"Article\",\"@id\":\"https:\\\/\\\/www.article-marketing.eu\\\/comunicatistampa\\\/ami-il-videoclip-de-la-maschera\\\/#article\",\"isPartOf\":{\"@id\":\"https:\\\/\\\/www.article-marketing.eu\\\/comunicatistampa\\\/ami-il-videoclip-de-la-maschera\\\/\"},\"author\":{\"name\":\"Micro961\",\"@id\":\"https:\\\/\\\/www.article-marketing.eu\\\/comunicatistampa\\\/#\\\/schema\\\/person\\\/9beeb909be59832a9bcbec84cb3786f5\"},\"headline\":\"Ami, il videoclip de La Maschera\",\"datePublished\":\"2021-12-29T02:48:45+00:00\",\"mainEntityOfPage\":{\"@id\":\"https:\\\/\\\/www.article-marketing.eu\\\/comunicatistampa\\\/ami-il-videoclip-de-la-maschera\\\/\"},\"wordCount\":336,\"commentCount\":0,\"image\":{\"@id\":\"https:\\\/\\\/www.article-marketing.eu\\\/comunicatistampa\\\/ami-il-videoclip-de-la-maschera\\\/#primaryimage\"},\"thumbnailUrl\":\"https:\\\/\\\/www.joyfreepress.com\\\/wp-content\\\/uploads\\\/2021\\\/12\\\/Ami1.jpg\",\"keywords\":[\"Ami\",\"La Maschera\",\"online\",\"Videoclip\"],\"articleSection\":[\"Musica\"],\"inLanguage\":\"it-IT\",\"potentialAction\":[{\"@type\":\"CommentAction\",\"name\":\"Comment\",\"target\":[\"https:\\\/\\\/www.article-marketing.eu\\\/comunicatistampa\\\/ami-il-videoclip-de-la-maschera\\\/#respond\"]}]},{\"@type\":\"WebPage\",\"@id\":\"https:\\\/\\\/www.article-marketing.eu\\\/comunicatistampa\\\/ami-il-videoclip-de-la-maschera\\\/\",\"url\":\"https:\\\/\\\/www.article-marketing.eu\\\/comunicatistampa\\\/ami-il-videoclip-de-la-maschera\\\/\",\"name\":\"Ami, il videoclip de La Maschera - Article Marketing\",\"isPartOf\":{\"@id\":\"https:\\\/\\\/www.article-marketing.eu\\\/comunicatistampa\\\/#website\"},\"primaryImageOfPage\":{\"@id\":\"https:\\\/\\\/www.article-marketing.eu\\\/comunicatistampa\\\/ami-il-videoclip-de-la-maschera\\\/#primaryimage\"},\"image\":{\"@id\":\"https:\\\/\\\/www.article-marketing.eu\\\/comunicatistampa\\\/ami-il-videoclip-de-la-maschera\\\/#primaryimage\"},\"thumbnailUrl\":\"https:\\\/\\\/www.joyfreepress.com\\\/wp-content\\\/uploads\\\/2021\\\/12\\\/Ami1.jpg\",\"datePublished\":\"2021-12-29T02:48:45+00:00\",\"author\":{\"@id\":\"https:\\\/\\\/www.article-marketing.eu\\\/comunicatistampa\\\/#\\\/schema\\\/person\\\/9beeb909be59832a9bcbec84cb3786f5\"},\"breadcrumb\":{\"@id\":\"https:\\\/\\\/www.article-marketing.eu\\\/comunicatistampa\\\/ami-il-videoclip-de-la-maschera\\\/#breadcrumb\"},\"inLanguage\":\"it-IT\",\"potentialAction\":[{\"@type\":\"ReadAction\",\"target\":[\"https:\\\/\\\/www.article-marketing.eu\\\/comunicatistampa\\\/ami-il-videoclip-de-la-maschera\\\/\"]}]},{\"@type\":\"ImageObject\",\"inLanguage\":\"it-IT\",\"@id\":\"https:\\\/\\\/www.article-marketing.eu\\\/comunicatistampa\\\/ami-il-videoclip-de-la-maschera\\\/#primaryimage\",\"url\":\"https:\\\/\\\/www.joyfreepress.com\\\/wp-content\\\/uploads\\\/2021\\\/12\\\/Ami1.jpg\",\"contentUrl\":\"https:\\\/\\\/www.joyfreepress.com\\\/wp-content\\\/uploads\\\/2021\\\/12\\\/Ami1.jpg\"},{\"@type\":\"BreadcrumbList\",\"@id\":\"https:\\\/\\\/www.article-marketing.eu\\\/comunicatistampa\\\/ami-il-videoclip-de-la-maschera\\\/#breadcrumb\",\"itemListElement\":[{\"@type\":\"ListItem\",\"position\":1,\"name\":\"Home\",\"item\":\"https:\\\/\\\/www.article-marketing.eu\\\/comunicatistampa\\\/\"},{\"@type\":\"ListItem\",\"position\":2,\"name\":\"Ami, il videoclip de La Maschera\"}]},{\"@type\":\"WebSite\",\"@id\":\"https:\\\/\\\/www.article-marketing.eu\\\/comunicatistampa\\\/#website\",\"url\":\"https:\\\/\\\/www.article-marketing.eu\\\/comunicatistampa\\\/\",\"name\":\"Article Marketing\",\"description\":\"article marketing &amp; press release\",\"potentialAction\":[{\"@type\":\"SearchAction\",\"target\":{\"@type\":\"EntryPoint\",\"urlTemplate\":\"https:\\\/\\\/www.article-marketing.eu\\\/comunicatistampa\\\/?s={search_term_string}\"},\"query-input\":{\"@type\":\"PropertyValueSpecification\",\"valueRequired\":true,\"valueName\":\"search_term_string\"}}],\"inLanguage\":\"it-IT\"},{\"@type\":\"Person\",\"@id\":\"https:\\\/\\\/www.article-marketing.eu\\\/comunicatistampa\\\/#\\\/schema\\\/person\\\/9beeb909be59832a9bcbec84cb3786f5\",\"name\":\"Micro961\",\"image\":{\"@type\":\"ImageObject\",\"inLanguage\":\"it-IT\",\"@id\":\"https:\\\/\\\/secure.gravatar.com\\\/avatar\\\/cd6f5864b85cc3687c05b2965bb186afcd70a2a89789a156c92a4f1d66e87827?s=96&d=mm&r=g\",\"url\":\"https:\\\/\\\/secure.gravatar.com\\\/avatar\\\/cd6f5864b85cc3687c05b2965bb186afcd70a2a89789a156c92a4f1d66e87827?s=96&d=mm&r=g\",\"contentUrl\":\"https:\\\/\\\/secure.gravatar.com\\\/avatar\\\/cd6f5864b85cc3687c05b2965bb186afcd70a2a89789a156c92a4f1d66e87827?s=96&d=mm&r=g\",\"caption\":\"Micro961\"},\"url\":\"https:\\\/\\\/www.article-marketing.eu\\\/comunicatistampa\\\/author\\\/micro961\\\/\"}]}<\/script>\n<!-- \/ Yoast SEO plugin. -->","yoast_head_json":{"title":"Ami, il videoclip de La Maschera - Article Marketing","robots":{"index":"index","follow":"follow","max-snippet":"max-snippet:-1","max-image-preview":"max-image-preview:large","max-video-preview":"max-video-preview:-1"},"canonical":"https:\/\/www.article-marketing.eu\/comunicatistampa\/ami-il-videoclip-de-la-maschera\/","og_locale":"it_IT","og_type":"article","og_title":"Ami, il videoclip de La Maschera - Article Marketing","og_description":"\u00e8 online il video del nuovo singolo di\u00a0 Ami Perfetta sintesi di immagini che accompagnano musica e testo. E\u2019 questo il risultato del videoclip del nuovo singolo \u201cLa maschera\u201d di Ami, giovane cantante romana, che ha pubblicato il brano lo scorso 26 Novembre. Girato dallo staff dell\u2019agenzia Savana Movies il video \u00e8 l&#8217;ultimo tassello di questo progetto che sta molto a cuore all&#8217;artista, realizzato grazie alla collaborazione con il maestroContinue reading...","og_url":"https:\/\/www.article-marketing.eu\/comunicatistampa\/ami-il-videoclip-de-la-maschera\/","og_site_name":"Article Marketing","article_published_time":"2021-12-29T02:48:45+00:00","og_image":[{"url":"https:\/\/www.joyfreepress.com\/wp-content\/uploads\/2021\/12\/Ami1.jpg","type":"","width":"","height":""}],"author":"Micro961","twitter_card":"summary_large_image","twitter_misc":{"Scritto da":"Micro961","Tempo di lettura stimato":"2 minuti"},"schema":{"@context":"https:\/\/schema.org","@graph":[{"@type":"Article","@id":"https:\/\/www.article-marketing.eu\/comunicatistampa\/ami-il-videoclip-de-la-maschera\/#article","isPartOf":{"@id":"https:\/\/www.article-marketing.eu\/comunicatistampa\/ami-il-videoclip-de-la-maschera\/"},"author":{"name":"Micro961","@id":"https:\/\/www.article-marketing.eu\/comunicatistampa\/#\/schema\/person\/9beeb909be59832a9bcbec84cb3786f5"},"headline":"Ami, il videoclip de La Maschera","datePublished":"2021-12-29T02:48:45+00:00","mainEntityOfPage":{"@id":"https:\/\/www.article-marketing.eu\/comunicatistampa\/ami-il-videoclip-de-la-maschera\/"},"wordCount":336,"commentCount":0,"image":{"@id":"https:\/\/www.article-marketing.eu\/comunicatistampa\/ami-il-videoclip-de-la-maschera\/#primaryimage"},"thumbnailUrl":"https:\/\/www.joyfreepress.com\/wp-content\/uploads\/2021\/12\/Ami1.jpg","keywords":["Ami","La Maschera","online","Videoclip"],"articleSection":["Musica"],"inLanguage":"it-IT","potentialAction":[{"@type":"CommentAction","name":"Comment","target":["https:\/\/www.article-marketing.eu\/comunicatistampa\/ami-il-videoclip-de-la-maschera\/#respond"]}]},{"@type":"WebPage","@id":"https:\/\/www.article-marketing.eu\/comunicatistampa\/ami-il-videoclip-de-la-maschera\/","url":"https:\/\/www.article-marketing.eu\/comunicatistampa\/ami-il-videoclip-de-la-maschera\/","name":"Ami, il videoclip de La Maschera - Article Marketing","isPartOf":{"@id":"https:\/\/www.article-marketing.eu\/comunicatistampa\/#website"},"primaryImageOfPage":{"@id":"https:\/\/www.article-marketing.eu\/comunicatistampa\/ami-il-videoclip-de-la-maschera\/#primaryimage"},"image":{"@id":"https:\/\/www.article-marketing.eu\/comunicatistampa\/ami-il-videoclip-de-la-maschera\/#primaryimage"},"thumbnailUrl":"https:\/\/www.joyfreepress.com\/wp-content\/uploads\/2021\/12\/Ami1.jpg","datePublished":"2021-12-29T02:48:45+00:00","author":{"@id":"https:\/\/www.article-marketing.eu\/comunicatistampa\/#\/schema\/person\/9beeb909be59832a9bcbec84cb3786f5"},"breadcrumb":{"@id":"https:\/\/www.article-marketing.eu\/comunicatistampa\/ami-il-videoclip-de-la-maschera\/#breadcrumb"},"inLanguage":"it-IT","potentialAction":[{"@type":"ReadAction","target":["https:\/\/www.article-marketing.eu\/comunicatistampa\/ami-il-videoclip-de-la-maschera\/"]}]},{"@type":"ImageObject","inLanguage":"it-IT","@id":"https:\/\/www.article-marketing.eu\/comunicatistampa\/ami-il-videoclip-de-la-maschera\/#primaryimage","url":"https:\/\/www.joyfreepress.com\/wp-content\/uploads\/2021\/12\/Ami1.jpg","contentUrl":"https:\/\/www.joyfreepress.com\/wp-content\/uploads\/2021\/12\/Ami1.jpg"},{"@type":"BreadcrumbList","@id":"https:\/\/www.article-marketing.eu\/comunicatistampa\/ami-il-videoclip-de-la-maschera\/#breadcrumb","itemListElement":[{"@type":"ListItem","position":1,"name":"Home","item":"https:\/\/www.article-marketing.eu\/comunicatistampa\/"},{"@type":"ListItem","position":2,"name":"Ami, il videoclip de La Maschera"}]},{"@type":"WebSite","@id":"https:\/\/www.article-marketing.eu\/comunicatistampa\/#website","url":"https:\/\/www.article-marketing.eu\/comunicatistampa\/","name":"Article Marketing","description":"article marketing &amp; press release","potentialAction":[{"@type":"SearchAction","target":{"@type":"EntryPoint","urlTemplate":"https:\/\/www.article-marketing.eu\/comunicatistampa\/?s={search_term_string}"},"query-input":{"@type":"PropertyValueSpecification","valueRequired":true,"valueName":"search_term_string"}}],"inLanguage":"it-IT"},{"@type":"Person","@id":"https:\/\/www.article-marketing.eu\/comunicatistampa\/#\/schema\/person\/9beeb909be59832a9bcbec84cb3786f5","name":"Micro961","image":{"@type":"ImageObject","inLanguage":"it-IT","@id":"https:\/\/secure.gravatar.com\/avatar\/cd6f5864b85cc3687c05b2965bb186afcd70a2a89789a156c92a4f1d66e87827?s=96&d=mm&r=g","url":"https:\/\/secure.gravatar.com\/avatar\/cd6f5864b85cc3687c05b2965bb186afcd70a2a89789a156c92a4f1d66e87827?s=96&d=mm&r=g","contentUrl":"https:\/\/secure.gravatar.com\/avatar\/cd6f5864b85cc3687c05b2965bb186afcd70a2a89789a156c92a4f1d66e87827?s=96&d=mm&r=g","caption":"Micro961"},"url":"https:\/\/www.article-marketing.eu\/comunicatistampa\/author\/micro961\/"}]}},"_links":{"self":[{"href":"https:\/\/www.article-marketing.eu\/comunicatistampa\/wp-json\/wp\/v2\/posts\/21455","targetHints":{"allow":["GET"]}}],"collection":[{"href":"https:\/\/www.article-marketing.eu\/comunicatistampa\/wp-json\/wp\/v2\/posts"}],"about":[{"href":"https:\/\/www.article-marketing.eu\/comunicatistampa\/wp-json\/wp\/v2\/types\/post"}],"author":[{"embeddable":true,"href":"https:\/\/www.article-marketing.eu\/comunicatistampa\/wp-json\/wp\/v2\/users\/1680"}],"replies":[{"embeddable":true,"href":"https:\/\/www.article-marketing.eu\/comunicatistampa\/wp-json\/wp\/v2\/comments?post=21455"}],"version-history":[{"count":2,"href":"https:\/\/www.article-marketing.eu\/comunicatistampa\/wp-json\/wp\/v2\/posts\/21455\/revisions"}],"predecessor-version":[{"id":21479,"href":"https:\/\/www.article-marketing.eu\/comunicatistampa\/wp-json\/wp\/v2\/posts\/21455\/revisions\/21479"}],"wp:attachment":[{"href":"https:\/\/www.article-marketing.eu\/comunicatistampa\/wp-json\/wp\/v2\/media?parent=21455"}],"wp:term":[{"taxonomy":"category","embeddable":true,"href":"https:\/\/www.article-marketing.eu\/comunicatistampa\/wp-json\/wp\/v2\/categories?post=21455"},{"taxonomy":"post_tag","embeddable":true,"href":"https:\/\/www.article-marketing.eu\/comunicatistampa\/wp-json\/wp\/v2\/tags?post=21455"}],"curies":[{"name":"wp","href":"https:\/\/api.w.org\/{rel}","templated":true}]}}