{"id":21471,"date":"2021-12-29T13:58:12","date_gmt":"2021-12-29T12:58:12","guid":{"rendered":"https:\/\/www.article-marketing.eu\/comunicatistampa\/?p=21471"},"modified":"2021-12-29T03:59:05","modified_gmt":"2021-12-29T02:59:05","slug":"otorinolaringoiatria-moderna-i-trattamenti-della-dott-ssa-giuditta-mannelli","status":"publish","type":"post","link":"https:\/\/www.article-marketing.eu\/comunicatistampa\/otorinolaringoiatria-moderna-i-trattamenti-della-dott-ssa-giuditta-mannelli\/","title":{"rendered":"Otorinolaringoiatria moderna: i trattamenti della Dott.ssa Giuditta Mannelli"},"content":{"rendered":"<div><strong>La Dott.ssa Giuditta Mannelli \u00e8 specializzata in Otorinolaringoiatria e in Chirurgia Cervico-Facciale<\/strong>, ovvero si occupa della chirurgia oncologica e ricostruttiva della testa e del collo, delle patologie del naso, dei tumori benigni e maligni della cavit\u00e0 orale, della laringe e della faringe, ma anche delle ghiandole salivari, della tiroide e delle ghiandole paratiroidi.<br \/>\nLavora privatamente e in regime convenzionato presso<strong> l\u2019Azienda Ospedaliera Universitaria Careggi, a Firenze<\/strong>.<br \/>\nSvolge attivit\u00e0 ambulatoriali e otorinolaringoiatriche, attivit\u00e0 di ricovero e di sala operatoria come interventi chirurgici per l&#8217;asportazione della massa tumorale, ma anche interventi urgenti non programmati, eseguiti utilizzando i sistemi chirurgici all&#8217;avanguardia come la chirurgia endoscopica e l&#8217;impiego del laser nella microchirurgia laringea.<strong>Otorinolaringoiatria: come si svolgono i trattamenti di otorinolaringoiatria?<\/strong><\/p>\n<p>La Dott.ssa Giuditta Mannelli svolge visite otorinolaringoiatriche in base alla cartella clinica di ciascun paziente, il quale, a sua volta, espone i diversi sintomi che manifesta.<br \/>\nIl trattamento vero e proprio, inizia effettuando un esame obiettivo del collo, per poi procedere con una diagnosi di una orofaringoscopia, un&#8217;endoscopia nasale (grazie all&#8217;ausilio di un rinoscopio e di una luce frontale) e con un test diagnostico della laringe (rigido o flessibile). Questo trattamento,<strong> non \u00e8 invasivo<\/strong> dal momento che la Dott.ssa Mannelli utilizza sondini naso-gastrici estremamente fini, grazie ai quali riesce ad occuparsi brillantemente anche dei pazienti la cui et\u00e0 va dai 0 a 18 anni.<br \/>\nLa visita otorinolaringoiatrica prosegue con l&#8217;otoscopia che interessa anche la membrana timpanica. Si continuer\u00e0 con la valutazione morfologica delle fosse nasali, esaminando sia i seni paranasali che la nasofaringe.<br \/>\nOve mai il paziente dovesse riferire determinati sintomi, la dottoressa potr\u00e0 effettuare un test audiometrico, un&#8217;ispezione tramite la quale \u00e8 possibile valutare la funzionalit\u00e0 dell&#8217;orecchio e la sua sensibilit\u00e0.<br \/>\nIn ultimo luogo, viene eseguito un esame impedenzometrico o viene effettuato lo studio della funzione nasale, come la rinomanometria o l&#8217;olfattometria.<\/p>\n<p><strong>Otorinolaringoiatra: le patologie trattate dalla Dott.ssa Mannelli<\/strong><\/p>\n<p><strong>Sono molteplici i disturbi trattati e guariti dalla <a href=\"https:\/\/www.otorinogiudittamannelli.it\/\">Dott.ssa Mannelli<\/a>.<\/strong><br \/>\nTra i sintomi pi\u00f9 frequenti in questa branca della medicina vi sono: la xerostomia, i problemi respiratori causati da asma e rinite cronica, la formazione di polipi nasali, le disfunzioni e ostruzioni nasali, disturbi cronici come la roncopatia ostruttiva, ma anche mal di gola da reflusso, sangue dal naso e otite. In aggiunta ai sintomi appena elencati, subentrano anche ulteriori complicazioni legate alle corde vocali con conseguente abbassamento della voce, secchezza crescente della mucosa orale per via della cosiddetta &#8220;Sindrome di Sjogren&#8221; , rinosinusite, tonsillite, piccole lesioni della cute e infezioni batteriche, come la candida orale.<\/p>\n<p><strong>Per alcuni di questi disturbi, la Dott.ssa Mannelli prescrive una cura farmacologica, mentre in altri casi, per potrebbe essere richiesto un intervento in ambulatorio o in sala operatoria<\/strong>, con l&#8217;impiego di tutti gli strumenti, di tecniche e metodologie all&#8217;avanguardia.<\/p>\n<p>Per qualsiasi disturbo relativo a naso, bocca, orecchie e collo, <strong>ti baster\u00e0 compilare il form sul sito della Dott.ssa Mannelli e sarai contattato al pi\u00f9 presto per fissare un appuntamento per una visita specialistica.<\/strong><\/p>\n<\/div>\n<div><\/div>\n","protected":false},"excerpt":{"rendered":"<p>La Dott.ssa Giuditta Mannelli \u00e8 specializzata in Otorinolaringoiatria e in Chirurgia Cervico-Facciale, ovvero si occupa della chirurgia oncologica e ricostruttiva della testa e del collo, delle patologie del naso, dei tumori benigni e maligni della cavit\u00e0 orale, della laringe e della faringe, ma anche delle ghiandole salivari, della tiroide e delle ghiandole paratiroidi. Lavora privatamente e in regime convenzionato presso l\u2019Azienda Ospedaliera Universitaria Careggi, a Firenze. Svolge attivit\u00e0 ambulatoriali e<\/p>\n<p><a class=\"continue-reading\" href=\"https:\/\/www.article-marketing.eu\/comunicatistampa\/otorinolaringoiatria-moderna-i-trattamenti-della-dott-ssa-giuditta-mannelli\/\">Continue reading&#8230;<\/a><\/p>\n","protected":false},"author":2423,"featured_media":0,"comment_status":"open","ping_status":"open","sticky":false,"template":"","format":"standard","meta":{"_monsterinsights_skip_tracking":false,"_monsterinsights_sitenote_active":false,"_monsterinsights_sitenote_note":"","_monsterinsights_sitenote_category":0,"footnotes":""},"categories":[369],"tags":[9079],"class_list":["post-21471","post","type-post","status-publish","format-standard","hentry","category-salute-e-benessere","tag-otorinolaringoiatria"],"yoast_head":"<!-- This site is optimized with the Yoast SEO plugin v27.3 - https:\/\/yoast.com\/product\/yoast-seo-wordpress\/ -->\n<title>Otorinolaringoiatria moderna: i trattamenti della Dott.ssa Giuditta Mannelli<\/title>\n<meta name=\"description\" content=\"La Dott.ssa Mannelli \u00e8 specializzata in Otorinolaringoiatria e in Chirurgia Cervico-Facciale, Azienda Ospedaliera Universitaria a Firenze\" \/>\n<meta name=\"robots\" content=\"index, follow, max-snippet:-1, max-image-preview:large, max-video-preview:-1\" \/>\n<link rel=\"canonical\" href=\"https:\/\/www.article-marketing.eu\/comunicatistampa\/otorinolaringoiatria-moderna-i-trattamenti-della-dott-ssa-giuditta-mannelli\/\" \/>\n<meta property=\"og:locale\" content=\"it_IT\" \/>\n<meta property=\"og:type\" content=\"article\" \/>\n<meta property=\"og:title\" content=\"Otorinolaringoiatria moderna: i trattamenti della Dott.ssa Giuditta Mannelli\" \/>\n<meta property=\"og:description\" content=\"La Dott.ssa Mannelli \u00e8 specializzata in Otorinolaringoiatria e in Chirurgia Cervico-Facciale, Azienda Ospedaliera Universitaria a Firenze\" \/>\n<meta property=\"og:url\" content=\"https:\/\/www.article-marketing.eu\/comunicatistampa\/otorinolaringoiatria-moderna-i-trattamenti-della-dott-ssa-giuditta-mannelli\/\" \/>\n<meta property=\"og:site_name\" content=\"Article Marketing\" \/>\n<meta property=\"article:published_time\" content=\"2021-12-29T12:58:12+00:00\" \/>\n<meta name=\"author\" content=\"seojoco\" \/>\n<meta name=\"twitter:card\" content=\"summary_large_image\" \/>\n<meta name=\"twitter:label1\" content=\"Scritto da\" \/>\n\t<meta name=\"twitter:data1\" content=\"seojoco\" \/>\n\t<meta name=\"twitter:label2\" content=\"Tempo di lettura stimato\" \/>\n\t<meta name=\"twitter:data2\" content=\"3 minuti\" \/>\n<script type=\"application\/ld+json\" class=\"yoast-schema-graph\">{\"@context\":\"https:\\\/\\\/schema.org\",\"@graph\":[{\"@type\":\"Article\",\"@id\":\"https:\\\/\\\/www.article-marketing.eu\\\/comunicatistampa\\\/otorinolaringoiatria-moderna-i-trattamenti-della-dott-ssa-giuditta-mannelli\\\/#article\",\"isPartOf\":{\"@id\":\"https:\\\/\\\/www.article-marketing.eu\\\/comunicatistampa\\\/otorinolaringoiatria-moderna-i-trattamenti-della-dott-ssa-giuditta-mannelli\\\/\"},\"author\":{\"name\":\"seojoco\",\"@id\":\"https:\\\/\\\/www.article-marketing.eu\\\/comunicatistampa\\\/#\\\/schema\\\/person\\\/960896793adf67d3b34c748b5f302999\"},\"headline\":\"Otorinolaringoiatria moderna: i trattamenti della Dott.ssa Giuditta Mannelli\",\"datePublished\":\"2021-12-29T12:58:12+00:00\",\"mainEntityOfPage\":{\"@id\":\"https:\\\/\\\/www.article-marketing.eu\\\/comunicatistampa\\\/otorinolaringoiatria-moderna-i-trattamenti-della-dott-ssa-giuditta-mannelli\\\/\"},\"wordCount\":497,\"commentCount\":0,\"keywords\":[\"Otorinolaringoiatria\"],\"articleSection\":[\"Salute e benessere\"],\"inLanguage\":\"it-IT\",\"potentialAction\":[{\"@type\":\"CommentAction\",\"name\":\"Comment\",\"target\":[\"https:\\\/\\\/www.article-marketing.eu\\\/comunicatistampa\\\/otorinolaringoiatria-moderna-i-trattamenti-della-dott-ssa-giuditta-mannelli\\\/#respond\"]}]},{\"@type\":\"WebPage\",\"@id\":\"https:\\\/\\\/www.article-marketing.eu\\\/comunicatistampa\\\/otorinolaringoiatria-moderna-i-trattamenti-della-dott-ssa-giuditta-mannelli\\\/\",\"url\":\"https:\\\/\\\/www.article-marketing.eu\\\/comunicatistampa\\\/otorinolaringoiatria-moderna-i-trattamenti-della-dott-ssa-giuditta-mannelli\\\/\",\"name\":\"Otorinolaringoiatria moderna: i trattamenti della Dott.ssa Giuditta Mannelli\",\"isPartOf\":{\"@id\":\"https:\\\/\\\/www.article-marketing.eu\\\/comunicatistampa\\\/#website\"},\"datePublished\":\"2021-12-29T12:58:12+00:00\",\"author\":{\"@id\":\"https:\\\/\\\/www.article-marketing.eu\\\/comunicatistampa\\\/#\\\/schema\\\/person\\\/960896793adf67d3b34c748b5f302999\"},\"description\":\"La Dott.ssa Mannelli \u00e8 specializzata in Otorinolaringoiatria e in Chirurgia Cervico-Facciale, Azienda Ospedaliera Universitaria a Firenze\",\"breadcrumb\":{\"@id\":\"https:\\\/\\\/www.article-marketing.eu\\\/comunicatistampa\\\/otorinolaringoiatria-moderna-i-trattamenti-della-dott-ssa-giuditta-mannelli\\\/#breadcrumb\"},\"inLanguage\":\"it-IT\",\"potentialAction\":[{\"@type\":\"ReadAction\",\"target\":[\"https:\\\/\\\/www.article-marketing.eu\\\/comunicatistampa\\\/otorinolaringoiatria-moderna-i-trattamenti-della-dott-ssa-giuditta-mannelli\\\/\"]}]},{\"@type\":\"BreadcrumbList\",\"@id\":\"https:\\\/\\\/www.article-marketing.eu\\\/comunicatistampa\\\/otorinolaringoiatria-moderna-i-trattamenti-della-dott-ssa-giuditta-mannelli\\\/#breadcrumb\",\"itemListElement\":[{\"@type\":\"ListItem\",\"position\":1,\"name\":\"Home\",\"item\":\"https:\\\/\\\/www.article-marketing.eu\\\/comunicatistampa\\\/\"},{\"@type\":\"ListItem\",\"position\":2,\"name\":\"Otorinolaringoiatria moderna: i trattamenti della Dott.ssa Giuditta Mannelli\"}]},{\"@type\":\"WebSite\",\"@id\":\"https:\\\/\\\/www.article-marketing.eu\\\/comunicatistampa\\\/#website\",\"url\":\"https:\\\/\\\/www.article-marketing.eu\\\/comunicatistampa\\\/\",\"name\":\"Article Marketing\",\"description\":\"article marketing &amp; press release\",\"potentialAction\":[{\"@type\":\"SearchAction\",\"target\":{\"@type\":\"EntryPoint\",\"urlTemplate\":\"https:\\\/\\\/www.article-marketing.eu\\\/comunicatistampa\\\/?s={search_term_string}\"},\"query-input\":{\"@type\":\"PropertyValueSpecification\",\"valueRequired\":true,\"valueName\":\"search_term_string\"}}],\"inLanguage\":\"it-IT\"},{\"@type\":\"Person\",\"@id\":\"https:\\\/\\\/www.article-marketing.eu\\\/comunicatistampa\\\/#\\\/schema\\\/person\\\/960896793adf67d3b34c748b5f302999\",\"name\":\"seojoco\",\"image\":{\"@type\":\"ImageObject\",\"inLanguage\":\"it-IT\",\"@id\":\"https:\\\/\\\/secure.gravatar.com\\\/avatar\\\/90900bb8f9e31fb7a29847785ace13de0b0d4513d9ba30792bc4633030b5b6b3?s=96&d=mm&r=g\",\"url\":\"https:\\\/\\\/secure.gravatar.com\\\/avatar\\\/90900bb8f9e31fb7a29847785ace13de0b0d4513d9ba30792bc4633030b5b6b3?s=96&d=mm&r=g\",\"contentUrl\":\"https:\\\/\\\/secure.gravatar.com\\\/avatar\\\/90900bb8f9e31fb7a29847785ace13de0b0d4513d9ba30792bc4633030b5b6b3?s=96&d=mm&r=g\",\"caption\":\"seojoco\"},\"url\":\"https:\\\/\\\/www.article-marketing.eu\\\/comunicatistampa\\\/author\\\/seojoco\\\/\"}]}<\/script>\n<!-- \/ Yoast SEO plugin. -->","yoast_head_json":{"title":"Otorinolaringoiatria moderna: i trattamenti della Dott.ssa Giuditta Mannelli","description":"La Dott.ssa Mannelli \u00e8 specializzata in Otorinolaringoiatria e in Chirurgia Cervico-Facciale, Azienda Ospedaliera Universitaria a Firenze","robots":{"index":"index","follow":"follow","max-snippet":"max-snippet:-1","max-image-preview":"max-image-preview:large","max-video-preview":"max-video-preview:-1"},"canonical":"https:\/\/www.article-marketing.eu\/comunicatistampa\/otorinolaringoiatria-moderna-i-trattamenti-della-dott-ssa-giuditta-mannelli\/","og_locale":"it_IT","og_type":"article","og_title":"Otorinolaringoiatria moderna: i trattamenti della Dott.ssa Giuditta Mannelli","og_description":"La Dott.ssa Mannelli \u00e8 specializzata in Otorinolaringoiatria e in Chirurgia Cervico-Facciale, Azienda Ospedaliera Universitaria a Firenze","og_url":"https:\/\/www.article-marketing.eu\/comunicatistampa\/otorinolaringoiatria-moderna-i-trattamenti-della-dott-ssa-giuditta-mannelli\/","og_site_name":"Article Marketing","article_published_time":"2021-12-29T12:58:12+00:00","author":"seojoco","twitter_card":"summary_large_image","twitter_misc":{"Scritto da":"seojoco","Tempo di lettura stimato":"3 minuti"},"schema":{"@context":"https:\/\/schema.org","@graph":[{"@type":"Article","@id":"https:\/\/www.article-marketing.eu\/comunicatistampa\/otorinolaringoiatria-moderna-i-trattamenti-della-dott-ssa-giuditta-mannelli\/#article","isPartOf":{"@id":"https:\/\/www.article-marketing.eu\/comunicatistampa\/otorinolaringoiatria-moderna-i-trattamenti-della-dott-ssa-giuditta-mannelli\/"},"author":{"name":"seojoco","@id":"https:\/\/www.article-marketing.eu\/comunicatistampa\/#\/schema\/person\/960896793adf67d3b34c748b5f302999"},"headline":"Otorinolaringoiatria moderna: i trattamenti della Dott.ssa Giuditta Mannelli","datePublished":"2021-12-29T12:58:12+00:00","mainEntityOfPage":{"@id":"https:\/\/www.article-marketing.eu\/comunicatistampa\/otorinolaringoiatria-moderna-i-trattamenti-della-dott-ssa-giuditta-mannelli\/"},"wordCount":497,"commentCount":0,"keywords":["Otorinolaringoiatria"],"articleSection":["Salute e benessere"],"inLanguage":"it-IT","potentialAction":[{"@type":"CommentAction","name":"Comment","target":["https:\/\/www.article-marketing.eu\/comunicatistampa\/otorinolaringoiatria-moderna-i-trattamenti-della-dott-ssa-giuditta-mannelli\/#respond"]}]},{"@type":"WebPage","@id":"https:\/\/www.article-marketing.eu\/comunicatistampa\/otorinolaringoiatria-moderna-i-trattamenti-della-dott-ssa-giuditta-mannelli\/","url":"https:\/\/www.article-marketing.eu\/comunicatistampa\/otorinolaringoiatria-moderna-i-trattamenti-della-dott-ssa-giuditta-mannelli\/","name":"Otorinolaringoiatria moderna: i trattamenti della Dott.ssa Giuditta Mannelli","isPartOf":{"@id":"https:\/\/www.article-marketing.eu\/comunicatistampa\/#website"},"datePublished":"2021-12-29T12:58:12+00:00","author":{"@id":"https:\/\/www.article-marketing.eu\/comunicatistampa\/#\/schema\/person\/960896793adf67d3b34c748b5f302999"},"description":"La Dott.ssa Mannelli \u00e8 specializzata in Otorinolaringoiatria e in Chirurgia Cervico-Facciale, Azienda Ospedaliera Universitaria a Firenze","breadcrumb":{"@id":"https:\/\/www.article-marketing.eu\/comunicatistampa\/otorinolaringoiatria-moderna-i-trattamenti-della-dott-ssa-giuditta-mannelli\/#breadcrumb"},"inLanguage":"it-IT","potentialAction":[{"@type":"ReadAction","target":["https:\/\/www.article-marketing.eu\/comunicatistampa\/otorinolaringoiatria-moderna-i-trattamenti-della-dott-ssa-giuditta-mannelli\/"]}]},{"@type":"BreadcrumbList","@id":"https:\/\/www.article-marketing.eu\/comunicatistampa\/otorinolaringoiatria-moderna-i-trattamenti-della-dott-ssa-giuditta-mannelli\/#breadcrumb","itemListElement":[{"@type":"ListItem","position":1,"name":"Home","item":"https:\/\/www.article-marketing.eu\/comunicatistampa\/"},{"@type":"ListItem","position":2,"name":"Otorinolaringoiatria moderna: i trattamenti della Dott.ssa Giuditta Mannelli"}]},{"@type":"WebSite","@id":"https:\/\/www.article-marketing.eu\/comunicatistampa\/#website","url":"https:\/\/www.article-marketing.eu\/comunicatistampa\/","name":"Article Marketing","description":"article marketing &amp; press release","potentialAction":[{"@type":"SearchAction","target":{"@type":"EntryPoint","urlTemplate":"https:\/\/www.article-marketing.eu\/comunicatistampa\/?s={search_term_string}"},"query-input":{"@type":"PropertyValueSpecification","valueRequired":true,"valueName":"search_term_string"}}],"inLanguage":"it-IT"},{"@type":"Person","@id":"https:\/\/www.article-marketing.eu\/comunicatistampa\/#\/schema\/person\/960896793adf67d3b34c748b5f302999","name":"seojoco","image":{"@type":"ImageObject","inLanguage":"it-IT","@id":"https:\/\/secure.gravatar.com\/avatar\/90900bb8f9e31fb7a29847785ace13de0b0d4513d9ba30792bc4633030b5b6b3?s=96&d=mm&r=g","url":"https:\/\/secure.gravatar.com\/avatar\/90900bb8f9e31fb7a29847785ace13de0b0d4513d9ba30792bc4633030b5b6b3?s=96&d=mm&r=g","contentUrl":"https:\/\/secure.gravatar.com\/avatar\/90900bb8f9e31fb7a29847785ace13de0b0d4513d9ba30792bc4633030b5b6b3?s=96&d=mm&r=g","caption":"seojoco"},"url":"https:\/\/www.article-marketing.eu\/comunicatistampa\/author\/seojoco\/"}]}},"_links":{"self":[{"href":"https:\/\/www.article-marketing.eu\/comunicatistampa\/wp-json\/wp\/v2\/posts\/21471","targetHints":{"allow":["GET"]}}],"collection":[{"href":"https:\/\/www.article-marketing.eu\/comunicatistampa\/wp-json\/wp\/v2\/posts"}],"about":[{"href":"https:\/\/www.article-marketing.eu\/comunicatistampa\/wp-json\/wp\/v2\/types\/post"}],"author":[{"embeddable":true,"href":"https:\/\/www.article-marketing.eu\/comunicatistampa\/wp-json\/wp\/v2\/users\/2423"}],"replies":[{"embeddable":true,"href":"https:\/\/www.article-marketing.eu\/comunicatistampa\/wp-json\/wp\/v2\/comments?post=21471"}],"version-history":[{"count":2,"href":"https:\/\/www.article-marketing.eu\/comunicatistampa\/wp-json\/wp\/v2\/posts\/21471\/revisions"}],"predecessor-version":[{"id":21485,"href":"https:\/\/www.article-marketing.eu\/comunicatistampa\/wp-json\/wp\/v2\/posts\/21471\/revisions\/21485"}],"wp:attachment":[{"href":"https:\/\/www.article-marketing.eu\/comunicatistampa\/wp-json\/wp\/v2\/media?parent=21471"}],"wp:term":[{"taxonomy":"category","embeddable":true,"href":"https:\/\/www.article-marketing.eu\/comunicatistampa\/wp-json\/wp\/v2\/categories?post=21471"},{"taxonomy":"post_tag","embeddable":true,"href":"https:\/\/www.article-marketing.eu\/comunicatistampa\/wp-json\/wp\/v2\/tags?post=21471"}],"curies":[{"name":"wp","href":"https:\/\/api.w.org\/{rel}","templated":true}]}}