{"id":21564,"date":"2022-01-18T19:02:49","date_gmt":"2022-01-18T18:02:49","guid":{"rendered":"https:\/\/www.article-marketing.eu\/comunicatistampa\/?p=21564"},"modified":"2022-01-18T19:02:49","modified_gmt":"2022-01-18T18:02:49","slug":"sicurezza-sul-lavoro-cosa-cambia-con-le-modifiche-al-decreto-81","status":"publish","type":"post","link":"https:\/\/www.article-marketing.eu\/comunicatistampa\/sicurezza-sul-lavoro-cosa-cambia-con-le-modifiche-al-decreto-81\/","title":{"rendered":"Sicurezza sul lavoro: cosa cambia con le modifiche al decreto 81"},"content":{"rendered":"<h1>Comunicato Stampa<\/h1>\n<h1><\/h1>\n<h1>Sicurezza sul lavoro: cosa cambia con le modifiche al decreto 81<\/h1>\n<h1><\/h1>\n<p><strong><em>Il 24 gennaio 2022 un webinar gratuito per conoscere e analizzare le recenti modifiche del D.Lgs. 81\/2008 e le prospettive future delle figure della sicurezza.<\/em><\/strong><\/p>\n<p>&nbsp;<\/p>\n<p>Di fronte ai molti infortuni mortali che sono avvenuti nei luoghi di lavoro in questi mesi, anche in relazione alla ripresa completa delle attivit\u00e0 lavorative, in questi mesi il Governo ha varato norme che hanno portato a modifiche sostanziali e importanti del Testo Unico in materia di tutela della salute e della sicurezza nei luoghi di lavoro, il <strong>decreto legislativo 9 aprile 2008, n. 81<\/strong>.<\/p>\n<p>&nbsp;<\/p>\n<p>L\u2019insieme delle modifiche dovute al cosiddetto decreto fiscale (o fisco-lavoro) \u2013 il <strong>decreto-legge 21 ottobre 2021, n. 146<\/strong> \u2013 e successivamente alla <strong>Legge 17 dicembre 2021, n. 215<\/strong> &#8211; Conversione in legge, con modificazioni, del DL 146\/2021 \u2013 costituiscono quasi una <strong>miniriforma<\/strong> del Testo Unico di sicurezza.<\/p>\n<p>&nbsp;<\/p>\n<p><strong>Qual \u00e8 l\u2019impatto di queste modifiche sulla tutale della salute e sicurezza dei lavoratori? Come cambia il ruolo e il lavoro degli attori della sicurezza? Quali sono le prospettive future per la gestione della sicurezza sul lavoro nelle aziende?<\/strong><\/p>\n<p>&nbsp;<\/p>\n<p><strong>Il webinar gratuito sulle novit\u00e0 in materia di salute e sicurezza <\/strong><\/p>\n<p>Per aiutare aziende e operatori a conoscere cosa cambia in materia di salute e sicurezza, l\u2019<strong>Associazione Italiana Formatori ed Operatori della Sicurezza sul Lavoro<\/strong> (AiFOS) organizza per <strong>luned\u00ec<\/strong> <strong>24 gennaio 2022 <\/strong>un webinar gratuito di 2 ore dal titolo \u201c<strong>Come cambia la sicurezza &#8211; Le novit\u00e0 del D.L. 146\/2021 e Legge di conversione 215\/2021<\/strong>\u201d.<\/p>\n<p>&nbsp;<\/p>\n<p>Il webinar si pone l\u2019obiettivo di analizzare le novit\u00e0 intervenute nel mondo della salute e sicurezza e le recenti modifiche del D.Lgs. 81\/2008 apportate dal D.L. 21 ottobre 2021, n. 146 e dalla successiva Legge di Conversione n. 215 del 17 dicembre 2021, nonch\u00e9 le prospettive future delle figure della sicurezza.<\/p>\n<p>&nbsp;<\/p>\n<p><strong>Le modifiche del Testo Unico e le novit\u00e0 in materia di formazione <\/strong><\/p>\n<p>Il DL 146\/2021 e la successiva legge di conversione modificano in pi\u00f9 punti il D.lgs. 81\/2008 con modifiche in vari ambiti rilevanti, ad esempio vigilanza, sospensione dell\u2019attivit\u00e0, sistema informativo nazionale per la prevenzione, organismi paritetici, ruolo del preposto, \u2026<\/p>\n<p>&nbsp;<\/p>\n<p>Il link per conoscere le modifiche agli articoli del D.Lgs. 81\/2008:<\/p>\n<p><a href=\"https:\/\/aifos.org\/home\/news\/int\/noi_voi\/formazione_salute_e_sicurezza_nuovo_accordo_stato-regioni_entro_l_estate\">https:\/\/aifos.org\/home\/news\/int\/noi_voi\/formazione_salute_e_sicurezza_nuovo_accordo_stato-regioni_entro_l_estate<\/a><\/p>\n<p>&nbsp;<\/p>\n<p>Le nuove norme intervengono tuttavia anche in materia di <strong>formazione<\/strong>, ad esempio prospettando un obbligo formativo per i datori di lavoro.<\/p>\n<p>&nbsp;<\/p>\n<p>Con le modifiche operate l\u2019articolo 37 del Testo Unico ora stabilisce che \u2018<em>il datore di lavoro, i dirigenti e i preposti ricevono un&#8217;adeguata e specifica formazione e un aggiornamento periodico in relazione ai propri compiti in materia di salute e sicurezza del lavoro<\/em>\u2019.<em> \u00a0<\/em><\/p>\n<p>Inoltre si indica che per assicurare l&#8217;adeguatezza e la specificit\u00e0 della formazione nonch\u00e9 l&#8217;aggiornamento periodico dei <strong>preposti<\/strong>, \u2018<em>le relative attivit\u00e0 formative devono essere svolte interamente con modalit\u00e0 in presenza e devono essere ripetute, con cadenza almeno biennale e comunque ogni qualvolta ci\u00f2 sia reso necessario in ragione dell&#8217;evoluzione dei rischi o all&#8217;insorgenza di nuovi rischi<\/em>\u2019.<\/p>\n<p>&nbsp;<\/p>\n<p>Riguardo poi agli <strong>Accordi in materia di formazione<\/strong> si indica che \u2018<em>entro il 30 giugno 2022 la Conferenza permanente per i rapporti tra lo Stato, le Regioni e le Province autonome di Trento e di Bolzano adotta un Accordo nel quale provvede all&#8217;accorpamento, rivisitazione e modifica degli Accordi attuativi del presente decreto legislativo in materia di formazione in modo da garantire:<\/em><\/p>\n<ul>\n<li><em>L&#8217;individuazione della durata, dei contenuti minimi e delle modalit\u00e0 della formazione obbligatoria a carico del datore di lavoro;<\/em><\/li>\n<li><em>L&#8217;individuazione delle modalit\u00e0 della verifica finale di apprendimento obbligatoria per i discenti di tutti i percorsi formativi e di aggiornamento obbligatori in materia di salute e sicurezza sul lavoro e di quelle delle verifiche di efficacia della formazione durante lo svolgimento della prestazione lavorativa<\/em>&#8220;.<\/li>\n<\/ul>\n<p>&nbsp;<\/p>\n<p>Altre novit\u00e0 rilevanti riguardano poi anche l\u2019<strong>addestramento<\/strong> che viene meglio definito nei suoi contenuti e che dovr\u00e0 essere tracciato in un apposito \u2018<em>registro<\/em> <em>anche informatizzato\u2019<\/em>.<\/p>\n<p>&nbsp;<\/p>\n<p><strong>Le informazioni e il programma del webinar <\/strong><\/p>\n<p>Per approfondire le modifiche apportate al D.lgs. 81\/2008 dal recente intervento normativo si terr\u00e0, dunque, <strong>luned\u00ec 24 gennaio 2022 <\/strong>\u2013 dalle ore 15.00 alle ore 17.00 &#8211; il webinar gratuito \u201c<strong>Come cambia la sicurezza &#8211; Le novit\u00e0 del D.L. 146\/2021 e Legge di conversione 215\/2021<\/strong>\u201d.<\/p>\n<p>&nbsp;<\/p>\n<p>Riportiamo il <strong>programma<\/strong> e le <strong>relazioni<\/strong> del webinar.<\/p>\n<p>&nbsp;<\/p>\n<p>Moderatore: <strong>Francesco Naviglio<\/strong>, <em>Segretario Generale AiFOS<\/em><\/p>\n<p>&nbsp;<\/p>\n<p>Relatori:<\/p>\n<ul>\n<li><strong>Rocco Vitale<\/strong>, <em>Presidente AiFOS, <\/em>&#8220;Le novit\u00e0 per la formazione alla sicurezza&#8221;<\/li>\n<li><strong>Matteo Fadenti<\/strong>, <em>Tecnico della Prevenzione e formatore e Vicepresidente AiFOS, <\/em>&#8220;L\u2019importanza dell\u2019addestramento&#8221;<\/li>\n<li><strong>Mario Gallo<\/strong>, <em>Giurista esperto in sicurezza sul lavoro e Membro Comitato Scientifico AiFOS<\/em>, &#8220;Il preposto come figura centrale per il sistema della prevenzione&#8221;<\/li>\n<li><strong>Lorenzo Fantini<\/strong>, <em>Vigilanza e provvedimenti di sospensione, cosa \u00e8 cambiato e le indicazioni dell\u2019INL<\/em>, &#8220;Direttore Quaderni della Sicurezza AiFOS&#8221;<\/li>\n<\/ul>\n<p>&nbsp;<\/p>\n<p>A tutti i partecipanti verr\u00e0 consegnato un attestato di presenza valido per il rilascio di <strong>2 crediti<\/strong> per RSPP\/ASPP, CSP\/CSE e Formatori area tematica n.1 (normativa).<\/p>\n<p>&nbsp;<\/p>\n<p>Il link per avere ulteriori informazioni e iscriversi al webinar:<\/p>\n<p><a href=\"https:\/\/aifos.org\/home\/eventi\/intev\/convegni_aifos\/come_cambia_la_sicurezza\">https:\/\/aifos.org\/home\/eventi\/intev\/convegni_aifos\/come_cambia_la_sicurezza<\/a><\/p>\n<p>&nbsp;<\/p>\n<p>&nbsp;<\/p>\n<p>Per informazioni:<\/p>\n<p><strong>Sede nazionale AiFOS<\/strong> &#8211; via Branze, 45 &#8211; 25123 Brescia c\/o CSMT, Universit\u00e0 degli Studi di Brescia &#8211; tel. 030.6595037 &#8211; fax 030.6595040 <a href=\"http:\/\/www.aifos.it\">www.aifos.it<\/a> &#8211; convegni@aifos.it<\/p>\n<p><em>\u00a0<\/em><\/p>\n<p><em>\u00a0<\/em><\/p>\n<p><em>13 gennaio 2022<\/em><\/p>\n<p>&nbsp;<\/p>\n<p>Ufficio Stampa di AiFOS<\/p>\n<p>ufficiostampa@aifos.it<\/p>\n<p>http:\/\/www.aifos.it\/<\/p>\n","protected":false},"excerpt":{"rendered":"<p>Comunicato Stampa Sicurezza sul lavoro: cosa cambia con le modifiche al decreto 81 Il 24 gennaio 2022 un webinar gratuito per conoscere e analizzare le recenti modifiche del D.Lgs. 81\/2008 e le prospettive future delle figure della sicurezza. &nbsp; Di fronte ai molti infortuni mortali che sono avvenuti nei luoghi di lavoro in questi mesi, anche in relazione alla ripresa completa delle attivit\u00e0 lavorative, in questi mesi il Governo ha<\/p>\n<p><a class=\"continue-reading\" href=\"https:\/\/www.article-marketing.eu\/comunicatistampa\/sicurezza-sul-lavoro-cosa-cambia-con-le-modifiche-al-decreto-81\/\">Continue reading&#8230;<\/a><\/p>\n","protected":false},"author":881,"featured_media":0,"comment_status":"open","ping_status":"open","sticky":false,"template":"","format":"standard","meta":{"_monsterinsights_skip_tracking":false,"_monsterinsights_sitenote_active":false,"_monsterinsights_sitenote_note":"","_monsterinsights_sitenote_category":0,"footnotes":""},"categories":[78,392,369],"tags":[9102,3294,3301,3235,9095,6068,9096,9101,6820,9098,9100,9097,9099,6069,6342],"class_list":["post-21564","post","type-post","status-publish","format-standard","hentry","category-comunicati-stampa","category-eventi","category-salute-e-benessere","tag-accordi-in-materia-di-formazione","tag-addestramento","tag-aifos","tag-brescia","tag-come-cambia-la-sicurezza-le-novita-del-d-l-146-2021-e-legge-di-conversione-215-2021","tag-decreto-legislativo-9-aprile-2008","tag-decreto-legge-21-ottobre-2021","tag-dl-146-2021","tag-fantini","tag-legge-17-dicembre-2021","tag-miniriforma-del-testo-unico-di-sicurezza","tag-n-146","tag-n-215","tag-n-81","tag-webinar"],"yoast_head":"<!-- This site is optimized with the Yoast SEO plugin v27.3 - https:\/\/yoast.com\/product\/yoast-seo-wordpress\/ -->\n<title>Sicurezza sul lavoro: cosa cambia con le modifiche al decreto 81<\/title>\n<meta name=\"robots\" content=\"index, follow, max-snippet:-1, max-image-preview:large, max-video-preview:-1\" \/>\n<link rel=\"canonical\" href=\"https:\/\/www.article-marketing.eu\/comunicatistampa\/sicurezza-sul-lavoro-cosa-cambia-con-le-modifiche-al-decreto-81\/\" \/>\n<meta property=\"og:locale\" content=\"it_IT\" \/>\n<meta property=\"og:type\" content=\"article\" \/>\n<meta property=\"og:title\" content=\"Sicurezza sul lavoro: cosa cambia con le modifiche al decreto 81\" \/>\n<meta property=\"og:description\" content=\"Comunicato Stampa Sicurezza sul lavoro: cosa cambia con le modifiche al decreto 81 Il 24 gennaio 2022 un webinar gratuito per conoscere e analizzare le recenti modifiche del D.Lgs. 81\/2008 e le prospettive future delle figure della sicurezza. &nbsp; Di fronte ai molti infortuni mortali che sono avvenuti nei luoghi di lavoro in questi mesi, anche in relazione alla ripresa completa delle attivit\u00e0 lavorative, in questi mesi il Governo haContinue reading...\" \/>\n<meta property=\"og:url\" content=\"https:\/\/www.article-marketing.eu\/comunicatistampa\/sicurezza-sul-lavoro-cosa-cambia-con-le-modifiche-al-decreto-81\/\" \/>\n<meta property=\"og:site_name\" content=\"Article Marketing\" \/>\n<meta property=\"article:published_time\" content=\"2022-01-18T18:02:49+00:00\" \/>\n<meta name=\"author\" content=\"AIFUS\" \/>\n<meta name=\"twitter:card\" content=\"summary_large_image\" \/>\n<meta name=\"twitter:label1\" content=\"Scritto da\" \/>\n\t<meta name=\"twitter:data1\" content=\"AIFUS\" \/>\n\t<meta name=\"twitter:label2\" content=\"Tempo di lettura stimato\" \/>\n\t<meta name=\"twitter:data2\" content=\"5 minuti\" \/>\n<script type=\"application\/ld+json\" class=\"yoast-schema-graph\">{\"@context\":\"https:\\\/\\\/schema.org\",\"@graph\":[{\"@type\":\"Article\",\"@id\":\"https:\\\/\\\/www.article-marketing.eu\\\/comunicatistampa\\\/sicurezza-sul-lavoro-cosa-cambia-con-le-modifiche-al-decreto-81\\\/#article\",\"isPartOf\":{\"@id\":\"https:\\\/\\\/www.article-marketing.eu\\\/comunicatistampa\\\/sicurezza-sul-lavoro-cosa-cambia-con-le-modifiche-al-decreto-81\\\/\"},\"author\":{\"name\":\"AIFUS\",\"@id\":\"https:\\\/\\\/www.article-marketing.eu\\\/comunicatistampa\\\/#\\\/schema\\\/person\\\/d1985c4955ff71a05f49d68e3034b3cd\"},\"headline\":\"Sicurezza sul lavoro: cosa cambia con le modifiche al decreto 81\",\"datePublished\":\"2022-01-18T18:02:49+00:00\",\"mainEntityOfPage\":{\"@id\":\"https:\\\/\\\/www.article-marketing.eu\\\/comunicatistampa\\\/sicurezza-sul-lavoro-cosa-cambia-con-le-modifiche-al-decreto-81\\\/\"},\"wordCount\":876,\"commentCount\":0,\"keywords\":[\"Accordi in materia di formazione\",\"addestramento\",\"Aifos\",\"Brescia\",\"Come cambia la sicurezza - Le novit\u00e0 del D.L. 146\\\/2021 e Legge di conversione 215\\\/2021\",\"Decreto legislativo 9 aprile 2008\",\"decreto-legge 21 ottobre 2021\",\"DL 146\\\/2021\",\"Fantini\",\"Legge 17 dicembre 2021\",\"miniriforma del Testo Unico di sicurezza\",\"n. 146\",\"n. 215\",\"n. 81\",\"webinar\"],\"articleSection\":[\"Comunicati stampa\",\"Eventi\",\"Salute e benessere\"],\"inLanguage\":\"it-IT\",\"potentialAction\":[{\"@type\":\"CommentAction\",\"name\":\"Comment\",\"target\":[\"https:\\\/\\\/www.article-marketing.eu\\\/comunicatistampa\\\/sicurezza-sul-lavoro-cosa-cambia-con-le-modifiche-al-decreto-81\\\/#respond\"]}]},{\"@type\":\"WebPage\",\"@id\":\"https:\\\/\\\/www.article-marketing.eu\\\/comunicatistampa\\\/sicurezza-sul-lavoro-cosa-cambia-con-le-modifiche-al-decreto-81\\\/\",\"url\":\"https:\\\/\\\/www.article-marketing.eu\\\/comunicatistampa\\\/sicurezza-sul-lavoro-cosa-cambia-con-le-modifiche-al-decreto-81\\\/\",\"name\":\"Sicurezza sul lavoro: cosa cambia con le modifiche al decreto 81\",\"isPartOf\":{\"@id\":\"https:\\\/\\\/www.article-marketing.eu\\\/comunicatistampa\\\/#website\"},\"datePublished\":\"2022-01-18T18:02:49+00:00\",\"author\":{\"@id\":\"https:\\\/\\\/www.article-marketing.eu\\\/comunicatistampa\\\/#\\\/schema\\\/person\\\/d1985c4955ff71a05f49d68e3034b3cd\"},\"breadcrumb\":{\"@id\":\"https:\\\/\\\/www.article-marketing.eu\\\/comunicatistampa\\\/sicurezza-sul-lavoro-cosa-cambia-con-le-modifiche-al-decreto-81\\\/#breadcrumb\"},\"inLanguage\":\"it-IT\",\"potentialAction\":[{\"@type\":\"ReadAction\",\"target\":[\"https:\\\/\\\/www.article-marketing.eu\\\/comunicatistampa\\\/sicurezza-sul-lavoro-cosa-cambia-con-le-modifiche-al-decreto-81\\\/\"]}]},{\"@type\":\"BreadcrumbList\",\"@id\":\"https:\\\/\\\/www.article-marketing.eu\\\/comunicatistampa\\\/sicurezza-sul-lavoro-cosa-cambia-con-le-modifiche-al-decreto-81\\\/#breadcrumb\",\"itemListElement\":[{\"@type\":\"ListItem\",\"position\":1,\"name\":\"Home\",\"item\":\"https:\\\/\\\/www.article-marketing.eu\\\/comunicatistampa\\\/\"},{\"@type\":\"ListItem\",\"position\":2,\"name\":\"Sicurezza sul lavoro: cosa cambia con le modifiche al decreto 81\"}]},{\"@type\":\"WebSite\",\"@id\":\"https:\\\/\\\/www.article-marketing.eu\\\/comunicatistampa\\\/#website\",\"url\":\"https:\\\/\\\/www.article-marketing.eu\\\/comunicatistampa\\\/\",\"name\":\"Article Marketing\",\"description\":\"article marketing &amp; press release\",\"potentialAction\":[{\"@type\":\"SearchAction\",\"target\":{\"@type\":\"EntryPoint\",\"urlTemplate\":\"https:\\\/\\\/www.article-marketing.eu\\\/comunicatistampa\\\/?s={search_term_string}\"},\"query-input\":{\"@type\":\"PropertyValueSpecification\",\"valueRequired\":true,\"valueName\":\"search_term_string\"}}],\"inLanguage\":\"it-IT\"},{\"@type\":\"Person\",\"@id\":\"https:\\\/\\\/www.article-marketing.eu\\\/comunicatistampa\\\/#\\\/schema\\\/person\\\/d1985c4955ff71a05f49d68e3034b3cd\",\"name\":\"AIFUS\",\"image\":{\"@type\":\"ImageObject\",\"inLanguage\":\"it-IT\",\"@id\":\"https:\\\/\\\/secure.gravatar.com\\\/avatar\\\/05cf2a2ba057667571308b94c84f00ff48766ffac95710a87491a9b3ddcee484?s=96&d=mm&r=g\",\"url\":\"https:\\\/\\\/secure.gravatar.com\\\/avatar\\\/05cf2a2ba057667571308b94c84f00ff48766ffac95710a87491a9b3ddcee484?s=96&d=mm&r=g\",\"contentUrl\":\"https:\\\/\\\/secure.gravatar.com\\\/avatar\\\/05cf2a2ba057667571308b94c84f00ff48766ffac95710a87491a9b3ddcee484?s=96&d=mm&r=g\",\"caption\":\"AIFUS\"},\"url\":\"https:\\\/\\\/www.article-marketing.eu\\\/comunicatistampa\\\/author\\\/aifus\\\/\"}]}<\/script>\n<!-- \/ Yoast SEO plugin. -->","yoast_head_json":{"title":"Sicurezza sul lavoro: cosa cambia con le modifiche al decreto 81","robots":{"index":"index","follow":"follow","max-snippet":"max-snippet:-1","max-image-preview":"max-image-preview:large","max-video-preview":"max-video-preview:-1"},"canonical":"https:\/\/www.article-marketing.eu\/comunicatistampa\/sicurezza-sul-lavoro-cosa-cambia-con-le-modifiche-al-decreto-81\/","og_locale":"it_IT","og_type":"article","og_title":"Sicurezza sul lavoro: cosa cambia con le modifiche al decreto 81","og_description":"Comunicato Stampa Sicurezza sul lavoro: cosa cambia con le modifiche al decreto 81 Il 24 gennaio 2022 un webinar gratuito per conoscere e analizzare le recenti modifiche del D.Lgs. 81\/2008 e le prospettive future delle figure della sicurezza. &nbsp; Di fronte ai molti infortuni mortali che sono avvenuti nei luoghi di lavoro in questi mesi, anche in relazione alla ripresa completa delle attivit\u00e0 lavorative, in questi mesi il Governo haContinue reading...","og_url":"https:\/\/www.article-marketing.eu\/comunicatistampa\/sicurezza-sul-lavoro-cosa-cambia-con-le-modifiche-al-decreto-81\/","og_site_name":"Article Marketing","article_published_time":"2022-01-18T18:02:49+00:00","author":"AIFUS","twitter_card":"summary_large_image","twitter_misc":{"Scritto da":"AIFUS","Tempo di lettura stimato":"5 minuti"},"schema":{"@context":"https:\/\/schema.org","@graph":[{"@type":"Article","@id":"https:\/\/www.article-marketing.eu\/comunicatistampa\/sicurezza-sul-lavoro-cosa-cambia-con-le-modifiche-al-decreto-81\/#article","isPartOf":{"@id":"https:\/\/www.article-marketing.eu\/comunicatistampa\/sicurezza-sul-lavoro-cosa-cambia-con-le-modifiche-al-decreto-81\/"},"author":{"name":"AIFUS","@id":"https:\/\/www.article-marketing.eu\/comunicatistampa\/#\/schema\/person\/d1985c4955ff71a05f49d68e3034b3cd"},"headline":"Sicurezza sul lavoro: cosa cambia con le modifiche al decreto 81","datePublished":"2022-01-18T18:02:49+00:00","mainEntityOfPage":{"@id":"https:\/\/www.article-marketing.eu\/comunicatistampa\/sicurezza-sul-lavoro-cosa-cambia-con-le-modifiche-al-decreto-81\/"},"wordCount":876,"commentCount":0,"keywords":["Accordi in materia di formazione","addestramento","Aifos","Brescia","Come cambia la sicurezza - Le novit\u00e0 del D.L. 146\/2021 e Legge di conversione 215\/2021","Decreto legislativo 9 aprile 2008","decreto-legge 21 ottobre 2021","DL 146\/2021","Fantini","Legge 17 dicembre 2021","miniriforma del Testo Unico di sicurezza","n. 146","n. 215","n. 81","webinar"],"articleSection":["Comunicati stampa","Eventi","Salute e benessere"],"inLanguage":"it-IT","potentialAction":[{"@type":"CommentAction","name":"Comment","target":["https:\/\/www.article-marketing.eu\/comunicatistampa\/sicurezza-sul-lavoro-cosa-cambia-con-le-modifiche-al-decreto-81\/#respond"]}]},{"@type":"WebPage","@id":"https:\/\/www.article-marketing.eu\/comunicatistampa\/sicurezza-sul-lavoro-cosa-cambia-con-le-modifiche-al-decreto-81\/","url":"https:\/\/www.article-marketing.eu\/comunicatistampa\/sicurezza-sul-lavoro-cosa-cambia-con-le-modifiche-al-decreto-81\/","name":"Sicurezza sul lavoro: cosa cambia con le modifiche al decreto 81","isPartOf":{"@id":"https:\/\/www.article-marketing.eu\/comunicatistampa\/#website"},"datePublished":"2022-01-18T18:02:49+00:00","author":{"@id":"https:\/\/www.article-marketing.eu\/comunicatistampa\/#\/schema\/person\/d1985c4955ff71a05f49d68e3034b3cd"},"breadcrumb":{"@id":"https:\/\/www.article-marketing.eu\/comunicatistampa\/sicurezza-sul-lavoro-cosa-cambia-con-le-modifiche-al-decreto-81\/#breadcrumb"},"inLanguage":"it-IT","potentialAction":[{"@type":"ReadAction","target":["https:\/\/www.article-marketing.eu\/comunicatistampa\/sicurezza-sul-lavoro-cosa-cambia-con-le-modifiche-al-decreto-81\/"]}]},{"@type":"BreadcrumbList","@id":"https:\/\/www.article-marketing.eu\/comunicatistampa\/sicurezza-sul-lavoro-cosa-cambia-con-le-modifiche-al-decreto-81\/#breadcrumb","itemListElement":[{"@type":"ListItem","position":1,"name":"Home","item":"https:\/\/www.article-marketing.eu\/comunicatistampa\/"},{"@type":"ListItem","position":2,"name":"Sicurezza sul lavoro: cosa cambia con le modifiche al decreto 81"}]},{"@type":"WebSite","@id":"https:\/\/www.article-marketing.eu\/comunicatistampa\/#website","url":"https:\/\/www.article-marketing.eu\/comunicatistampa\/","name":"Article Marketing","description":"article marketing &amp; press release","potentialAction":[{"@type":"SearchAction","target":{"@type":"EntryPoint","urlTemplate":"https:\/\/www.article-marketing.eu\/comunicatistampa\/?s={search_term_string}"},"query-input":{"@type":"PropertyValueSpecification","valueRequired":true,"valueName":"search_term_string"}}],"inLanguage":"it-IT"},{"@type":"Person","@id":"https:\/\/www.article-marketing.eu\/comunicatistampa\/#\/schema\/person\/d1985c4955ff71a05f49d68e3034b3cd","name":"AIFUS","image":{"@type":"ImageObject","inLanguage":"it-IT","@id":"https:\/\/secure.gravatar.com\/avatar\/05cf2a2ba057667571308b94c84f00ff48766ffac95710a87491a9b3ddcee484?s=96&d=mm&r=g","url":"https:\/\/secure.gravatar.com\/avatar\/05cf2a2ba057667571308b94c84f00ff48766ffac95710a87491a9b3ddcee484?s=96&d=mm&r=g","contentUrl":"https:\/\/secure.gravatar.com\/avatar\/05cf2a2ba057667571308b94c84f00ff48766ffac95710a87491a9b3ddcee484?s=96&d=mm&r=g","caption":"AIFUS"},"url":"https:\/\/www.article-marketing.eu\/comunicatistampa\/author\/aifus\/"}]}},"_links":{"self":[{"href":"https:\/\/www.article-marketing.eu\/comunicatistampa\/wp-json\/wp\/v2\/posts\/21564","targetHints":{"allow":["GET"]}}],"collection":[{"href":"https:\/\/www.article-marketing.eu\/comunicatistampa\/wp-json\/wp\/v2\/posts"}],"about":[{"href":"https:\/\/www.article-marketing.eu\/comunicatistampa\/wp-json\/wp\/v2\/types\/post"}],"author":[{"embeddable":true,"href":"https:\/\/www.article-marketing.eu\/comunicatistampa\/wp-json\/wp\/v2\/users\/881"}],"replies":[{"embeddable":true,"href":"https:\/\/www.article-marketing.eu\/comunicatistampa\/wp-json\/wp\/v2\/comments?post=21564"}],"version-history":[{"count":2,"href":"https:\/\/www.article-marketing.eu\/comunicatistampa\/wp-json\/wp\/v2\/posts\/21564\/revisions"}],"predecessor-version":[{"id":21595,"href":"https:\/\/www.article-marketing.eu\/comunicatistampa\/wp-json\/wp\/v2\/posts\/21564\/revisions\/21595"}],"wp:attachment":[{"href":"https:\/\/www.article-marketing.eu\/comunicatistampa\/wp-json\/wp\/v2\/media?parent=21564"}],"wp:term":[{"taxonomy":"category","embeddable":true,"href":"https:\/\/www.article-marketing.eu\/comunicatistampa\/wp-json\/wp\/v2\/categories?post=21564"},{"taxonomy":"post_tag","embeddable":true,"href":"https:\/\/www.article-marketing.eu\/comunicatistampa\/wp-json\/wp\/v2\/tags?post=21564"}],"curies":[{"name":"wp","href":"https:\/\/api.w.org\/{rel}","templated":true}]}}