{"id":21667,"date":"2022-01-26T17:29:13","date_gmt":"2022-01-26T16:29:13","guid":{"rendered":"https:\/\/www.article-marketing.eu\/comunicatistampa\/?p=21667"},"modified":"2022-01-26T17:29:13","modified_gmt":"2022-01-26T16:29:13","slug":"cultura-sostenibilita-e-solidarieta-sociale-in-fondazione-cariplo-lanalisi-di-andrea-mascetti","status":"publish","type":"post","link":"https:\/\/www.article-marketing.eu\/comunicatistampa\/cultura-sostenibilita-e-solidarieta-sociale-in-fondazione-cariplo-lanalisi-di-andrea-mascetti\/","title":{"rendered":"Cultura, sostenibilit\u00e0 e solidariet\u00e0 sociale in Fondazione Cariplo: l\u2019analisi di Andrea Mascetti"},"content":{"rendered":"<p><em><strong>150 milioni di euro stanziati da Fondazione Cariplo: \u00e8 quanto prevede la Programmazione 2022 approvata dalla Commissione Centrale di Beneficenza, presieduta da Giovanni Fosti e di cui fa parte anche <a title=\"Andrea Mascetti: la biografia - topmanageronline\" href=\"https:\/\/www.topmanageronline.eu\/tag\/andrea-mascetti\/\">Andrea Mascetti<\/a>.<\/strong><\/em><\/p>\n<p><img loading=\"lazy\" decoding=\"async\" class=\"alignnone\" src=\"https:\/\/www.topmanageronline.eu\/wp-content\/uploads\/2020\/06\/andrea-mascetti.jpg\" alt=\"Andrea Mascetti\" width=\"120\" height=\"315\" \/><\/p>\n<h2>Andrea Mascetti: Fondazione Cariplo, le aree di intervento della Programmazione 2022<\/h2>\n<p>Attivit\u00e0 di sostegno verso opere solidali e culturali, progetti di utilit\u00e0 sociale in partnership con le reti del territorio, gli enti non profit, le istituzioni e con la fondamentale collaborazione delle Fondazioni di Comunit\u00e0 locali: sono questi gli intenti del Documento previsionale programmatico approvato da Fondazione Cariplo per il 2022. L&#8217;approvazione \u00e8 avvenuta nel corso della riunione della Commissione Centrale di Beneficenza, presieduta da Giovanni Fosti e di cui fa parte <strong>Andrea Mascetti<\/strong> (Coordinatore Commissione Arte e Cultura). La Fondazione si prepara cos\u00ec ad affrontare le novit\u00e0 offerte dal 2022, <em>&#8220;in un periodo storico in cui dalle sfide si possono trarre nuove opportunit\u00e0&#8221;<\/em>, come ha osservato <strong>Andrea Mascetti<\/strong> in un recente intervento. Sono 150 i milioni di euro messi in campo dalla Fondazione: un volume considerevole che include ambiti quali le sfide demografiche, i cambiamenti climatici, la tutela dell&#8217;ambiente e della biodiversit\u00e0, il contrasto alla povert\u00e0 e alla disoccupazione, il sostegno alle iniziative culturali.<\/p>\n<h2>Andrea Mascetti: solidariet\u00e0 sociale e cultura al centro degli obiettivi<\/h2>\n<p>Nello specifico, si legge nell&#8217;intervento di <strong>Andrea Mascetti<\/strong>, la Programmazione 2022 destina 4 milioni di euro ai progetti per la domiciliarit\u00e0 degli anziani, insieme ad altri 4 milioni per iniziative di sostenibilit\u00e0 e lotta al cambiamento climatico. Altre aree sono dedicate al supporto delle famiglie in condizione di povert\u00e0 o a rischio povert\u00e0 (con interventi pari a 14,5 milioni di euro) e al sostegno dell&#8217;occupazione dei giovani e del loro inserimento lavorativo (iniziative per 4,7 milioni), con un focus verso le persone in maggiore difficolt\u00e0 che non studiano e non lavorano. Grande importanza, inoltre, all&#8217;ambito culturale: come sottolineato dal Coordinatore Commissione Arte e Cultura <strong>Andrea Mascetti<\/strong>, sono previsti infatti 12 milioni di euro per il recupero dei luoghi abbandonati o poco utilizzati. Un punto nodale, ha aggiunto in conclusione il Presidente Giovanni Fosti, \u00e8 dato dalla necessit\u00e0 di convogliare risorse, comunit\u00e0, istituzioni e imprese forti che collaborino verso un&#8217;idea comune di futuro.<\/p>\n","protected":false},"excerpt":{"rendered":"<p>150 milioni di euro stanziati da Fondazione Cariplo: \u00e8 quanto prevede la Programmazione 2022 approvata dalla Commissione Centrale di Beneficenza, presieduta da Giovanni Fosti e di cui fa parte anche Andrea Mascetti. Andrea Mascetti: Fondazione Cariplo, le aree di intervento della Programmazione 2022 Attivit\u00e0 di sostegno verso opere solidali e culturali, progetti di utilit\u00e0 sociale in partnership con le reti del territorio, gli enti non profit, le istituzioni e con<\/p>\n<p><a class=\"continue-reading\" href=\"https:\/\/www.article-marketing.eu\/comunicatistampa\/cultura-sostenibilita-e-solidarieta-sociale-in-fondazione-cariplo-lanalisi-di-andrea-mascetti\/\">Continue reading&#8230;<\/a><\/p>\n","protected":false},"author":6477,"featured_media":0,"comment_status":"open","ping_status":"open","sticky":false,"template":"","format":"standard","meta":{"_monsterinsights_skip_tracking":false,"_monsterinsights_sitenote_active":false,"_monsterinsights_sitenote_note":"","_monsterinsights_sitenote_category":0,"footnotes":""},"categories":[407],"tags":[9120],"class_list":["post-21667","post","type-post","status-publish","format-standard","hentry","category-arte-e-cultura","tag-andrea-mascetti"],"yoast_head":"<!-- This site is optimized with the Yoast SEO plugin v27.3 - https:\/\/yoast.com\/product\/yoast-seo-wordpress\/ -->\n<title>Cultura, sostenibilit\u00e0 e solidariet\u00e0 sociale in Fondazione Cariplo: l\u2019analisi di Andrea Mascetti<\/title>\n<meta name=\"robots\" content=\"index, follow, max-snippet:-1, max-image-preview:large, max-video-preview:-1\" \/>\n<link rel=\"canonical\" href=\"https:\/\/www.article-marketing.eu\/comunicatistampa\/cultura-sostenibilita-e-solidarieta-sociale-in-fondazione-cariplo-lanalisi-di-andrea-mascetti\/\" \/>\n<meta property=\"og:locale\" content=\"it_IT\" \/>\n<meta property=\"og:type\" content=\"article\" \/>\n<meta property=\"og:title\" content=\"Cultura, sostenibilit\u00e0 e solidariet\u00e0 sociale in Fondazione Cariplo: l\u2019analisi di Andrea Mascetti\" \/>\n<meta property=\"og:description\" content=\"150 milioni di euro stanziati da Fondazione Cariplo: \u00e8 quanto prevede la Programmazione 2022 approvata dalla Commissione Centrale di Beneficenza, presieduta da Giovanni Fosti e di cui fa parte anche Andrea Mascetti. Andrea Mascetti: Fondazione Cariplo, le aree di intervento della Programmazione 2022 Attivit\u00e0 di sostegno verso opere solidali e culturali, progetti di utilit\u00e0 sociale in partnership con le reti del territorio, gli enti non profit, le istituzioni e conContinue reading...\" \/>\n<meta property=\"og:url\" content=\"https:\/\/www.article-marketing.eu\/comunicatistampa\/cultura-sostenibilita-e-solidarieta-sociale-in-fondazione-cariplo-lanalisi-di-andrea-mascetti\/\" \/>\n<meta property=\"og:site_name\" content=\"Article Marketing\" \/>\n<meta property=\"article:published_time\" content=\"2022-01-26T16:29:13+00:00\" \/>\n<meta property=\"og:image\" content=\"https:\/\/www.topmanageronline.eu\/wp-content\/uploads\/2020\/06\/andrea-mascetti.jpg\" \/>\n<meta name=\"author\" content=\"articolinews\" \/>\n<meta name=\"twitter:card\" content=\"summary_large_image\" \/>\n<meta name=\"twitter:label1\" content=\"Scritto da\" \/>\n\t<meta name=\"twitter:data1\" content=\"articolinews\" \/>\n\t<meta name=\"twitter:label2\" content=\"Tempo di lettura stimato\" \/>\n\t<meta name=\"twitter:data2\" content=\"3 minuti\" \/>\n<script type=\"application\/ld+json\" class=\"yoast-schema-graph\">{\"@context\":\"https:\\\/\\\/schema.org\",\"@graph\":[{\"@type\":\"Article\",\"@id\":\"https:\\\/\\\/www.article-marketing.eu\\\/comunicatistampa\\\/cultura-sostenibilita-e-solidarieta-sociale-in-fondazione-cariplo-lanalisi-di-andrea-mascetti\\\/#article\",\"isPartOf\":{\"@id\":\"https:\\\/\\\/www.article-marketing.eu\\\/comunicatistampa\\\/cultura-sostenibilita-e-solidarieta-sociale-in-fondazione-cariplo-lanalisi-di-andrea-mascetti\\\/\"},\"author\":{\"name\":\"articolinews\",\"@id\":\"https:\\\/\\\/www.article-marketing.eu\\\/comunicatistampa\\\/#\\\/schema\\\/person\\\/2fcaf8f8f3a9eef9eb7f27532d3ca458\"},\"headline\":\"Cultura, sostenibilit\u00e0 e solidariet\u00e0 sociale in Fondazione Cariplo: l\u2019analisi di Andrea Mascetti\",\"datePublished\":\"2022-01-26T16:29:13+00:00\",\"mainEntityOfPage\":{\"@id\":\"https:\\\/\\\/www.article-marketing.eu\\\/comunicatistampa\\\/cultura-sostenibilita-e-solidarieta-sociale-in-fondazione-cariplo-lanalisi-di-andrea-mascetti\\\/\"},\"wordCount\":357,\"commentCount\":0,\"image\":{\"@id\":\"https:\\\/\\\/www.article-marketing.eu\\\/comunicatistampa\\\/cultura-sostenibilita-e-solidarieta-sociale-in-fondazione-cariplo-lanalisi-di-andrea-mascetti\\\/#primaryimage\"},\"thumbnailUrl\":\"https:\\\/\\\/www.topmanageronline.eu\\\/wp-content\\\/uploads\\\/2020\\\/06\\\/andrea-mascetti.jpg\",\"keywords\":[\"Andrea Mascetti\"],\"articleSection\":[\"Arte e cultura\"],\"inLanguage\":\"it-IT\",\"potentialAction\":[{\"@type\":\"CommentAction\",\"name\":\"Comment\",\"target\":[\"https:\\\/\\\/www.article-marketing.eu\\\/comunicatistampa\\\/cultura-sostenibilita-e-solidarieta-sociale-in-fondazione-cariplo-lanalisi-di-andrea-mascetti\\\/#respond\"]}]},{\"@type\":\"WebPage\",\"@id\":\"https:\\\/\\\/www.article-marketing.eu\\\/comunicatistampa\\\/cultura-sostenibilita-e-solidarieta-sociale-in-fondazione-cariplo-lanalisi-di-andrea-mascetti\\\/\",\"url\":\"https:\\\/\\\/www.article-marketing.eu\\\/comunicatistampa\\\/cultura-sostenibilita-e-solidarieta-sociale-in-fondazione-cariplo-lanalisi-di-andrea-mascetti\\\/\",\"name\":\"Cultura, sostenibilit\u00e0 e solidariet\u00e0 sociale in Fondazione Cariplo: l\u2019analisi di Andrea Mascetti\",\"isPartOf\":{\"@id\":\"https:\\\/\\\/www.article-marketing.eu\\\/comunicatistampa\\\/#website\"},\"primaryImageOfPage\":{\"@id\":\"https:\\\/\\\/www.article-marketing.eu\\\/comunicatistampa\\\/cultura-sostenibilita-e-solidarieta-sociale-in-fondazione-cariplo-lanalisi-di-andrea-mascetti\\\/#primaryimage\"},\"image\":{\"@id\":\"https:\\\/\\\/www.article-marketing.eu\\\/comunicatistampa\\\/cultura-sostenibilita-e-solidarieta-sociale-in-fondazione-cariplo-lanalisi-di-andrea-mascetti\\\/#primaryimage\"},\"thumbnailUrl\":\"https:\\\/\\\/www.topmanageronline.eu\\\/wp-content\\\/uploads\\\/2020\\\/06\\\/andrea-mascetti.jpg\",\"datePublished\":\"2022-01-26T16:29:13+00:00\",\"author\":{\"@id\":\"https:\\\/\\\/www.article-marketing.eu\\\/comunicatistampa\\\/#\\\/schema\\\/person\\\/2fcaf8f8f3a9eef9eb7f27532d3ca458\"},\"breadcrumb\":{\"@id\":\"https:\\\/\\\/www.article-marketing.eu\\\/comunicatistampa\\\/cultura-sostenibilita-e-solidarieta-sociale-in-fondazione-cariplo-lanalisi-di-andrea-mascetti\\\/#breadcrumb\"},\"inLanguage\":\"it-IT\",\"potentialAction\":[{\"@type\":\"ReadAction\",\"target\":[\"https:\\\/\\\/www.article-marketing.eu\\\/comunicatistampa\\\/cultura-sostenibilita-e-solidarieta-sociale-in-fondazione-cariplo-lanalisi-di-andrea-mascetti\\\/\"]}]},{\"@type\":\"ImageObject\",\"inLanguage\":\"it-IT\",\"@id\":\"https:\\\/\\\/www.article-marketing.eu\\\/comunicatistampa\\\/cultura-sostenibilita-e-solidarieta-sociale-in-fondazione-cariplo-lanalisi-di-andrea-mascetti\\\/#primaryimage\",\"url\":\"https:\\\/\\\/www.topmanageronline.eu\\\/wp-content\\\/uploads\\\/2020\\\/06\\\/andrea-mascetti.jpg\",\"contentUrl\":\"https:\\\/\\\/www.topmanageronline.eu\\\/wp-content\\\/uploads\\\/2020\\\/06\\\/andrea-mascetti.jpg\"},{\"@type\":\"BreadcrumbList\",\"@id\":\"https:\\\/\\\/www.article-marketing.eu\\\/comunicatistampa\\\/cultura-sostenibilita-e-solidarieta-sociale-in-fondazione-cariplo-lanalisi-di-andrea-mascetti\\\/#breadcrumb\",\"itemListElement\":[{\"@type\":\"ListItem\",\"position\":1,\"name\":\"Home\",\"item\":\"https:\\\/\\\/www.article-marketing.eu\\\/comunicatistampa\\\/\"},{\"@type\":\"ListItem\",\"position\":2,\"name\":\"Cultura, sostenibilit\u00e0 e solidariet\u00e0 sociale in Fondazione Cariplo: l\u2019analisi di Andrea Mascetti\"}]},{\"@type\":\"WebSite\",\"@id\":\"https:\\\/\\\/www.article-marketing.eu\\\/comunicatistampa\\\/#website\",\"url\":\"https:\\\/\\\/www.article-marketing.eu\\\/comunicatistampa\\\/\",\"name\":\"Article Marketing\",\"description\":\"article marketing &amp; press release\",\"potentialAction\":[{\"@type\":\"SearchAction\",\"target\":{\"@type\":\"EntryPoint\",\"urlTemplate\":\"https:\\\/\\\/www.article-marketing.eu\\\/comunicatistampa\\\/?s={search_term_string}\"},\"query-input\":{\"@type\":\"PropertyValueSpecification\",\"valueRequired\":true,\"valueName\":\"search_term_string\"}}],\"inLanguage\":\"it-IT\"},{\"@type\":\"Person\",\"@id\":\"https:\\\/\\\/www.article-marketing.eu\\\/comunicatistampa\\\/#\\\/schema\\\/person\\\/2fcaf8f8f3a9eef9eb7f27532d3ca458\",\"name\":\"articolinews\",\"image\":{\"@type\":\"ImageObject\",\"inLanguage\":\"it-IT\",\"@id\":\"https:\\\/\\\/secure.gravatar.com\\\/avatar\\\/9e2a264bab04e17dea24d937c9956304649a848cb73c46747a692ff1bdeb1cb7?s=96&d=mm&r=g\",\"url\":\"https:\\\/\\\/secure.gravatar.com\\\/avatar\\\/9e2a264bab04e17dea24d937c9956304649a848cb73c46747a692ff1bdeb1cb7?s=96&d=mm&r=g\",\"contentUrl\":\"https:\\\/\\\/secure.gravatar.com\\\/avatar\\\/9e2a264bab04e17dea24d937c9956304649a848cb73c46747a692ff1bdeb1cb7?s=96&d=mm&r=g\",\"caption\":\"articolinews\"},\"url\":\"https:\\\/\\\/www.article-marketing.eu\\\/comunicatistampa\\\/author\\\/articolinews\\\/\"}]}<\/script>\n<!-- \/ Yoast SEO plugin. -->","yoast_head_json":{"title":"Cultura, sostenibilit\u00e0 e solidariet\u00e0 sociale in Fondazione Cariplo: l\u2019analisi di Andrea Mascetti","robots":{"index":"index","follow":"follow","max-snippet":"max-snippet:-1","max-image-preview":"max-image-preview:large","max-video-preview":"max-video-preview:-1"},"canonical":"https:\/\/www.article-marketing.eu\/comunicatistampa\/cultura-sostenibilita-e-solidarieta-sociale-in-fondazione-cariplo-lanalisi-di-andrea-mascetti\/","og_locale":"it_IT","og_type":"article","og_title":"Cultura, sostenibilit\u00e0 e solidariet\u00e0 sociale in Fondazione Cariplo: l\u2019analisi di Andrea Mascetti","og_description":"150 milioni di euro stanziati da Fondazione Cariplo: \u00e8 quanto prevede la Programmazione 2022 approvata dalla Commissione Centrale di Beneficenza, presieduta da Giovanni Fosti e di cui fa parte anche Andrea Mascetti. Andrea Mascetti: Fondazione Cariplo, le aree di intervento della Programmazione 2022 Attivit\u00e0 di sostegno verso opere solidali e culturali, progetti di utilit\u00e0 sociale in partnership con le reti del territorio, gli enti non profit, le istituzioni e conContinue reading...","og_url":"https:\/\/www.article-marketing.eu\/comunicatistampa\/cultura-sostenibilita-e-solidarieta-sociale-in-fondazione-cariplo-lanalisi-di-andrea-mascetti\/","og_site_name":"Article Marketing","article_published_time":"2022-01-26T16:29:13+00:00","og_image":[{"url":"https:\/\/www.topmanageronline.eu\/wp-content\/uploads\/2020\/06\/andrea-mascetti.jpg","type":"","width":"","height":""}],"author":"articolinews","twitter_card":"summary_large_image","twitter_misc":{"Scritto da":"articolinews","Tempo di lettura stimato":"3 minuti"},"schema":{"@context":"https:\/\/schema.org","@graph":[{"@type":"Article","@id":"https:\/\/www.article-marketing.eu\/comunicatistampa\/cultura-sostenibilita-e-solidarieta-sociale-in-fondazione-cariplo-lanalisi-di-andrea-mascetti\/#article","isPartOf":{"@id":"https:\/\/www.article-marketing.eu\/comunicatistampa\/cultura-sostenibilita-e-solidarieta-sociale-in-fondazione-cariplo-lanalisi-di-andrea-mascetti\/"},"author":{"name":"articolinews","@id":"https:\/\/www.article-marketing.eu\/comunicatistampa\/#\/schema\/person\/2fcaf8f8f3a9eef9eb7f27532d3ca458"},"headline":"Cultura, sostenibilit\u00e0 e solidariet\u00e0 sociale in Fondazione Cariplo: l\u2019analisi di Andrea Mascetti","datePublished":"2022-01-26T16:29:13+00:00","mainEntityOfPage":{"@id":"https:\/\/www.article-marketing.eu\/comunicatistampa\/cultura-sostenibilita-e-solidarieta-sociale-in-fondazione-cariplo-lanalisi-di-andrea-mascetti\/"},"wordCount":357,"commentCount":0,"image":{"@id":"https:\/\/www.article-marketing.eu\/comunicatistampa\/cultura-sostenibilita-e-solidarieta-sociale-in-fondazione-cariplo-lanalisi-di-andrea-mascetti\/#primaryimage"},"thumbnailUrl":"https:\/\/www.topmanageronline.eu\/wp-content\/uploads\/2020\/06\/andrea-mascetti.jpg","keywords":["Andrea Mascetti"],"articleSection":["Arte e cultura"],"inLanguage":"it-IT","potentialAction":[{"@type":"CommentAction","name":"Comment","target":["https:\/\/www.article-marketing.eu\/comunicatistampa\/cultura-sostenibilita-e-solidarieta-sociale-in-fondazione-cariplo-lanalisi-di-andrea-mascetti\/#respond"]}]},{"@type":"WebPage","@id":"https:\/\/www.article-marketing.eu\/comunicatistampa\/cultura-sostenibilita-e-solidarieta-sociale-in-fondazione-cariplo-lanalisi-di-andrea-mascetti\/","url":"https:\/\/www.article-marketing.eu\/comunicatistampa\/cultura-sostenibilita-e-solidarieta-sociale-in-fondazione-cariplo-lanalisi-di-andrea-mascetti\/","name":"Cultura, sostenibilit\u00e0 e solidariet\u00e0 sociale in Fondazione Cariplo: l\u2019analisi di Andrea Mascetti","isPartOf":{"@id":"https:\/\/www.article-marketing.eu\/comunicatistampa\/#website"},"primaryImageOfPage":{"@id":"https:\/\/www.article-marketing.eu\/comunicatistampa\/cultura-sostenibilita-e-solidarieta-sociale-in-fondazione-cariplo-lanalisi-di-andrea-mascetti\/#primaryimage"},"image":{"@id":"https:\/\/www.article-marketing.eu\/comunicatistampa\/cultura-sostenibilita-e-solidarieta-sociale-in-fondazione-cariplo-lanalisi-di-andrea-mascetti\/#primaryimage"},"thumbnailUrl":"https:\/\/www.topmanageronline.eu\/wp-content\/uploads\/2020\/06\/andrea-mascetti.jpg","datePublished":"2022-01-26T16:29:13+00:00","author":{"@id":"https:\/\/www.article-marketing.eu\/comunicatistampa\/#\/schema\/person\/2fcaf8f8f3a9eef9eb7f27532d3ca458"},"breadcrumb":{"@id":"https:\/\/www.article-marketing.eu\/comunicatistampa\/cultura-sostenibilita-e-solidarieta-sociale-in-fondazione-cariplo-lanalisi-di-andrea-mascetti\/#breadcrumb"},"inLanguage":"it-IT","potentialAction":[{"@type":"ReadAction","target":["https:\/\/www.article-marketing.eu\/comunicatistampa\/cultura-sostenibilita-e-solidarieta-sociale-in-fondazione-cariplo-lanalisi-di-andrea-mascetti\/"]}]},{"@type":"ImageObject","inLanguage":"it-IT","@id":"https:\/\/www.article-marketing.eu\/comunicatistampa\/cultura-sostenibilita-e-solidarieta-sociale-in-fondazione-cariplo-lanalisi-di-andrea-mascetti\/#primaryimage","url":"https:\/\/www.topmanageronline.eu\/wp-content\/uploads\/2020\/06\/andrea-mascetti.jpg","contentUrl":"https:\/\/www.topmanageronline.eu\/wp-content\/uploads\/2020\/06\/andrea-mascetti.jpg"},{"@type":"BreadcrumbList","@id":"https:\/\/www.article-marketing.eu\/comunicatistampa\/cultura-sostenibilita-e-solidarieta-sociale-in-fondazione-cariplo-lanalisi-di-andrea-mascetti\/#breadcrumb","itemListElement":[{"@type":"ListItem","position":1,"name":"Home","item":"https:\/\/www.article-marketing.eu\/comunicatistampa\/"},{"@type":"ListItem","position":2,"name":"Cultura, sostenibilit\u00e0 e solidariet\u00e0 sociale in Fondazione Cariplo: l\u2019analisi di Andrea Mascetti"}]},{"@type":"WebSite","@id":"https:\/\/www.article-marketing.eu\/comunicatistampa\/#website","url":"https:\/\/www.article-marketing.eu\/comunicatistampa\/","name":"Article Marketing","description":"article marketing &amp; press release","potentialAction":[{"@type":"SearchAction","target":{"@type":"EntryPoint","urlTemplate":"https:\/\/www.article-marketing.eu\/comunicatistampa\/?s={search_term_string}"},"query-input":{"@type":"PropertyValueSpecification","valueRequired":true,"valueName":"search_term_string"}}],"inLanguage":"it-IT"},{"@type":"Person","@id":"https:\/\/www.article-marketing.eu\/comunicatistampa\/#\/schema\/person\/2fcaf8f8f3a9eef9eb7f27532d3ca458","name":"articolinews","image":{"@type":"ImageObject","inLanguage":"it-IT","@id":"https:\/\/secure.gravatar.com\/avatar\/9e2a264bab04e17dea24d937c9956304649a848cb73c46747a692ff1bdeb1cb7?s=96&d=mm&r=g","url":"https:\/\/secure.gravatar.com\/avatar\/9e2a264bab04e17dea24d937c9956304649a848cb73c46747a692ff1bdeb1cb7?s=96&d=mm&r=g","contentUrl":"https:\/\/secure.gravatar.com\/avatar\/9e2a264bab04e17dea24d937c9956304649a848cb73c46747a692ff1bdeb1cb7?s=96&d=mm&r=g","caption":"articolinews"},"url":"https:\/\/www.article-marketing.eu\/comunicatistampa\/author\/articolinews\/"}]}},"_links":{"self":[{"href":"https:\/\/www.article-marketing.eu\/comunicatistampa\/wp-json\/wp\/v2\/posts\/21667","targetHints":{"allow":["GET"]}}],"collection":[{"href":"https:\/\/www.article-marketing.eu\/comunicatistampa\/wp-json\/wp\/v2\/posts"}],"about":[{"href":"https:\/\/www.article-marketing.eu\/comunicatistampa\/wp-json\/wp\/v2\/types\/post"}],"author":[{"embeddable":true,"href":"https:\/\/www.article-marketing.eu\/comunicatistampa\/wp-json\/wp\/v2\/users\/6477"}],"replies":[{"embeddable":true,"href":"https:\/\/www.article-marketing.eu\/comunicatistampa\/wp-json\/wp\/v2\/comments?post=21667"}],"version-history":[{"count":3,"href":"https:\/\/www.article-marketing.eu\/comunicatistampa\/wp-json\/wp\/v2\/posts\/21667\/revisions"}],"predecessor-version":[{"id":21704,"href":"https:\/\/www.article-marketing.eu\/comunicatistampa\/wp-json\/wp\/v2\/posts\/21667\/revisions\/21704"}],"wp:attachment":[{"href":"https:\/\/www.article-marketing.eu\/comunicatistampa\/wp-json\/wp\/v2\/media?parent=21667"}],"wp:term":[{"taxonomy":"category","embeddable":true,"href":"https:\/\/www.article-marketing.eu\/comunicatistampa\/wp-json\/wp\/v2\/categories?post=21667"},{"taxonomy":"post_tag","embeddable":true,"href":"https:\/\/www.article-marketing.eu\/comunicatistampa\/wp-json\/wp\/v2\/tags?post=21667"}],"curies":[{"name":"wp","href":"https:\/\/api.w.org\/{rel}","templated":true}]}}