{"id":21680,"date":"2022-01-26T17:37:08","date_gmt":"2022-01-26T16:37:08","guid":{"rendered":"https:\/\/www.article-marketing.eu\/comunicatistampa\/?p=21680"},"modified":"2022-01-26T17:37:08","modified_gmt":"2022-01-26T16:37:08","slug":"riconferma-al-vertice-del-consorzio-chimico-farmaceutico-per-paolo-campiglio","status":"publish","type":"post","link":"https:\/\/www.article-marketing.eu\/comunicatistampa\/riconferma-al-vertice-del-consorzio-chimico-farmaceutico-per-paolo-campiglio\/","title":{"rendered":"Riconferma al vertice del consorzio chimico-farmaceutico per Paolo Campiglio"},"content":{"rendered":"<p><em><strong><a title=\"Paolo Campiglio riconfermato al vertice del consorzio chimico-farmaceutico\" href=\"https:\/\/www.economiaoggi.it\/executive-manager\/farmaceutica-paolo-campiglio-resta-al-vertice\/\">Paolo Campiglio<\/a> \u00e8 stato riconfermato ai vertici del consorzio chimico-farmaceutico. Inoltre, tra i nuovi incarichi a lui affidati, vi \u00e8 anche il coordinamento delle risorse economiche in arrivo dal Recovery Fund.<\/strong><\/em><\/p>\n<p><img loading=\"lazy\" decoding=\"async\" class=\"alignnone\" src=\"https:\/\/www.economiaoggi.it\/wp-content\/uploads\/2021\/11\/paolo-campiglio-400x425.jpg.webp\" alt=\"Paolo Campiglio\" width=\"120\" height=\"425\" \/><\/p>\n<h2>Paolo Campiglio confermato ai vertici del consorzio chimico-farmaceutico<\/h2>\n<p>I soci del consorzio chimico-farmaceutico riuniti in seduta comune hanno confermato la dirigenza, designando inoltre <strong>Paolo Campiglio<\/strong> alla gestione dei fondi economici in arrivo dal Recovery Fund. Manager con specializzazione nei mercati globali, nel corso del passato decennio ha preso parte in maniera preponderante al nuovo business di Dacl\u00e9 in Europa centrale e orientale, vale a dire la distribuzione di medicinali (Farmacol approvvigiona in questo senso pi\u00f9 di 12.000 farmacie in Polonia) e le forniture ospedaliere di prodotti sanitari in Polonia, Lituania e Lettonia attraverso Pelion. Ha inoltre ricoperto posizioni di alto livello nell&#8217;ambito della diplomazia commerciale ed ha lavorato come vice-presidente esecutivo della Camera di Commercio Italo-Polacca e componente di advisory board sulla globalizzazione per le imprese. Figura di primo piano nella promozione della cultura del Made in Italy, <strong>Paolo Campiglio<\/strong> \u00e8 stato riconfermato anche per il biennio 2022-2024 al vertice del consorzio chimico-farmaceutico. Inoltre, avr\u00e0 anche il compito di amministrare i fondi in arrivo del Next Generation Eu.<\/p>\n<h2>Paolo Campiglio: la carriera in ambito manageriale e istituzionale<\/h2>\n<p><strong>Paolo Campiglio<\/strong> nasce a Milano nel 1975. Dopo il conseguimento del diploma superiore presso il liceo commerciale a indirizzo giuridico-amministrativo, frequenta la facolt\u00e0 di Farmacia dell&#8217;Universit\u00e0 di Pavia, continuando cos\u00ec la tradizione e l&#8217;expertise nel settore della sua famiglia. Oggi \u00e8 direttore esecutivo della holding del gruppo Dacl\u00e9 e presidente di Dacl\u00e9 SA. Ha maturato poi esperienze nella consulenza grazie ai ruoli rivestiti come associate advisor della British-Polish Chamber of Commerce e vice-presidente esecutivo della Camera di Commercio Italo-Polacca. Tra gli altri incarichi ricoperti si segnalano quelli in qualit\u00e0 di direttore e coordinatore di differenti realt\u00e0 in Italia e all&#8217;estero. Oltre all&#8217;attivit\u00e0 come imprenditore, \u00e8 noto anche il suo impegno in ambito istituzionale: \u00e8 stato consigliere comunale di Legnano per tre mandati dal 1997 al 2012 e presidente del Consiglio comunale dal 2007 al 2012. <strong>Paolo Campiglio<\/strong> \u00e8 infine conosciuto come critico televisivo e reporter radiofonico, essendo ospite fisso della sala stampa RAI al Festival di Sanremo.<\/p>\n","protected":false},"excerpt":{"rendered":"<p>Paolo Campiglio \u00e8 stato riconfermato ai vertici del consorzio chimico-farmaceutico. Inoltre, tra i nuovi incarichi a lui affidati, vi \u00e8 anche il coordinamento delle risorse economiche in arrivo dal Recovery Fund. Paolo Campiglio confermato ai vertici del consorzio chimico-farmaceutico I soci del consorzio chimico-farmaceutico riuniti in seduta comune hanno confermato la dirigenza, designando inoltre Paolo Campiglio alla gestione dei fondi economici in arrivo dal Recovery Fund. Manager con specializzazione nei<\/p>\n<p><a class=\"continue-reading\" href=\"https:\/\/www.article-marketing.eu\/comunicatistampa\/riconferma-al-vertice-del-consorzio-chimico-farmaceutico-per-paolo-campiglio\/\">Continue reading&#8230;<\/a><\/p>\n","protected":false},"author":6477,"featured_media":0,"comment_status":"open","ping_status":"open","sticky":false,"template":"","format":"standard","meta":{"_monsterinsights_skip_tracking":false,"_monsterinsights_sitenote_active":false,"_monsterinsights_sitenote_note":"","_monsterinsights_sitenote_category":0,"footnotes":""},"categories":[78],"tags":[9122],"class_list":["post-21680","post","type-post","status-publish","format-standard","hentry","category-comunicati-stampa","tag-paolo-campiglio"],"yoast_head":"<!-- This site is optimized with the Yoast SEO plugin v27.3 - https:\/\/yoast.com\/product\/yoast-seo-wordpress\/ -->\n<title>Riconferma al vertice del consorzio chimico-farmaceutico per Paolo Campiglio<\/title>\n<meta name=\"robots\" content=\"index, follow, max-snippet:-1, max-image-preview:large, max-video-preview:-1\" \/>\n<link rel=\"canonical\" href=\"https:\/\/www.article-marketing.eu\/comunicatistampa\/riconferma-al-vertice-del-consorzio-chimico-farmaceutico-per-paolo-campiglio\/\" \/>\n<meta property=\"og:locale\" content=\"it_IT\" \/>\n<meta property=\"og:type\" content=\"article\" \/>\n<meta property=\"og:title\" content=\"Riconferma al vertice del consorzio chimico-farmaceutico per Paolo Campiglio\" \/>\n<meta property=\"og:description\" content=\"Paolo Campiglio \u00e8 stato riconfermato ai vertici del consorzio chimico-farmaceutico. Inoltre, tra i nuovi incarichi a lui affidati, vi \u00e8 anche il coordinamento delle risorse economiche in arrivo dal Recovery Fund. Paolo Campiglio confermato ai vertici del consorzio chimico-farmaceutico I soci del consorzio chimico-farmaceutico riuniti in seduta comune hanno confermato la dirigenza, designando inoltre Paolo Campiglio alla gestione dei fondi economici in arrivo dal Recovery Fund. Manager con specializzazione neiContinue reading...\" \/>\n<meta property=\"og:url\" content=\"https:\/\/www.article-marketing.eu\/comunicatistampa\/riconferma-al-vertice-del-consorzio-chimico-farmaceutico-per-paolo-campiglio\/\" \/>\n<meta property=\"og:site_name\" content=\"Article Marketing\" \/>\n<meta property=\"article:published_time\" content=\"2022-01-26T16:37:08+00:00\" \/>\n<meta property=\"og:image\" content=\"https:\/\/www.economiaoggi.it\/wp-content\/uploads\/2021\/11\/paolo-campiglio-400x425.jpg.webp\" \/>\n<meta name=\"author\" content=\"articolinews\" \/>\n<meta name=\"twitter:card\" content=\"summary_large_image\" \/>\n<meta name=\"twitter:label1\" content=\"Scritto da\" \/>\n\t<meta name=\"twitter:data1\" content=\"articolinews\" \/>\n\t<meta name=\"twitter:label2\" content=\"Tempo di lettura stimato\" \/>\n\t<meta name=\"twitter:data2\" content=\"2 minuti\" \/>\n<script type=\"application\/ld+json\" class=\"yoast-schema-graph\">{\"@context\":\"https:\\\/\\\/schema.org\",\"@graph\":[{\"@type\":\"Article\",\"@id\":\"https:\\\/\\\/www.article-marketing.eu\\\/comunicatistampa\\\/riconferma-al-vertice-del-consorzio-chimico-farmaceutico-per-paolo-campiglio\\\/#article\",\"isPartOf\":{\"@id\":\"https:\\\/\\\/www.article-marketing.eu\\\/comunicatistampa\\\/riconferma-al-vertice-del-consorzio-chimico-farmaceutico-per-paolo-campiglio\\\/\"},\"author\":{\"name\":\"articolinews\",\"@id\":\"https:\\\/\\\/www.article-marketing.eu\\\/comunicatistampa\\\/#\\\/schema\\\/person\\\/2fcaf8f8f3a9eef9eb7f27532d3ca458\"},\"headline\":\"Riconferma al vertice del consorzio chimico-farmaceutico per Paolo Campiglio\",\"datePublished\":\"2022-01-26T16:37:08+00:00\",\"mainEntityOfPage\":{\"@id\":\"https:\\\/\\\/www.article-marketing.eu\\\/comunicatistampa\\\/riconferma-al-vertice-del-consorzio-chimico-farmaceutico-per-paolo-campiglio\\\/\"},\"wordCount\":361,\"commentCount\":0,\"image\":{\"@id\":\"https:\\\/\\\/www.article-marketing.eu\\\/comunicatistampa\\\/riconferma-al-vertice-del-consorzio-chimico-farmaceutico-per-paolo-campiglio\\\/#primaryimage\"},\"thumbnailUrl\":\"https:\\\/\\\/www.economiaoggi.it\\\/wp-content\\\/uploads\\\/2021\\\/11\\\/paolo-campiglio-400x425.jpg.webp\",\"keywords\":[\"Paolo Campiglio\"],\"articleSection\":[\"Comunicati stampa\"],\"inLanguage\":\"it-IT\",\"potentialAction\":[{\"@type\":\"CommentAction\",\"name\":\"Comment\",\"target\":[\"https:\\\/\\\/www.article-marketing.eu\\\/comunicatistampa\\\/riconferma-al-vertice-del-consorzio-chimico-farmaceutico-per-paolo-campiglio\\\/#respond\"]}]},{\"@type\":\"WebPage\",\"@id\":\"https:\\\/\\\/www.article-marketing.eu\\\/comunicatistampa\\\/riconferma-al-vertice-del-consorzio-chimico-farmaceutico-per-paolo-campiglio\\\/\",\"url\":\"https:\\\/\\\/www.article-marketing.eu\\\/comunicatistampa\\\/riconferma-al-vertice-del-consorzio-chimico-farmaceutico-per-paolo-campiglio\\\/\",\"name\":\"Riconferma al vertice del consorzio chimico-farmaceutico per Paolo Campiglio\",\"isPartOf\":{\"@id\":\"https:\\\/\\\/www.article-marketing.eu\\\/comunicatistampa\\\/#website\"},\"primaryImageOfPage\":{\"@id\":\"https:\\\/\\\/www.article-marketing.eu\\\/comunicatistampa\\\/riconferma-al-vertice-del-consorzio-chimico-farmaceutico-per-paolo-campiglio\\\/#primaryimage\"},\"image\":{\"@id\":\"https:\\\/\\\/www.article-marketing.eu\\\/comunicatistampa\\\/riconferma-al-vertice-del-consorzio-chimico-farmaceutico-per-paolo-campiglio\\\/#primaryimage\"},\"thumbnailUrl\":\"https:\\\/\\\/www.economiaoggi.it\\\/wp-content\\\/uploads\\\/2021\\\/11\\\/paolo-campiglio-400x425.jpg.webp\",\"datePublished\":\"2022-01-26T16:37:08+00:00\",\"author\":{\"@id\":\"https:\\\/\\\/www.article-marketing.eu\\\/comunicatistampa\\\/#\\\/schema\\\/person\\\/2fcaf8f8f3a9eef9eb7f27532d3ca458\"},\"breadcrumb\":{\"@id\":\"https:\\\/\\\/www.article-marketing.eu\\\/comunicatistampa\\\/riconferma-al-vertice-del-consorzio-chimico-farmaceutico-per-paolo-campiglio\\\/#breadcrumb\"},\"inLanguage\":\"it-IT\",\"potentialAction\":[{\"@type\":\"ReadAction\",\"target\":[\"https:\\\/\\\/www.article-marketing.eu\\\/comunicatistampa\\\/riconferma-al-vertice-del-consorzio-chimico-farmaceutico-per-paolo-campiglio\\\/\"]}]},{\"@type\":\"ImageObject\",\"inLanguage\":\"it-IT\",\"@id\":\"https:\\\/\\\/www.article-marketing.eu\\\/comunicatistampa\\\/riconferma-al-vertice-del-consorzio-chimico-farmaceutico-per-paolo-campiglio\\\/#primaryimage\",\"url\":\"https:\\\/\\\/www.economiaoggi.it\\\/wp-content\\\/uploads\\\/2021\\\/11\\\/paolo-campiglio-400x425.jpg.webp\",\"contentUrl\":\"https:\\\/\\\/www.economiaoggi.it\\\/wp-content\\\/uploads\\\/2021\\\/11\\\/paolo-campiglio-400x425.jpg.webp\"},{\"@type\":\"BreadcrumbList\",\"@id\":\"https:\\\/\\\/www.article-marketing.eu\\\/comunicatistampa\\\/riconferma-al-vertice-del-consorzio-chimico-farmaceutico-per-paolo-campiglio\\\/#breadcrumb\",\"itemListElement\":[{\"@type\":\"ListItem\",\"position\":1,\"name\":\"Home\",\"item\":\"https:\\\/\\\/www.article-marketing.eu\\\/comunicatistampa\\\/\"},{\"@type\":\"ListItem\",\"position\":2,\"name\":\"Riconferma al vertice del consorzio chimico-farmaceutico per Paolo Campiglio\"}]},{\"@type\":\"WebSite\",\"@id\":\"https:\\\/\\\/www.article-marketing.eu\\\/comunicatistampa\\\/#website\",\"url\":\"https:\\\/\\\/www.article-marketing.eu\\\/comunicatistampa\\\/\",\"name\":\"Article Marketing\",\"description\":\"article marketing &amp; press release\",\"potentialAction\":[{\"@type\":\"SearchAction\",\"target\":{\"@type\":\"EntryPoint\",\"urlTemplate\":\"https:\\\/\\\/www.article-marketing.eu\\\/comunicatistampa\\\/?s={search_term_string}\"},\"query-input\":{\"@type\":\"PropertyValueSpecification\",\"valueRequired\":true,\"valueName\":\"search_term_string\"}}],\"inLanguage\":\"it-IT\"},{\"@type\":\"Person\",\"@id\":\"https:\\\/\\\/www.article-marketing.eu\\\/comunicatistampa\\\/#\\\/schema\\\/person\\\/2fcaf8f8f3a9eef9eb7f27532d3ca458\",\"name\":\"articolinews\",\"image\":{\"@type\":\"ImageObject\",\"inLanguage\":\"it-IT\",\"@id\":\"https:\\\/\\\/secure.gravatar.com\\\/avatar\\\/9e2a264bab04e17dea24d937c9956304649a848cb73c46747a692ff1bdeb1cb7?s=96&d=mm&r=g\",\"url\":\"https:\\\/\\\/secure.gravatar.com\\\/avatar\\\/9e2a264bab04e17dea24d937c9956304649a848cb73c46747a692ff1bdeb1cb7?s=96&d=mm&r=g\",\"contentUrl\":\"https:\\\/\\\/secure.gravatar.com\\\/avatar\\\/9e2a264bab04e17dea24d937c9956304649a848cb73c46747a692ff1bdeb1cb7?s=96&d=mm&r=g\",\"caption\":\"articolinews\"},\"url\":\"https:\\\/\\\/www.article-marketing.eu\\\/comunicatistampa\\\/author\\\/articolinews\\\/\"}]}<\/script>\n<!-- \/ Yoast SEO plugin. -->","yoast_head_json":{"title":"Riconferma al vertice del consorzio chimico-farmaceutico per Paolo Campiglio","robots":{"index":"index","follow":"follow","max-snippet":"max-snippet:-1","max-image-preview":"max-image-preview:large","max-video-preview":"max-video-preview:-1"},"canonical":"https:\/\/www.article-marketing.eu\/comunicatistampa\/riconferma-al-vertice-del-consorzio-chimico-farmaceutico-per-paolo-campiglio\/","og_locale":"it_IT","og_type":"article","og_title":"Riconferma al vertice del consorzio chimico-farmaceutico per Paolo Campiglio","og_description":"Paolo Campiglio \u00e8 stato riconfermato ai vertici del consorzio chimico-farmaceutico. Inoltre, tra i nuovi incarichi a lui affidati, vi \u00e8 anche il coordinamento delle risorse economiche in arrivo dal Recovery Fund. Paolo Campiglio confermato ai vertici del consorzio chimico-farmaceutico I soci del consorzio chimico-farmaceutico riuniti in seduta comune hanno confermato la dirigenza, designando inoltre Paolo Campiglio alla gestione dei fondi economici in arrivo dal Recovery Fund. Manager con specializzazione neiContinue reading...","og_url":"https:\/\/www.article-marketing.eu\/comunicatistampa\/riconferma-al-vertice-del-consorzio-chimico-farmaceutico-per-paolo-campiglio\/","og_site_name":"Article Marketing","article_published_time":"2022-01-26T16:37:08+00:00","og_image":[{"url":"https:\/\/www.economiaoggi.it\/wp-content\/uploads\/2021\/11\/paolo-campiglio-400x425.jpg.webp","type":"","width":"","height":""}],"author":"articolinews","twitter_card":"summary_large_image","twitter_misc":{"Scritto da":"articolinews","Tempo di lettura stimato":"2 minuti"},"schema":{"@context":"https:\/\/schema.org","@graph":[{"@type":"Article","@id":"https:\/\/www.article-marketing.eu\/comunicatistampa\/riconferma-al-vertice-del-consorzio-chimico-farmaceutico-per-paolo-campiglio\/#article","isPartOf":{"@id":"https:\/\/www.article-marketing.eu\/comunicatistampa\/riconferma-al-vertice-del-consorzio-chimico-farmaceutico-per-paolo-campiglio\/"},"author":{"name":"articolinews","@id":"https:\/\/www.article-marketing.eu\/comunicatistampa\/#\/schema\/person\/2fcaf8f8f3a9eef9eb7f27532d3ca458"},"headline":"Riconferma al vertice del consorzio chimico-farmaceutico per Paolo Campiglio","datePublished":"2022-01-26T16:37:08+00:00","mainEntityOfPage":{"@id":"https:\/\/www.article-marketing.eu\/comunicatistampa\/riconferma-al-vertice-del-consorzio-chimico-farmaceutico-per-paolo-campiglio\/"},"wordCount":361,"commentCount":0,"image":{"@id":"https:\/\/www.article-marketing.eu\/comunicatistampa\/riconferma-al-vertice-del-consorzio-chimico-farmaceutico-per-paolo-campiglio\/#primaryimage"},"thumbnailUrl":"https:\/\/www.economiaoggi.it\/wp-content\/uploads\/2021\/11\/paolo-campiglio-400x425.jpg.webp","keywords":["Paolo Campiglio"],"articleSection":["Comunicati stampa"],"inLanguage":"it-IT","potentialAction":[{"@type":"CommentAction","name":"Comment","target":["https:\/\/www.article-marketing.eu\/comunicatistampa\/riconferma-al-vertice-del-consorzio-chimico-farmaceutico-per-paolo-campiglio\/#respond"]}]},{"@type":"WebPage","@id":"https:\/\/www.article-marketing.eu\/comunicatistampa\/riconferma-al-vertice-del-consorzio-chimico-farmaceutico-per-paolo-campiglio\/","url":"https:\/\/www.article-marketing.eu\/comunicatistampa\/riconferma-al-vertice-del-consorzio-chimico-farmaceutico-per-paolo-campiglio\/","name":"Riconferma al vertice del consorzio chimico-farmaceutico per Paolo Campiglio","isPartOf":{"@id":"https:\/\/www.article-marketing.eu\/comunicatistampa\/#website"},"primaryImageOfPage":{"@id":"https:\/\/www.article-marketing.eu\/comunicatistampa\/riconferma-al-vertice-del-consorzio-chimico-farmaceutico-per-paolo-campiglio\/#primaryimage"},"image":{"@id":"https:\/\/www.article-marketing.eu\/comunicatistampa\/riconferma-al-vertice-del-consorzio-chimico-farmaceutico-per-paolo-campiglio\/#primaryimage"},"thumbnailUrl":"https:\/\/www.economiaoggi.it\/wp-content\/uploads\/2021\/11\/paolo-campiglio-400x425.jpg.webp","datePublished":"2022-01-26T16:37:08+00:00","author":{"@id":"https:\/\/www.article-marketing.eu\/comunicatistampa\/#\/schema\/person\/2fcaf8f8f3a9eef9eb7f27532d3ca458"},"breadcrumb":{"@id":"https:\/\/www.article-marketing.eu\/comunicatistampa\/riconferma-al-vertice-del-consorzio-chimico-farmaceutico-per-paolo-campiglio\/#breadcrumb"},"inLanguage":"it-IT","potentialAction":[{"@type":"ReadAction","target":["https:\/\/www.article-marketing.eu\/comunicatistampa\/riconferma-al-vertice-del-consorzio-chimico-farmaceutico-per-paolo-campiglio\/"]}]},{"@type":"ImageObject","inLanguage":"it-IT","@id":"https:\/\/www.article-marketing.eu\/comunicatistampa\/riconferma-al-vertice-del-consorzio-chimico-farmaceutico-per-paolo-campiglio\/#primaryimage","url":"https:\/\/www.economiaoggi.it\/wp-content\/uploads\/2021\/11\/paolo-campiglio-400x425.jpg.webp","contentUrl":"https:\/\/www.economiaoggi.it\/wp-content\/uploads\/2021\/11\/paolo-campiglio-400x425.jpg.webp"},{"@type":"BreadcrumbList","@id":"https:\/\/www.article-marketing.eu\/comunicatistampa\/riconferma-al-vertice-del-consorzio-chimico-farmaceutico-per-paolo-campiglio\/#breadcrumb","itemListElement":[{"@type":"ListItem","position":1,"name":"Home","item":"https:\/\/www.article-marketing.eu\/comunicatistampa\/"},{"@type":"ListItem","position":2,"name":"Riconferma al vertice del consorzio chimico-farmaceutico per Paolo Campiglio"}]},{"@type":"WebSite","@id":"https:\/\/www.article-marketing.eu\/comunicatistampa\/#website","url":"https:\/\/www.article-marketing.eu\/comunicatistampa\/","name":"Article Marketing","description":"article marketing &amp; press release","potentialAction":[{"@type":"SearchAction","target":{"@type":"EntryPoint","urlTemplate":"https:\/\/www.article-marketing.eu\/comunicatistampa\/?s={search_term_string}"},"query-input":{"@type":"PropertyValueSpecification","valueRequired":true,"valueName":"search_term_string"}}],"inLanguage":"it-IT"},{"@type":"Person","@id":"https:\/\/www.article-marketing.eu\/comunicatistampa\/#\/schema\/person\/2fcaf8f8f3a9eef9eb7f27532d3ca458","name":"articolinews","image":{"@type":"ImageObject","inLanguage":"it-IT","@id":"https:\/\/secure.gravatar.com\/avatar\/9e2a264bab04e17dea24d937c9956304649a848cb73c46747a692ff1bdeb1cb7?s=96&d=mm&r=g","url":"https:\/\/secure.gravatar.com\/avatar\/9e2a264bab04e17dea24d937c9956304649a848cb73c46747a692ff1bdeb1cb7?s=96&d=mm&r=g","contentUrl":"https:\/\/secure.gravatar.com\/avatar\/9e2a264bab04e17dea24d937c9956304649a848cb73c46747a692ff1bdeb1cb7?s=96&d=mm&r=g","caption":"articolinews"},"url":"https:\/\/www.article-marketing.eu\/comunicatistampa\/author\/articolinews\/"}]}},"_links":{"self":[{"href":"https:\/\/www.article-marketing.eu\/comunicatistampa\/wp-json\/wp\/v2\/posts\/21680","targetHints":{"allow":["GET"]}}],"collection":[{"href":"https:\/\/www.article-marketing.eu\/comunicatistampa\/wp-json\/wp\/v2\/posts"}],"about":[{"href":"https:\/\/www.article-marketing.eu\/comunicatistampa\/wp-json\/wp\/v2\/types\/post"}],"author":[{"embeddable":true,"href":"https:\/\/www.article-marketing.eu\/comunicatistampa\/wp-json\/wp\/v2\/users\/6477"}],"replies":[{"embeddable":true,"href":"https:\/\/www.article-marketing.eu\/comunicatistampa\/wp-json\/wp\/v2\/comments?post=21680"}],"version-history":[{"count":4,"href":"https:\/\/www.article-marketing.eu\/comunicatistampa\/wp-json\/wp\/v2\/posts\/21680\/revisions"}],"predecessor-version":[{"id":21708,"href":"https:\/\/www.article-marketing.eu\/comunicatistampa\/wp-json\/wp\/v2\/posts\/21680\/revisions\/21708"}],"wp:attachment":[{"href":"https:\/\/www.article-marketing.eu\/comunicatistampa\/wp-json\/wp\/v2\/media?parent=21680"}],"wp:term":[{"taxonomy":"category","embeddable":true,"href":"https:\/\/www.article-marketing.eu\/comunicatistampa\/wp-json\/wp\/v2\/categories?post=21680"},{"taxonomy":"post_tag","embeddable":true,"href":"https:\/\/www.article-marketing.eu\/comunicatistampa\/wp-json\/wp\/v2\/tags?post=21680"}],"curies":[{"name":"wp","href":"https:\/\/api.w.org\/{rel}","templated":true}]}}