{"id":21774,"date":"2022-01-30T03:36:02","date_gmt":"2022-01-30T02:36:02","guid":{"rendered":"https:\/\/www.article-marketing.eu\/comunicatistampa\/?p=21774"},"modified":"2022-01-30T03:36:02","modified_gmt":"2022-01-30T02:36:02","slug":"emilia-romagna-bollette-in-aumento-del-27-nel-2021","status":"publish","type":"post","link":"https:\/\/www.article-marketing.eu\/comunicatistampa\/emilia-romagna-bollette-in-aumento-del-27-nel-2021\/","title":{"rendered":"Emilia-Romagna: bollette in aumento del 27% nel 2021"},"content":{"rendered":"<p>Secondo l\u2019analisi* di <strong>Facile.it<\/strong>, in <strong>Emilia-Romagna<\/strong> nel 2021 il costo delle <strong>bollette luce e gas<\/strong> \u00e8 <strong>schizzato alle stelle<\/strong> e le famiglie hanno speso, in media,<strong> 1.825 euro <\/strong>(valore pi\u00f9 alto a livello nazionale), in aumento del <strong>27%<\/strong> rispetto al 2020.<\/p>\n<p>Nello specifico, la <strong>bolletta elettrica<\/strong> \u00e8 stata, in media, pari a <strong>680 euro<\/strong>, con un rincaro annuo del <strong>35%<\/strong>; quella del <strong>gas<\/strong>, invece, \u00e8 arrivata a <strong>1.146 euro<\/strong>, in crescita del <strong>23%<\/strong> rispetto al 2020.<\/p>\n<p>La brutta notizia \u00e8 che il <strong>2022 potrebbe andare peggio<\/strong>: se le tariffe attualmente in vigore rimarranno costanti fino a fine anno, a parit\u00e0 di consumi e in assenza di interventi istituzionali, il conto complessivo per le famiglie dell\u2019Emilia-Romagna potrebbe addirittura superare, in media, i <strong>3.200 euro<\/strong>, vale a dire il <strong>78%<\/strong> in pi\u00f9 rispetto al 2021.<\/p>\n<p><em>\u00abGuardando al prezzo delle bollette in Italia negli ultimi 15 anni, mai le tariffe sono state cos\u00ec alte e alcuni segnali ci inducono a pensare che il quadro potrebbe restare critico almeno per la prima met\u00e0 dell\u2019anno, se non di pi\u00f9\u00bb, <\/em><em>spiega <strong>Silvia Rossi<\/strong>, BU Director Gas &amp; Power di Facile.it. \u00ab<\/em><em>Se la situazione non torner\u00e0 alla normalit\u00e0, dopo le misure a \u00a0favore delle imprese sarebbe auspicabile un nuovo intervento del Governo a supporto delle famiglie. Una strategia per risparmiare rimane quella di valutare il passaggio al mercato libero; guardando alle migliori tariffe disponibili online, il passaggio potrebbe far risparmiare fino al 22% per il gas e addirittura il 38% per l\u2019energia elettrica.\u00bb.<\/em><\/p>\n<p><em>*L\u2019analisi \u00e8 stata realizzata su un campione di oltre 75.000 contratti di fornitura raccolti a livello nazionale da Facile.it nel 2021 e considerando un consumo medio che, per l\u2019Emilia-Romagna, \u00e8 \u00a0pari a 2.908 kWh per l\u2019energia elettrica e 1.367 smc per la fornitura di gas, prendendo in considerazione i prezzi offerti nel mercato tutelato. Il risparmio \u00e8 stato calcolato tenendo in considerazione le migliori tariffe disponibili su Facile.it in data 24 gennaio 2022<\/em><\/p>\n<p>Immagine \u00a9 Andreas<\/p>\n","protected":false},"excerpt":{"rendered":"<p>Secondo l\u2019analisi* di Facile.it, in Emilia-Romagna nel 2021 il costo delle bollette luce e gas \u00e8 schizzato alle stelle e le famiglie hanno speso, in media, 1.825 euro (valore pi\u00f9 alto a livello nazionale), in aumento del 27% rispetto al 2020. Nello specifico, la bolletta elettrica \u00e8 stata, in media, pari a 680 euro, con un rincaro annuo del 35%; quella del gas, invece, \u00e8 arrivata a 1.146 euro, in<\/p>\n<p><a class=\"continue-reading\" href=\"https:\/\/www.article-marketing.eu\/comunicatistampa\/emilia-romagna-bollette-in-aumento-del-27-nel-2021\/\">Continue reading&#8230;<\/a><\/p>\n","protected":false},"author":62,"featured_media":0,"comment_status":"open","ping_status":"open","sticky":false,"template":"","format":"standard","meta":{"_monsterinsights_skip_tracking":false,"_monsterinsights_sitenote_active":false,"_monsterinsights_sitenote_note":"","_monsterinsights_sitenote_category":0,"footnotes":""},"categories":[386],"tags":[8570,9154,836,555],"class_list":["post-21774","post","type-post","status-publish","format-standard","hentry","category-economia-e-lavoro","tag-bollette-luce-e-gas","tag-caro-bollette","tag-emilia-romagna","tag-facile-it"],"yoast_head":"<!-- This site is optimized with the Yoast SEO plugin v27.3 - https:\/\/yoast.com\/product\/yoast-seo-wordpress\/ -->\n<title>Emilia-Romagna: bollette in aumento del 27% nel 2021 - Article Marketing<\/title>\n<meta name=\"robots\" content=\"index, follow, max-snippet:-1, max-image-preview:large, max-video-preview:-1\" \/>\n<link rel=\"canonical\" href=\"https:\/\/www.article-marketing.eu\/comunicatistampa\/emilia-romagna-bollette-in-aumento-del-27-nel-2021\/\" \/>\n<meta property=\"og:locale\" content=\"it_IT\" \/>\n<meta property=\"og:type\" content=\"article\" \/>\n<meta property=\"og:title\" content=\"Emilia-Romagna: bollette in aumento del 27% nel 2021 - Article Marketing\" \/>\n<meta property=\"og:description\" content=\"Secondo l\u2019analisi* di Facile.it, in Emilia-Romagna nel 2021 il costo delle bollette luce e gas \u00e8 schizzato alle stelle e le famiglie hanno speso, in media, 1.825 euro (valore pi\u00f9 alto a livello nazionale), in aumento del 27% rispetto al 2020. Nello specifico, la bolletta elettrica \u00e8 stata, in media, pari a 680 euro, con un rincaro annuo del 35%; quella del gas, invece, \u00e8 arrivata a 1.146 euro, inContinue reading...\" \/>\n<meta property=\"og:url\" content=\"https:\/\/www.article-marketing.eu\/comunicatistampa\/emilia-romagna-bollette-in-aumento-del-27-nel-2021\/\" \/>\n<meta property=\"og:site_name\" content=\"Article Marketing\" \/>\n<meta property=\"article:published_time\" content=\"2022-01-30T02:36:02+00:00\" \/>\n<meta name=\"author\" content=\"Facile.it\" \/>\n<meta name=\"twitter:card\" content=\"summary_large_image\" \/>\n<meta name=\"twitter:label1\" content=\"Scritto da\" \/>\n\t<meta name=\"twitter:data1\" content=\"Facile.it\" \/>\n\t<meta name=\"twitter:label2\" content=\"Tempo di lettura stimato\" \/>\n\t<meta name=\"twitter:data2\" content=\"2 minuti\" \/>\n<script type=\"application\/ld+json\" class=\"yoast-schema-graph\">{\"@context\":\"https:\\\/\\\/schema.org\",\"@graph\":[{\"@type\":\"Article\",\"@id\":\"https:\\\/\\\/www.article-marketing.eu\\\/comunicatistampa\\\/emilia-romagna-bollette-in-aumento-del-27-nel-2021\\\/#article\",\"isPartOf\":{\"@id\":\"https:\\\/\\\/www.article-marketing.eu\\\/comunicatistampa\\\/emilia-romagna-bollette-in-aumento-del-27-nel-2021\\\/\"},\"author\":{\"name\":\"Facile.it\",\"@id\":\"https:\\\/\\\/www.article-marketing.eu\\\/comunicatistampa\\\/#\\\/schema\\\/person\\\/1deca6d9e0cf173abfe76a90ef261a2a\"},\"headline\":\"Emilia-Romagna: bollette in aumento del 27% nel 2021\",\"datePublished\":\"2022-01-30T02:36:02+00:00\",\"mainEntityOfPage\":{\"@id\":\"https:\\\/\\\/www.article-marketing.eu\\\/comunicatistampa\\\/emilia-romagna-bollette-in-aumento-del-27-nel-2021\\\/\"},\"wordCount\":309,\"commentCount\":0,\"keywords\":[\"bollette luce e gas\",\"caro-bollette\",\"Emilia Romagna\",\"facile.it\"],\"articleSection\":[\"Economia e lavoro\"],\"inLanguage\":\"it-IT\",\"potentialAction\":[{\"@type\":\"CommentAction\",\"name\":\"Comment\",\"target\":[\"https:\\\/\\\/www.article-marketing.eu\\\/comunicatistampa\\\/emilia-romagna-bollette-in-aumento-del-27-nel-2021\\\/#respond\"]}]},{\"@type\":\"WebPage\",\"@id\":\"https:\\\/\\\/www.article-marketing.eu\\\/comunicatistampa\\\/emilia-romagna-bollette-in-aumento-del-27-nel-2021\\\/\",\"url\":\"https:\\\/\\\/www.article-marketing.eu\\\/comunicatistampa\\\/emilia-romagna-bollette-in-aumento-del-27-nel-2021\\\/\",\"name\":\"Emilia-Romagna: bollette in aumento del 27% nel 2021 - Article Marketing\",\"isPartOf\":{\"@id\":\"https:\\\/\\\/www.article-marketing.eu\\\/comunicatistampa\\\/#website\"},\"datePublished\":\"2022-01-30T02:36:02+00:00\",\"author\":{\"@id\":\"https:\\\/\\\/www.article-marketing.eu\\\/comunicatistampa\\\/#\\\/schema\\\/person\\\/1deca6d9e0cf173abfe76a90ef261a2a\"},\"breadcrumb\":{\"@id\":\"https:\\\/\\\/www.article-marketing.eu\\\/comunicatistampa\\\/emilia-romagna-bollette-in-aumento-del-27-nel-2021\\\/#breadcrumb\"},\"inLanguage\":\"it-IT\",\"potentialAction\":[{\"@type\":\"ReadAction\",\"target\":[\"https:\\\/\\\/www.article-marketing.eu\\\/comunicatistampa\\\/emilia-romagna-bollette-in-aumento-del-27-nel-2021\\\/\"]}]},{\"@type\":\"BreadcrumbList\",\"@id\":\"https:\\\/\\\/www.article-marketing.eu\\\/comunicatistampa\\\/emilia-romagna-bollette-in-aumento-del-27-nel-2021\\\/#breadcrumb\",\"itemListElement\":[{\"@type\":\"ListItem\",\"position\":1,\"name\":\"Home\",\"item\":\"https:\\\/\\\/www.article-marketing.eu\\\/comunicatistampa\\\/\"},{\"@type\":\"ListItem\",\"position\":2,\"name\":\"Emilia-Romagna: bollette in aumento del 27% nel 2021\"}]},{\"@type\":\"WebSite\",\"@id\":\"https:\\\/\\\/www.article-marketing.eu\\\/comunicatistampa\\\/#website\",\"url\":\"https:\\\/\\\/www.article-marketing.eu\\\/comunicatistampa\\\/\",\"name\":\"Article Marketing\",\"description\":\"article marketing &amp; press release\",\"potentialAction\":[{\"@type\":\"SearchAction\",\"target\":{\"@type\":\"EntryPoint\",\"urlTemplate\":\"https:\\\/\\\/www.article-marketing.eu\\\/comunicatistampa\\\/?s={search_term_string}\"},\"query-input\":{\"@type\":\"PropertyValueSpecification\",\"valueRequired\":true,\"valueName\":\"search_term_string\"}}],\"inLanguage\":\"it-IT\"},{\"@type\":\"Person\",\"@id\":\"https:\\\/\\\/www.article-marketing.eu\\\/comunicatistampa\\\/#\\\/schema\\\/person\\\/1deca6d9e0cf173abfe76a90ef261a2a\",\"name\":\"Facile.it\",\"image\":{\"@type\":\"ImageObject\",\"inLanguage\":\"it-IT\",\"@id\":\"https:\\\/\\\/secure.gravatar.com\\\/avatar\\\/2623775dfcd174bde1a788a4bc028e9035747fa40886953f4954f56c45cf4b34?s=96&d=mm&r=g\",\"url\":\"https:\\\/\\\/secure.gravatar.com\\\/avatar\\\/2623775dfcd174bde1a788a4bc028e9035747fa40886953f4954f56c45cf4b34?s=96&d=mm&r=g\",\"contentUrl\":\"https:\\\/\\\/secure.gravatar.com\\\/avatar\\\/2623775dfcd174bde1a788a4bc028e9035747fa40886953f4954f56c45cf4b34?s=96&d=mm&r=g\",\"caption\":\"Facile.it\"},\"url\":\"https:\\\/\\\/www.article-marketing.eu\\\/comunicatistampa\\\/author\\\/facile-it\\\/\"}]}<\/script>\n<!-- \/ Yoast SEO plugin. -->","yoast_head_json":{"title":"Emilia-Romagna: bollette in aumento del 27% nel 2021 - Article Marketing","robots":{"index":"index","follow":"follow","max-snippet":"max-snippet:-1","max-image-preview":"max-image-preview:large","max-video-preview":"max-video-preview:-1"},"canonical":"https:\/\/www.article-marketing.eu\/comunicatistampa\/emilia-romagna-bollette-in-aumento-del-27-nel-2021\/","og_locale":"it_IT","og_type":"article","og_title":"Emilia-Romagna: bollette in aumento del 27% nel 2021 - Article Marketing","og_description":"Secondo l\u2019analisi* di Facile.it, in Emilia-Romagna nel 2021 il costo delle bollette luce e gas \u00e8 schizzato alle stelle e le famiglie hanno speso, in media, 1.825 euro (valore pi\u00f9 alto a livello nazionale), in aumento del 27% rispetto al 2020. Nello specifico, la bolletta elettrica \u00e8 stata, in media, pari a 680 euro, con un rincaro annuo del 35%; quella del gas, invece, \u00e8 arrivata a 1.146 euro, inContinue reading...","og_url":"https:\/\/www.article-marketing.eu\/comunicatistampa\/emilia-romagna-bollette-in-aumento-del-27-nel-2021\/","og_site_name":"Article Marketing","article_published_time":"2022-01-30T02:36:02+00:00","author":"Facile.it","twitter_card":"summary_large_image","twitter_misc":{"Scritto da":"Facile.it","Tempo di lettura stimato":"2 minuti"},"schema":{"@context":"https:\/\/schema.org","@graph":[{"@type":"Article","@id":"https:\/\/www.article-marketing.eu\/comunicatistampa\/emilia-romagna-bollette-in-aumento-del-27-nel-2021\/#article","isPartOf":{"@id":"https:\/\/www.article-marketing.eu\/comunicatistampa\/emilia-romagna-bollette-in-aumento-del-27-nel-2021\/"},"author":{"name":"Facile.it","@id":"https:\/\/www.article-marketing.eu\/comunicatistampa\/#\/schema\/person\/1deca6d9e0cf173abfe76a90ef261a2a"},"headline":"Emilia-Romagna: bollette in aumento del 27% nel 2021","datePublished":"2022-01-30T02:36:02+00:00","mainEntityOfPage":{"@id":"https:\/\/www.article-marketing.eu\/comunicatistampa\/emilia-romagna-bollette-in-aumento-del-27-nel-2021\/"},"wordCount":309,"commentCount":0,"keywords":["bollette luce e gas","caro-bollette","Emilia Romagna","facile.it"],"articleSection":["Economia e lavoro"],"inLanguage":"it-IT","potentialAction":[{"@type":"CommentAction","name":"Comment","target":["https:\/\/www.article-marketing.eu\/comunicatistampa\/emilia-romagna-bollette-in-aumento-del-27-nel-2021\/#respond"]}]},{"@type":"WebPage","@id":"https:\/\/www.article-marketing.eu\/comunicatistampa\/emilia-romagna-bollette-in-aumento-del-27-nel-2021\/","url":"https:\/\/www.article-marketing.eu\/comunicatistampa\/emilia-romagna-bollette-in-aumento-del-27-nel-2021\/","name":"Emilia-Romagna: bollette in aumento del 27% nel 2021 - Article Marketing","isPartOf":{"@id":"https:\/\/www.article-marketing.eu\/comunicatistampa\/#website"},"datePublished":"2022-01-30T02:36:02+00:00","author":{"@id":"https:\/\/www.article-marketing.eu\/comunicatistampa\/#\/schema\/person\/1deca6d9e0cf173abfe76a90ef261a2a"},"breadcrumb":{"@id":"https:\/\/www.article-marketing.eu\/comunicatistampa\/emilia-romagna-bollette-in-aumento-del-27-nel-2021\/#breadcrumb"},"inLanguage":"it-IT","potentialAction":[{"@type":"ReadAction","target":["https:\/\/www.article-marketing.eu\/comunicatistampa\/emilia-romagna-bollette-in-aumento-del-27-nel-2021\/"]}]},{"@type":"BreadcrumbList","@id":"https:\/\/www.article-marketing.eu\/comunicatistampa\/emilia-romagna-bollette-in-aumento-del-27-nel-2021\/#breadcrumb","itemListElement":[{"@type":"ListItem","position":1,"name":"Home","item":"https:\/\/www.article-marketing.eu\/comunicatistampa\/"},{"@type":"ListItem","position":2,"name":"Emilia-Romagna: bollette in aumento del 27% nel 2021"}]},{"@type":"WebSite","@id":"https:\/\/www.article-marketing.eu\/comunicatistampa\/#website","url":"https:\/\/www.article-marketing.eu\/comunicatistampa\/","name":"Article Marketing","description":"article marketing &amp; press release","potentialAction":[{"@type":"SearchAction","target":{"@type":"EntryPoint","urlTemplate":"https:\/\/www.article-marketing.eu\/comunicatistampa\/?s={search_term_string}"},"query-input":{"@type":"PropertyValueSpecification","valueRequired":true,"valueName":"search_term_string"}}],"inLanguage":"it-IT"},{"@type":"Person","@id":"https:\/\/www.article-marketing.eu\/comunicatistampa\/#\/schema\/person\/1deca6d9e0cf173abfe76a90ef261a2a","name":"Facile.it","image":{"@type":"ImageObject","inLanguage":"it-IT","@id":"https:\/\/secure.gravatar.com\/avatar\/2623775dfcd174bde1a788a4bc028e9035747fa40886953f4954f56c45cf4b34?s=96&d=mm&r=g","url":"https:\/\/secure.gravatar.com\/avatar\/2623775dfcd174bde1a788a4bc028e9035747fa40886953f4954f56c45cf4b34?s=96&d=mm&r=g","contentUrl":"https:\/\/secure.gravatar.com\/avatar\/2623775dfcd174bde1a788a4bc028e9035747fa40886953f4954f56c45cf4b34?s=96&d=mm&r=g","caption":"Facile.it"},"url":"https:\/\/www.article-marketing.eu\/comunicatistampa\/author\/facile-it\/"}]}},"_links":{"self":[{"href":"https:\/\/www.article-marketing.eu\/comunicatistampa\/wp-json\/wp\/v2\/posts\/21774","targetHints":{"allow":["GET"]}}],"collection":[{"href":"https:\/\/www.article-marketing.eu\/comunicatistampa\/wp-json\/wp\/v2\/posts"}],"about":[{"href":"https:\/\/www.article-marketing.eu\/comunicatistampa\/wp-json\/wp\/v2\/types\/post"}],"author":[{"embeddable":true,"href":"https:\/\/www.article-marketing.eu\/comunicatistampa\/wp-json\/wp\/v2\/users\/62"}],"replies":[{"embeddable":true,"href":"https:\/\/www.article-marketing.eu\/comunicatistampa\/wp-json\/wp\/v2\/comments?post=21774"}],"version-history":[{"count":2,"href":"https:\/\/www.article-marketing.eu\/comunicatistampa\/wp-json\/wp\/v2\/posts\/21774\/revisions"}],"predecessor-version":[{"id":21784,"href":"https:\/\/www.article-marketing.eu\/comunicatistampa\/wp-json\/wp\/v2\/posts\/21774\/revisions\/21784"}],"wp:attachment":[{"href":"https:\/\/www.article-marketing.eu\/comunicatistampa\/wp-json\/wp\/v2\/media?parent=21774"}],"wp:term":[{"taxonomy":"category","embeddable":true,"href":"https:\/\/www.article-marketing.eu\/comunicatistampa\/wp-json\/wp\/v2\/categories?post=21774"},{"taxonomy":"post_tag","embeddable":true,"href":"https:\/\/www.article-marketing.eu\/comunicatistampa\/wp-json\/wp\/v2\/tags?post=21774"}],"curies":[{"name":"wp","href":"https:\/\/api.w.org\/{rel}","templated":true}]}}