{"id":21816,"date":"2022-02-03T12:53:39","date_gmt":"2022-02-03T11:53:39","guid":{"rendered":"https:\/\/www.article-marketing.eu\/comunicatistampa\/?p=21816"},"modified":"2022-02-03T12:53:39","modified_gmt":"2022-02-03T11:53:39","slug":"ares-ambiente-limportanza-di-una-gestione-dei-rifiuti-responsabile-vero-lambiente","status":"publish","type":"post","link":"https:\/\/www.article-marketing.eu\/comunicatistampa\/ares-ambiente-limportanza-di-una-gestione-dei-rifiuti-responsabile-vero-lambiente\/","title":{"rendered":"Ares Ambiente: l\u2019importanza di una gestione dei rifiuti responsabile vero l\u2019ambiente"},"content":{"rendered":"<p><em><strong><a title=\"Ares Ambiente - Economia Oggi\" href=\"https:\/\/www.economiaoggi.it\/tag\/ares-ambiente\/\">Ares Ambiente<\/a> offre servizi di smaltimento, recupero e trasporto di rifiuti. Consapevole dell&#8217;impatto che il settore ha sull&#8217;ambiente, l&#8217;azienda \u00e8 impegnata nella promozione di una gestione responsabile. \u00c8 in corso di realizzazione un nuovo impianto di produzione di ammendanti per l&#8217;agricoltura da frazione organica differenziata: un impianto di compostaggio con bioconversione aerobica realizzato secondo le pi\u00f9 moderne tecnologie.<\/strong><\/em><\/p>\n<p><img loading=\"lazy\" decoding=\"async\" class=\"alignnone\" src=\"https:\/\/www.economiaoggi.it\/wp-content\/uploads\/2022\/01\/ares-ambiente.jpg.webp\" alt=\"Ares Ambiente\" width=\"120\" height=\"325\" \/><\/p>\n<h2>I valori di Ares Ambiente, eccellenza italiana nel settore dello smaltimento dei rifiuti<\/h2>\n<p>Fondata nel 2008 a Treviolo, in provincia di Bergamo, in pochi anni <strong>Ares Ambiente<\/strong>, realt\u00e0 specializzata nell&#8217;intermediazione dei rifiuti e nella gestione di impianti autorizzati, \u00e8 stata capace di diventare uno dei punti di riferimento italiani del settore. Non a caso, \u00e8 stata recentemente inserita tra le &#8220;Best Performer&#8221; 2021 della classifica realizzata dal Centro studi ItalyPost e promossa dal quotidiano &#8220;Lombardia Post&#8221;. Un riconoscimento ottenuto grazie alla costante solidit\u00e0 economica e finanziaria dimostrata negli anni. Il successo di <strong>Ares Ambiente<\/strong> \u00e8 figlio di un percorso di sviluppo e di una politica aziendale basata sulla responsabilit\u00e0 nei confronti dell&#8217;ambiente, considerata un valore chiave sia internamente che esternamente. Il rispetto dell&#8217;ambiente viene promosso non solo tra i dipendenti e gli addetti ai lavori, ma anche attraverso l&#8217;ottemperanza della normativa cogente e il monitoraggio costante verso i fornitori, le comunit\u00e0 territoriali e gli enti locali.<\/p>\n<h2>Ares Ambiente: certificazioni e definizione di Ethical Business<\/h2>\n<p>Una gestione dei rifiuti responsabile e consapevole ha come effetto un miglioramento della qualit\u00e0 sia per l&#8217;ambiente che per la salute delle persone. Per questo <strong>Ares Ambiente<\/strong> opera seguendo criteri di efficienza, economicit\u00e0 e trasparenza. Diverse le certificazioni che attestano l&#8217;impegno e il costante aggiornamento dell&#8217;azienda: tra queste Qualit\u00e0 (UNI EN ISO 9001:2015), Ambiente (UNI EN ISO 14001:2015 e Regolamento Europeo EMAS), Sicurezza (UNI ISO 45001:2018) e Responsabilit\u00e0 Sociale (SA 8000:2014). Inoltre, secondo il Modello 231 (D.Lgs 231\/2001), tutte le operazioni di <strong>Ares Ambiente<\/strong> vengono gestite seguendo i protocolli delineati da un Organismo di Vigilanza indipendente. L&#8217;etica aziendale si riflette anche nelle scelte di business. Per le operazioni di campionamento e certificazione dei rifiuti, collabora unicamente con tecnici abilitati, mentre per le attivit\u00e0 di caratterizzazione si rivolge a laboratori chimici accreditati ed enti certificati. Infine, l&#8217;azienda affida il trasporto esclusivamente a trasportatori iscritti all&#8217;albo Gestori Ambientali e conferisce esclusivamente in impianti dotati di VIA e AIA.<\/p>\n","protected":false},"excerpt":{"rendered":"<p>Ares Ambiente offre servizi di smaltimento, recupero e trasporto di rifiuti. Consapevole dell&#8217;impatto che il settore ha sull&#8217;ambiente, l&#8217;azienda \u00e8 impegnata nella promozione di una gestione responsabile. \u00c8 in corso di realizzazione un nuovo impianto di produzione di ammendanti per l&#8217;agricoltura da frazione organica differenziata: un impianto di compostaggio con bioconversione aerobica realizzato secondo le pi\u00f9 moderne tecnologie. I valori di Ares Ambiente, eccellenza italiana nel settore dello smaltimento dei<\/p>\n<p><a class=\"continue-reading\" href=\"https:\/\/www.article-marketing.eu\/comunicatistampa\/ares-ambiente-limportanza-di-una-gestione-dei-rifiuti-responsabile-vero-lambiente\/\">Continue reading&#8230;<\/a><\/p>\n","protected":false},"author":6477,"featured_media":0,"comment_status":"open","ping_status":"open","sticky":false,"template":"","format":"standard","meta":{"_monsterinsights_skip_tracking":false,"_monsterinsights_sitenote_active":false,"_monsterinsights_sitenote_note":"","_monsterinsights_sitenote_category":0,"footnotes":""},"categories":[388],"tags":[9165],"class_list":["post-21816","post","type-post","status-publish","format-standard","hentry","category-aziende","tag-ares-ambiente"],"yoast_head":"<!-- This site is optimized with the Yoast SEO plugin v27.3 - https:\/\/yoast.com\/product\/yoast-seo-wordpress\/ -->\n<title>Ares Ambiente: l\u2019importanza di una gestione dei rifiuti responsabile vero l\u2019ambiente<\/title>\n<meta name=\"robots\" content=\"index, follow, max-snippet:-1, max-image-preview:large, max-video-preview:-1\" \/>\n<link rel=\"canonical\" href=\"https:\/\/www.article-marketing.eu\/comunicatistampa\/ares-ambiente-limportanza-di-una-gestione-dei-rifiuti-responsabile-vero-lambiente\/\" \/>\n<meta property=\"og:locale\" content=\"it_IT\" \/>\n<meta property=\"og:type\" content=\"article\" \/>\n<meta property=\"og:title\" content=\"Ares Ambiente: l\u2019importanza di una gestione dei rifiuti responsabile vero l\u2019ambiente\" \/>\n<meta property=\"og:description\" content=\"Ares Ambiente offre servizi di smaltimento, recupero e trasporto di rifiuti. Consapevole dell&#8217;impatto che il settore ha sull&#8217;ambiente, l&#8217;azienda \u00e8 impegnata nella promozione di una gestione responsabile. \u00c8 in corso di realizzazione un nuovo impianto di produzione di ammendanti per l&#8217;agricoltura da frazione organica differenziata: un impianto di compostaggio con bioconversione aerobica realizzato secondo le pi\u00f9 moderne tecnologie. I valori di Ares Ambiente, eccellenza italiana nel settore dello smaltimento deiContinue reading...\" \/>\n<meta property=\"og:url\" content=\"https:\/\/www.article-marketing.eu\/comunicatistampa\/ares-ambiente-limportanza-di-una-gestione-dei-rifiuti-responsabile-vero-lambiente\/\" \/>\n<meta property=\"og:site_name\" content=\"Article Marketing\" \/>\n<meta property=\"article:published_time\" content=\"2022-02-03T11:53:39+00:00\" \/>\n<meta property=\"og:image\" content=\"https:\/\/www.economiaoggi.it\/wp-content\/uploads\/2022\/01\/ares-ambiente.jpg.webp\" \/>\n<meta name=\"author\" content=\"articolinews\" \/>\n<meta name=\"twitter:card\" content=\"summary_large_image\" \/>\n<meta name=\"twitter:label1\" content=\"Scritto da\" \/>\n\t<meta name=\"twitter:data1\" content=\"articolinews\" \/>\n\t<meta name=\"twitter:label2\" content=\"Tempo di lettura stimato\" \/>\n\t<meta name=\"twitter:data2\" content=\"3 minuti\" \/>\n<script type=\"application\/ld+json\" class=\"yoast-schema-graph\">{\"@context\":\"https:\\\/\\\/schema.org\",\"@graph\":[{\"@type\":\"Article\",\"@id\":\"https:\\\/\\\/www.article-marketing.eu\\\/comunicatistampa\\\/ares-ambiente-limportanza-di-una-gestione-dei-rifiuti-responsabile-vero-lambiente\\\/#article\",\"isPartOf\":{\"@id\":\"https:\\\/\\\/www.article-marketing.eu\\\/comunicatistampa\\\/ares-ambiente-limportanza-di-una-gestione-dei-rifiuti-responsabile-vero-lambiente\\\/\"},\"author\":{\"name\":\"articolinews\",\"@id\":\"https:\\\/\\\/www.article-marketing.eu\\\/comunicatistampa\\\/#\\\/schema\\\/person\\\/2fcaf8f8f3a9eef9eb7f27532d3ca458\"},\"headline\":\"Ares Ambiente: l\u2019importanza di una gestione dei rifiuti responsabile vero l\u2019ambiente\",\"datePublished\":\"2022-02-03T11:53:39+00:00\",\"mainEntityOfPage\":{\"@id\":\"https:\\\/\\\/www.article-marketing.eu\\\/comunicatistampa\\\/ares-ambiente-limportanza-di-una-gestione-dei-rifiuti-responsabile-vero-lambiente\\\/\"},\"wordCount\":379,\"commentCount\":0,\"image\":{\"@id\":\"https:\\\/\\\/www.article-marketing.eu\\\/comunicatistampa\\\/ares-ambiente-limportanza-di-una-gestione-dei-rifiuti-responsabile-vero-lambiente\\\/#primaryimage\"},\"thumbnailUrl\":\"https:\\\/\\\/www.economiaoggi.it\\\/wp-content\\\/uploads\\\/2022\\\/01\\\/ares-ambiente.jpg.webp\",\"keywords\":[\"Ares Ambiente\"],\"articleSection\":[\"Aziende\"],\"inLanguage\":\"it-IT\",\"potentialAction\":[{\"@type\":\"CommentAction\",\"name\":\"Comment\",\"target\":[\"https:\\\/\\\/www.article-marketing.eu\\\/comunicatistampa\\\/ares-ambiente-limportanza-di-una-gestione-dei-rifiuti-responsabile-vero-lambiente\\\/#respond\"]}]},{\"@type\":\"WebPage\",\"@id\":\"https:\\\/\\\/www.article-marketing.eu\\\/comunicatistampa\\\/ares-ambiente-limportanza-di-una-gestione-dei-rifiuti-responsabile-vero-lambiente\\\/\",\"url\":\"https:\\\/\\\/www.article-marketing.eu\\\/comunicatistampa\\\/ares-ambiente-limportanza-di-una-gestione-dei-rifiuti-responsabile-vero-lambiente\\\/\",\"name\":\"Ares Ambiente: l\u2019importanza di una gestione dei rifiuti responsabile vero l\u2019ambiente\",\"isPartOf\":{\"@id\":\"https:\\\/\\\/www.article-marketing.eu\\\/comunicatistampa\\\/#website\"},\"primaryImageOfPage\":{\"@id\":\"https:\\\/\\\/www.article-marketing.eu\\\/comunicatistampa\\\/ares-ambiente-limportanza-di-una-gestione-dei-rifiuti-responsabile-vero-lambiente\\\/#primaryimage\"},\"image\":{\"@id\":\"https:\\\/\\\/www.article-marketing.eu\\\/comunicatistampa\\\/ares-ambiente-limportanza-di-una-gestione-dei-rifiuti-responsabile-vero-lambiente\\\/#primaryimage\"},\"thumbnailUrl\":\"https:\\\/\\\/www.economiaoggi.it\\\/wp-content\\\/uploads\\\/2022\\\/01\\\/ares-ambiente.jpg.webp\",\"datePublished\":\"2022-02-03T11:53:39+00:00\",\"author\":{\"@id\":\"https:\\\/\\\/www.article-marketing.eu\\\/comunicatistampa\\\/#\\\/schema\\\/person\\\/2fcaf8f8f3a9eef9eb7f27532d3ca458\"},\"breadcrumb\":{\"@id\":\"https:\\\/\\\/www.article-marketing.eu\\\/comunicatistampa\\\/ares-ambiente-limportanza-di-una-gestione-dei-rifiuti-responsabile-vero-lambiente\\\/#breadcrumb\"},\"inLanguage\":\"it-IT\",\"potentialAction\":[{\"@type\":\"ReadAction\",\"target\":[\"https:\\\/\\\/www.article-marketing.eu\\\/comunicatistampa\\\/ares-ambiente-limportanza-di-una-gestione-dei-rifiuti-responsabile-vero-lambiente\\\/\"]}]},{\"@type\":\"ImageObject\",\"inLanguage\":\"it-IT\",\"@id\":\"https:\\\/\\\/www.article-marketing.eu\\\/comunicatistampa\\\/ares-ambiente-limportanza-di-una-gestione-dei-rifiuti-responsabile-vero-lambiente\\\/#primaryimage\",\"url\":\"https:\\\/\\\/www.economiaoggi.it\\\/wp-content\\\/uploads\\\/2022\\\/01\\\/ares-ambiente.jpg.webp\",\"contentUrl\":\"https:\\\/\\\/www.economiaoggi.it\\\/wp-content\\\/uploads\\\/2022\\\/01\\\/ares-ambiente.jpg.webp\"},{\"@type\":\"BreadcrumbList\",\"@id\":\"https:\\\/\\\/www.article-marketing.eu\\\/comunicatistampa\\\/ares-ambiente-limportanza-di-una-gestione-dei-rifiuti-responsabile-vero-lambiente\\\/#breadcrumb\",\"itemListElement\":[{\"@type\":\"ListItem\",\"position\":1,\"name\":\"Home\",\"item\":\"https:\\\/\\\/www.article-marketing.eu\\\/comunicatistampa\\\/\"},{\"@type\":\"ListItem\",\"position\":2,\"name\":\"Ares Ambiente: l\u2019importanza di una gestione dei rifiuti responsabile vero l\u2019ambiente\"}]},{\"@type\":\"WebSite\",\"@id\":\"https:\\\/\\\/www.article-marketing.eu\\\/comunicatistampa\\\/#website\",\"url\":\"https:\\\/\\\/www.article-marketing.eu\\\/comunicatistampa\\\/\",\"name\":\"Article Marketing\",\"description\":\"article marketing &amp; press release\",\"potentialAction\":[{\"@type\":\"SearchAction\",\"target\":{\"@type\":\"EntryPoint\",\"urlTemplate\":\"https:\\\/\\\/www.article-marketing.eu\\\/comunicatistampa\\\/?s={search_term_string}\"},\"query-input\":{\"@type\":\"PropertyValueSpecification\",\"valueRequired\":true,\"valueName\":\"search_term_string\"}}],\"inLanguage\":\"it-IT\"},{\"@type\":\"Person\",\"@id\":\"https:\\\/\\\/www.article-marketing.eu\\\/comunicatistampa\\\/#\\\/schema\\\/person\\\/2fcaf8f8f3a9eef9eb7f27532d3ca458\",\"name\":\"articolinews\",\"image\":{\"@type\":\"ImageObject\",\"inLanguage\":\"it-IT\",\"@id\":\"https:\\\/\\\/secure.gravatar.com\\\/avatar\\\/9e2a264bab04e17dea24d937c9956304649a848cb73c46747a692ff1bdeb1cb7?s=96&d=mm&r=g\",\"url\":\"https:\\\/\\\/secure.gravatar.com\\\/avatar\\\/9e2a264bab04e17dea24d937c9956304649a848cb73c46747a692ff1bdeb1cb7?s=96&d=mm&r=g\",\"contentUrl\":\"https:\\\/\\\/secure.gravatar.com\\\/avatar\\\/9e2a264bab04e17dea24d937c9956304649a848cb73c46747a692ff1bdeb1cb7?s=96&d=mm&r=g\",\"caption\":\"articolinews\"},\"url\":\"https:\\\/\\\/www.article-marketing.eu\\\/comunicatistampa\\\/author\\\/articolinews\\\/\"}]}<\/script>\n<!-- \/ Yoast SEO plugin. -->","yoast_head_json":{"title":"Ares Ambiente: l\u2019importanza di una gestione dei rifiuti responsabile vero l\u2019ambiente","robots":{"index":"index","follow":"follow","max-snippet":"max-snippet:-1","max-image-preview":"max-image-preview:large","max-video-preview":"max-video-preview:-1"},"canonical":"https:\/\/www.article-marketing.eu\/comunicatistampa\/ares-ambiente-limportanza-di-una-gestione-dei-rifiuti-responsabile-vero-lambiente\/","og_locale":"it_IT","og_type":"article","og_title":"Ares Ambiente: l\u2019importanza di una gestione dei rifiuti responsabile vero l\u2019ambiente","og_description":"Ares Ambiente offre servizi di smaltimento, recupero e trasporto di rifiuti. Consapevole dell&#8217;impatto che il settore ha sull&#8217;ambiente, l&#8217;azienda \u00e8 impegnata nella promozione di una gestione responsabile. \u00c8 in corso di realizzazione un nuovo impianto di produzione di ammendanti per l&#8217;agricoltura da frazione organica differenziata: un impianto di compostaggio con bioconversione aerobica realizzato secondo le pi\u00f9 moderne tecnologie. I valori di Ares Ambiente, eccellenza italiana nel settore dello smaltimento deiContinue reading...","og_url":"https:\/\/www.article-marketing.eu\/comunicatistampa\/ares-ambiente-limportanza-di-una-gestione-dei-rifiuti-responsabile-vero-lambiente\/","og_site_name":"Article Marketing","article_published_time":"2022-02-03T11:53:39+00:00","og_image":[{"url":"https:\/\/www.economiaoggi.it\/wp-content\/uploads\/2022\/01\/ares-ambiente.jpg.webp","type":"","width":"","height":""}],"author":"articolinews","twitter_card":"summary_large_image","twitter_misc":{"Scritto da":"articolinews","Tempo di lettura stimato":"3 minuti"},"schema":{"@context":"https:\/\/schema.org","@graph":[{"@type":"Article","@id":"https:\/\/www.article-marketing.eu\/comunicatistampa\/ares-ambiente-limportanza-di-una-gestione-dei-rifiuti-responsabile-vero-lambiente\/#article","isPartOf":{"@id":"https:\/\/www.article-marketing.eu\/comunicatistampa\/ares-ambiente-limportanza-di-una-gestione-dei-rifiuti-responsabile-vero-lambiente\/"},"author":{"name":"articolinews","@id":"https:\/\/www.article-marketing.eu\/comunicatistampa\/#\/schema\/person\/2fcaf8f8f3a9eef9eb7f27532d3ca458"},"headline":"Ares Ambiente: l\u2019importanza di una gestione dei rifiuti responsabile vero l\u2019ambiente","datePublished":"2022-02-03T11:53:39+00:00","mainEntityOfPage":{"@id":"https:\/\/www.article-marketing.eu\/comunicatistampa\/ares-ambiente-limportanza-di-una-gestione-dei-rifiuti-responsabile-vero-lambiente\/"},"wordCount":379,"commentCount":0,"image":{"@id":"https:\/\/www.article-marketing.eu\/comunicatistampa\/ares-ambiente-limportanza-di-una-gestione-dei-rifiuti-responsabile-vero-lambiente\/#primaryimage"},"thumbnailUrl":"https:\/\/www.economiaoggi.it\/wp-content\/uploads\/2022\/01\/ares-ambiente.jpg.webp","keywords":["Ares Ambiente"],"articleSection":["Aziende"],"inLanguage":"it-IT","potentialAction":[{"@type":"CommentAction","name":"Comment","target":["https:\/\/www.article-marketing.eu\/comunicatistampa\/ares-ambiente-limportanza-di-una-gestione-dei-rifiuti-responsabile-vero-lambiente\/#respond"]}]},{"@type":"WebPage","@id":"https:\/\/www.article-marketing.eu\/comunicatistampa\/ares-ambiente-limportanza-di-una-gestione-dei-rifiuti-responsabile-vero-lambiente\/","url":"https:\/\/www.article-marketing.eu\/comunicatistampa\/ares-ambiente-limportanza-di-una-gestione-dei-rifiuti-responsabile-vero-lambiente\/","name":"Ares Ambiente: l\u2019importanza di una gestione dei rifiuti responsabile vero l\u2019ambiente","isPartOf":{"@id":"https:\/\/www.article-marketing.eu\/comunicatistampa\/#website"},"primaryImageOfPage":{"@id":"https:\/\/www.article-marketing.eu\/comunicatistampa\/ares-ambiente-limportanza-di-una-gestione-dei-rifiuti-responsabile-vero-lambiente\/#primaryimage"},"image":{"@id":"https:\/\/www.article-marketing.eu\/comunicatistampa\/ares-ambiente-limportanza-di-una-gestione-dei-rifiuti-responsabile-vero-lambiente\/#primaryimage"},"thumbnailUrl":"https:\/\/www.economiaoggi.it\/wp-content\/uploads\/2022\/01\/ares-ambiente.jpg.webp","datePublished":"2022-02-03T11:53:39+00:00","author":{"@id":"https:\/\/www.article-marketing.eu\/comunicatistampa\/#\/schema\/person\/2fcaf8f8f3a9eef9eb7f27532d3ca458"},"breadcrumb":{"@id":"https:\/\/www.article-marketing.eu\/comunicatistampa\/ares-ambiente-limportanza-di-una-gestione-dei-rifiuti-responsabile-vero-lambiente\/#breadcrumb"},"inLanguage":"it-IT","potentialAction":[{"@type":"ReadAction","target":["https:\/\/www.article-marketing.eu\/comunicatistampa\/ares-ambiente-limportanza-di-una-gestione-dei-rifiuti-responsabile-vero-lambiente\/"]}]},{"@type":"ImageObject","inLanguage":"it-IT","@id":"https:\/\/www.article-marketing.eu\/comunicatistampa\/ares-ambiente-limportanza-di-una-gestione-dei-rifiuti-responsabile-vero-lambiente\/#primaryimage","url":"https:\/\/www.economiaoggi.it\/wp-content\/uploads\/2022\/01\/ares-ambiente.jpg.webp","contentUrl":"https:\/\/www.economiaoggi.it\/wp-content\/uploads\/2022\/01\/ares-ambiente.jpg.webp"},{"@type":"BreadcrumbList","@id":"https:\/\/www.article-marketing.eu\/comunicatistampa\/ares-ambiente-limportanza-di-una-gestione-dei-rifiuti-responsabile-vero-lambiente\/#breadcrumb","itemListElement":[{"@type":"ListItem","position":1,"name":"Home","item":"https:\/\/www.article-marketing.eu\/comunicatistampa\/"},{"@type":"ListItem","position":2,"name":"Ares Ambiente: l\u2019importanza di una gestione dei rifiuti responsabile vero l\u2019ambiente"}]},{"@type":"WebSite","@id":"https:\/\/www.article-marketing.eu\/comunicatistampa\/#website","url":"https:\/\/www.article-marketing.eu\/comunicatistampa\/","name":"Article Marketing","description":"article marketing &amp; press release","potentialAction":[{"@type":"SearchAction","target":{"@type":"EntryPoint","urlTemplate":"https:\/\/www.article-marketing.eu\/comunicatistampa\/?s={search_term_string}"},"query-input":{"@type":"PropertyValueSpecification","valueRequired":true,"valueName":"search_term_string"}}],"inLanguage":"it-IT"},{"@type":"Person","@id":"https:\/\/www.article-marketing.eu\/comunicatistampa\/#\/schema\/person\/2fcaf8f8f3a9eef9eb7f27532d3ca458","name":"articolinews","image":{"@type":"ImageObject","inLanguage":"it-IT","@id":"https:\/\/secure.gravatar.com\/avatar\/9e2a264bab04e17dea24d937c9956304649a848cb73c46747a692ff1bdeb1cb7?s=96&d=mm&r=g","url":"https:\/\/secure.gravatar.com\/avatar\/9e2a264bab04e17dea24d937c9956304649a848cb73c46747a692ff1bdeb1cb7?s=96&d=mm&r=g","contentUrl":"https:\/\/secure.gravatar.com\/avatar\/9e2a264bab04e17dea24d937c9956304649a848cb73c46747a692ff1bdeb1cb7?s=96&d=mm&r=g","caption":"articolinews"},"url":"https:\/\/www.article-marketing.eu\/comunicatistampa\/author\/articolinews\/"}]}},"_links":{"self":[{"href":"https:\/\/www.article-marketing.eu\/comunicatistampa\/wp-json\/wp\/v2\/posts\/21816","targetHints":{"allow":["GET"]}}],"collection":[{"href":"https:\/\/www.article-marketing.eu\/comunicatistampa\/wp-json\/wp\/v2\/posts"}],"about":[{"href":"https:\/\/www.article-marketing.eu\/comunicatistampa\/wp-json\/wp\/v2\/types\/post"}],"author":[{"embeddable":true,"href":"https:\/\/www.article-marketing.eu\/comunicatistampa\/wp-json\/wp\/v2\/users\/6477"}],"replies":[{"embeddable":true,"href":"https:\/\/www.article-marketing.eu\/comunicatistampa\/wp-json\/wp\/v2\/comments?post=21816"}],"version-history":[{"count":3,"href":"https:\/\/www.article-marketing.eu\/comunicatistampa\/wp-json\/wp\/v2\/posts\/21816\/revisions"}],"predecessor-version":[{"id":21835,"href":"https:\/\/www.article-marketing.eu\/comunicatistampa\/wp-json\/wp\/v2\/posts\/21816\/revisions\/21835"}],"wp:attachment":[{"href":"https:\/\/www.article-marketing.eu\/comunicatistampa\/wp-json\/wp\/v2\/media?parent=21816"}],"wp:term":[{"taxonomy":"category","embeddable":true,"href":"https:\/\/www.article-marketing.eu\/comunicatistampa\/wp-json\/wp\/v2\/categories?post=21816"},{"taxonomy":"post_tag","embeddable":true,"href":"https:\/\/www.article-marketing.eu\/comunicatistampa\/wp-json\/wp\/v2\/tags?post=21816"}],"curies":[{"name":"wp","href":"https:\/\/api.w.org\/{rel}","templated":true}]}}